{"id":10087,"date":"2017-05-22T08:53:48","date_gmt":"2017-05-22T08:53:48","guid":{"rendered":"http:\/\/katolicka-gimnazija.hr\/?p=10087"},"modified":"2018-12-28T13:46:39","modified_gmt":"2018-12-28T13:46:39","slug":"informacije-o-radu-3-sjednice-razrednog-vijeca","status":"publish","type":"post","link":"https:\/\/katolicka-gimnazija.hr\/index.php\/2017\/05\/22\/informacije-o-radu-3-sjednice-razrednog-vijeca\/","title":{"rendered":"Informacije o radu 3. sjednice Razrednog vije\u0107a"},"content":{"rendered":"<p><em>3. sjednica Razrednog vije\u0107a razrednih odjela 4.a i 4.b Katoli\u010dke gimnazije s pravom javnosti u \u0161kolskoj godini 2016.\/2017. dana 22. svibnja 2017. godine s po\u010detkom u 14:30 sati<\/em><\/p>\n<p>Dnevni red:<\/p>\n<ol>\n<li>Usvajanje Zapisnika s prethodne sjednice Razrednog vije\u0107a Katoli\u010dke gimnazije s pravom javnosti<\/li>\n<li>Utvr\u0111ivanje ocjena iz vladanja na prijedlog razrednika<\/li>\n<li>Davanje pisanih pohvala<\/li>\n<li>Analiziranje utvr\u0111enih zaklju\u010dnih ocjena i ocjena iz vladanja te uspjeha u\u010denika<\/li>\n<li>Razno<\/li>\n<\/ol>\n<p>&nbsp;<\/p>\n<p>&nbsp; <\/p>\n","protected":false},"excerpt":{"rendered":"<p>3. sjednica Razrednog vije\u0107a razrednih odjela 4.a i 4.b Katoli\u010dke gimnazije s pravom javnosti u \u0161kolskoj godini 2016.\/2017. dana 22. svibnja 2017. godine s po\u010detkom u 14:30 sati Dnevni red: Usvajanje Zapisnika s prethodne sjednice Razrednog vije\u0107a Katoli\u010dke gimnazije s pravom javnosti Utvr\u0111ivanje ocjena iz vladanja na prijedlog razrednika Davanje pisanih pohvala Analiziranje utvr\u0111enih zaklju\u010dnih [&hellip;]<\/p>\n","protected":false},"author":1,"featured_media":0,"comment_status":"closed","ping_status":"closed","sticky":false,"template":"","format":"standard","meta":{"footnotes":""},"categories":[2],"tags":[],"class_list":["post-10087","post","type-post","status-publish","format-standard","hentry","category-vijesti"],"_links":{"self":[{"href":"https:\/\/katolicka-gimnazija.hr\/index.php\/wp-json\/wp\/v2\/posts\/10087","targetHints":{"allow":["GET"]}}],"collection":[{"href":"https:\/\/katolicka-gimnazija.hr\/index.php\/wp-json\/wp\/v2\/posts"}],"about":[{"href":"https:\/\/katolicka-gimnazija.hr\/index.php\/wp-json\/wp\/v2\/types\/post"}],"author":[{"embeddable":true,"href":"https:\/\/katolicka-gimnazija.hr\/index.php\/wp-json\/wp\/v2\/users\/1"}],"replies":[{"embeddable":true,"href":"https:\/\/katolicka-gimnazija.hr\/index.php\/wp-json\/wp\/v2\/comments?post=10087"}],"version-history":[{"count":2,"href":"https:\/\/katolicka-gimnazija.hr\/index.php\/wp-json\/wp\/v2\/posts\/10087\/revisions"}],"predecessor-version":[{"id":14837,"href":"https:\/\/katolicka-gimnazija.hr\/index.php\/wp-json\/wp\/v2\/posts\/10087\/revisions\/14837"}],"wp:attachment":[{"href":"https:\/\/katolicka-gimnazija.hr\/index.php\/wp-json\/wp\/v2\/media?parent=10087"}],"wp:term":[{"taxonomy":"category","embeddable":true,"href":"https:\/\/katolicka-gimnazija.hr\/index.php\/wp-json\/wp\/v2\/categories?post=10087"},{"taxonomy":"post_tag","embeddable":true,"href":"https:\/\/katolicka-gimnazija.hr\/index.php\/wp-json\/wp\/v2\/tags?post=10087"}],"curies":[{"name":"wp","href":"https:\/\/api.w.org\/{rel}","templated":true}]}}