{"id":10339,"date":"2017-06-13T17:51:06","date_gmt":"2017-06-13T17:51:06","guid":{"rendered":"http:\/\/katolicka-gimnazija.hr\/?p=10339"},"modified":"2018-12-28T13:45:25","modified_gmt":"2018-12-28T13:45:25","slug":"informacije-o-radu-7-sjednice-nastavnickog-vijeca-2","status":"publish","type":"post","link":"https:\/\/katolicka-gimnazija.hr\/index.php\/2017\/06\/13\/informacije-o-radu-7-sjednice-nastavnickog-vijeca-2\/","title":{"rendered":"Informacije o radu 7. sjednice Nastavni\u010dkog vije\u0107a"},"content":{"rendered":"<p><em>7. sjednica Nastavni\u010dkog vije\u0107a Katoli\u010dke gimnazije s pravom javnosti u \u0161kolskoj godini 2016.\/2017. dana 16. lipnja 2017. godine s po\u010detkom u 18:00 sati.<\/em><\/p>\n<p>Dnevni red:<\/p>\n<ol>\n<li>Usvajanje Zapisnika s prethodne sjednice Nastavni\u010dkog vije\u0107a Katoli\u010dke gimnazije s pravom javnosti<\/li>\n<li>Utvr\u0111ivanje trajanja dopunskog rada po nastavnim predmetima<\/li>\n<li>Razno<\/li>\n<\/ol>\n","protected":false},"excerpt":{"rendered":"<p>7. sjednica Nastavni\u010dkog vije\u0107a Katoli\u010dke gimnazije s pravom javnosti u \u0161kolskoj godini 2016.\/2017. dana 16. lipnja 2017. godine s po\u010detkom u 18:00 sati. Dnevni red: Usvajanje Zapisnika s prethodne sjednice Nastavni\u010dkog vije\u0107a Katoli\u010dke gimnazije s pravom javnosti Utvr\u0111ivanje trajanja dopunskog rada po nastavnim predmetima Razno<\/p>\n","protected":false},"author":1,"featured_media":0,"comment_status":"closed","ping_status":"closed","sticky":false,"template":"","format":"standard","meta":{"footnotes":""},"categories":[2],"tags":[],"class_list":["post-10339","post","type-post","status-publish","format-standard","hentry","category-vijesti"],"_links":{"self":[{"href":"https:\/\/katolicka-gimnazija.hr\/index.php\/wp-json\/wp\/v2\/posts\/10339","targetHints":{"allow":["GET"]}}],"collection":[{"href":"https:\/\/katolicka-gimnazija.hr\/index.php\/wp-json\/wp\/v2\/posts"}],"about":[{"href":"https:\/\/katolicka-gimnazija.hr\/index.php\/wp-json\/wp\/v2\/types\/post"}],"author":[{"embeddable":true,"href":"https:\/\/katolicka-gimnazija.hr\/index.php\/wp-json\/wp\/v2\/users\/1"}],"replies":[{"embeddable":true,"href":"https:\/\/katolicka-gimnazija.hr\/index.php\/wp-json\/wp\/v2\/comments?post=10339"}],"version-history":[{"count":2,"href":"https:\/\/katolicka-gimnazija.hr\/index.php\/wp-json\/wp\/v2\/posts\/10339\/revisions"}],"predecessor-version":[{"id":14828,"href":"https:\/\/katolicka-gimnazija.hr\/index.php\/wp-json\/wp\/v2\/posts\/10339\/revisions\/14828"}],"wp:attachment":[{"href":"https:\/\/katolicka-gimnazija.hr\/index.php\/wp-json\/wp\/v2\/media?parent=10339"}],"wp:term":[{"taxonomy":"category","embeddable":true,"href":"https:\/\/katolicka-gimnazija.hr\/index.php\/wp-json\/wp\/v2\/categories?post=10339"},{"taxonomy":"post_tag","embeddable":true,"href":"https:\/\/katolicka-gimnazija.hr\/index.php\/wp-json\/wp\/v2\/tags?post=10339"}],"curies":[{"name":"wp","href":"https:\/\/api.w.org\/{rel}","templated":true}]}}