{"id":10385,"date":"2017-07-03T07:36:36","date_gmt":"2017-07-03T07:36:36","guid":{"rendered":"http:\/\/katolicka-gimnazija.hr\/?p=10385"},"modified":"2018-12-28T13:45:09","modified_gmt":"2018-12-28T13:45:09","slug":"informacije-o-radu-5-sjednice-razrednog-vijeca-2","status":"publish","type":"post","link":"https:\/\/katolicka-gimnazija.hr\/index.php\/2017\/07\/03\/informacije-o-radu-5-sjednice-razrednog-vijeca-2\/","title":{"rendered":"Informacije o radu 5. sjednice Razrednog vije\u0107a"},"content":{"rendered":"<p><em>5. sjednica Razrednog vije\u0107a razrednih odjela 1.a, 2.a, 2.b, 3.a i 3.b Katoli\u010dke gimnazije s pravom javnosti u \u0161kolskoj godini 2016.\/2017. dana 6. srpnja 2017. godine s po\u010detkom u 18:00 sati<\/em><\/p>\n<p><strong>Dnevni red:<\/strong><\/p>\n<ol>\n<li>Usvajanje Zapisnika s prethodne sjednice Razrednog vije\u0107a Katoli\u010dke gimnazije s pravom javnosti<\/li>\n<li>Utvr\u0111ivanje ocjena iz vladanja na prijedlog razrednika u\u010denika kojima je nakon dopunskog rada zaklju\u010dena prolazna ocjena<\/li>\n<li>Analiziranje utvr\u0111enih zaklju\u010dnih ocjena i ocjena iz vladanja te uspjeha u\u010denika kojima je nakon dopunskog rada zaklju\u010dena prolazna ocjena<\/li>\n<li>Razno<\/li>\n<\/ol>\n<p>&nbsp; <\/p>\n","protected":false},"excerpt":{"rendered":"<p>5. sjednica Razrednog vije\u0107a razrednih odjela 1.a, 2.a, 2.b, 3.a i 3.b Katoli\u010dke gimnazije s pravom javnosti u \u0161kolskoj godini 2016.\/2017. dana 6. srpnja 2017. godine s po\u010detkom u 18:00 sati Dnevni red: Usvajanje Zapisnika s prethodne sjednice Razrednog vije\u0107a Katoli\u010dke gimnazije s pravom javnosti Utvr\u0111ivanje ocjena iz vladanja na prijedlog razrednika u\u010denika kojima je [&hellip;]<\/p>\n","protected":false},"author":1,"featured_media":0,"comment_status":"closed","ping_status":"closed","sticky":false,"template":"","format":"standard","meta":{"footnotes":""},"categories":[2],"tags":[],"class_list":["post-10385","post","type-post","status-publish","format-standard","hentry","category-vijesti"],"_links":{"self":[{"href":"https:\/\/katolicka-gimnazija.hr\/index.php\/wp-json\/wp\/v2\/posts\/10385","targetHints":{"allow":["GET"]}}],"collection":[{"href":"https:\/\/katolicka-gimnazija.hr\/index.php\/wp-json\/wp\/v2\/posts"}],"about":[{"href":"https:\/\/katolicka-gimnazija.hr\/index.php\/wp-json\/wp\/v2\/types\/post"}],"author":[{"embeddable":true,"href":"https:\/\/katolicka-gimnazija.hr\/index.php\/wp-json\/wp\/v2\/users\/1"}],"replies":[{"embeddable":true,"href":"https:\/\/katolicka-gimnazija.hr\/index.php\/wp-json\/wp\/v2\/comments?post=10385"}],"version-history":[{"count":2,"href":"https:\/\/katolicka-gimnazija.hr\/index.php\/wp-json\/wp\/v2\/posts\/10385\/revisions"}],"predecessor-version":[{"id":14826,"href":"https:\/\/katolicka-gimnazija.hr\/index.php\/wp-json\/wp\/v2\/posts\/10385\/revisions\/14826"}],"wp:attachment":[{"href":"https:\/\/katolicka-gimnazija.hr\/index.php\/wp-json\/wp\/v2\/media?parent=10385"}],"wp:term":[{"taxonomy":"category","embeddable":true,"href":"https:\/\/katolicka-gimnazija.hr\/index.php\/wp-json\/wp\/v2\/categories?post=10385"},{"taxonomy":"post_tag","embeddable":true,"href":"https:\/\/katolicka-gimnazija.hr\/index.php\/wp-json\/wp\/v2\/tags?post=10385"}],"curies":[{"name":"wp","href":"https:\/\/api.w.org\/{rel}","templated":true}]}}