{"id":10387,"date":"2017-07-03T07:37:44","date_gmt":"2017-07-03T07:37:44","guid":{"rendered":"http:\/\/katolicka-gimnazija.hr\/?p=10387"},"modified":"2018-12-28T13:44:52","modified_gmt":"2018-12-28T13:44:52","slug":"zakljucci-s-4-sjednice-razrednog-vijeca-2","status":"publish","type":"post","link":"https:\/\/katolicka-gimnazija.hr\/index.php\/2017\/07\/03\/zakljucci-s-4-sjednice-razrednog-vijeca-2\/","title":{"rendered":"Zaklju\u010dci s 4. sjednice Razrednog vije\u0107a"},"content":{"rendered":"<p><em>Zaklju\u010dci s 4. sjednice Razrednog vije\u0107a razrednih odjela 1.a, 1.b, 2.a, 2.b, 3.a i 3.b Katoli\u010dke gimnazije s pravom javnosti u \u0161kolskoj godini 2016.\/2017.<\/em><\/p>\n<p>&nbsp;<\/p>\n<p>Na 4. sjednici Razrednog vije\u0107a razrednih odjela 1.a, 1.b, 2.a, 2.b, 3.a i 3.b Katoli\u010dke gimnazije s pravom javnosti odr\u017eanoj dana 16. lipnja 2017. godine:<\/p>\n<ol>\n<li>Usvojen je Zapisnik s prethodne sjednice Razrednog vije\u0107a Katoli\u010dke gimnazije s pravom javnosti odr\u017eane dana 22. svibnja 2017. godine bez primjedbi.<\/li>\n<\/ol>\n<ol start=\"2\">\n<li>Utvr\u0111ene su dobre i uzorne ocjene iz vladanja u\u010denicima 1.a, 1.b, 2.a, 2.b, 3.a i 3.b razrednih odjela na prijedlog razrednika prema kriterijima izre\u010denih pedago\u0161kih mjera i pona\u0161anja.<\/li>\n<\/ol>\n<ol start=\"3\">\n<li>Dane su u\u010denicima 1.a razrednog odjela 3 pisane pohvale za vrlo dobar uspjeh i uzorno vladanje, u\u010denicima 1.b razrednog odjela 9 pisanih pohvala za odli\u010dan uspjeh i uzorno vladanje, u\u010denicima 2.a razrednog odjela 4 pisane pohvale za odli\u010dan uspjeh i uzorno vladanje, u\u010denicima 2.b razrednog odjela 4 pisane pohvale za odli\u010dan uspjeh i uzorno vladanje od kojih je jedna i za poseban doprinos Katoli\u010dkoj gimnaziji s pravom javnosti, u\u010denicima 3.a razrednog odjela 1 pisana pohvala za odli\u010dan uspjeh i uzorno vladanje i u\u010denicima 3.b razrednog odjela 3 pisane pohvale za odli\u010dan uspjeh i uzorno vladanje.<\/li>\n<\/ol>\n<ol start=\"4\">\n<li>Analizirane su utvr\u0111ene zaklju\u010dne ocjene i ocjene iz vladanja te uspjeh u\u010denika prema statisti\u010dkim pokazateljima: ukupan broj u\u010denika, mu\u0161kih i \u017eenskih, na po\u010detku i zavr\u0161etku nastavne godine, broj planiranih i ostvarenih nastavnih sati, srednja ocjena razreda, ukupan broj izostanaka i neopravdanih izostanaka, u\u010denici kojim su izre\u010dene pedago\u0161ke mjere i sli\u010dno.<\/li>\n<\/ol>\n<ol start=\"5\">\n<li>Nije bilo rasprave o temama koje nisu na dnevnom redu.<\/li>\n<\/ol>\n","protected":false},"excerpt":{"rendered":"<p>Zaklju\u010dci s 4. sjednice Razrednog vije\u0107a razrednih odjela 1.a, 1.b, 2.a, 2.b, 3.a i 3.b Katoli\u010dke gimnazije s pravom javnosti u \u0161kolskoj godini 2016.\/2017. &nbsp; Na 4. sjednici Razrednog vije\u0107a razrednih odjela 1.a, 1.b, 2.a, 2.b, 3.a i 3.b Katoli\u010dke gimnazije s pravom javnosti odr\u017eanoj dana 16. lipnja 2017. godine: Usvojen je Zapisnik s prethodne [&hellip;]<\/p>\n","protected":false},"author":1,"featured_media":0,"comment_status":"closed","ping_status":"closed","sticky":false,"template":"","format":"standard","meta":{"footnotes":""},"categories":[2],"tags":[],"class_list":["post-10387","post","type-post","status-publish","format-standard","hentry","category-vijesti"],"_links":{"self":[{"href":"https:\/\/katolicka-gimnazija.hr\/index.php\/wp-json\/wp\/v2\/posts\/10387","targetHints":{"allow":["GET"]}}],"collection":[{"href":"https:\/\/katolicka-gimnazija.hr\/index.php\/wp-json\/wp\/v2\/posts"}],"about":[{"href":"https:\/\/katolicka-gimnazija.hr\/index.php\/wp-json\/wp\/v2\/types\/post"}],"author":[{"embeddable":true,"href":"https:\/\/katolicka-gimnazija.hr\/index.php\/wp-json\/wp\/v2\/users\/1"}],"replies":[{"embeddable":true,"href":"https:\/\/katolicka-gimnazija.hr\/index.php\/wp-json\/wp\/v2\/comments?post=10387"}],"version-history":[{"count":2,"href":"https:\/\/katolicka-gimnazija.hr\/index.php\/wp-json\/wp\/v2\/posts\/10387\/revisions"}],"predecessor-version":[{"id":14824,"href":"https:\/\/katolicka-gimnazija.hr\/index.php\/wp-json\/wp\/v2\/posts\/10387\/revisions\/14824"}],"wp:attachment":[{"href":"https:\/\/katolicka-gimnazija.hr\/index.php\/wp-json\/wp\/v2\/media?parent=10387"}],"wp:term":[{"taxonomy":"category","embeddable":true,"href":"https:\/\/katolicka-gimnazija.hr\/index.php\/wp-json\/wp\/v2\/categories?post=10387"},{"taxonomy":"post_tag","embeddable":true,"href":"https:\/\/katolicka-gimnazija.hr\/index.php\/wp-json\/wp\/v2\/tags?post=10387"}],"curies":[{"name":"wp","href":"https:\/\/api.w.org\/{rel}","templated":true}]}}