{"id":10390,"date":"2017-07-03T07:38:08","date_gmt":"2017-07-03T07:38:08","guid":{"rendered":"http:\/\/katolicka-gimnazija.hr\/?p=10390"},"modified":"2018-12-28T13:44:43","modified_gmt":"2018-12-28T13:44:43","slug":"zakljucci-sa-7-sjednice-nastavnickog-vijeca-2","status":"publish","type":"post","link":"https:\/\/katolicka-gimnazija.hr\/index.php\/2017\/07\/03\/zakljucci-sa-7-sjednice-nastavnickog-vijeca-2\/","title":{"rendered":"Zaklju\u010dci sa 7. sjednice Nastavni\u010dkog vije\u0107a"},"content":{"rendered":"<p><em>Zaklju\u010dci sa 7. sjednice Nastavni\u010dkog vije\u0107a Katoli\u010dke gimnazije s pravom javnosti u \u0161kolskoj godini 2016.\/2017.<\/em><\/p>\n<p>&nbsp;<\/p>\n<p>Na 7. sjednici Nastavni\u010dkog vije\u0107a Katoli\u010dke gimnazije s pravom javnosti odr\u017eanoj dana 16. lipnja 2017. godine:<\/p>\n<ol>\n<li>Usvojen je Zapisnik s prethodne sjednice Nastavni\u010dkog vije\u0107a Katoli\u010dke gimnazije s pravom javnosti odr\u017eane dana 11. svibnja 2017. godine bez primjedbi.<\/li>\n<\/ol>\n<ol start=\"2\">\n<li>Utvr\u0111eno je trajanje dopunskog rada za u\u010denike Katoli\u010dke gimnazije s pravom javnosti, koji na kraju nastavne godine 2016.\/2017. imaju ocjenu nedovoljan (1) iz najvi\u0161e dva nastavna predmeta, po nastavnim predmetima za: Gr\u010dki jezik 12 sati, Matematiku 12 sati, Fiziku 12 sati i Kemiju 12 sati, od 19. do 30. lipnja 2017. godine.<\/li>\n<\/ol>\n<ol start=\"3\">\n<li>Nije bilo rasprave o temama koje nisu na dnevnom redu.<\/li>\n<\/ol>\n","protected":false},"excerpt":{"rendered":"<p>Zaklju\u010dci sa 7. sjednice Nastavni\u010dkog vije\u0107a Katoli\u010dke gimnazije s pravom javnosti u \u0161kolskoj godini 2016.\/2017. &nbsp; Na 7. sjednici Nastavni\u010dkog vije\u0107a Katoli\u010dke gimnazije s pravom javnosti odr\u017eanoj dana 16. lipnja 2017. godine: Usvojen je Zapisnik s prethodne sjednice Nastavni\u010dkog vije\u0107a Katoli\u010dke gimnazije s pravom javnosti odr\u017eane dana 11. svibnja 2017. godine bez primjedbi. Utvr\u0111eno je [&hellip;]<\/p>\n","protected":false},"author":1,"featured_media":0,"comment_status":"closed","ping_status":"closed","sticky":false,"template":"","format":"standard","meta":{"footnotes":""},"categories":[2],"tags":[],"class_list":["post-10390","post","type-post","status-publish","format-standard","hentry","category-vijesti"],"_links":{"self":[{"href":"https:\/\/katolicka-gimnazija.hr\/index.php\/wp-json\/wp\/v2\/posts\/10390","targetHints":{"allow":["GET"]}}],"collection":[{"href":"https:\/\/katolicka-gimnazija.hr\/index.php\/wp-json\/wp\/v2\/posts"}],"about":[{"href":"https:\/\/katolicka-gimnazija.hr\/index.php\/wp-json\/wp\/v2\/types\/post"}],"author":[{"embeddable":true,"href":"https:\/\/katolicka-gimnazija.hr\/index.php\/wp-json\/wp\/v2\/users\/1"}],"replies":[{"embeddable":true,"href":"https:\/\/katolicka-gimnazija.hr\/index.php\/wp-json\/wp\/v2\/comments?post=10390"}],"version-history":[{"count":3,"href":"https:\/\/katolicka-gimnazija.hr\/index.php\/wp-json\/wp\/v2\/posts\/10390\/revisions"}],"predecessor-version":[{"id":14823,"href":"https:\/\/katolicka-gimnazija.hr\/index.php\/wp-json\/wp\/v2\/posts\/10390\/revisions\/14823"}],"wp:attachment":[{"href":"https:\/\/katolicka-gimnazija.hr\/index.php\/wp-json\/wp\/v2\/media?parent=10390"}],"wp:term":[{"taxonomy":"category","embeddable":true,"href":"https:\/\/katolicka-gimnazija.hr\/index.php\/wp-json\/wp\/v2\/categories?post=10390"},{"taxonomy":"post_tag","embeddable":true,"href":"https:\/\/katolicka-gimnazija.hr\/index.php\/wp-json\/wp\/v2\/tags?post=10390"}],"curies":[{"name":"wp","href":"https:\/\/api.w.org\/{rel}","templated":true}]}}