{"id":10755,"date":"2017-09-21T21:18:31","date_gmt":"2017-09-21T21:18:31","guid":{"rendered":"http:\/\/katolicka-gimnazija.hr\/?p=10755"},"modified":"2018-12-28T13:42:47","modified_gmt":"2018-12-28T13:42:47","slug":"informacije-o-radu-5-sjednice-razrednog-vijeca-razrednih-odjela-1-a-2-a-2-b-3-a-i-3-b","status":"publish","type":"post","link":"https:\/\/katolicka-gimnazija.hr\/index.php\/2017\/09\/21\/informacije-o-radu-5-sjednice-razrednog-vijeca-razrednih-odjela-1-a-2-a-2-b-3-a-i-3-b\/","title":{"rendered":"Informacije o radu 5. sjednice Razrednog vije\u0107a razrednih odjela 1.a, 2.a, 2.b, 3.a i 3.b"},"content":{"rendered":"<p>5. sjednica Razrednog vije\u0107a razrednih odjela 1.a, 2.a, 2.b, 3.a i 3.b Katoli\u010dke gimnazije s pravom javnosti u \u0161kolskoj godini 2016.\/2017. dana 6. srpnja 2017. godine s po\u010detkom u 18:00 sati<\/p>\n<p>Dnevni red:<br \/>\n1. Usvajanje Zapisnika s prethodne sjednice Razrednog vije\u0107a Katoli\u010dke gimnazije s pravom javnosti<br \/>\n2. Utvr\u0111ivanje ocjena iz vladanja na prijedlog razrednika u\u010denika kojima je nakon dopunskog rada zaklju\u010dena prolazna ocjena<br \/>\n3. Analiziranje utvr\u0111enih zaklju\u010dnih ocjena i ocjena iz vladanja te uspjeha u\u010denika kojima je nakon dopunskog rada zaklju\u010dena prolazna ocjena<br \/>\n4. Razno <\/p>\n","protected":false},"excerpt":{"rendered":"<p>5. sjednica Razrednog vije\u0107a razrednih odjela 1.a, 2.a, 2.b, 3.a i 3.b Katoli\u010dke gimnazije s pravom javnosti u \u0161kolskoj godini 2016.\/2017. dana 6. srpnja 2017. godine s po\u010detkom u 18:00 sati Dnevni red: 1. Usvajanje Zapisnika s prethodne sjednice Razrednog vije\u0107a Katoli\u010dke gimnazije s pravom javnosti 2. Utvr\u0111ivanje ocjena iz vladanja na prijedlog razrednika u\u010denika [&hellip;]<\/p>\n","protected":false},"author":1,"featured_media":0,"comment_status":"closed","ping_status":"closed","sticky":false,"template":"","format":"standard","meta":{"footnotes":""},"categories":[2],"tags":[],"class_list":["post-10755","post","type-post","status-publish","format-standard","hentry","category-vijesti"],"_links":{"self":[{"href":"https:\/\/katolicka-gimnazija.hr\/index.php\/wp-json\/wp\/v2\/posts\/10755","targetHints":{"allow":["GET"]}}],"collection":[{"href":"https:\/\/katolicka-gimnazija.hr\/index.php\/wp-json\/wp\/v2\/posts"}],"about":[{"href":"https:\/\/katolicka-gimnazija.hr\/index.php\/wp-json\/wp\/v2\/types\/post"}],"author":[{"embeddable":true,"href":"https:\/\/katolicka-gimnazija.hr\/index.php\/wp-json\/wp\/v2\/users\/1"}],"replies":[{"embeddable":true,"href":"https:\/\/katolicka-gimnazija.hr\/index.php\/wp-json\/wp\/v2\/comments?post=10755"}],"version-history":[{"count":2,"href":"https:\/\/katolicka-gimnazija.hr\/index.php\/wp-json\/wp\/v2\/posts\/10755\/revisions"}],"predecessor-version":[{"id":14809,"href":"https:\/\/katolicka-gimnazija.hr\/index.php\/wp-json\/wp\/v2\/posts\/10755\/revisions\/14809"}],"wp:attachment":[{"href":"https:\/\/katolicka-gimnazija.hr\/index.php\/wp-json\/wp\/v2\/media?parent=10755"}],"wp:term":[{"taxonomy":"category","embeddable":true,"href":"https:\/\/katolicka-gimnazija.hr\/index.php\/wp-json\/wp\/v2\/categories?post=10755"},{"taxonomy":"post_tag","embeddable":true,"href":"https:\/\/katolicka-gimnazija.hr\/index.php\/wp-json\/wp\/v2\/tags?post=10755"}],"curies":[{"name":"wp","href":"https:\/\/api.w.org\/{rel}","templated":true}]}}