{"id":10758,"date":"2017-09-21T21:20:01","date_gmt":"2017-09-21T21:20:01","guid":{"rendered":"http:\/\/katolicka-gimnazija.hr\/?p=10758"},"modified":"2018-12-28T13:42:20","modified_gmt":"2018-12-28T13:42:20","slug":"zakljucci-s-5-sjednice-razrednog-vijeca-razrednih-odjela-1-a-2-a-2-b-3-a-i-3-b","status":"publish","type":"post","link":"https:\/\/katolicka-gimnazija.hr\/index.php\/2017\/09\/21\/zakljucci-s-5-sjednice-razrednog-vijeca-razrednih-odjela-1-a-2-a-2-b-3-a-i-3-b\/","title":{"rendered":"Zaklju\u010dci s 5. sjednice Razrednog vije\u0107a razrednih odjela 1.a, 2.a, 2.b, 3.a i 3.b"},"content":{"rendered":"<p>Na 5. sjednici Razrednog vije\u0107a razrednih odjela 1.a, 2.a, 2.b, 3.a i 3.b Katoli\u010dke gimnazije s pravom javnosti odr\u017eanoj dana 6. srpnja 2017. godine:<\/p>\n<p>1. Usvojen je Zapisnik s prethodne sjednice Razrednog vije\u0107a Katoli\u010dke gimnazije s pravom javnosti odr\u017eane dana 16. lipnja 2017. godine bez primjedbi.<\/p>\n<p>2. Utvr\u0111ene su ocjene iz vladanja u\u010denicima razrednih odjela 1.a, 2.a, 2.b, 3.a i 3.b na osnovi pra\u0107enja i vrednovanja tijekom nastavne godine 2016.\/2017. kojima je nakon dopunskog rada zaklju\u010dena prolazna ocjena, na prijedlog razrednika.<\/p>\n<p>3. Analiziralo se utvr\u0111ene zaklju\u010dne ocjene iz nastavnih predmeta, ocjene iz vladanja i uspjeh u\u010denika razrednih odjela 1.a, 2.a, 2.b, 3.a i 3.b kojima je nakon dopunskog rada zaklju\u010dena prolazna ocjena.<\/p>\n<p>4. Nije se raspravljalo o temama koje nisu na dnevnom redu. <\/p>\n","protected":false},"excerpt":{"rendered":"<p>Na 5. sjednici Razrednog vije\u0107a razrednih odjela 1.a, 2.a, 2.b, 3.a i 3.b Katoli\u010dke gimnazije s pravom javnosti odr\u017eanoj dana 6. srpnja 2017. godine: 1. Usvojen je Zapisnik s prethodne sjednice Razrednog vije\u0107a Katoli\u010dke gimnazije s pravom javnosti odr\u017eane dana 16. lipnja 2017. godine bez primjedbi. 2. Utvr\u0111ene su ocjene iz vladanja u\u010denicima razrednih odjela [&hellip;]<\/p>\n","protected":false},"author":1,"featured_media":0,"comment_status":"closed","ping_status":"closed","sticky":false,"template":"","format":"standard","meta":{"footnotes":""},"categories":[2],"tags":[],"class_list":["post-10758","post","type-post","status-publish","format-standard","hentry","category-vijesti"],"_links":{"self":[{"href":"https:\/\/katolicka-gimnazija.hr\/index.php\/wp-json\/wp\/v2\/posts\/10758","targetHints":{"allow":["GET"]}}],"collection":[{"href":"https:\/\/katolicka-gimnazija.hr\/index.php\/wp-json\/wp\/v2\/posts"}],"about":[{"href":"https:\/\/katolicka-gimnazija.hr\/index.php\/wp-json\/wp\/v2\/types\/post"}],"author":[{"embeddable":true,"href":"https:\/\/katolicka-gimnazija.hr\/index.php\/wp-json\/wp\/v2\/users\/1"}],"replies":[{"embeddable":true,"href":"https:\/\/katolicka-gimnazija.hr\/index.php\/wp-json\/wp\/v2\/comments?post=10758"}],"version-history":[{"count":2,"href":"https:\/\/katolicka-gimnazija.hr\/index.php\/wp-json\/wp\/v2\/posts\/10758\/revisions"}],"predecessor-version":[{"id":14806,"href":"https:\/\/katolicka-gimnazija.hr\/index.php\/wp-json\/wp\/v2\/posts\/10758\/revisions\/14806"}],"wp:attachment":[{"href":"https:\/\/katolicka-gimnazija.hr\/index.php\/wp-json\/wp\/v2\/media?parent=10758"}],"wp:term":[{"taxonomy":"category","embeddable":true,"href":"https:\/\/katolicka-gimnazija.hr\/index.php\/wp-json\/wp\/v2\/categories?post=10758"},{"taxonomy":"post_tag","embeddable":true,"href":"https:\/\/katolicka-gimnazija.hr\/index.php\/wp-json\/wp\/v2\/tags?post=10758"}],"curies":[{"name":"wp","href":"https:\/\/api.w.org\/{rel}","templated":true}]}}