{"id":10760,"date":"2017-09-21T21:20:16","date_gmt":"2017-09-21T21:20:16","guid":{"rendered":"http:\/\/katolicka-gimnazija.hr\/?p=10760"},"modified":"2018-12-28T13:42:13","modified_gmt":"2018-12-28T13:42:13","slug":"zakljucci-s-9-sjednice-nastavnickog-vijeca-2","status":"publish","type":"post","link":"https:\/\/katolicka-gimnazija.hr\/index.php\/2017\/09\/21\/zakljucci-s-9-sjednice-nastavnickog-vijeca-2\/","title":{"rendered":"Zaklju\u010dci s 9. sjednice Nastavni\u010dkog vije\u0107a"},"content":{"rendered":"<p>Na 9. sjednici Nastavni\u010dkog vije\u0107a Katoli\u010dke gimnazije s pravom javnosti odr\u017eanoj dana 24. kolovoza 2017. godine:<\/p>\n<p>1. Usvojen je Zapisnik s prethodne sjednice Nastavni\u010dkog vije\u0107a Katoli\u010dke gimnazije s pravom javnosti odr\u017eane dana 6. srpnja 2017. godine bez primjedbi.<\/p>\n<p>2. Odlu\u010deno je na zahtjev roditelja da u\u010denica 2.a razrednog odjela Katoli\u010dke gimnazije s pravom javnosti (informacija ograni\u010dena) promjeni upisani obrazovni program u Katoli\u010dkoj gimnaziji s pravom javnosti u obrazovni program op\u0107u gimnaziju u \u0161kolskoj godini 2017.\/2018. uz uvjet polaganja razlikovnih ispita iz nastavnih predmeta Njema\u010dkog jezika za 1. i 2. razred i Psihologije za 2. razred te izbornog nastavnog predmeta za 2. razred. Odre\u0111eno je povjerenstvo za polaganje razlikovnih ispita u\u010denice (informacija ograni\u010dena) koja mijenja upisani obrazovni program.<\/p>\n<p>3. Izvijestilo se o razrednicima u \u0161kolskoj godini 2017.\/2018., jesenskom roku dr\u017eavne mature i rasporedu polaganja ispita te \u010di\u0161\u0107enju i spremanju unutarnjeg prostora zbog gra\u0111evinskih radova na zgradi Odgojno-obrazovnog centra u kojoj Katoli\u010dka gimnazija s pravom javnosti ima sjedi\u0161te.<br \/>\nZadu\u017eilo se nastavnike koji \u0107e ure\u0111ivati sadr\u017eaj godi\u0161njeg plana i programa rada i \u0161kolskog kurikuluma za \u0161kolsku godinu 2017.\/2018.<br \/>\nGovorilo se o rasporedu sati za \u0161kolsku godinu 2017.\/2018.<br \/>\nPodsjetilo se na obvezu unosa podataka u e-Maticu i e-Dnevnik za \u0161kolsku godinu 2016.\/2017. <\/p>\n","protected":false},"excerpt":{"rendered":"<p>Na 9. sjednici Nastavni\u010dkog vije\u0107a Katoli\u010dke gimnazije s pravom javnosti odr\u017eanoj dana 24. kolovoza 2017. godine: 1. Usvojen je Zapisnik s prethodne sjednice Nastavni\u010dkog vije\u0107a Katoli\u010dke gimnazije s pravom javnosti odr\u017eane dana 6. srpnja 2017. godine bez primjedbi. 2. Odlu\u010deno je na zahtjev roditelja da u\u010denica 2.a razrednog odjela Katoli\u010dke gimnazije s pravom javnosti (informacija [&hellip;]<\/p>\n","protected":false},"author":1,"featured_media":0,"comment_status":"closed","ping_status":"closed","sticky":false,"template":"","format":"standard","meta":{"footnotes":""},"categories":[2],"tags":[],"class_list":["post-10760","post","type-post","status-publish","format-standard","hentry","category-vijesti"],"_links":{"self":[{"href":"https:\/\/katolicka-gimnazija.hr\/index.php\/wp-json\/wp\/v2\/posts\/10760","targetHints":{"allow":["GET"]}}],"collection":[{"href":"https:\/\/katolicka-gimnazija.hr\/index.php\/wp-json\/wp\/v2\/posts"}],"about":[{"href":"https:\/\/katolicka-gimnazija.hr\/index.php\/wp-json\/wp\/v2\/types\/post"}],"author":[{"embeddable":true,"href":"https:\/\/katolicka-gimnazija.hr\/index.php\/wp-json\/wp\/v2\/users\/1"}],"replies":[{"embeddable":true,"href":"https:\/\/katolicka-gimnazija.hr\/index.php\/wp-json\/wp\/v2\/comments?post=10760"}],"version-history":[{"count":2,"href":"https:\/\/katolicka-gimnazija.hr\/index.php\/wp-json\/wp\/v2\/posts\/10760\/revisions"}],"predecessor-version":[{"id":14805,"href":"https:\/\/katolicka-gimnazija.hr\/index.php\/wp-json\/wp\/v2\/posts\/10760\/revisions\/14805"}],"wp:attachment":[{"href":"https:\/\/katolicka-gimnazija.hr\/index.php\/wp-json\/wp\/v2\/media?parent=10760"}],"wp:term":[{"taxonomy":"category","embeddable":true,"href":"https:\/\/katolicka-gimnazija.hr\/index.php\/wp-json\/wp\/v2\/categories?post=10760"},{"taxonomy":"post_tag","embeddable":true,"href":"https:\/\/katolicka-gimnazija.hr\/index.php\/wp-json\/wp\/v2\/tags?post=10760"}],"curies":[{"name":"wp","href":"https:\/\/api.w.org\/{rel}","templated":true}]}}