{"id":10765,"date":"2017-09-21T21:20:54","date_gmt":"2017-09-21T21:20:54","guid":{"rendered":"http:\/\/katolicka-gimnazija.hr\/?p=10765"},"modified":"2018-12-28T13:42:05","modified_gmt":"2018-12-28T13:42:05","slug":"zakljucci-s-1-sjednice-nastavnickog-vijeca-3","status":"publish","type":"post","link":"https:\/\/katolicka-gimnazija.hr\/index.php\/2017\/09\/21\/zakljucci-s-1-sjednice-nastavnickog-vijeca-3\/","title":{"rendered":"Zaklju\u010dci s 1. sjednice Nastavni\u010dkog vije\u0107a"},"content":{"rendered":"<p>Na 1. sjednici Nastavni\u010dkog vije\u0107a Katoli\u010dke gimnazije s pravom javnosti odr\u017eanoj dana 1. rujna 2017. godine:<\/p>\n<p>1. Usvojen je Zapisnik s prethodne sjednice Nastavni\u010dkog vije\u0107a Katoli\u010dke gimnazije s pravom javnosti odr\u017eane dana 24. kolovoza 2017. godine bez primjedbi.<\/p>\n<p>2. Omogu\u0107en je u\u010deniku 1. razreda Gimnazije Nova Gradi\u0161ka (informacija ograni\u010dena) upis u Katoli\u010dku gimnaziju s pravom javnosti koja ostvaruje isti obrazovni gimnazijski program.<br \/>\nOmogu\u0107ena je u\u010denici 1. razreda Ekonomske \u0161kole Po\u017eega (informacija ograni\u010dena) promjena upisanog obrazovnog programa u Katoli\u010dkoj gimnaziji s pravom javnosti u obrazovnom programu klasi\u010dnoj gimnaziji.<\/p>\n<p>3. Izvijestilo se o aktivnostima 3. Euharistijskog kongresa Po\u017ee\u0161ke biskupije.<br \/>\nGovorilo se o anketi koju \u0107e provesti profesor tjelesne i zdravstvene kulture o broju nepliva\u010da me\u0111u u\u010denicima, de\u017eurstvu na jesenskom roku dr\u017eavne mature, prigodnom daru za duhovnika koji je sura\u0111ivao s Katoli\u010dkom gimnazijom s pravom javnosti i kori\u0161tenju mobilnih ure\u0111aja tijekom nastave.<br \/>\nZatra\u017eeno je da se utvrdi jesu li potpisani svi listovi u Mati\u010dnoj knjizi za u\u010denike koji su zavr\u0161ili obrazovanje u Katoli\u010dkoj gimnaziji s pravom javnosti.<br \/>\nOdre\u0111eni su zamjenici razrednika za \u0161kolsku godinu 2017.\/2018.<br \/>\nPredlagao se na\u010din realizacije turisti\u010dkih izleta djelatnika Katoli\u010dke gimnazije s pravom javnosti u \u0161kolskoj godini 2017.\/2018. <\/p>\n","protected":false},"excerpt":{"rendered":"<p>Na 1. sjednici Nastavni\u010dkog vije\u0107a Katoli\u010dke gimnazije s pravom javnosti odr\u017eanoj dana 1. rujna 2017. godine: 1. Usvojen je Zapisnik s prethodne sjednice Nastavni\u010dkog vije\u0107a Katoli\u010dke gimnazije s pravom javnosti odr\u017eane dana 24. kolovoza 2017. godine bez primjedbi. 2. Omogu\u0107en je u\u010deniku 1. razreda Gimnazije Nova Gradi\u0161ka (informacija ograni\u010dena) upis u Katoli\u010dku gimnaziju s pravom [&hellip;]<\/p>\n","protected":false},"author":1,"featured_media":0,"comment_status":"closed","ping_status":"closed","sticky":false,"template":"","format":"standard","meta":{"footnotes":""},"categories":[2],"tags":[],"class_list":["post-10765","post","type-post","status-publish","format-standard","hentry","category-vijesti"],"_links":{"self":[{"href":"https:\/\/katolicka-gimnazija.hr\/index.php\/wp-json\/wp\/v2\/posts\/10765","targetHints":{"allow":["GET"]}}],"collection":[{"href":"https:\/\/katolicka-gimnazija.hr\/index.php\/wp-json\/wp\/v2\/posts"}],"about":[{"href":"https:\/\/katolicka-gimnazija.hr\/index.php\/wp-json\/wp\/v2\/types\/post"}],"author":[{"embeddable":true,"href":"https:\/\/katolicka-gimnazija.hr\/index.php\/wp-json\/wp\/v2\/users\/1"}],"replies":[{"embeddable":true,"href":"https:\/\/katolicka-gimnazija.hr\/index.php\/wp-json\/wp\/v2\/comments?post=10765"}],"version-history":[{"count":2,"href":"https:\/\/katolicka-gimnazija.hr\/index.php\/wp-json\/wp\/v2\/posts\/10765\/revisions"}],"predecessor-version":[{"id":14804,"href":"https:\/\/katolicka-gimnazija.hr\/index.php\/wp-json\/wp\/v2\/posts\/10765\/revisions\/14804"}],"wp:attachment":[{"href":"https:\/\/katolicka-gimnazija.hr\/index.php\/wp-json\/wp\/v2\/media?parent=10765"}],"wp:term":[{"taxonomy":"category","embeddable":true,"href":"https:\/\/katolicka-gimnazija.hr\/index.php\/wp-json\/wp\/v2\/categories?post=10765"},{"taxonomy":"post_tag","embeddable":true,"href":"https:\/\/katolicka-gimnazija.hr\/index.php\/wp-json\/wp\/v2\/tags?post=10765"}],"curies":[{"name":"wp","href":"https:\/\/api.w.org\/{rel}","templated":true}]}}