{"id":1096,"date":"2015-10-15T20:04:28","date_gmt":"2015-10-15T20:04:28","guid":{"rendered":"http:\/\/katolicka-gimnazija.hr\/?p=1096"},"modified":"2018-12-28T15:08:39","modified_gmt":"2018-12-28T15:08:39","slug":"dan-s-dan-b","status":"publish","type":"post","link":"https:\/\/katolicka-gimnazija.hr\/index.php\/2015\/10\/15\/dan-s-dan-b\/","title":{"rendered":"Dan \u0160 \u2013 Dan B"},"content":{"rendered":"<figure id=\"attachment_1086\" aria-describedby=\"caption-attachment-1086\" style=\"width: 300px\" class=\"wp-caption alignright\"><a href=\"http:\/\/katolicka-gimnazija.hr\/wp-content\/uploads\/2015\/10\/DSC_0204.jpg\"><img loading=\"lazy\" decoding=\"async\" class=\"size-medium wp-image-1086\" src=\"http:\/\/katolicka-gimnazija.hr\/wp-content\/uploads\/2015\/10\/DSC_0204-300x200.jpg\" alt=\"Ravnatelj Bedeni\u010di\u0107 navije\u0161ta Bo\u017eju Rije\u010d na Svetoj misi\" width=\"300\" height=\"200\" srcset=\"https:\/\/katolicka-gimnazija.hr\/wp-content\/uploads\/2015\/10\/DSC_0204-300x200.jpg 300w, https:\/\/katolicka-gimnazija.hr\/wp-content\/uploads\/2015\/10\/DSC_0204-768x512.jpg 768w, https:\/\/katolicka-gimnazija.hr\/wp-content\/uploads\/2015\/10\/DSC_0204-400x267.jpg 400w, https:\/\/katolicka-gimnazija.hr\/wp-content\/uploads\/2015\/10\/DSC_0204-1024x683.jpg 1024w, https:\/\/katolicka-gimnazija.hr\/wp-content\/uploads\/2015\/10\/DSC_0204-360x240.jpg 360w, https:\/\/katolicka-gimnazija.hr\/wp-content\/uploads\/2015\/10\/DSC_0204-750x500.jpg 750w, https:\/\/katolicka-gimnazija.hr\/wp-content\/uploads\/2015\/10\/DSC_0204-430x287.jpg 430w, https:\/\/katolicka-gimnazija.hr\/wp-content\/uploads\/2015\/10\/DSC_0204-150x100.jpg 150w, https:\/\/katolicka-gimnazija.hr\/wp-content\/uploads\/2015\/10\/DSC_0204-100x67.jpg 100w\" sizes=\"auto, (max-width: 300px) 100vw, 300px\" \/><\/a><figcaption id=\"caption-attachment-1086\" class=\"wp-caption-text\">Ravnatelj Bedeni\u010di\u0107 navije\u0161ta Bo\u017eju Rije\u010d na Svetoj misi<\/figcaption><\/figure>\n<p>U godini u kojoj slavimo 500. obljetnicu ro\u0111enja svete Terezije Avilske, za\u0161titnice na\u0161e \u0161kole, po\u017ee\u0161ke katedrale i biskupije te grada Po\u017eege, danas smo posebno sve\u010dano u zajednici s vjernicima \u017eupe sv. Terezije Avilske i ostalim vjernicima grada i biskupije proslavili njenu svetkovinu ali i na\u0161 Dan \u0161kole. Svoju su blizinu na\u0161oj \u0161koli i danas pokazali njen osniva\u010d msgr. dr. Antun \u0160kvor\u010devi\u0107, predstojnik Ureda za Katoli\u010dke \u0161kole u na\u0161oj biskupiji vl\u010d. Ivica \u017duljevi\u0107 te ravnatelj KO\u0160-a vl\u010d. \u017delimir \u017duljevi\u0107.<\/p>\n<blockquote><p><a href=\"http:\/\/katolicka-gimnazija.hr\/index.php\/2015\/10\/15\/program-dana-skole\/\">Fotogalerija Dana \u0161kole<\/a><\/p><\/blockquote>\n<p><strong>U i\u0161\u010dekivanju dana B<\/strong><\/p>\n<figure id=\"attachment_1047\" aria-describedby=\"caption-attachment-1047\" style=\"width: 300px\" class=\"wp-caption alignright\"><a href=\"http:\/\/katolicka-gimnazija.hr\/wp-content\/uploads\/2015\/10\/DSC_0091.jpg\"><img loading=\"lazy\" decoding=\"async\" class=\"size-medium wp-image-1047\" src=\"http:\/\/katolicka-gimnazija.hr\/wp-content\/uploads\/2015\/10\/DSC_0091-300x200.jpg\" alt=\"\u0160kolski zbor\" width=\"300\" height=\"200\" srcset=\"https:\/\/katolicka-gimnazija.hr\/wp-content\/uploads\/2015\/10\/DSC_0091-300x200.jpg 300w, https:\/\/katolicka-gimnazija.hr\/wp-content\/uploads\/2015\/10\/DSC_0091-768x512.jpg 768w, https:\/\/katolicka-gimnazija.hr\/wp-content\/uploads\/2015\/10\/DSC_0091-400x267.jpg 400w, https:\/\/katolicka-gimnazija.hr\/wp-content\/uploads\/2015\/10\/DSC_0091-1024x683.jpg 1024w, https:\/\/katolicka-gimnazija.hr\/wp-content\/uploads\/2015\/10\/DSC_0091-360x240.jpg 360w, https:\/\/katolicka-gimnazija.hr\/wp-content\/uploads\/2015\/10\/DSC_0091-750x500.jpg 750w, https:\/\/katolicka-gimnazija.hr\/wp-content\/uploads\/2015\/10\/DSC_0091-430x287.jpg 430w, https:\/\/katolicka-gimnazija.hr\/wp-content\/uploads\/2015\/10\/DSC_0091-150x100.jpg 150w, https:\/\/katolicka-gimnazija.hr\/wp-content\/uploads\/2015\/10\/DSC_0091-100x67.jpg 100w\" sizes=\"auto, (max-width: 300px) 100vw, 300px\" \/><\/a><figcaption id=\"caption-attachment-1047\" class=\"wp-caption-text\">\u0160kolski zbor<\/figcaption><\/figure>\n<p>Priprava za proslavu Dana \u0161kole zapo\u010dela je sino\u0107njim euharistijskim klanjanjem u po\u017ee\u0161koj katedrali koju su predvodili u\u010denici na\u0161e \u0161kole u zajedni\u0161tvu s mladima po\u017ee\u0161kih \u017eupa. Dan \u0161kole mnogi su do\u010dekali s nestrpljenjem, napose oni koji su se posebno pripremali za dana\u0161nji dan, a to su ponajprije na\u0161i finalisti koji su se u kvizu borili za prvo mjesto za Bruxelles, a ni\u0161ta manje i oni koji su svoje razrede pripremili za prvo ovogodi\u0161nje me\u0111urazredno natjecanje. Ovdje ne smijemo zaboraviti istaknuti i one koji su se posebno potrudili kako bi program dana\u0161njega dana bio na dostojnom nivou, a to su ravnatelj Ivan Bedeni\u010di\u0107, vl\u010d. Marijan Paveli\u0107 i prof. Marija Tonc sa \u0161kolskim zborom i solistima Maji Grgi\u0107, Jeleni Dori\u0107, Filipu \u010cikardi\u0107u i Domagoju Zubovi\u0107u.<\/p>\n<p><strong>Me\u0111urazredno natjecanje<\/strong><\/p>\n<figure id=\"attachment_1024\" aria-describedby=\"caption-attachment-1024\" style=\"width: 300px\" class=\"wp-caption alignright\"><a href=\"http:\/\/katolicka-gimnazija.hr\/wp-content\/uploads\/2015\/10\/DSC_0039.jpg\"><img loading=\"lazy\" decoding=\"async\" class=\"size-medium wp-image-1024\" src=\"http:\/\/katolicka-gimnazija.hr\/wp-content\/uploads\/2015\/10\/DSC_0039-300x200.jpg\" alt=\"Pobjednici ure\u0111enja razreda - 3.a\" width=\"300\" height=\"200\" srcset=\"https:\/\/katolicka-gimnazija.hr\/wp-content\/uploads\/2015\/10\/DSC_0039-300x200.jpg 300w, https:\/\/katolicka-gimnazija.hr\/wp-content\/uploads\/2015\/10\/DSC_0039-768x512.jpg 768w, https:\/\/katolicka-gimnazija.hr\/wp-content\/uploads\/2015\/10\/DSC_0039-400x267.jpg 400w, https:\/\/katolicka-gimnazija.hr\/wp-content\/uploads\/2015\/10\/DSC_0039-1024x683.jpg 1024w, https:\/\/katolicka-gimnazija.hr\/wp-content\/uploads\/2015\/10\/DSC_0039-360x240.jpg 360w, https:\/\/katolicka-gimnazija.hr\/wp-content\/uploads\/2015\/10\/DSC_0039-750x500.jpg 750w, https:\/\/katolicka-gimnazija.hr\/wp-content\/uploads\/2015\/10\/DSC_0039-430x287.jpg 430w, https:\/\/katolicka-gimnazija.hr\/wp-content\/uploads\/2015\/10\/DSC_0039-150x100.jpg 150w, https:\/\/katolicka-gimnazija.hr\/wp-content\/uploads\/2015\/10\/DSC_0039-100x67.jpg 100w\" sizes=\"auto, (max-width: 300px) 100vw, 300px\" \/><\/a><figcaption id=\"caption-attachment-1024\" class=\"wp-caption-text\">Pobjednici ure\u0111enja razreda &#8211; 3.a<\/figcaption><\/figure>\n<p>Nakon \u0161to su razrednici svojim u\u010denicima \u010destitali Dan \u0161kole, zapo\u010dele su prezentacije u\u010dionica koje su u\u010denici uredili na temu <em>Zamak du\u0161e<\/em>, prema naslovu najpoznatijega djela sv. Terezije Avilske. Pred komisijom koju su \u010dinili nerazrednici prof. Marija Tonc, prof. Milan Podgornjak te predsjednik komisije prof. Frano Bari\u0161i\u0107, na\u0161lo se sedam ure\u0111enih u\u010dionica od kojih je najbolje prezentirana u\u010dionica 3.a razreda koji je tako, s maksimalno osvojenih 90 bodova, prvi pobjednik ovogodi\u0161njih me\u0111urazrednih natjecanja i u idu\u0107i krug ide s 8 bodova. Nakon njih ukupni poredak izgledao je ovako \u2013 3.b (7), 1.b (6), 4.a (5), 2.b (4), 2.a (3), 1.a (2), 4.b (0). Podsje\u0107amo da \u0107e sveukupni pobjednici biti nagra\u0111eni jednodnevnim izletom pred kraj \u0161kolske godine.<\/p>\n<blockquote><p><a href=\"http:\/\/katolicka-gimnazija.hr\/index.php\/2015\/10\/15\/uredenje-ucionica\/\">Fotogalerija Me\u0111urazrednog natjecanja<\/a><\/p><\/blockquote>\n<p><strong>Prvi putnik za Bruxelles<\/strong><\/p>\n<figure id=\"attachment_1050\" aria-describedby=\"caption-attachment-1050\" style=\"width: 300px\" class=\"wp-caption alignright\"><a href=\"http:\/\/katolicka-gimnazija.hr\/wp-content\/uploads\/2015\/10\/DSC_0103.jpg\"><img loading=\"lazy\" decoding=\"async\" class=\"size-medium wp-image-1050\" src=\"http:\/\/katolicka-gimnazija.hr\/wp-content\/uploads\/2015\/10\/DSC_0103-300x200.jpg\" alt=\"Natjecatelji na po\u010detku kviza\" width=\"300\" height=\"200\" srcset=\"https:\/\/katolicka-gimnazija.hr\/wp-content\/uploads\/2015\/10\/DSC_0103-300x200.jpg 300w, https:\/\/katolicka-gimnazija.hr\/wp-content\/uploads\/2015\/10\/DSC_0103-768x512.jpg 768w, https:\/\/katolicka-gimnazija.hr\/wp-content\/uploads\/2015\/10\/DSC_0103-400x267.jpg 400w, https:\/\/katolicka-gimnazija.hr\/wp-content\/uploads\/2015\/10\/DSC_0103-1024x683.jpg 1024w, https:\/\/katolicka-gimnazija.hr\/wp-content\/uploads\/2015\/10\/DSC_0103-360x240.jpg 360w, https:\/\/katolicka-gimnazija.hr\/wp-content\/uploads\/2015\/10\/DSC_0103-750x500.jpg 750w, https:\/\/katolicka-gimnazija.hr\/wp-content\/uploads\/2015\/10\/DSC_0103-430x287.jpg 430w, https:\/\/katolicka-gimnazija.hr\/wp-content\/uploads\/2015\/10\/DSC_0103-150x100.jpg 150w, https:\/\/katolicka-gimnazija.hr\/wp-content\/uploads\/2015\/10\/DSC_0103-100x67.jpg 100w\" sizes=\"auto, (max-width: 300px) 100vw, 300px\" \/><\/a><figcaption id=\"caption-attachment-1050\" class=\"wp-caption-text\">Natjecatelji na po\u010detku kviza<\/figcaption><\/figure>\n<p>Ako bismo htjeli biti precizni trebalo bi re\u0107i da smo danas saznali i drugoga putnika za Bruxelles budu\u0107i da je prvi putnik onaj koji je sve i ovo pokrenuo, a to je ravnatelj Ivan Bedeni\u010di\u0107. Drugi putnik je, dakle, u\u010denik 2.a razreda i pobjednik dana\u0161njega kviza znanja u poznavanju \u017eivota i djela sv. Terezije Avilske i Po\u017ee\u0161ke biskupije \u2013 Domagoj Zubovi\u0107. Iako ovdje \u010destitamo ponajprije njemu, \u010destitke i zahvale za njihov trud upu\u0107ujemo i ostalim sudionicima natjecanja a to su Maja Vuki\u0107 i Tomislav Varela, koji su se u malom finalu natjecali s Domagojem, potom Matej Ragu\u017e, Ante Ragu\u017e, Bruno Razumovi\u0107, Mirko Filipovi\u0107 i Ivana Krstanovi\u0107. Ovdje treba posebno istaknuti i zahvaliti vl\u010d. Marijanu Paveli\u0107u koji je bio zadu\u017een za organizaciju \u010ditavoga projekta oko kviza \u2013 sastavljanje materijala za kviz, priprema samoga kviza i vo\u0111enje u kojemu mu je pomogla u\u010denica 1.a razreda, Paula Kosac, koja je briljantno odradila ulogu hostese. Brigu za transparentnost \u010ditavog natjecanja i ovaj put imala je komisija u sastavu Bari\u0161i\u0107, Tonc i Podgornjak. Prisutnima u Dvorani sv. Terezije Avilske u kratkoj stanki od kviza prikazan je filmski uradak u\u010denika na\u0161e \u0161kole <em>Put sre\u0107e <\/em>koji \u0107e uskoro biti dostupan i \u0161iroj javnosti. Na njemu su pod vodstvom profesora Frane Bari\u0161i\u0107a radili u\u010denici Ivan Mitrovi\u0107 i Marko Gelen\u010dir, snimanje i monta\u017ea, te glumci Mia Bo\u0161njak, Petar Petrovi\u0107, Ema Th\u00fcr, Marko Gelen\u010dir, Vlado Bo\u0161njakovi\u0107 i Milena \u0160koda, a svoj glas posudio je Domagoj Zubovi\u0107.<\/p>\n<p><strong>Dan \u0161kole u zajednici s osniva\u010dem<\/strong><\/p>\n<figure id=\"attachment_1082\" aria-describedby=\"caption-attachment-1082\" style=\"width: 300px\" class=\"wp-caption alignright\"><a href=\"http:\/\/katolicka-gimnazija.hr\/wp-content\/uploads\/2015\/10\/DSC_01941.jpg\"><img loading=\"lazy\" decoding=\"async\" class=\"size-medium wp-image-1082\" src=\"http:\/\/katolicka-gimnazija.hr\/wp-content\/uploads\/2015\/10\/DSC_01941-300x200.jpg\" alt=\"U\u010denici \u010destitaju Biskupu\" width=\"300\" height=\"200\" srcset=\"https:\/\/katolicka-gimnazija.hr\/wp-content\/uploads\/2015\/10\/DSC_01941-300x200.jpg 300w, https:\/\/katolicka-gimnazija.hr\/wp-content\/uploads\/2015\/10\/DSC_01941-768x512.jpg 768w, https:\/\/katolicka-gimnazija.hr\/wp-content\/uploads\/2015\/10\/DSC_01941-400x267.jpg 400w, https:\/\/katolicka-gimnazija.hr\/wp-content\/uploads\/2015\/10\/DSC_01941-1024x683.jpg 1024w, https:\/\/katolicka-gimnazija.hr\/wp-content\/uploads\/2015\/10\/DSC_01941-360x240.jpg 360w, https:\/\/katolicka-gimnazija.hr\/wp-content\/uploads\/2015\/10\/DSC_01941-750x500.jpg 750w, https:\/\/katolicka-gimnazija.hr\/wp-content\/uploads\/2015\/10\/DSC_01941-430x287.jpg 430w, https:\/\/katolicka-gimnazija.hr\/wp-content\/uploads\/2015\/10\/DSC_01941-150x100.jpg 150w, https:\/\/katolicka-gimnazija.hr\/wp-content\/uploads\/2015\/10\/DSC_01941-100x67.jpg 100w\" sizes=\"auto, (max-width: 300px) 100vw, 300px\" \/><\/a><figcaption id=\"caption-attachment-1082\" class=\"wp-caption-text\">U\u010denici \u010destitaju biskupu<\/figcaption><\/figure>\n<p>Vrhunac svetkovine sv. Terezije Avilske bilo je sve\u010dano euharistijsko slavlje koje je u po\u017ee\u0161koj prvostolnici predvodio prvi po\u017ee\u0161ki biskup msgr. Antun \u0160kvor\u010devi\u0107. On je za ovu prigodu nakratko prekinuo sa zasjedanjem na biskupskoj sinodi u Rimu koja se bavi temom <em>\u201ePoziv i poslanje obitelji u Crkvi i suvremenom svijetu\u201c<\/em>. U\u010denici na\u0161e \u0161kole, odjeveni u narodne no\u0161nje svojega kraja, \u010destitali su ocu biskupu dan za\u0161titnice po\u017ee\u0161ke biskupije, ali i obljetnicu njegova zare\u0111enja za prvog po\u017ee\u0161kog biskupa. Nakon misnoga slavlja djelatnici \u0161kole nastavili su dru\u017eenje u prostorijama \u0161kole sa svojim gostima i kolegama iz Katoli\u010dke osnovne \u0161kole, dok je u\u010denicima pripremljena kratka okrjepa u njihovim razredima.<\/p>\n<blockquote><p><a href=\"http:\/\/katolicka-gimnazija.hr\/index.php\/2015\/10\/15\/sveta-misa-na-dan-skole\/\">Fotogalerija Svete mise<\/a><\/p><\/blockquote>\n","protected":false},"excerpt":{"rendered":"<p>U godini u kojoj slavimo 500. obljetnicu ro\u0111enja svete Terezije Avilske, za\u0161titnice na\u0161e \u0161kole, po\u017ee\u0161ke katedrale i biskupije te grada Po\u017eege, danas smo posebno sve\u010dano u zajednici s vjernicima \u017eupe sv. Terezije Avilske i ostalim vjernicima grada i biskupije proslavili njenu svetkovinu ali i na\u0161 Dan \u0161kole. Svoju su blizinu na\u0161oj \u0161koli i danas pokazali [&hellip;]<\/p>\n","protected":false},"author":2,"featured_media":1057,"comment_status":"closed","ping_status":"closed","sticky":false,"template":"","format":"standard","meta":{"footnotes":""},"categories":[2],"tags":[64,45,143,93,148,145,147,146,44,142,140,149],"class_list":["post-1096","post","type-post","status-publish","format-standard","has-post-thumbnail","hentry","category-vijesti","tag-biskup","tag-bruxelles","tag-dan-skole","tag-dvorana","tag-film","tag-katedrala","tag-kviz","tag-misa","tag-natjecanje","tag-terezija","tag-ucionice","tag-zbor"],"_links":{"self":[{"href":"https:\/\/katolicka-gimnazija.hr\/index.php\/wp-json\/wp\/v2\/posts\/1096","targetHints":{"allow":["GET"]}}],"collection":[{"href":"https:\/\/katolicka-gimnazija.hr\/index.php\/wp-json\/wp\/v2\/posts"}],"about":[{"href":"https:\/\/katolicka-gimnazija.hr\/index.php\/wp-json\/wp\/v2\/types\/post"}],"author":[{"embeddable":true,"href":"https:\/\/katolicka-gimnazija.hr\/index.php\/wp-json\/wp\/v2\/users\/2"}],"replies":[{"embeddable":true,"href":"https:\/\/katolicka-gimnazija.hr\/index.php\/wp-json\/wp\/v2\/comments?post=1096"}],"version-history":[{"count":9,"href":"https:\/\/katolicka-gimnazija.hr\/index.php\/wp-json\/wp\/v2\/posts\/1096\/revisions"}],"predecessor-version":[{"id":15213,"href":"https:\/\/katolicka-gimnazija.hr\/index.php\/wp-json\/wp\/v2\/posts\/1096\/revisions\/15213"}],"wp:featuredmedia":[{"embeddable":true,"href":"https:\/\/katolicka-gimnazija.hr\/index.php\/wp-json\/wp\/v2\/media\/1057"}],"wp:attachment":[{"href":"https:\/\/katolicka-gimnazija.hr\/index.php\/wp-json\/wp\/v2\/media?parent=1096"}],"wp:term":[{"taxonomy":"category","embeddable":true,"href":"https:\/\/katolicka-gimnazija.hr\/index.php\/wp-json\/wp\/v2\/categories?post=1096"},{"taxonomy":"post_tag","embeddable":true,"href":"https:\/\/katolicka-gimnazija.hr\/index.php\/wp-json\/wp\/v2\/tags?post=1096"}],"curies":[{"name":"wp","href":"https:\/\/api.w.org\/{rel}","templated":true}]}}