{"id":11154,"date":"2017-10-12T21:08:38","date_gmt":"2017-10-12T21:08:38","guid":{"rendered":"http:\/\/katolicka-gimnazija.hr\/?p=11154"},"modified":"2017-10-13T08:13:44","modified_gmt":"2017-10-13T08:13:44","slug":"program-proslave-dana-skole","status":"publish","type":"post","link":"https:\/\/katolicka-gimnazija.hr\/index.php\/2017\/10\/12\/program-proslave-dana-skole\/","title":{"rendered":"Program proslave Dana \u0161kole"},"content":{"rendered":"<p><a href=\"http:\/\/katolicka-gimnazija.hr\/wp-content\/uploads\/2017\/10\/dan-skole.jpg\" rel=\"attachment wp-att-11155\"><img loading=\"lazy\" decoding=\"async\" class=\"alignleft wp-image-11157 size-medium\" src=\"http:\/\/katolicka-gimnazija.hr\/wp-content\/uploads\/2017\/10\/dan-skole-300x169.jpg\" alt=\"\" width=\"300\" height=\"169\" srcset=\"https:\/\/katolicka-gimnazija.hr\/wp-content\/uploads\/2017\/10\/dan-skole-300x169.jpg 300w, https:\/\/katolicka-gimnazija.hr\/wp-content\/uploads\/2017\/10\/dan-skole-768x432.jpg 768w, https:\/\/katolicka-gimnazija.hr\/wp-content\/uploads\/2017\/10\/dan-skole-1024x576.jpg 1024w, https:\/\/katolicka-gimnazija.hr\/wp-content\/uploads\/2017\/10\/dan-skole-360x203.jpg 360w, https:\/\/katolicka-gimnazija.hr\/wp-content\/uploads\/2017\/10\/dan-skole-750x422.jpg 750w, https:\/\/katolicka-gimnazija.hr\/wp-content\/uploads\/2017\/10\/dan-skole-400x225.jpg 400w, https:\/\/katolicka-gimnazija.hr\/wp-content\/uploads\/2017\/10\/dan-skole-430x242.jpg 430w, https:\/\/katolicka-gimnazija.hr\/wp-content\/uploads\/2017\/10\/dan-skole-150x84.jpg 150w, https:\/\/katolicka-gimnazija.hr\/wp-content\/uploads\/2017\/10\/dan-skole-100x56.jpg 100w, https:\/\/katolicka-gimnazija.hr\/wp-content\/uploads\/2017\/10\/dan-skole.jpg 1600w\" sizes=\"auto, (max-width: 300px) 100vw, 300px\" \/><\/a>U subotu, 15. listopada, na svetkovinu sv. Terezije Avilske, za\u0161titnice Po\u017ee\u0161ke katedrale i grada Po\u017eege obilje\u017eavamo Dan Katoli\u010dke gimnazije. Posebnost je ovogodi\u0161njeg Dana \u0161kole<br \/>\n20. obljetnica Po\u017ee\u0161ke biskupije i 10. obljetnica Katoli\u010dke gimnazije.<\/p>\n<p><strong>subota, 14. listopada 2017.<\/strong><\/p>\n<p>Prigodni program zapo\u010dinje u subotu 14. listopada Molitvenim bdijenjem mladih u 20 sati u Katedrali pod geslom \u201eSamo je Bog dostatan\u201c, a animirat \u0107e u\u010denici na\u0161e \u0161kole i drugi mladi iz svih \u010detiriju gradskih \u017eupa.<\/p>\n<p><strong>nedjelja, 15. listopada 2017.<\/strong><\/p>\n<p>Sredi\u0161nji dio proslave Dana \u0161kole jest sveta misa koju \u0107e u po\u017ee\u0161koj Katedrali u 11 sati predvoditi po\u017ee\u0161ki biskup Antun \u0160kvor\u010devi\u0107. Pozivamo sve u\u010denike da sudjeluju u svetoj misi, a osobito u procesiji kojom ova misa tradicionalno zapo\u010dinje i to okupljanjem ispred crkve sv. Lovre u 10:45.<\/p>\n<p><strong>ponedjeljak, 16. listopada 2017.<\/strong><\/p>\n<p>U \u0161koli \u0107emo prigodnim programom i sportskim natjecanjima dan na\u0161e za\u0161titnice obilje\u017eiti u ponedjeljak 16. listopada kada \u0107e nastavni sati biti prilago\u0111eni i skra\u0107eni. Nastava \u0107e se skra\u0107eno odr\u017eati prva \u010detiri sata (8,00-10,40), a u 11 sati \u0107e zapo\u010deti Pub kviz u Dvorani sv. Terezije Avilske u kojem \u0107e sudjelovati profesori i predstavnici u\u010denika iz svih razreda. Nakon toga \u0107e se u sportskoj dvorani \u0161kole natjecati profesori i u\u010denici u odbojci.<\/p>\n","protected":false},"excerpt":{"rendered":"<p>U subotu, 15. listopada, na svetkovinu sv. Terezije Avilske, za\u0161titnice Po\u017ee\u0161ke katedrale i grada Po\u017eege obilje\u017eavamo Dan Katoli\u010dke gimnazije. Posebnost je ovogodi\u0161njeg Dana \u0161kole 20. obljetnica Po\u017ee\u0161ke biskupije i 10. obljetnica Katoli\u010dke gimnazije. subota, 14. listopada 2017. Prigodni program zapo\u010dinje u subotu 14. listopada Molitvenim bdijenjem mladih u 20 sati u Katedrali pod geslom \u201eSamo [&hellip;]<\/p>\n","protected":false},"author":1,"featured_media":0,"comment_status":"closed","ping_status":"closed","sticky":false,"template":"","format":"standard","meta":{"footnotes":""},"categories":[3],"tags":[],"class_list":["post-11154","post","type-post","status-publish","format-standard","hentry","category-obavijesti"],"_links":{"self":[{"href":"https:\/\/katolicka-gimnazija.hr\/index.php\/wp-json\/wp\/v2\/posts\/11154","targetHints":{"allow":["GET"]}}],"collection":[{"href":"https:\/\/katolicka-gimnazija.hr\/index.php\/wp-json\/wp\/v2\/posts"}],"about":[{"href":"https:\/\/katolicka-gimnazija.hr\/index.php\/wp-json\/wp\/v2\/types\/post"}],"author":[{"embeddable":true,"href":"https:\/\/katolicka-gimnazija.hr\/index.php\/wp-json\/wp\/v2\/users\/1"}],"replies":[{"embeddable":true,"href":"https:\/\/katolicka-gimnazija.hr\/index.php\/wp-json\/wp\/v2\/comments?post=11154"}],"version-history":[{"count":3,"href":"https:\/\/katolicka-gimnazija.hr\/index.php\/wp-json\/wp\/v2\/posts\/11154\/revisions"}],"predecessor-version":[{"id":11159,"href":"https:\/\/katolicka-gimnazija.hr\/index.php\/wp-json\/wp\/v2\/posts\/11154\/revisions\/11159"}],"wp:attachment":[{"href":"https:\/\/katolicka-gimnazija.hr\/index.php\/wp-json\/wp\/v2\/media?parent=11154"}],"wp:term":[{"taxonomy":"category","embeddable":true,"href":"https:\/\/katolicka-gimnazija.hr\/index.php\/wp-json\/wp\/v2\/categories?post=11154"},{"taxonomy":"post_tag","embeddable":true,"href":"https:\/\/katolicka-gimnazija.hr\/index.php\/wp-json\/wp\/v2\/tags?post=11154"}],"curies":[{"name":"wp","href":"https:\/\/api.w.org\/{rel}","templated":true}]}}