{"id":11249,"date":"2017-10-24T13:20:33","date_gmt":"2017-10-24T13:20:33","guid":{"rendered":"http:\/\/katolicka-gimnazija.hr\/?p=11249"},"modified":"2018-12-28T13:38:43","modified_gmt":"2018-12-28T13:38:43","slug":"bratovstina-sv-jurja-iz-samobora-u-duhovno-rekreacijskom-posjetu-pozegi","status":"publish","type":"post","link":"https:\/\/katolicka-gimnazija.hr\/index.php\/2017\/10\/24\/bratovstina-sv-jurja-iz-samobora-u-duhovno-rekreacijskom-posjetu-pozegi\/","title":{"rendered":"Bratov\u0161tina sv. Jurja iz Samobora u duhovno-rekreacijskom posjetu Po\u017eegi"},"content":{"rendered":"<p>Na inicijativu istaknutih \u010dlanova Bratov\u0161tine sv. Jurja iz Samobora, g. Dragutina Novosela i Vlade Tr\u010daka, Bratov\u0161tina je s predsjednikom g. Stjepanom Biberom pohodila Po\u017eegu u subotu 21. listopada 2017.<\/p>\n<p>Ravnatelj Katoli\u010dke gimnazije u Po\u017eegi s veseljem se prihvatio doma\u0107instva njihova gostovanja, do\u010dekao ih u na\u0161oj \u0161koli, izlo\u017eio program boravka i prepustio vodstvu svojih profesora.<br \/>\nZahvaljuju\u0107i susretljivosti pre\u010dasnog Ivice \u017duljevi\u0107a organizirana je misa u kripti Katedrale (uo\u010di blagdana sv. Ivana Pavla II.), razgled Katedrale (misu i ulogu vodi\u010da preuzeo je vl\u010d. Marijan Paveli\u0107). Nakon toga je gospo\u0111a Nikolina Mandi\u0107 (rutinirano i profesionalno) provela Samoborce na\u0161im \u201epo\u017ee\u0161kim biserom\u201c &#8211; Dijecezanskim muzejem.<br \/>\n\u0160etnju gradom i tuma\u010denje najpoznatijih spomenika (posebno uklju\u010div\u0161i sv. Lovru) nastavio je vl\u010d. Paveli\u0107.<\/p>\n<p>Nakon dvosatnog (intenzivnog) boravka odlazimo na Jankovac pra\u0107eni i vo\u0111eni izvrsnim profesorskim dvojcem: prof. Josipom Kati\u0107em (povijest i geografija po\u017ee\u0161tine) i prof. Franom Bari\u0161i\u0107em (biologija i odlike Papuka). Prekrasan Papuk i spu\u0161tanje u Podgorje gdje nam je dobrotom g. Zime i g. Mesi\u0107a Veleu\u010dili\u0161te u svojem podrumu organiziralo degustaciju i nezaboravnih sat i pol vremena posve\u0107enih vinskoj kapljici.<\/p>\n<p>Na kraju, poslije obilne, raspjevane i dobrog raspolo\u017eenja prepune ve\u010dere Samoborci prepuni dojmova odlaze u svoj \u201eSanobor\u201c, a nama ostaje za prenijeti njihovu zadivljenost na\u0161im gostoprimstvom, velebnim djelima na\u0161e Biskupije, dobrom kapljicom, prekrasnom prirodom, jedinstvenom hranom i divnim Po\u017ee\u017eanima!<\/p>\n<p>Mo\u017eda nam je \u010de\u0161\u0107e potrebno takvih skupina da i sami dublje proniknemo u darove koji su nam dani na upravljanje (na duhovnom i materijalnom planu) u na\u0161oj Po\u017eegi!<\/p>\n<div id='gallery-1' class='gallery galleryid-11249 gallery-columns-3 gallery-size-medium'><figure class='gallery-item'>\n\t\t\t<div class='gallery-icon landscape'>\n\t\t\t\t<a href='https:\/\/katolicka-gimnazija.hr\/wp-content\/uploads\/2017\/10\/DSC_3440.jpg'><img loading=\"lazy\" decoding=\"async\" width=\"300\" height=\"200\" src=\"https:\/\/katolicka-gimnazija.hr\/wp-content\/uploads\/2017\/10\/DSC_3440-300x200.jpg\" class=\"attachment-medium size-medium\" alt=\"\" srcset=\"https:\/\/katolicka-gimnazija.hr\/wp-content\/uploads\/2017\/10\/DSC_3440-300x200.jpg 300w, https:\/\/katolicka-gimnazija.hr\/wp-content\/uploads\/2017\/10\/DSC_3440-768x512.jpg 768w, https:\/\/katolicka-gimnazija.hr\/wp-content\/uploads\/2017\/10\/DSC_3440-1024x683.jpg 1024w, https:\/\/katolicka-gimnazija.hr\/wp-content\/uploads\/2017\/10\/DSC_3440-360x240.jpg 360w, https:\/\/katolicka-gimnazija.hr\/wp-content\/uploads\/2017\/10\/DSC_3440-750x500.jpg 750w, https:\/\/katolicka-gimnazija.hr\/wp-content\/uploads\/2017\/10\/DSC_3440-400x267.jpg 400w, https:\/\/katolicka-gimnazija.hr\/wp-content\/uploads\/2017\/10\/DSC_3440-430x287.jpg 430w, https:\/\/katolicka-gimnazija.hr\/wp-content\/uploads\/2017\/10\/DSC_3440-150x100.jpg 150w, https:\/\/katolicka-gimnazija.hr\/wp-content\/uploads\/2017\/10\/DSC_3440-100x67.jpg 100w, https:\/\/katolicka-gimnazija.hr\/wp-content\/uploads\/2017\/10\/DSC_3440.jpg 1800w\" sizes=\"auto, (max-width: 300px) 100vw, 300px\" \/><\/a>\n\t\t\t<\/div><\/figure><figure class='gallery-item'>\n\t\t\t<div class='gallery-icon landscape'>\n\t\t\t\t<a href='https:\/\/katolicka-gimnazija.hr\/wp-content\/uploads\/2017\/10\/DSC_3442.jpg'><img loading=\"lazy\" decoding=\"async\" width=\"300\" height=\"200\" src=\"https:\/\/katolicka-gimnazija.hr\/wp-content\/uploads\/2017\/10\/DSC_3442-300x200.jpg\" class=\"attachment-medium size-medium\" alt=\"\" srcset=\"https:\/\/katolicka-gimnazija.hr\/wp-content\/uploads\/2017\/10\/DSC_3442-300x200.jpg 300w, https:\/\/katolicka-gimnazija.hr\/wp-content\/uploads\/2017\/10\/DSC_3442-768x512.jpg 768w, https:\/\/katolicka-gimnazija.hr\/wp-content\/uploads\/2017\/10\/DSC_3442-1024x683.jpg 1024w, https:\/\/katolicka-gimnazija.hr\/wp-content\/uploads\/2017\/10\/DSC_3442-360x240.jpg 360w, https:\/\/katolicka-gimnazija.hr\/wp-content\/uploads\/2017\/10\/DSC_3442-750x500.jpg 750w, https:\/\/katolicka-gimnazija.hr\/wp-content\/uploads\/2017\/10\/DSC_3442-400x267.jpg 400w, https:\/\/katolicka-gimnazija.hr\/wp-content\/uploads\/2017\/10\/DSC_3442-430x287.jpg 430w, https:\/\/katolicka-gimnazija.hr\/wp-content\/uploads\/2017\/10\/DSC_3442-150x100.jpg 150w, https:\/\/katolicka-gimnazija.hr\/wp-content\/uploads\/2017\/10\/DSC_3442-100x67.jpg 100w, https:\/\/katolicka-gimnazija.hr\/wp-content\/uploads\/2017\/10\/DSC_3442.jpg 1800w\" sizes=\"auto, (max-width: 300px) 100vw, 300px\" \/><\/a>\n\t\t\t<\/div><\/figure><figure class='gallery-item'>\n\t\t\t<div class='gallery-icon landscape'>\n\t\t\t\t<a href='https:\/\/katolicka-gimnazija.hr\/wp-content\/uploads\/2017\/10\/DSC_3446.jpg'><img loading=\"lazy\" decoding=\"async\" width=\"300\" height=\"200\" src=\"https:\/\/katolicka-gimnazija.hr\/wp-content\/uploads\/2017\/10\/DSC_3446-300x200.jpg\" class=\"attachment-medium size-medium\" alt=\"\" srcset=\"https:\/\/katolicka-gimnazija.hr\/wp-content\/uploads\/2017\/10\/DSC_3446-300x200.jpg 300w, https:\/\/katolicka-gimnazija.hr\/wp-content\/uploads\/2017\/10\/DSC_3446-768x512.jpg 768w, https:\/\/katolicka-gimnazija.hr\/wp-content\/uploads\/2017\/10\/DSC_3446-1024x683.jpg 1024w, https:\/\/katolicka-gimnazija.hr\/wp-content\/uploads\/2017\/10\/DSC_3446-360x240.jpg 360w, https:\/\/katolicka-gimnazija.hr\/wp-content\/uploads\/2017\/10\/DSC_3446-750x500.jpg 750w, https:\/\/katolicka-gimnazija.hr\/wp-content\/uploads\/2017\/10\/DSC_3446-400x267.jpg 400w, https:\/\/katolicka-gimnazija.hr\/wp-content\/uploads\/2017\/10\/DSC_3446-430x287.jpg 430w, https:\/\/katolicka-gimnazija.hr\/wp-content\/uploads\/2017\/10\/DSC_3446-150x100.jpg 150w, https:\/\/katolicka-gimnazija.hr\/wp-content\/uploads\/2017\/10\/DSC_3446-100x67.jpg 100w, https:\/\/katolicka-gimnazija.hr\/wp-content\/uploads\/2017\/10\/DSC_3446.jpg 1800w\" sizes=\"auto, (max-width: 300px) 100vw, 300px\" \/><\/a>\n\t\t\t<\/div><\/figure><figure class='gallery-item'>\n\t\t\t<div class='gallery-icon landscape'>\n\t\t\t\t<a href='https:\/\/katolicka-gimnazija.hr\/wp-content\/uploads\/2017\/10\/DSC_3449.jpg'><img loading=\"lazy\" decoding=\"async\" width=\"300\" height=\"200\" src=\"https:\/\/katolicka-gimnazija.hr\/wp-content\/uploads\/2017\/10\/DSC_3449-300x200.jpg\" class=\"attachment-medium size-medium\" alt=\"\" srcset=\"https:\/\/katolicka-gimnazija.hr\/wp-content\/uploads\/2017\/10\/DSC_3449-300x200.jpg 300w, https:\/\/katolicka-gimnazija.hr\/wp-content\/uploads\/2017\/10\/DSC_3449-768x512.jpg 768w, https:\/\/katolicka-gimnazija.hr\/wp-content\/uploads\/2017\/10\/DSC_3449-1024x683.jpg 1024w, https:\/\/katolicka-gimnazija.hr\/wp-content\/uploads\/2017\/10\/DSC_3449-360x240.jpg 360w, https:\/\/katolicka-gimnazija.hr\/wp-content\/uploads\/2017\/10\/DSC_3449-750x500.jpg 750w, https:\/\/katolicka-gimnazija.hr\/wp-content\/uploads\/2017\/10\/DSC_3449-400x267.jpg 400w, https:\/\/katolicka-gimnazija.hr\/wp-content\/uploads\/2017\/10\/DSC_3449-430x287.jpg 430w, https:\/\/katolicka-gimnazija.hr\/wp-content\/uploads\/2017\/10\/DSC_3449-150x100.jpg 150w, https:\/\/katolicka-gimnazija.hr\/wp-content\/uploads\/2017\/10\/DSC_3449-100x67.jpg 100w, https:\/\/katolicka-gimnazija.hr\/wp-content\/uploads\/2017\/10\/DSC_3449.jpg 1800w\" sizes=\"auto, (max-width: 300px) 100vw, 300px\" \/><\/a>\n\t\t\t<\/div><\/figure><figure class='gallery-item'>\n\t\t\t<div class='gallery-icon landscape'>\n\t\t\t\t<a href='https:\/\/katolicka-gimnazija.hr\/wp-content\/uploads\/2017\/10\/DSC_3452.jpg'><img loading=\"lazy\" decoding=\"async\" width=\"300\" height=\"200\" src=\"https:\/\/katolicka-gimnazija.hr\/wp-content\/uploads\/2017\/10\/DSC_3452-300x200.jpg\" class=\"attachment-medium size-medium\" alt=\"\" srcset=\"https:\/\/katolicka-gimnazija.hr\/wp-content\/uploads\/2017\/10\/DSC_3452-300x200.jpg 300w, https:\/\/katolicka-gimnazija.hr\/wp-content\/uploads\/2017\/10\/DSC_3452-768x512.jpg 768w, https:\/\/katolicka-gimnazija.hr\/wp-content\/uploads\/2017\/10\/DSC_3452-1024x683.jpg 1024w, https:\/\/katolicka-gimnazija.hr\/wp-content\/uploads\/2017\/10\/DSC_3452-360x240.jpg 360w, https:\/\/katolicka-gimnazija.hr\/wp-content\/uploads\/2017\/10\/DSC_3452-750x500.jpg 750w, https:\/\/katolicka-gimnazija.hr\/wp-content\/uploads\/2017\/10\/DSC_3452-400x267.jpg 400w, https:\/\/katolicka-gimnazija.hr\/wp-content\/uploads\/2017\/10\/DSC_3452-430x287.jpg 430w, https:\/\/katolicka-gimnazija.hr\/wp-content\/uploads\/2017\/10\/DSC_3452-150x100.jpg 150w, https:\/\/katolicka-gimnazija.hr\/wp-content\/uploads\/2017\/10\/DSC_3452-100x67.jpg 100w, https:\/\/katolicka-gimnazija.hr\/wp-content\/uploads\/2017\/10\/DSC_3452.jpg 1800w\" sizes=\"auto, (max-width: 300px) 100vw, 300px\" \/><\/a>\n\t\t\t<\/div><\/figure><figure class='gallery-item'>\n\t\t\t<div class='gallery-icon landscape'>\n\t\t\t\t<a href='https:\/\/katolicka-gimnazija.hr\/wp-content\/uploads\/2017\/10\/DSC_3453.jpg'><img loading=\"lazy\" decoding=\"async\" width=\"300\" height=\"200\" src=\"https:\/\/katolicka-gimnazija.hr\/wp-content\/uploads\/2017\/10\/DSC_3453-300x200.jpg\" class=\"attachment-medium size-medium\" alt=\"\" srcset=\"https:\/\/katolicka-gimnazija.hr\/wp-content\/uploads\/2017\/10\/DSC_3453-300x200.jpg 300w, https:\/\/katolicka-gimnazija.hr\/wp-content\/uploads\/2017\/10\/DSC_3453-768x512.jpg 768w, https:\/\/katolicka-gimnazija.hr\/wp-content\/uploads\/2017\/10\/DSC_3453-1024x683.jpg 1024w, https:\/\/katolicka-gimnazija.hr\/wp-content\/uploads\/2017\/10\/DSC_3453-360x240.jpg 360w, https:\/\/katolicka-gimnazija.hr\/wp-content\/uploads\/2017\/10\/DSC_3453-750x500.jpg 750w, https:\/\/katolicka-gimnazija.hr\/wp-content\/uploads\/2017\/10\/DSC_3453-400x267.jpg 400w, https:\/\/katolicka-gimnazija.hr\/wp-content\/uploads\/2017\/10\/DSC_3453-430x287.jpg 430w, https:\/\/katolicka-gimnazija.hr\/wp-content\/uploads\/2017\/10\/DSC_3453-150x100.jpg 150w, https:\/\/katolicka-gimnazija.hr\/wp-content\/uploads\/2017\/10\/DSC_3453-100x67.jpg 100w, https:\/\/katolicka-gimnazija.hr\/wp-content\/uploads\/2017\/10\/DSC_3453.jpg 1800w\" sizes=\"auto, (max-width: 300px) 100vw, 300px\" \/><\/a>\n\t\t\t<\/div><\/figure><figure class='gallery-item'>\n\t\t\t<div class='gallery-icon landscape'>\n\t\t\t\t<a href='https:\/\/katolicka-gimnazija.hr\/wp-content\/uploads\/2017\/10\/DSC_3459.jpg'><img loading=\"lazy\" decoding=\"async\" width=\"300\" height=\"200\" src=\"https:\/\/katolicka-gimnazija.hr\/wp-content\/uploads\/2017\/10\/DSC_3459-300x200.jpg\" class=\"attachment-medium size-medium\" alt=\"\" srcset=\"https:\/\/katolicka-gimnazija.hr\/wp-content\/uploads\/2017\/10\/DSC_3459-300x200.jpg 300w, https:\/\/katolicka-gimnazija.hr\/wp-content\/uploads\/2017\/10\/DSC_3459-768x512.jpg 768w, https:\/\/katolicka-gimnazija.hr\/wp-content\/uploads\/2017\/10\/DSC_3459-1024x683.jpg 1024w, https:\/\/katolicka-gimnazija.hr\/wp-content\/uploads\/2017\/10\/DSC_3459-360x240.jpg 360w, https:\/\/katolicka-gimnazija.hr\/wp-content\/uploads\/2017\/10\/DSC_3459-750x500.jpg 750w, https:\/\/katolicka-gimnazija.hr\/wp-content\/uploads\/2017\/10\/DSC_3459-400x267.jpg 400w, https:\/\/katolicka-gimnazija.hr\/wp-content\/uploads\/2017\/10\/DSC_3459-430x287.jpg 430w, https:\/\/katolicka-gimnazija.hr\/wp-content\/uploads\/2017\/10\/DSC_3459-150x100.jpg 150w, https:\/\/katolicka-gimnazija.hr\/wp-content\/uploads\/2017\/10\/DSC_3459-100x67.jpg 100w, https:\/\/katolicka-gimnazija.hr\/wp-content\/uploads\/2017\/10\/DSC_3459.jpg 1800w\" sizes=\"auto, (max-width: 300px) 100vw, 300px\" \/><\/a>\n\t\t\t<\/div><\/figure><figure class='gallery-item'>\n\t\t\t<div class='gallery-icon landscape'>\n\t\t\t\t<a href='https:\/\/katolicka-gimnazija.hr\/wp-content\/uploads\/2017\/10\/DSC_3462.jpg'><img loading=\"lazy\" decoding=\"async\" width=\"300\" height=\"200\" src=\"https:\/\/katolicka-gimnazija.hr\/wp-content\/uploads\/2017\/10\/DSC_3462-300x200.jpg\" class=\"attachment-medium size-medium\" alt=\"\" srcset=\"https:\/\/katolicka-gimnazija.hr\/wp-content\/uploads\/2017\/10\/DSC_3462-300x200.jpg 300w, https:\/\/katolicka-gimnazija.hr\/wp-content\/uploads\/2017\/10\/DSC_3462-768x512.jpg 768w, https:\/\/katolicka-gimnazija.hr\/wp-content\/uploads\/2017\/10\/DSC_3462-1024x683.jpg 1024w, https:\/\/katolicka-gimnazija.hr\/wp-content\/uploads\/2017\/10\/DSC_3462-360x240.jpg 360w, https:\/\/katolicka-gimnazija.hr\/wp-content\/uploads\/2017\/10\/DSC_3462-750x500.jpg 750w, https:\/\/katolicka-gimnazija.hr\/wp-content\/uploads\/2017\/10\/DSC_3462-400x267.jpg 400w, https:\/\/katolicka-gimnazija.hr\/wp-content\/uploads\/2017\/10\/DSC_3462-430x287.jpg 430w, https:\/\/katolicka-gimnazija.hr\/wp-content\/uploads\/2017\/10\/DSC_3462-150x100.jpg 150w, https:\/\/katolicka-gimnazija.hr\/wp-content\/uploads\/2017\/10\/DSC_3462-100x67.jpg 100w, https:\/\/katolicka-gimnazija.hr\/wp-content\/uploads\/2017\/10\/DSC_3462.jpg 1800w\" sizes=\"auto, (max-width: 300px) 100vw, 300px\" \/><\/a>\n\t\t\t<\/div><\/figure><figure class='gallery-item'>\n\t\t\t<div class='gallery-icon landscape'>\n\t\t\t\t<a href='https:\/\/katolicka-gimnazija.hr\/wp-content\/uploads\/2017\/10\/DSC_3464.jpg'><img loading=\"lazy\" decoding=\"async\" width=\"300\" height=\"200\" src=\"https:\/\/katolicka-gimnazija.hr\/wp-content\/uploads\/2017\/10\/DSC_3464-300x200.jpg\" class=\"attachment-medium size-medium\" alt=\"\" srcset=\"https:\/\/katolicka-gimnazija.hr\/wp-content\/uploads\/2017\/10\/DSC_3464-300x200.jpg 300w, https:\/\/katolicka-gimnazija.hr\/wp-content\/uploads\/2017\/10\/DSC_3464-768x512.jpg 768w, https:\/\/katolicka-gimnazija.hr\/wp-content\/uploads\/2017\/10\/DSC_3464-1024x683.jpg 1024w, https:\/\/katolicka-gimnazija.hr\/wp-content\/uploads\/2017\/10\/DSC_3464-360x240.jpg 360w, https:\/\/katolicka-gimnazija.hr\/wp-content\/uploads\/2017\/10\/DSC_3464-750x500.jpg 750w, https:\/\/katolicka-gimnazija.hr\/wp-content\/uploads\/2017\/10\/DSC_3464-400x267.jpg 400w, https:\/\/katolicka-gimnazija.hr\/wp-content\/uploads\/2017\/10\/DSC_3464-430x287.jpg 430w, https:\/\/katolicka-gimnazija.hr\/wp-content\/uploads\/2017\/10\/DSC_3464-150x100.jpg 150w, https:\/\/katolicka-gimnazija.hr\/wp-content\/uploads\/2017\/10\/DSC_3464-100x67.jpg 100w, https:\/\/katolicka-gimnazija.hr\/wp-content\/uploads\/2017\/10\/DSC_3464.jpg 1800w\" sizes=\"auto, (max-width: 300px) 100vw, 300px\" \/><\/a>\n\t\t\t<\/div><\/figure><figure class='gallery-item'>\n\t\t\t<div class='gallery-icon portrait'>\n\t\t\t\t<a href='https:\/\/katolicka-gimnazija.hr\/wp-content\/uploads\/2017\/10\/DSC_3466-e1508851450586.jpg'><img loading=\"lazy\" decoding=\"async\" width=\"200\" height=\"300\" src=\"https:\/\/katolicka-gimnazija.hr\/wp-content\/uploads\/2017\/10\/DSC_3466-e1508851450586-200x300.jpg\" class=\"attachment-medium size-medium\" alt=\"\" srcset=\"https:\/\/katolicka-gimnazija.hr\/wp-content\/uploads\/2017\/10\/DSC_3466-e1508851450586-200x300.jpg 200w, https:\/\/katolicka-gimnazija.hr\/wp-content\/uploads\/2017\/10\/DSC_3466-e1508851450586-768x1152.jpg 768w, https:\/\/katolicka-gimnazija.hr\/wp-content\/uploads\/2017\/10\/DSC_3466-e1508851450586-683x1024.jpg 683w, https:\/\/katolicka-gimnazija.hr\/wp-content\/uploads\/2017\/10\/DSC_3466-e1508851450586-360x540.jpg 360w, https:\/\/katolicka-gimnazija.hr\/wp-content\/uploads\/2017\/10\/DSC_3466-e1508851450586-750x1125.jpg 750w, https:\/\/katolicka-gimnazija.hr\/wp-content\/uploads\/2017\/10\/DSC_3466-e1508851450586-400x600.jpg 400w, https:\/\/katolicka-gimnazija.hr\/wp-content\/uploads\/2017\/10\/DSC_3466-e1508851450586-430x645.jpg 430w, https:\/\/katolicka-gimnazija.hr\/wp-content\/uploads\/2017\/10\/DSC_3466-e1508851450586-150x225.jpg 150w, https:\/\/katolicka-gimnazija.hr\/wp-content\/uploads\/2017\/10\/DSC_3466-e1508851450586-100x150.jpg 100w, https:\/\/katolicka-gimnazija.hr\/wp-content\/uploads\/2017\/10\/DSC_3466-e1508851450586.jpg 1200w\" sizes=\"auto, (max-width: 200px) 100vw, 200px\" \/><\/a>\n\t\t\t<\/div><\/figure><figure class='gallery-item'>\n\t\t\t<div class='gallery-icon landscape'>\n\t\t\t\t<a href='https:\/\/katolicka-gimnazija.hr\/wp-content\/uploads\/2017\/10\/DSC_3472.jpg'><img loading=\"lazy\" decoding=\"async\" width=\"300\" height=\"200\" src=\"https:\/\/katolicka-gimnazija.hr\/wp-content\/uploads\/2017\/10\/DSC_3472-300x200.jpg\" class=\"attachment-medium size-medium\" alt=\"\" srcset=\"https:\/\/katolicka-gimnazija.hr\/wp-content\/uploads\/2017\/10\/DSC_3472-300x200.jpg 300w, https:\/\/katolicka-gimnazija.hr\/wp-content\/uploads\/2017\/10\/DSC_3472-768x512.jpg 768w, https:\/\/katolicka-gimnazija.hr\/wp-content\/uploads\/2017\/10\/DSC_3472-1024x683.jpg 1024w, https:\/\/katolicka-gimnazija.hr\/wp-content\/uploads\/2017\/10\/DSC_3472-360x240.jpg 360w, https:\/\/katolicka-gimnazija.hr\/wp-content\/uploads\/2017\/10\/DSC_3472-750x500.jpg 750w, https:\/\/katolicka-gimnazija.hr\/wp-content\/uploads\/2017\/10\/DSC_3472-400x267.jpg 400w, https:\/\/katolicka-gimnazija.hr\/wp-content\/uploads\/2017\/10\/DSC_3472-430x287.jpg 430w, https:\/\/katolicka-gimnazija.hr\/wp-content\/uploads\/2017\/10\/DSC_3472-150x100.jpg 150w, https:\/\/katolicka-gimnazija.hr\/wp-content\/uploads\/2017\/10\/DSC_3472-100x67.jpg 100w, https:\/\/katolicka-gimnazija.hr\/wp-content\/uploads\/2017\/10\/DSC_3472.jpg 1800w\" sizes=\"auto, (max-width: 300px) 100vw, 300px\" \/><\/a>\n\t\t\t<\/div><\/figure><figure class='gallery-item'>\n\t\t\t<div class='gallery-icon landscape'>\n\t\t\t\t<a href='https:\/\/katolicka-gimnazija.hr\/wp-content\/uploads\/2017\/10\/DSC_3473.jpg'><img loading=\"lazy\" decoding=\"async\" width=\"300\" height=\"200\" src=\"https:\/\/katolicka-gimnazija.hr\/wp-content\/uploads\/2017\/10\/DSC_3473-300x200.jpg\" class=\"attachment-medium size-medium\" alt=\"\" srcset=\"https:\/\/katolicka-gimnazija.hr\/wp-content\/uploads\/2017\/10\/DSC_3473-300x200.jpg 300w, https:\/\/katolicka-gimnazija.hr\/wp-content\/uploads\/2017\/10\/DSC_3473-768x512.jpg 768w, https:\/\/katolicka-gimnazija.hr\/wp-content\/uploads\/2017\/10\/DSC_3473-1024x683.jpg 1024w, https:\/\/katolicka-gimnazija.hr\/wp-content\/uploads\/2017\/10\/DSC_3473-360x240.jpg 360w, https:\/\/katolicka-gimnazija.hr\/wp-content\/uploads\/2017\/10\/DSC_3473-750x500.jpg 750w, https:\/\/katolicka-gimnazija.hr\/wp-content\/uploads\/2017\/10\/DSC_3473-400x267.jpg 400w, https:\/\/katolicka-gimnazija.hr\/wp-content\/uploads\/2017\/10\/DSC_3473-430x287.jpg 430w, https:\/\/katolicka-gimnazija.hr\/wp-content\/uploads\/2017\/10\/DSC_3473-150x100.jpg 150w, https:\/\/katolicka-gimnazija.hr\/wp-content\/uploads\/2017\/10\/DSC_3473-100x67.jpg 100w, https:\/\/katolicka-gimnazija.hr\/wp-content\/uploads\/2017\/10\/DSC_3473.jpg 1800w\" sizes=\"auto, (max-width: 300px) 100vw, 300px\" \/><\/a>\n\t\t\t<\/div><\/figure><figure class='gallery-item'>\n\t\t\t<div class='gallery-icon landscape'>\n\t\t\t\t<a href='https:\/\/katolicka-gimnazija.hr\/wp-content\/uploads\/2017\/10\/DSC_3475.jpg'><img loading=\"lazy\" decoding=\"async\" width=\"300\" height=\"200\" src=\"https:\/\/katolicka-gimnazija.hr\/wp-content\/uploads\/2017\/10\/DSC_3475-300x200.jpg\" class=\"attachment-medium size-medium\" alt=\"\" srcset=\"https:\/\/katolicka-gimnazija.hr\/wp-content\/uploads\/2017\/10\/DSC_3475-300x200.jpg 300w, https:\/\/katolicka-gimnazija.hr\/wp-content\/uploads\/2017\/10\/DSC_3475-768x512.jpg 768w, https:\/\/katolicka-gimnazija.hr\/wp-content\/uploads\/2017\/10\/DSC_3475-1024x683.jpg 1024w, https:\/\/katolicka-gimnazija.hr\/wp-content\/uploads\/2017\/10\/DSC_3475-360x240.jpg 360w, https:\/\/katolicka-gimnazija.hr\/wp-content\/uploads\/2017\/10\/DSC_3475-750x500.jpg 750w, https:\/\/katolicka-gimnazija.hr\/wp-content\/uploads\/2017\/10\/DSC_3475-400x267.jpg 400w, https:\/\/katolicka-gimnazija.hr\/wp-content\/uploads\/2017\/10\/DSC_3475-430x287.jpg 430w, https:\/\/katolicka-gimnazija.hr\/wp-content\/uploads\/2017\/10\/DSC_3475-150x100.jpg 150w, https:\/\/katolicka-gimnazija.hr\/wp-content\/uploads\/2017\/10\/DSC_3475-100x67.jpg 100w, https:\/\/katolicka-gimnazija.hr\/wp-content\/uploads\/2017\/10\/DSC_3475.jpg 1800w\" sizes=\"auto, (max-width: 300px) 100vw, 300px\" \/><\/a>\n\t\t\t<\/div><\/figure><figure class='gallery-item'>\n\t\t\t<div class='gallery-icon portrait'>\n\t\t\t\t<a href='https:\/\/katolicka-gimnazija.hr\/wp-content\/uploads\/2017\/10\/DSC_3481-e1508851420151.jpg'><img loading=\"lazy\" decoding=\"async\" width=\"200\" height=\"300\" src=\"https:\/\/katolicka-gimnazija.hr\/wp-content\/uploads\/2017\/10\/DSC_3481-e1508851420151-200x300.jpg\" class=\"attachment-medium size-medium\" alt=\"\" srcset=\"https:\/\/katolicka-gimnazija.hr\/wp-content\/uploads\/2017\/10\/DSC_3481-e1508851420151-200x300.jpg 200w, https:\/\/katolicka-gimnazija.hr\/wp-content\/uploads\/2017\/10\/DSC_3481-e1508851420151-768x1152.jpg 768w, https:\/\/katolicka-gimnazija.hr\/wp-content\/uploads\/2017\/10\/DSC_3481-e1508851420151-683x1024.jpg 683w, https:\/\/katolicka-gimnazija.hr\/wp-content\/uploads\/2017\/10\/DSC_3481-e1508851420151-360x540.jpg 360w, https:\/\/katolicka-gimnazija.hr\/wp-content\/uploads\/2017\/10\/DSC_3481-e1508851420151-750x1125.jpg 750w, https:\/\/katolicka-gimnazija.hr\/wp-content\/uploads\/2017\/10\/DSC_3481-e1508851420151-400x600.jpg 400w, https:\/\/katolicka-gimnazija.hr\/wp-content\/uploads\/2017\/10\/DSC_3481-e1508851420151-430x645.jpg 430w, https:\/\/katolicka-gimnazija.hr\/wp-content\/uploads\/2017\/10\/DSC_3481-e1508851420151-150x225.jpg 150w, https:\/\/katolicka-gimnazija.hr\/wp-content\/uploads\/2017\/10\/DSC_3481-e1508851420151-100x150.jpg 100w, https:\/\/katolicka-gimnazija.hr\/wp-content\/uploads\/2017\/10\/DSC_3481-e1508851420151.jpg 1200w\" sizes=\"auto, (max-width: 200px) 100vw, 200px\" \/><\/a>\n\t\t\t<\/div><\/figure><figure class='gallery-item'>\n\t\t\t<div class='gallery-icon landscape'>\n\t\t\t\t<a href='https:\/\/katolicka-gimnazija.hr\/wp-content\/uploads\/2017\/10\/DSC_3485.jpg'><img loading=\"lazy\" decoding=\"async\" width=\"300\" height=\"200\" src=\"https:\/\/katolicka-gimnazija.hr\/wp-content\/uploads\/2017\/10\/DSC_3485-300x200.jpg\" class=\"attachment-medium size-medium\" alt=\"\" srcset=\"https:\/\/katolicka-gimnazija.hr\/wp-content\/uploads\/2017\/10\/DSC_3485-300x200.jpg 300w, https:\/\/katolicka-gimnazija.hr\/wp-content\/uploads\/2017\/10\/DSC_3485-768x512.jpg 768w, https:\/\/katolicka-gimnazija.hr\/wp-content\/uploads\/2017\/10\/DSC_3485-1024x683.jpg 1024w, https:\/\/katolicka-gimnazija.hr\/wp-content\/uploads\/2017\/10\/DSC_3485-360x240.jpg 360w, https:\/\/katolicka-gimnazija.hr\/wp-content\/uploads\/2017\/10\/DSC_3485-750x500.jpg 750w, https:\/\/katolicka-gimnazija.hr\/wp-content\/uploads\/2017\/10\/DSC_3485-400x267.jpg 400w, https:\/\/katolicka-gimnazija.hr\/wp-content\/uploads\/2017\/10\/DSC_3485-430x287.jpg 430w, https:\/\/katolicka-gimnazija.hr\/wp-content\/uploads\/2017\/10\/DSC_3485-150x100.jpg 150w, https:\/\/katolicka-gimnazija.hr\/wp-content\/uploads\/2017\/10\/DSC_3485-100x67.jpg 100w, https:\/\/katolicka-gimnazija.hr\/wp-content\/uploads\/2017\/10\/DSC_3485.jpg 1800w\" sizes=\"auto, (max-width: 300px) 100vw, 300px\" \/><\/a>\n\t\t\t<\/div><\/figure><figure class='gallery-item'>\n\t\t\t<div class='gallery-icon landscape'>\n\t\t\t\t<a href='https:\/\/katolicka-gimnazija.hr\/wp-content\/uploads\/2017\/10\/DSC_3489.jpg'><img loading=\"lazy\" decoding=\"async\" width=\"300\" height=\"200\" src=\"https:\/\/katolicka-gimnazija.hr\/wp-content\/uploads\/2017\/10\/DSC_3489-300x200.jpg\" class=\"attachment-medium size-medium\" alt=\"\" srcset=\"https:\/\/katolicka-gimnazija.hr\/wp-content\/uploads\/2017\/10\/DSC_3489-300x200.jpg 300w, https:\/\/katolicka-gimnazija.hr\/wp-content\/uploads\/2017\/10\/DSC_3489-768x512.jpg 768w, https:\/\/katolicka-gimnazija.hr\/wp-content\/uploads\/2017\/10\/DSC_3489-1024x683.jpg 1024w, https:\/\/katolicka-gimnazija.hr\/wp-content\/uploads\/2017\/10\/DSC_3489-360x240.jpg 360w, https:\/\/katolicka-gimnazija.hr\/wp-content\/uploads\/2017\/10\/DSC_3489-750x500.jpg 750w, https:\/\/katolicka-gimnazija.hr\/wp-content\/uploads\/2017\/10\/DSC_3489-400x267.jpg 400w, https:\/\/katolicka-gimnazija.hr\/wp-content\/uploads\/2017\/10\/DSC_3489-430x287.jpg 430w, https:\/\/katolicka-gimnazija.hr\/wp-content\/uploads\/2017\/10\/DSC_3489-150x100.jpg 150w, https:\/\/katolicka-gimnazija.hr\/wp-content\/uploads\/2017\/10\/DSC_3489-100x67.jpg 100w, https:\/\/katolicka-gimnazija.hr\/wp-content\/uploads\/2017\/10\/DSC_3489.jpg 1800w\" sizes=\"auto, (max-width: 300px) 100vw, 300px\" \/><\/a>\n\t\t\t<\/div><\/figure><figure class='gallery-item'>\n\t\t\t<div class='gallery-icon landscape'>\n\t\t\t\t<a href='https:\/\/katolicka-gimnazija.hr\/wp-content\/uploads\/2017\/10\/DSC_3490.jpg'><img loading=\"lazy\" decoding=\"async\" width=\"300\" height=\"200\" src=\"https:\/\/katolicka-gimnazija.hr\/wp-content\/uploads\/2017\/10\/DSC_3490-300x200.jpg\" class=\"attachment-medium size-medium\" alt=\"\" srcset=\"https:\/\/katolicka-gimnazija.hr\/wp-content\/uploads\/2017\/10\/DSC_3490-300x200.jpg 300w, https:\/\/katolicka-gimnazija.hr\/wp-content\/uploads\/2017\/10\/DSC_3490-768x512.jpg 768w, https:\/\/katolicka-gimnazija.hr\/wp-content\/uploads\/2017\/10\/DSC_3490-1024x683.jpg 1024w, https:\/\/katolicka-gimnazija.hr\/wp-content\/uploads\/2017\/10\/DSC_3490-360x240.jpg 360w, https:\/\/katolicka-gimnazija.hr\/wp-content\/uploads\/2017\/10\/DSC_3490-750x500.jpg 750w, https:\/\/katolicka-gimnazija.hr\/wp-content\/uploads\/2017\/10\/DSC_3490-400x267.jpg 400w, https:\/\/katolicka-gimnazija.hr\/wp-content\/uploads\/2017\/10\/DSC_3490-430x287.jpg 430w, https:\/\/katolicka-gimnazija.hr\/wp-content\/uploads\/2017\/10\/DSC_3490-150x100.jpg 150w, https:\/\/katolicka-gimnazija.hr\/wp-content\/uploads\/2017\/10\/DSC_3490-100x67.jpg 100w, https:\/\/katolicka-gimnazija.hr\/wp-content\/uploads\/2017\/10\/DSC_3490.jpg 1800w\" sizes=\"auto, (max-width: 300px) 100vw, 300px\" \/><\/a>\n\t\t\t<\/div><\/figure><figure class='gallery-item'>\n\t\t\t<div class='gallery-icon landscape'>\n\t\t\t\t<a href='https:\/\/katolicka-gimnazija.hr\/wp-content\/uploads\/2017\/10\/DSC_3492.jpg'><img loading=\"lazy\" decoding=\"async\" width=\"300\" height=\"200\" src=\"https:\/\/katolicka-gimnazija.hr\/wp-content\/uploads\/2017\/10\/DSC_3492-300x200.jpg\" class=\"attachment-medium size-medium\" alt=\"\" srcset=\"https:\/\/katolicka-gimnazija.hr\/wp-content\/uploads\/2017\/10\/DSC_3492-300x200.jpg 300w, https:\/\/katolicka-gimnazija.hr\/wp-content\/uploads\/2017\/10\/DSC_3492-768x512.jpg 768w, https:\/\/katolicka-gimnazija.hr\/wp-content\/uploads\/2017\/10\/DSC_3492-1024x683.jpg 1024w, https:\/\/katolicka-gimnazija.hr\/wp-content\/uploads\/2017\/10\/DSC_3492-360x240.jpg 360w, https:\/\/katolicka-gimnazija.hr\/wp-content\/uploads\/2017\/10\/DSC_3492-750x500.jpg 750w, https:\/\/katolicka-gimnazija.hr\/wp-content\/uploads\/2017\/10\/DSC_3492-400x267.jpg 400w, https:\/\/katolicka-gimnazija.hr\/wp-content\/uploads\/2017\/10\/DSC_3492-430x287.jpg 430w, https:\/\/katolicka-gimnazija.hr\/wp-content\/uploads\/2017\/10\/DSC_3492-150x100.jpg 150w, https:\/\/katolicka-gimnazija.hr\/wp-content\/uploads\/2017\/10\/DSC_3492-100x67.jpg 100w, https:\/\/katolicka-gimnazija.hr\/wp-content\/uploads\/2017\/10\/DSC_3492.jpg 1800w\" sizes=\"auto, (max-width: 300px) 100vw, 300px\" \/><\/a>\n\t\t\t<\/div><\/figure><figure class='gallery-item'>\n\t\t\t<div class='gallery-icon landscape'>\n\t\t\t\t<a href='https:\/\/katolicka-gimnazija.hr\/wp-content\/uploads\/2017\/10\/DSC_3495.jpg'><img loading=\"lazy\" decoding=\"async\" width=\"300\" height=\"200\" src=\"https:\/\/katolicka-gimnazija.hr\/wp-content\/uploads\/2017\/10\/DSC_3495-300x200.jpg\" class=\"attachment-medium size-medium\" alt=\"\" srcset=\"https:\/\/katolicka-gimnazija.hr\/wp-content\/uploads\/2017\/10\/DSC_3495-300x200.jpg 300w, https:\/\/katolicka-gimnazija.hr\/wp-content\/uploads\/2017\/10\/DSC_3495-768x512.jpg 768w, https:\/\/katolicka-gimnazija.hr\/wp-content\/uploads\/2017\/10\/DSC_3495-1024x683.jpg 1024w, https:\/\/katolicka-gimnazija.hr\/wp-content\/uploads\/2017\/10\/DSC_3495-360x240.jpg 360w, https:\/\/katolicka-gimnazija.hr\/wp-content\/uploads\/2017\/10\/DSC_3495-750x500.jpg 750w, https:\/\/katolicka-gimnazija.hr\/wp-content\/uploads\/2017\/10\/DSC_3495-400x267.jpg 400w, https:\/\/katolicka-gimnazija.hr\/wp-content\/uploads\/2017\/10\/DSC_3495-430x287.jpg 430w, https:\/\/katolicka-gimnazija.hr\/wp-content\/uploads\/2017\/10\/DSC_3495-150x100.jpg 150w, https:\/\/katolicka-gimnazija.hr\/wp-content\/uploads\/2017\/10\/DSC_3495-100x67.jpg 100w, https:\/\/katolicka-gimnazija.hr\/wp-content\/uploads\/2017\/10\/DSC_3495.jpg 1800w\" sizes=\"auto, (max-width: 300px) 100vw, 300px\" \/><\/a>\n\t\t\t<\/div><\/figure><figure class='gallery-item'>\n\t\t\t<div class='gallery-icon landscape'>\n\t\t\t\t<a href='https:\/\/katolicka-gimnazija.hr\/wp-content\/uploads\/2017\/10\/DSC_3497.jpg'><img loading=\"lazy\" decoding=\"async\" width=\"300\" height=\"200\" src=\"https:\/\/katolicka-gimnazija.hr\/wp-content\/uploads\/2017\/10\/DSC_3497-300x200.jpg\" class=\"attachment-medium size-medium\" alt=\"\" srcset=\"https:\/\/katolicka-gimnazija.hr\/wp-content\/uploads\/2017\/10\/DSC_3497-300x200.jpg 300w, https:\/\/katolicka-gimnazija.hr\/wp-content\/uploads\/2017\/10\/DSC_3497-768x512.jpg 768w, https:\/\/katolicka-gimnazija.hr\/wp-content\/uploads\/2017\/10\/DSC_3497-1024x683.jpg 1024w, https:\/\/katolicka-gimnazija.hr\/wp-content\/uploads\/2017\/10\/DSC_3497-360x240.jpg 360w, https:\/\/katolicka-gimnazija.hr\/wp-content\/uploads\/2017\/10\/DSC_3497-750x500.jpg 750w, https:\/\/katolicka-gimnazija.hr\/wp-content\/uploads\/2017\/10\/DSC_3497-400x267.jpg 400w, https:\/\/katolicka-gimnazija.hr\/wp-content\/uploads\/2017\/10\/DSC_3497-430x287.jpg 430w, https:\/\/katolicka-gimnazija.hr\/wp-content\/uploads\/2017\/10\/DSC_3497-150x100.jpg 150w, https:\/\/katolicka-gimnazija.hr\/wp-content\/uploads\/2017\/10\/DSC_3497-100x67.jpg 100w, https:\/\/katolicka-gimnazija.hr\/wp-content\/uploads\/2017\/10\/DSC_3497.jpg 1800w\" sizes=\"auto, (max-width: 300px) 100vw, 300px\" \/><\/a>\n\t\t\t<\/div><\/figure><figure class='gallery-item'>\n\t\t\t<div class='gallery-icon landscape'>\n\t\t\t\t<a href='https:\/\/katolicka-gimnazija.hr\/wp-content\/uploads\/2017\/10\/DSC_3499.jpg'><img loading=\"lazy\" decoding=\"async\" width=\"300\" height=\"200\" src=\"https:\/\/katolicka-gimnazija.hr\/wp-content\/uploads\/2017\/10\/DSC_3499-300x200.jpg\" class=\"attachment-medium size-medium\" alt=\"\" srcset=\"https:\/\/katolicka-gimnazija.hr\/wp-content\/uploads\/2017\/10\/DSC_3499-300x200.jpg 300w, https:\/\/katolicka-gimnazija.hr\/wp-content\/uploads\/2017\/10\/DSC_3499-768x512.jpg 768w, https:\/\/katolicka-gimnazija.hr\/wp-content\/uploads\/2017\/10\/DSC_3499-1024x683.jpg 1024w, https:\/\/katolicka-gimnazija.hr\/wp-content\/uploads\/2017\/10\/DSC_3499-360x240.jpg 360w, https:\/\/katolicka-gimnazija.hr\/wp-content\/uploads\/2017\/10\/DSC_3499-750x500.jpg 750w, https:\/\/katolicka-gimnazija.hr\/wp-content\/uploads\/2017\/10\/DSC_3499-400x267.jpg 400w, https:\/\/katolicka-gimnazija.hr\/wp-content\/uploads\/2017\/10\/DSC_3499-430x287.jpg 430w, https:\/\/katolicka-gimnazija.hr\/wp-content\/uploads\/2017\/10\/DSC_3499-150x100.jpg 150w, https:\/\/katolicka-gimnazija.hr\/wp-content\/uploads\/2017\/10\/DSC_3499-100x67.jpg 100w, https:\/\/katolicka-gimnazija.hr\/wp-content\/uploads\/2017\/10\/DSC_3499.jpg 1800w\" sizes=\"auto, (max-width: 300px) 100vw, 300px\" \/><\/a>\n\t\t\t<\/div><\/figure><figure class='gallery-item'>\n\t\t\t<div class='gallery-icon landscape'>\n\t\t\t\t<a href='https:\/\/katolicka-gimnazija.hr\/wp-content\/uploads\/2017\/10\/DSC_3500.jpg'><img loading=\"lazy\" decoding=\"async\" width=\"300\" height=\"200\" src=\"https:\/\/katolicka-gimnazija.hr\/wp-content\/uploads\/2017\/10\/DSC_3500-300x200.jpg\" class=\"attachment-medium size-medium\" alt=\"\" srcset=\"https:\/\/katolicka-gimnazija.hr\/wp-content\/uploads\/2017\/10\/DSC_3500-300x200.jpg 300w, https:\/\/katolicka-gimnazija.hr\/wp-content\/uploads\/2017\/10\/DSC_3500-768x512.jpg 768w, https:\/\/katolicka-gimnazija.hr\/wp-content\/uploads\/2017\/10\/DSC_3500-1024x683.jpg 1024w, https:\/\/katolicka-gimnazija.hr\/wp-content\/uploads\/2017\/10\/DSC_3500-360x240.jpg 360w, https:\/\/katolicka-gimnazija.hr\/wp-content\/uploads\/2017\/10\/DSC_3500-750x500.jpg 750w, https:\/\/katolicka-gimnazija.hr\/wp-content\/uploads\/2017\/10\/DSC_3500-400x267.jpg 400w, https:\/\/katolicka-gimnazija.hr\/wp-content\/uploads\/2017\/10\/DSC_3500-430x287.jpg 430w, https:\/\/katolicka-gimnazija.hr\/wp-content\/uploads\/2017\/10\/DSC_3500-150x100.jpg 150w, https:\/\/katolicka-gimnazija.hr\/wp-content\/uploads\/2017\/10\/DSC_3500-100x67.jpg 100w, https:\/\/katolicka-gimnazija.hr\/wp-content\/uploads\/2017\/10\/DSC_3500.jpg 1800w\" sizes=\"auto, (max-width: 300px) 100vw, 300px\" \/><\/a>\n\t\t\t<\/div><\/figure><figure class='gallery-item'>\n\t\t\t<div class='gallery-icon landscape'>\n\t\t\t\t<a href='https:\/\/katolicka-gimnazija.hr\/wp-content\/uploads\/2017\/10\/DSC_3502.jpg'><img loading=\"lazy\" decoding=\"async\" width=\"300\" height=\"200\" src=\"https:\/\/katolicka-gimnazija.hr\/wp-content\/uploads\/2017\/10\/DSC_3502-300x200.jpg\" class=\"attachment-medium size-medium\" alt=\"\" srcset=\"https:\/\/katolicka-gimnazija.hr\/wp-content\/uploads\/2017\/10\/DSC_3502-300x200.jpg 300w, https:\/\/katolicka-gimnazija.hr\/wp-content\/uploads\/2017\/10\/DSC_3502-768x512.jpg 768w, https:\/\/katolicka-gimnazija.hr\/wp-content\/uploads\/2017\/10\/DSC_3502-1024x683.jpg 1024w, https:\/\/katolicka-gimnazija.hr\/wp-content\/uploads\/2017\/10\/DSC_3502-360x240.jpg 360w, https:\/\/katolicka-gimnazija.hr\/wp-content\/uploads\/2017\/10\/DSC_3502-750x500.jpg 750w, https:\/\/katolicka-gimnazija.hr\/wp-content\/uploads\/2017\/10\/DSC_3502-400x267.jpg 400w, https:\/\/katolicka-gimnazija.hr\/wp-content\/uploads\/2017\/10\/DSC_3502-430x287.jpg 430w, https:\/\/katolicka-gimnazija.hr\/wp-content\/uploads\/2017\/10\/DSC_3502-150x100.jpg 150w, https:\/\/katolicka-gimnazija.hr\/wp-content\/uploads\/2017\/10\/DSC_3502-100x67.jpg 100w, https:\/\/katolicka-gimnazija.hr\/wp-content\/uploads\/2017\/10\/DSC_3502.jpg 1800w\" sizes=\"auto, (max-width: 300px) 100vw, 300px\" \/><\/a>\n\t\t\t<\/div><\/figure><figure class='gallery-item'>\n\t\t\t<div class='gallery-icon landscape'>\n\t\t\t\t<a href='https:\/\/katolicka-gimnazija.hr\/wp-content\/uploads\/2017\/10\/DSC_3510.jpg'><img loading=\"lazy\" decoding=\"async\" width=\"300\" height=\"200\" src=\"https:\/\/katolicka-gimnazija.hr\/wp-content\/uploads\/2017\/10\/DSC_3510-300x200.jpg\" class=\"attachment-medium size-medium\" alt=\"\" srcset=\"https:\/\/katolicka-gimnazija.hr\/wp-content\/uploads\/2017\/10\/DSC_3510-300x200.jpg 300w, https:\/\/katolicka-gimnazija.hr\/wp-content\/uploads\/2017\/10\/DSC_3510-768x512.jpg 768w, https:\/\/katolicka-gimnazija.hr\/wp-content\/uploads\/2017\/10\/DSC_3510-1024x683.jpg 1024w, https:\/\/katolicka-gimnazija.hr\/wp-content\/uploads\/2017\/10\/DSC_3510-360x240.jpg 360w, https:\/\/katolicka-gimnazija.hr\/wp-content\/uploads\/2017\/10\/DSC_3510-750x500.jpg 750w, https:\/\/katolicka-gimnazija.hr\/wp-content\/uploads\/2017\/10\/DSC_3510-400x267.jpg 400w, https:\/\/katolicka-gimnazija.hr\/wp-content\/uploads\/2017\/10\/DSC_3510-430x287.jpg 430w, https:\/\/katolicka-gimnazija.hr\/wp-content\/uploads\/2017\/10\/DSC_3510-150x100.jpg 150w, https:\/\/katolicka-gimnazija.hr\/wp-content\/uploads\/2017\/10\/DSC_3510-100x67.jpg 100w, https:\/\/katolicka-gimnazija.hr\/wp-content\/uploads\/2017\/10\/DSC_3510.jpg 1800w\" sizes=\"auto, (max-width: 300px) 100vw, 300px\" \/><\/a>\n\t\t\t<\/div><\/figure><figure class='gallery-item'>\n\t\t\t<div class='gallery-icon landscape'>\n\t\t\t\t<a href='https:\/\/katolicka-gimnazija.hr\/wp-content\/uploads\/2017\/10\/DSC_3512.jpg'><img loading=\"lazy\" decoding=\"async\" width=\"300\" height=\"200\" src=\"https:\/\/katolicka-gimnazija.hr\/wp-content\/uploads\/2017\/10\/DSC_3512-300x200.jpg\" class=\"attachment-medium size-medium\" alt=\"\" srcset=\"https:\/\/katolicka-gimnazija.hr\/wp-content\/uploads\/2017\/10\/DSC_3512-300x200.jpg 300w, https:\/\/katolicka-gimnazija.hr\/wp-content\/uploads\/2017\/10\/DSC_3512-768x512.jpg 768w, https:\/\/katolicka-gimnazija.hr\/wp-content\/uploads\/2017\/10\/DSC_3512-1024x683.jpg 1024w, https:\/\/katolicka-gimnazija.hr\/wp-content\/uploads\/2017\/10\/DSC_3512-360x240.jpg 360w, https:\/\/katolicka-gimnazija.hr\/wp-content\/uploads\/2017\/10\/DSC_3512-750x500.jpg 750w, https:\/\/katolicka-gimnazija.hr\/wp-content\/uploads\/2017\/10\/DSC_3512-400x267.jpg 400w, https:\/\/katolicka-gimnazija.hr\/wp-content\/uploads\/2017\/10\/DSC_3512-430x287.jpg 430w, https:\/\/katolicka-gimnazija.hr\/wp-content\/uploads\/2017\/10\/DSC_3512-150x100.jpg 150w, https:\/\/katolicka-gimnazija.hr\/wp-content\/uploads\/2017\/10\/DSC_3512-100x67.jpg 100w, https:\/\/katolicka-gimnazija.hr\/wp-content\/uploads\/2017\/10\/DSC_3512.jpg 1800w\" sizes=\"auto, (max-width: 300px) 100vw, 300px\" \/><\/a>\n\t\t\t<\/div><\/figure><figure class='gallery-item'>\n\t\t\t<div class='gallery-icon landscape'>\n\t\t\t\t<a href='https:\/\/katolicka-gimnazija.hr\/wp-content\/uploads\/2017\/10\/DSC_3518.jpg'><img loading=\"lazy\" decoding=\"async\" width=\"300\" height=\"200\" src=\"https:\/\/katolicka-gimnazija.hr\/wp-content\/uploads\/2017\/10\/DSC_3518-300x200.jpg\" class=\"attachment-medium size-medium\" alt=\"\" srcset=\"https:\/\/katolicka-gimnazija.hr\/wp-content\/uploads\/2017\/10\/DSC_3518-300x200.jpg 300w, https:\/\/katolicka-gimnazija.hr\/wp-content\/uploads\/2017\/10\/DSC_3518-768x512.jpg 768w, https:\/\/katolicka-gimnazija.hr\/wp-content\/uploads\/2017\/10\/DSC_3518-1024x683.jpg 1024w, https:\/\/katolicka-gimnazija.hr\/wp-content\/uploads\/2017\/10\/DSC_3518-360x240.jpg 360w, https:\/\/katolicka-gimnazija.hr\/wp-content\/uploads\/2017\/10\/DSC_3518-750x500.jpg 750w, https:\/\/katolicka-gimnazija.hr\/wp-content\/uploads\/2017\/10\/DSC_3518-400x267.jpg 400w, https:\/\/katolicka-gimnazija.hr\/wp-content\/uploads\/2017\/10\/DSC_3518-430x287.jpg 430w, https:\/\/katolicka-gimnazija.hr\/wp-content\/uploads\/2017\/10\/DSC_3518-150x100.jpg 150w, https:\/\/katolicka-gimnazija.hr\/wp-content\/uploads\/2017\/10\/DSC_3518-100x67.jpg 100w, https:\/\/katolicka-gimnazija.hr\/wp-content\/uploads\/2017\/10\/DSC_3518.jpg 1800w\" sizes=\"auto, (max-width: 300px) 100vw, 300px\" \/><\/a>\n\t\t\t<\/div><\/figure><figure class='gallery-item'>\n\t\t\t<div class='gallery-icon landscape'>\n\t\t\t\t<a href='https:\/\/katolicka-gimnazija.hr\/wp-content\/uploads\/2017\/10\/DSC_3522.jpg'><img loading=\"lazy\" decoding=\"async\" width=\"300\" height=\"200\" src=\"https:\/\/katolicka-gimnazija.hr\/wp-content\/uploads\/2017\/10\/DSC_3522-300x200.jpg\" class=\"attachment-medium size-medium\" alt=\"\" srcset=\"https:\/\/katolicka-gimnazija.hr\/wp-content\/uploads\/2017\/10\/DSC_3522-300x200.jpg 300w, https:\/\/katolicka-gimnazija.hr\/wp-content\/uploads\/2017\/10\/DSC_3522-768x512.jpg 768w, https:\/\/katolicka-gimnazija.hr\/wp-content\/uploads\/2017\/10\/DSC_3522-1024x683.jpg 1024w, https:\/\/katolicka-gimnazija.hr\/wp-content\/uploads\/2017\/10\/DSC_3522-360x240.jpg 360w, https:\/\/katolicka-gimnazija.hr\/wp-content\/uploads\/2017\/10\/DSC_3522-750x500.jpg 750w, https:\/\/katolicka-gimnazija.hr\/wp-content\/uploads\/2017\/10\/DSC_3522-400x267.jpg 400w, https:\/\/katolicka-gimnazija.hr\/wp-content\/uploads\/2017\/10\/DSC_3522-430x287.jpg 430w, https:\/\/katolicka-gimnazija.hr\/wp-content\/uploads\/2017\/10\/DSC_3522-150x100.jpg 150w, https:\/\/katolicka-gimnazija.hr\/wp-content\/uploads\/2017\/10\/DSC_3522-100x67.jpg 100w, https:\/\/katolicka-gimnazija.hr\/wp-content\/uploads\/2017\/10\/DSC_3522.jpg 1800w\" sizes=\"auto, (max-width: 300px) 100vw, 300px\" \/><\/a>\n\t\t\t<\/div><\/figure><figure class='gallery-item'>\n\t\t\t<div class='gallery-icon landscape'>\n\t\t\t\t<a href='https:\/\/katolicka-gimnazija.hr\/wp-content\/uploads\/2017\/10\/DSC_3525.jpg'><img loading=\"lazy\" decoding=\"async\" width=\"300\" height=\"200\" src=\"https:\/\/katolicka-gimnazija.hr\/wp-content\/uploads\/2017\/10\/DSC_3525-300x200.jpg\" class=\"attachment-medium size-medium\" alt=\"\" srcset=\"https:\/\/katolicka-gimnazija.hr\/wp-content\/uploads\/2017\/10\/DSC_3525-300x200.jpg 300w, https:\/\/katolicka-gimnazija.hr\/wp-content\/uploads\/2017\/10\/DSC_3525-768x512.jpg 768w, https:\/\/katolicka-gimnazija.hr\/wp-content\/uploads\/2017\/10\/DSC_3525-1024x683.jpg 1024w, https:\/\/katolicka-gimnazija.hr\/wp-content\/uploads\/2017\/10\/DSC_3525-360x240.jpg 360w, https:\/\/katolicka-gimnazija.hr\/wp-content\/uploads\/2017\/10\/DSC_3525-750x500.jpg 750w, https:\/\/katolicka-gimnazija.hr\/wp-content\/uploads\/2017\/10\/DSC_3525-400x267.jpg 400w, https:\/\/katolicka-gimnazija.hr\/wp-content\/uploads\/2017\/10\/DSC_3525-430x287.jpg 430w, https:\/\/katolicka-gimnazija.hr\/wp-content\/uploads\/2017\/10\/DSC_3525-150x100.jpg 150w, https:\/\/katolicka-gimnazija.hr\/wp-content\/uploads\/2017\/10\/DSC_3525-100x67.jpg 100w, https:\/\/katolicka-gimnazija.hr\/wp-content\/uploads\/2017\/10\/DSC_3525.jpg 1800w\" sizes=\"auto, (max-width: 300px) 100vw, 300px\" \/><\/a>\n\t\t\t<\/div><\/figure><figure class='gallery-item'>\n\t\t\t<div class='gallery-icon landscape'>\n\t\t\t\t<a href='https:\/\/katolicka-gimnazija.hr\/wp-content\/uploads\/2017\/10\/DSC_3528.jpg'><img loading=\"lazy\" decoding=\"async\" width=\"300\" height=\"200\" src=\"https:\/\/katolicka-gimnazija.hr\/wp-content\/uploads\/2017\/10\/DSC_3528-300x200.jpg\" class=\"attachment-medium size-medium\" alt=\"\" srcset=\"https:\/\/katolicka-gimnazija.hr\/wp-content\/uploads\/2017\/10\/DSC_3528-300x200.jpg 300w, https:\/\/katolicka-gimnazija.hr\/wp-content\/uploads\/2017\/10\/DSC_3528-768x512.jpg 768w, https:\/\/katolicka-gimnazija.hr\/wp-content\/uploads\/2017\/10\/DSC_3528-1024x683.jpg 1024w, https:\/\/katolicka-gimnazija.hr\/wp-content\/uploads\/2017\/10\/DSC_3528-360x240.jpg 360w, https:\/\/katolicka-gimnazija.hr\/wp-content\/uploads\/2017\/10\/DSC_3528-750x500.jpg 750w, https:\/\/katolicka-gimnazija.hr\/wp-content\/uploads\/2017\/10\/DSC_3528-400x267.jpg 400w, https:\/\/katolicka-gimnazija.hr\/wp-content\/uploads\/2017\/10\/DSC_3528-430x287.jpg 430w, https:\/\/katolicka-gimnazija.hr\/wp-content\/uploads\/2017\/10\/DSC_3528-150x100.jpg 150w, https:\/\/katolicka-gimnazija.hr\/wp-content\/uploads\/2017\/10\/DSC_3528-100x67.jpg 100w, https:\/\/katolicka-gimnazija.hr\/wp-content\/uploads\/2017\/10\/DSC_3528.jpg 1800w\" sizes=\"auto, (max-width: 300px) 100vw, 300px\" \/><\/a>\n\t\t\t<\/div><\/figure><figure class='gallery-item'>\n\t\t\t<div class='gallery-icon landscape'>\n\t\t\t\t<a href='https:\/\/katolicka-gimnazija.hr\/wp-content\/uploads\/2017\/10\/DSC_3531.jpg'><img loading=\"lazy\" decoding=\"async\" width=\"300\" height=\"200\" src=\"https:\/\/katolicka-gimnazija.hr\/wp-content\/uploads\/2017\/10\/DSC_3531-300x200.jpg\" class=\"attachment-medium size-medium\" alt=\"\" srcset=\"https:\/\/katolicka-gimnazija.hr\/wp-content\/uploads\/2017\/10\/DSC_3531-300x200.jpg 300w, https:\/\/katolicka-gimnazija.hr\/wp-content\/uploads\/2017\/10\/DSC_3531-768x512.jpg 768w, https:\/\/katolicka-gimnazija.hr\/wp-content\/uploads\/2017\/10\/DSC_3531-1024x683.jpg 1024w, https:\/\/katolicka-gimnazija.hr\/wp-content\/uploads\/2017\/10\/DSC_3531-360x240.jpg 360w, https:\/\/katolicka-gimnazija.hr\/wp-content\/uploads\/2017\/10\/DSC_3531-750x500.jpg 750w, https:\/\/katolicka-gimnazija.hr\/wp-content\/uploads\/2017\/10\/DSC_3531-400x267.jpg 400w, https:\/\/katolicka-gimnazija.hr\/wp-content\/uploads\/2017\/10\/DSC_3531-430x287.jpg 430w, https:\/\/katolicka-gimnazija.hr\/wp-content\/uploads\/2017\/10\/DSC_3531-150x100.jpg 150w, https:\/\/katolicka-gimnazija.hr\/wp-content\/uploads\/2017\/10\/DSC_3531-100x67.jpg 100w, https:\/\/katolicka-gimnazija.hr\/wp-content\/uploads\/2017\/10\/DSC_3531.jpg 1800w\" sizes=\"auto, (max-width: 300px) 100vw, 300px\" \/><\/a>\n\t\t\t<\/div><\/figure><figure class='gallery-item'>\n\t\t\t<div class='gallery-icon landscape'>\n\t\t\t\t<a href='https:\/\/katolicka-gimnazija.hr\/wp-content\/uploads\/2017\/10\/DSC_3534.jpg'><img loading=\"lazy\" decoding=\"async\" width=\"300\" height=\"200\" src=\"https:\/\/katolicka-gimnazija.hr\/wp-content\/uploads\/2017\/10\/DSC_3534-300x200.jpg\" class=\"attachment-medium size-medium\" alt=\"\" srcset=\"https:\/\/katolicka-gimnazija.hr\/wp-content\/uploads\/2017\/10\/DSC_3534-300x200.jpg 300w, https:\/\/katolicka-gimnazija.hr\/wp-content\/uploads\/2017\/10\/DSC_3534-768x512.jpg 768w, https:\/\/katolicka-gimnazija.hr\/wp-content\/uploads\/2017\/10\/DSC_3534-1024x683.jpg 1024w, https:\/\/katolicka-gimnazija.hr\/wp-content\/uploads\/2017\/10\/DSC_3534-360x240.jpg 360w, https:\/\/katolicka-gimnazija.hr\/wp-content\/uploads\/2017\/10\/DSC_3534-750x500.jpg 750w, https:\/\/katolicka-gimnazija.hr\/wp-content\/uploads\/2017\/10\/DSC_3534-400x267.jpg 400w, https:\/\/katolicka-gimnazija.hr\/wp-content\/uploads\/2017\/10\/DSC_3534-430x287.jpg 430w, https:\/\/katolicka-gimnazija.hr\/wp-content\/uploads\/2017\/10\/DSC_3534-150x100.jpg 150w, https:\/\/katolicka-gimnazija.hr\/wp-content\/uploads\/2017\/10\/DSC_3534-100x67.jpg 100w, https:\/\/katolicka-gimnazija.hr\/wp-content\/uploads\/2017\/10\/DSC_3534.jpg 1800w\" sizes=\"auto, (max-width: 300px) 100vw, 300px\" \/><\/a>\n\t\t\t<\/div><\/figure><figure class='gallery-item'>\n\t\t\t<div class='gallery-icon landscape'>\n\t\t\t\t<a href='https:\/\/katolicka-gimnazija.hr\/wp-content\/uploads\/2017\/10\/DSC_3536.jpg'><img loading=\"lazy\" decoding=\"async\" width=\"300\" height=\"200\" src=\"https:\/\/katolicka-gimnazija.hr\/wp-content\/uploads\/2017\/10\/DSC_3536-300x200.jpg\" class=\"attachment-medium size-medium\" alt=\"\" srcset=\"https:\/\/katolicka-gimnazija.hr\/wp-content\/uploads\/2017\/10\/DSC_3536-300x200.jpg 300w, https:\/\/katolicka-gimnazija.hr\/wp-content\/uploads\/2017\/10\/DSC_3536-768x512.jpg 768w, https:\/\/katolicka-gimnazija.hr\/wp-content\/uploads\/2017\/10\/DSC_3536-1024x683.jpg 1024w, https:\/\/katolicka-gimnazija.hr\/wp-content\/uploads\/2017\/10\/DSC_3536-360x240.jpg 360w, https:\/\/katolicka-gimnazija.hr\/wp-content\/uploads\/2017\/10\/DSC_3536-750x500.jpg 750w, https:\/\/katolicka-gimnazija.hr\/wp-content\/uploads\/2017\/10\/DSC_3536-400x267.jpg 400w, https:\/\/katolicka-gimnazija.hr\/wp-content\/uploads\/2017\/10\/DSC_3536-430x287.jpg 430w, https:\/\/katolicka-gimnazija.hr\/wp-content\/uploads\/2017\/10\/DSC_3536-150x100.jpg 150w, https:\/\/katolicka-gimnazija.hr\/wp-content\/uploads\/2017\/10\/DSC_3536-100x67.jpg 100w, https:\/\/katolicka-gimnazija.hr\/wp-content\/uploads\/2017\/10\/DSC_3536.jpg 1800w\" sizes=\"auto, (max-width: 300px) 100vw, 300px\" \/><\/a>\n\t\t\t<\/div><\/figure><figure class='gallery-item'>\n\t\t\t<div class='gallery-icon landscape'>\n\t\t\t\t<a href='https:\/\/katolicka-gimnazija.hr\/wp-content\/uploads\/2017\/10\/DSC_3541.jpg'><img loading=\"lazy\" decoding=\"async\" width=\"300\" height=\"200\" src=\"https:\/\/katolicka-gimnazija.hr\/wp-content\/uploads\/2017\/10\/DSC_3541-300x200.jpg\" class=\"attachment-medium size-medium\" alt=\"\" srcset=\"https:\/\/katolicka-gimnazija.hr\/wp-content\/uploads\/2017\/10\/DSC_3541-300x200.jpg 300w, https:\/\/katolicka-gimnazija.hr\/wp-content\/uploads\/2017\/10\/DSC_3541-768x512.jpg 768w, https:\/\/katolicka-gimnazija.hr\/wp-content\/uploads\/2017\/10\/DSC_3541-1024x683.jpg 1024w, https:\/\/katolicka-gimnazija.hr\/wp-content\/uploads\/2017\/10\/DSC_3541-360x240.jpg 360w, https:\/\/katolicka-gimnazija.hr\/wp-content\/uploads\/2017\/10\/DSC_3541-750x500.jpg 750w, https:\/\/katolicka-gimnazija.hr\/wp-content\/uploads\/2017\/10\/DSC_3541-400x267.jpg 400w, https:\/\/katolicka-gimnazija.hr\/wp-content\/uploads\/2017\/10\/DSC_3541-430x287.jpg 430w, https:\/\/katolicka-gimnazija.hr\/wp-content\/uploads\/2017\/10\/DSC_3541-150x100.jpg 150w, https:\/\/katolicka-gimnazija.hr\/wp-content\/uploads\/2017\/10\/DSC_3541-100x67.jpg 100w, https:\/\/katolicka-gimnazija.hr\/wp-content\/uploads\/2017\/10\/DSC_3541.jpg 1800w\" sizes=\"auto, (max-width: 300px) 100vw, 300px\" \/><\/a>\n\t\t\t<\/div><\/figure><figure class='gallery-item'>\n\t\t\t<div class='gallery-icon landscape'>\n\t\t\t\t<a href='https:\/\/katolicka-gimnazija.hr\/wp-content\/uploads\/2017\/10\/DSC_3546.jpg'><img loading=\"lazy\" decoding=\"async\" width=\"300\" height=\"200\" src=\"https:\/\/katolicka-gimnazija.hr\/wp-content\/uploads\/2017\/10\/DSC_3546-300x200.jpg\" class=\"attachment-medium size-medium\" alt=\"\" srcset=\"https:\/\/katolicka-gimnazija.hr\/wp-content\/uploads\/2017\/10\/DSC_3546-300x200.jpg 300w, https:\/\/katolicka-gimnazija.hr\/wp-content\/uploads\/2017\/10\/DSC_3546-768x512.jpg 768w, https:\/\/katolicka-gimnazija.hr\/wp-content\/uploads\/2017\/10\/DSC_3546-1024x683.jpg 1024w, https:\/\/katolicka-gimnazija.hr\/wp-content\/uploads\/2017\/10\/DSC_3546-360x240.jpg 360w, https:\/\/katolicka-gimnazija.hr\/wp-content\/uploads\/2017\/10\/DSC_3546-750x500.jpg 750w, https:\/\/katolicka-gimnazija.hr\/wp-content\/uploads\/2017\/10\/DSC_3546-400x267.jpg 400w, https:\/\/katolicka-gimnazija.hr\/wp-content\/uploads\/2017\/10\/DSC_3546-430x287.jpg 430w, https:\/\/katolicka-gimnazija.hr\/wp-content\/uploads\/2017\/10\/DSC_3546-150x100.jpg 150w, https:\/\/katolicka-gimnazija.hr\/wp-content\/uploads\/2017\/10\/DSC_3546-100x67.jpg 100w, https:\/\/katolicka-gimnazija.hr\/wp-content\/uploads\/2017\/10\/DSC_3546.jpg 1800w\" sizes=\"auto, (max-width: 300px) 100vw, 300px\" \/><\/a>\n\t\t\t<\/div><\/figure><figure class='gallery-item'>\n\t\t\t<div class='gallery-icon landscape'>\n\t\t\t\t<a href='https:\/\/katolicka-gimnazija.hr\/wp-content\/uploads\/2017\/10\/DSC_3548.jpg'><img loading=\"lazy\" decoding=\"async\" width=\"300\" height=\"200\" src=\"https:\/\/katolicka-gimnazija.hr\/wp-content\/uploads\/2017\/10\/DSC_3548-300x200.jpg\" class=\"attachment-medium size-medium\" alt=\"\" srcset=\"https:\/\/katolicka-gimnazija.hr\/wp-content\/uploads\/2017\/10\/DSC_3548-300x200.jpg 300w, https:\/\/katolicka-gimnazija.hr\/wp-content\/uploads\/2017\/10\/DSC_3548-768x512.jpg 768w, https:\/\/katolicka-gimnazija.hr\/wp-content\/uploads\/2017\/10\/DSC_3548-1024x683.jpg 1024w, https:\/\/katolicka-gimnazija.hr\/wp-content\/uploads\/2017\/10\/DSC_3548-360x240.jpg 360w, https:\/\/katolicka-gimnazija.hr\/wp-content\/uploads\/2017\/10\/DSC_3548-750x500.jpg 750w, https:\/\/katolicka-gimnazija.hr\/wp-content\/uploads\/2017\/10\/DSC_3548-400x267.jpg 400w, https:\/\/katolicka-gimnazija.hr\/wp-content\/uploads\/2017\/10\/DSC_3548-430x287.jpg 430w, https:\/\/katolicka-gimnazija.hr\/wp-content\/uploads\/2017\/10\/DSC_3548-150x100.jpg 150w, https:\/\/katolicka-gimnazija.hr\/wp-content\/uploads\/2017\/10\/DSC_3548-100x67.jpg 100w, https:\/\/katolicka-gimnazija.hr\/wp-content\/uploads\/2017\/10\/DSC_3548.jpg 1800w\" sizes=\"auto, (max-width: 300px) 100vw, 300px\" \/><\/a>\n\t\t\t<\/div><\/figure><figure class='gallery-item'>\n\t\t\t<div class='gallery-icon landscape'>\n\t\t\t\t<a href='https:\/\/katolicka-gimnazija.hr\/wp-content\/uploads\/2017\/10\/DSC_3549.jpg'><img loading=\"lazy\" decoding=\"async\" width=\"300\" height=\"200\" src=\"https:\/\/katolicka-gimnazija.hr\/wp-content\/uploads\/2017\/10\/DSC_3549-300x200.jpg\" class=\"attachment-medium size-medium\" alt=\"\" srcset=\"https:\/\/katolicka-gimnazija.hr\/wp-content\/uploads\/2017\/10\/DSC_3549-300x200.jpg 300w, https:\/\/katolicka-gimnazija.hr\/wp-content\/uploads\/2017\/10\/DSC_3549-768x512.jpg 768w, https:\/\/katolicka-gimnazija.hr\/wp-content\/uploads\/2017\/10\/DSC_3549-1024x683.jpg 1024w, https:\/\/katolicka-gimnazija.hr\/wp-content\/uploads\/2017\/10\/DSC_3549-360x240.jpg 360w, https:\/\/katolicka-gimnazija.hr\/wp-content\/uploads\/2017\/10\/DSC_3549-750x500.jpg 750w, https:\/\/katolicka-gimnazija.hr\/wp-content\/uploads\/2017\/10\/DSC_3549-400x267.jpg 400w, https:\/\/katolicka-gimnazija.hr\/wp-content\/uploads\/2017\/10\/DSC_3549-430x287.jpg 430w, https:\/\/katolicka-gimnazija.hr\/wp-content\/uploads\/2017\/10\/DSC_3549-150x100.jpg 150w, https:\/\/katolicka-gimnazija.hr\/wp-content\/uploads\/2017\/10\/DSC_3549-100x67.jpg 100w, https:\/\/katolicka-gimnazija.hr\/wp-content\/uploads\/2017\/10\/DSC_3549.jpg 1800w\" sizes=\"auto, (max-width: 300px) 100vw, 300px\" \/><\/a>\n\t\t\t<\/div><\/figure><figure class='gallery-item'>\n\t\t\t<div class='gallery-icon landscape'>\n\t\t\t\t<a href='https:\/\/katolicka-gimnazija.hr\/wp-content\/uploads\/2017\/10\/DSC_3552.jpg'><img loading=\"lazy\" decoding=\"async\" width=\"300\" height=\"200\" src=\"https:\/\/katolicka-gimnazija.hr\/wp-content\/uploads\/2017\/10\/DSC_3552-300x200.jpg\" class=\"attachment-medium size-medium\" alt=\"\" srcset=\"https:\/\/katolicka-gimnazija.hr\/wp-content\/uploads\/2017\/10\/DSC_3552-300x200.jpg 300w, https:\/\/katolicka-gimnazija.hr\/wp-content\/uploads\/2017\/10\/DSC_3552-768x512.jpg 768w, https:\/\/katolicka-gimnazija.hr\/wp-content\/uploads\/2017\/10\/DSC_3552-1024x683.jpg 1024w, https:\/\/katolicka-gimnazija.hr\/wp-content\/uploads\/2017\/10\/DSC_3552-360x240.jpg 360w, https:\/\/katolicka-gimnazija.hr\/wp-content\/uploads\/2017\/10\/DSC_3552-750x500.jpg 750w, https:\/\/katolicka-gimnazija.hr\/wp-content\/uploads\/2017\/10\/DSC_3552-400x267.jpg 400w, https:\/\/katolicka-gimnazija.hr\/wp-content\/uploads\/2017\/10\/DSC_3552-430x287.jpg 430w, https:\/\/katolicka-gimnazija.hr\/wp-content\/uploads\/2017\/10\/DSC_3552-150x100.jpg 150w, https:\/\/katolicka-gimnazija.hr\/wp-content\/uploads\/2017\/10\/DSC_3552-100x67.jpg 100w, https:\/\/katolicka-gimnazija.hr\/wp-content\/uploads\/2017\/10\/DSC_3552.jpg 1800w\" sizes=\"auto, (max-width: 300px) 100vw, 300px\" \/><\/a>\n\t\t\t<\/div><\/figure><figure class='gallery-item'>\n\t\t\t<div class='gallery-icon landscape'>\n\t\t\t\t<a href='https:\/\/katolicka-gimnazija.hr\/wp-content\/uploads\/2017\/10\/DSC_3555.jpg'><img loading=\"lazy\" decoding=\"async\" width=\"300\" height=\"200\" src=\"https:\/\/katolicka-gimnazija.hr\/wp-content\/uploads\/2017\/10\/DSC_3555-300x200.jpg\" class=\"attachment-medium size-medium\" alt=\"\" srcset=\"https:\/\/katolicka-gimnazija.hr\/wp-content\/uploads\/2017\/10\/DSC_3555-300x200.jpg 300w, https:\/\/katolicka-gimnazija.hr\/wp-content\/uploads\/2017\/10\/DSC_3555-768x512.jpg 768w, https:\/\/katolicka-gimnazija.hr\/wp-content\/uploads\/2017\/10\/DSC_3555-1024x683.jpg 1024w, https:\/\/katolicka-gimnazija.hr\/wp-content\/uploads\/2017\/10\/DSC_3555-360x240.jpg 360w, https:\/\/katolicka-gimnazija.hr\/wp-content\/uploads\/2017\/10\/DSC_3555-750x500.jpg 750w, https:\/\/katolicka-gimnazija.hr\/wp-content\/uploads\/2017\/10\/DSC_3555-400x267.jpg 400w, https:\/\/katolicka-gimnazija.hr\/wp-content\/uploads\/2017\/10\/DSC_3555-430x287.jpg 430w, https:\/\/katolicka-gimnazija.hr\/wp-content\/uploads\/2017\/10\/DSC_3555-150x100.jpg 150w, https:\/\/katolicka-gimnazija.hr\/wp-content\/uploads\/2017\/10\/DSC_3555-100x67.jpg 100w, https:\/\/katolicka-gimnazija.hr\/wp-content\/uploads\/2017\/10\/DSC_3555.jpg 1800w\" sizes=\"auto, (max-width: 300px) 100vw, 300px\" \/><\/a>\n\t\t\t<\/div><\/figure><figure class='gallery-item'>\n\t\t\t<div class='gallery-icon landscape'>\n\t\t\t\t<a href='https:\/\/katolicka-gimnazija.hr\/wp-content\/uploads\/2017\/10\/DSC_3557.jpg'><img loading=\"lazy\" decoding=\"async\" width=\"300\" height=\"200\" src=\"https:\/\/katolicka-gimnazija.hr\/wp-content\/uploads\/2017\/10\/DSC_3557-300x200.jpg\" class=\"attachment-medium size-medium\" alt=\"\" srcset=\"https:\/\/katolicka-gimnazija.hr\/wp-content\/uploads\/2017\/10\/DSC_3557-300x200.jpg 300w, https:\/\/katolicka-gimnazija.hr\/wp-content\/uploads\/2017\/10\/DSC_3557-768x512.jpg 768w, https:\/\/katolicka-gimnazija.hr\/wp-content\/uploads\/2017\/10\/DSC_3557-1024x683.jpg 1024w, https:\/\/katolicka-gimnazija.hr\/wp-content\/uploads\/2017\/10\/DSC_3557-360x240.jpg 360w, https:\/\/katolicka-gimnazija.hr\/wp-content\/uploads\/2017\/10\/DSC_3557-750x500.jpg 750w, https:\/\/katolicka-gimnazija.hr\/wp-content\/uploads\/2017\/10\/DSC_3557-400x267.jpg 400w, https:\/\/katolicka-gimnazija.hr\/wp-content\/uploads\/2017\/10\/DSC_3557-430x287.jpg 430w, https:\/\/katolicka-gimnazija.hr\/wp-content\/uploads\/2017\/10\/DSC_3557-150x100.jpg 150w, https:\/\/katolicka-gimnazija.hr\/wp-content\/uploads\/2017\/10\/DSC_3557-100x67.jpg 100w, https:\/\/katolicka-gimnazija.hr\/wp-content\/uploads\/2017\/10\/DSC_3557.jpg 1800w\" sizes=\"auto, (max-width: 300px) 100vw, 300px\" \/><\/a>\n\t\t\t<\/div><\/figure><figure class='gallery-item'>\n\t\t\t<div class='gallery-icon landscape'>\n\t\t\t\t<a href='https:\/\/katolicka-gimnazija.hr\/wp-content\/uploads\/2017\/10\/DSC_3558.jpg'><img loading=\"lazy\" decoding=\"async\" width=\"300\" height=\"200\" src=\"https:\/\/katolicka-gimnazija.hr\/wp-content\/uploads\/2017\/10\/DSC_3558-300x200.jpg\" class=\"attachment-medium size-medium\" alt=\"\" srcset=\"https:\/\/katolicka-gimnazija.hr\/wp-content\/uploads\/2017\/10\/DSC_3558-300x200.jpg 300w, https:\/\/katolicka-gimnazija.hr\/wp-content\/uploads\/2017\/10\/DSC_3558-768x512.jpg 768w, https:\/\/katolicka-gimnazija.hr\/wp-content\/uploads\/2017\/10\/DSC_3558-1024x683.jpg 1024w, https:\/\/katolicka-gimnazija.hr\/wp-content\/uploads\/2017\/10\/DSC_3558-360x240.jpg 360w, https:\/\/katolicka-gimnazija.hr\/wp-content\/uploads\/2017\/10\/DSC_3558-750x500.jpg 750w, https:\/\/katolicka-gimnazija.hr\/wp-content\/uploads\/2017\/10\/DSC_3558-400x267.jpg 400w, https:\/\/katolicka-gimnazija.hr\/wp-content\/uploads\/2017\/10\/DSC_3558-430x287.jpg 430w, https:\/\/katolicka-gimnazija.hr\/wp-content\/uploads\/2017\/10\/DSC_3558-150x100.jpg 150w, https:\/\/katolicka-gimnazija.hr\/wp-content\/uploads\/2017\/10\/DSC_3558-100x67.jpg 100w, https:\/\/katolicka-gimnazija.hr\/wp-content\/uploads\/2017\/10\/DSC_3558.jpg 1800w\" sizes=\"auto, (max-width: 300px) 100vw, 300px\" \/><\/a>\n\t\t\t<\/div><\/figure><figure class='gallery-item'>\n\t\t\t<div class='gallery-icon landscape'>\n\t\t\t\t<a href='https:\/\/katolicka-gimnazija.hr\/wp-content\/uploads\/2017\/10\/DSC_3560.jpg'><img loading=\"lazy\" decoding=\"async\" width=\"300\" height=\"200\" src=\"https:\/\/katolicka-gimnazija.hr\/wp-content\/uploads\/2017\/10\/DSC_3560-300x200.jpg\" class=\"attachment-medium size-medium\" alt=\"\" srcset=\"https:\/\/katolicka-gimnazija.hr\/wp-content\/uploads\/2017\/10\/DSC_3560-300x200.jpg 300w, https:\/\/katolicka-gimnazija.hr\/wp-content\/uploads\/2017\/10\/DSC_3560-768x512.jpg 768w, https:\/\/katolicka-gimnazija.hr\/wp-content\/uploads\/2017\/10\/DSC_3560-1024x683.jpg 1024w, https:\/\/katolicka-gimnazija.hr\/wp-content\/uploads\/2017\/10\/DSC_3560-360x240.jpg 360w, https:\/\/katolicka-gimnazija.hr\/wp-content\/uploads\/2017\/10\/DSC_3560-750x500.jpg 750w, https:\/\/katolicka-gimnazija.hr\/wp-content\/uploads\/2017\/10\/DSC_3560-400x267.jpg 400w, https:\/\/katolicka-gimnazija.hr\/wp-content\/uploads\/2017\/10\/DSC_3560-430x287.jpg 430w, https:\/\/katolicka-gimnazija.hr\/wp-content\/uploads\/2017\/10\/DSC_3560-150x100.jpg 150w, https:\/\/katolicka-gimnazija.hr\/wp-content\/uploads\/2017\/10\/DSC_3560-100x67.jpg 100w, https:\/\/katolicka-gimnazija.hr\/wp-content\/uploads\/2017\/10\/DSC_3560.jpg 1800w\" sizes=\"auto, (max-width: 300px) 100vw, 300px\" \/><\/a>\n\t\t\t<\/div><\/figure><figure class='gallery-item'>\n\t\t\t<div class='gallery-icon landscape'>\n\t\t\t\t<a href='https:\/\/katolicka-gimnazija.hr\/wp-content\/uploads\/2017\/10\/DSC_3562.jpg'><img loading=\"lazy\" decoding=\"async\" width=\"300\" height=\"200\" src=\"https:\/\/katolicka-gimnazija.hr\/wp-content\/uploads\/2017\/10\/DSC_3562-300x200.jpg\" class=\"attachment-medium size-medium\" alt=\"\" srcset=\"https:\/\/katolicka-gimnazija.hr\/wp-content\/uploads\/2017\/10\/DSC_3562-300x200.jpg 300w, https:\/\/katolicka-gimnazija.hr\/wp-content\/uploads\/2017\/10\/DSC_3562-768x512.jpg 768w, https:\/\/katolicka-gimnazija.hr\/wp-content\/uploads\/2017\/10\/DSC_3562-1024x683.jpg 1024w, https:\/\/katolicka-gimnazija.hr\/wp-content\/uploads\/2017\/10\/DSC_3562-360x240.jpg 360w, https:\/\/katolicka-gimnazija.hr\/wp-content\/uploads\/2017\/10\/DSC_3562-750x500.jpg 750w, https:\/\/katolicka-gimnazija.hr\/wp-content\/uploads\/2017\/10\/DSC_3562-400x267.jpg 400w, https:\/\/katolicka-gimnazija.hr\/wp-content\/uploads\/2017\/10\/DSC_3562-430x287.jpg 430w, https:\/\/katolicka-gimnazija.hr\/wp-content\/uploads\/2017\/10\/DSC_3562-150x100.jpg 150w, https:\/\/katolicka-gimnazija.hr\/wp-content\/uploads\/2017\/10\/DSC_3562-100x67.jpg 100w, https:\/\/katolicka-gimnazija.hr\/wp-content\/uploads\/2017\/10\/DSC_3562.jpg 1800w\" sizes=\"auto, (max-width: 300px) 100vw, 300px\" \/><\/a>\n\t\t\t<\/div><\/figure><figure class='gallery-item'>\n\t\t\t<div class='gallery-icon landscape'>\n\t\t\t\t<a href='https:\/\/katolicka-gimnazija.hr\/wp-content\/uploads\/2017\/10\/DSC_3567.jpg'><img loading=\"lazy\" decoding=\"async\" width=\"300\" height=\"200\" src=\"https:\/\/katolicka-gimnazija.hr\/wp-content\/uploads\/2017\/10\/DSC_3567-300x200.jpg\" class=\"attachment-medium size-medium\" alt=\"\" srcset=\"https:\/\/katolicka-gimnazija.hr\/wp-content\/uploads\/2017\/10\/DSC_3567-300x200.jpg 300w, https:\/\/katolicka-gimnazija.hr\/wp-content\/uploads\/2017\/10\/DSC_3567-768x512.jpg 768w, https:\/\/katolicka-gimnazija.hr\/wp-content\/uploads\/2017\/10\/DSC_3567-1024x683.jpg 1024w, https:\/\/katolicka-gimnazija.hr\/wp-content\/uploads\/2017\/10\/DSC_3567-360x240.jpg 360w, https:\/\/katolicka-gimnazija.hr\/wp-content\/uploads\/2017\/10\/DSC_3567-750x500.jpg 750w, https:\/\/katolicka-gimnazija.hr\/wp-content\/uploads\/2017\/10\/DSC_3567-400x267.jpg 400w, https:\/\/katolicka-gimnazija.hr\/wp-content\/uploads\/2017\/10\/DSC_3567-430x287.jpg 430w, https:\/\/katolicka-gimnazija.hr\/wp-content\/uploads\/2017\/10\/DSC_3567-150x100.jpg 150w, https:\/\/katolicka-gimnazija.hr\/wp-content\/uploads\/2017\/10\/DSC_3567-100x67.jpg 100w, https:\/\/katolicka-gimnazija.hr\/wp-content\/uploads\/2017\/10\/DSC_3567.jpg 1800w\" sizes=\"auto, (max-width: 300px) 100vw, 300px\" \/><\/a>\n\t\t\t<\/div><\/figure><figure class='gallery-item'>\n\t\t\t<div class='gallery-icon landscape'>\n\t\t\t\t<a href='https:\/\/katolicka-gimnazija.hr\/wp-content\/uploads\/2017\/10\/DSC_3576.jpg'><img loading=\"lazy\" decoding=\"async\" width=\"300\" height=\"200\" src=\"https:\/\/katolicka-gimnazija.hr\/wp-content\/uploads\/2017\/10\/DSC_3576-300x200.jpg\" class=\"attachment-medium size-medium\" alt=\"\" srcset=\"https:\/\/katolicka-gimnazija.hr\/wp-content\/uploads\/2017\/10\/DSC_3576-300x200.jpg 300w, https:\/\/katolicka-gimnazija.hr\/wp-content\/uploads\/2017\/10\/DSC_3576-768x512.jpg 768w, https:\/\/katolicka-gimnazija.hr\/wp-content\/uploads\/2017\/10\/DSC_3576-1024x683.jpg 1024w, https:\/\/katolicka-gimnazija.hr\/wp-content\/uploads\/2017\/10\/DSC_3576-360x240.jpg 360w, https:\/\/katolicka-gimnazija.hr\/wp-content\/uploads\/2017\/10\/DSC_3576-750x500.jpg 750w, https:\/\/katolicka-gimnazija.hr\/wp-content\/uploads\/2017\/10\/DSC_3576-400x267.jpg 400w, https:\/\/katolicka-gimnazija.hr\/wp-content\/uploads\/2017\/10\/DSC_3576-430x287.jpg 430w, https:\/\/katolicka-gimnazija.hr\/wp-content\/uploads\/2017\/10\/DSC_3576-150x100.jpg 150w, https:\/\/katolicka-gimnazija.hr\/wp-content\/uploads\/2017\/10\/DSC_3576-100x67.jpg 100w, https:\/\/katolicka-gimnazija.hr\/wp-content\/uploads\/2017\/10\/DSC_3576.jpg 1800w\" sizes=\"auto, (max-width: 300px) 100vw, 300px\" \/><\/a>\n\t\t\t<\/div><\/figure><figure class='gallery-item'>\n\t\t\t<div class='gallery-icon landscape'>\n\t\t\t\t<a href='https:\/\/katolicka-gimnazija.hr\/wp-content\/uploads\/2017\/10\/P1010129_resized.jpg'><img loading=\"lazy\" decoding=\"async\" width=\"300\" height=\"224\" src=\"https:\/\/katolicka-gimnazija.hr\/wp-content\/uploads\/2017\/10\/P1010129_resized-300x224.jpg\" class=\"attachment-medium size-medium\" alt=\"\" srcset=\"https:\/\/katolicka-gimnazija.hr\/wp-content\/uploads\/2017\/10\/P1010129_resized-300x224.jpg 300w, https:\/\/katolicka-gimnazija.hr\/wp-content\/uploads\/2017\/10\/P1010129_resized-768x575.jpg 768w, https:\/\/katolicka-gimnazija.hr\/wp-content\/uploads\/2017\/10\/P1010129_resized-1024x766.jpg 1024w, https:\/\/katolicka-gimnazija.hr\/wp-content\/uploads\/2017\/10\/P1010129_resized-360x269.jpg 360w, https:\/\/katolicka-gimnazija.hr\/wp-content\/uploads\/2017\/10\/P1010129_resized-750x561.jpg 750w, https:\/\/katolicka-gimnazija.hr\/wp-content\/uploads\/2017\/10\/P1010129_resized-400x299.jpg 400w, https:\/\/katolicka-gimnazija.hr\/wp-content\/uploads\/2017\/10\/P1010129_resized-430x322.jpg 430w, https:\/\/katolicka-gimnazija.hr\/wp-content\/uploads\/2017\/10\/P1010129_resized-150x112.jpg 150w, https:\/\/katolicka-gimnazija.hr\/wp-content\/uploads\/2017\/10\/P1010129_resized-100x75.jpg 100w, https:\/\/katolicka-gimnazija.hr\/wp-content\/uploads\/2017\/10\/P1010129_resized.jpg 1144w\" sizes=\"auto, (max-width: 300px) 100vw, 300px\" \/><\/a>\n\t\t\t<\/div><\/figure><figure class='gallery-item'>\n\t\t\t<div class='gallery-icon landscape'>\n\t\t\t\t<a href='https:\/\/katolicka-gimnazija.hr\/wp-content\/uploads\/2017\/10\/P1010130_resized.jpg'><img loading=\"lazy\" decoding=\"async\" width=\"300\" height=\"224\" src=\"https:\/\/katolicka-gimnazija.hr\/wp-content\/uploads\/2017\/10\/P1010130_resized-300x224.jpg\" class=\"attachment-medium size-medium\" alt=\"\" srcset=\"https:\/\/katolicka-gimnazija.hr\/wp-content\/uploads\/2017\/10\/P1010130_resized-300x224.jpg 300w, https:\/\/katolicka-gimnazija.hr\/wp-content\/uploads\/2017\/10\/P1010130_resized-768x575.jpg 768w, https:\/\/katolicka-gimnazija.hr\/wp-content\/uploads\/2017\/10\/P1010130_resized-1024x766.jpg 1024w, https:\/\/katolicka-gimnazija.hr\/wp-content\/uploads\/2017\/10\/P1010130_resized-360x269.jpg 360w, https:\/\/katolicka-gimnazija.hr\/wp-content\/uploads\/2017\/10\/P1010130_resized-750x561.jpg 750w, https:\/\/katolicka-gimnazija.hr\/wp-content\/uploads\/2017\/10\/P1010130_resized-400x299.jpg 400w, https:\/\/katolicka-gimnazija.hr\/wp-content\/uploads\/2017\/10\/P1010130_resized-430x322.jpg 430w, https:\/\/katolicka-gimnazija.hr\/wp-content\/uploads\/2017\/10\/P1010130_resized-150x112.jpg 150w, https:\/\/katolicka-gimnazija.hr\/wp-content\/uploads\/2017\/10\/P1010130_resized-100x75.jpg 100w, https:\/\/katolicka-gimnazija.hr\/wp-content\/uploads\/2017\/10\/P1010130_resized.jpg 1144w\" sizes=\"auto, (max-width: 300px) 100vw, 300px\" \/><\/a>\n\t\t\t<\/div><\/figure><figure class='gallery-item'>\n\t\t\t<div class='gallery-icon landscape'>\n\t\t\t\t<a href='https:\/\/katolicka-gimnazija.hr\/wp-content\/uploads\/2017\/10\/P1010131_resized.jpg'><img loading=\"lazy\" decoding=\"async\" width=\"300\" height=\"224\" src=\"https:\/\/katolicka-gimnazija.hr\/wp-content\/uploads\/2017\/10\/P1010131_resized-300x224.jpg\" class=\"attachment-medium size-medium\" alt=\"\" srcset=\"https:\/\/katolicka-gimnazija.hr\/wp-content\/uploads\/2017\/10\/P1010131_resized-300x224.jpg 300w, https:\/\/katolicka-gimnazija.hr\/wp-content\/uploads\/2017\/10\/P1010131_resized-768x575.jpg 768w, https:\/\/katolicka-gimnazija.hr\/wp-content\/uploads\/2017\/10\/P1010131_resized-1024x766.jpg 1024w, https:\/\/katolicka-gimnazija.hr\/wp-content\/uploads\/2017\/10\/P1010131_resized-360x269.jpg 360w, https:\/\/katolicka-gimnazija.hr\/wp-content\/uploads\/2017\/10\/P1010131_resized-750x561.jpg 750w, https:\/\/katolicka-gimnazija.hr\/wp-content\/uploads\/2017\/10\/P1010131_resized-400x299.jpg 400w, https:\/\/katolicka-gimnazija.hr\/wp-content\/uploads\/2017\/10\/P1010131_resized-430x322.jpg 430w, https:\/\/katolicka-gimnazija.hr\/wp-content\/uploads\/2017\/10\/P1010131_resized-150x112.jpg 150w, https:\/\/katolicka-gimnazija.hr\/wp-content\/uploads\/2017\/10\/P1010131_resized-100x75.jpg 100w, https:\/\/katolicka-gimnazija.hr\/wp-content\/uploads\/2017\/10\/P1010131_resized.jpg 1144w\" sizes=\"auto, (max-width: 300px) 100vw, 300px\" \/><\/a>\n\t\t\t<\/div><\/figure><figure class='gallery-item'>\n\t\t\t<div class='gallery-icon landscape'>\n\t\t\t\t<a href='https:\/\/katolicka-gimnazija.hr\/wp-content\/uploads\/2017\/10\/P1010132_resized.jpg'><img loading=\"lazy\" decoding=\"async\" width=\"300\" height=\"224\" src=\"https:\/\/katolicka-gimnazija.hr\/wp-content\/uploads\/2017\/10\/P1010132_resized-300x224.jpg\" class=\"attachment-medium size-medium\" alt=\"\" srcset=\"https:\/\/katolicka-gimnazija.hr\/wp-content\/uploads\/2017\/10\/P1010132_resized-300x224.jpg 300w, https:\/\/katolicka-gimnazija.hr\/wp-content\/uploads\/2017\/10\/P1010132_resized-768x575.jpg 768w, https:\/\/katolicka-gimnazija.hr\/wp-content\/uploads\/2017\/10\/P1010132_resized-1024x766.jpg 1024w, https:\/\/katolicka-gimnazija.hr\/wp-content\/uploads\/2017\/10\/P1010132_resized-360x269.jpg 360w, https:\/\/katolicka-gimnazija.hr\/wp-content\/uploads\/2017\/10\/P1010132_resized-750x561.jpg 750w, https:\/\/katolicka-gimnazija.hr\/wp-content\/uploads\/2017\/10\/P1010132_resized-400x299.jpg 400w, https:\/\/katolicka-gimnazija.hr\/wp-content\/uploads\/2017\/10\/P1010132_resized-430x322.jpg 430w, https:\/\/katolicka-gimnazija.hr\/wp-content\/uploads\/2017\/10\/P1010132_resized-150x112.jpg 150w, https:\/\/katolicka-gimnazija.hr\/wp-content\/uploads\/2017\/10\/P1010132_resized-100x75.jpg 100w, https:\/\/katolicka-gimnazija.hr\/wp-content\/uploads\/2017\/10\/P1010132_resized.jpg 1144w\" sizes=\"auto, (max-width: 300px) 100vw, 300px\" \/><\/a>\n\t\t\t<\/div><\/figure><figure class='gallery-item'>\n\t\t\t<div class='gallery-icon landscape'>\n\t\t\t\t<a href='https:\/\/katolicka-gimnazija.hr\/wp-content\/uploads\/2017\/10\/P1010133_resized.jpg'><img loading=\"lazy\" decoding=\"async\" width=\"300\" height=\"224\" src=\"https:\/\/katolicka-gimnazija.hr\/wp-content\/uploads\/2017\/10\/P1010133_resized-300x224.jpg\" class=\"attachment-medium size-medium\" alt=\"\" srcset=\"https:\/\/katolicka-gimnazija.hr\/wp-content\/uploads\/2017\/10\/P1010133_resized-300x224.jpg 300w, https:\/\/katolicka-gimnazija.hr\/wp-content\/uploads\/2017\/10\/P1010133_resized-768x575.jpg 768w, https:\/\/katolicka-gimnazija.hr\/wp-content\/uploads\/2017\/10\/P1010133_resized-1024x766.jpg 1024w, https:\/\/katolicka-gimnazija.hr\/wp-content\/uploads\/2017\/10\/P1010133_resized-360x269.jpg 360w, https:\/\/katolicka-gimnazija.hr\/wp-content\/uploads\/2017\/10\/P1010133_resized-750x561.jpg 750w, https:\/\/katolicka-gimnazija.hr\/wp-content\/uploads\/2017\/10\/P1010133_resized-400x299.jpg 400w, https:\/\/katolicka-gimnazija.hr\/wp-content\/uploads\/2017\/10\/P1010133_resized-430x322.jpg 430w, https:\/\/katolicka-gimnazija.hr\/wp-content\/uploads\/2017\/10\/P1010133_resized-150x112.jpg 150w, https:\/\/katolicka-gimnazija.hr\/wp-content\/uploads\/2017\/10\/P1010133_resized-100x75.jpg 100w, https:\/\/katolicka-gimnazija.hr\/wp-content\/uploads\/2017\/10\/P1010133_resized.jpg 1144w\" sizes=\"auto, (max-width: 300px) 100vw, 300px\" \/><\/a>\n\t\t\t<\/div><\/figure><figure class='gallery-item'>\n\t\t\t<div class='gallery-icon landscape'>\n\t\t\t\t<a href='https:\/\/katolicka-gimnazija.hr\/wp-content\/uploads\/2017\/10\/P1010134_resized.jpg'><img loading=\"lazy\" decoding=\"async\" width=\"300\" height=\"224\" src=\"https:\/\/katolicka-gimnazija.hr\/wp-content\/uploads\/2017\/10\/P1010134_resized-300x224.jpg\" class=\"attachment-medium size-medium\" alt=\"\" srcset=\"https:\/\/katolicka-gimnazija.hr\/wp-content\/uploads\/2017\/10\/P1010134_resized-300x224.jpg 300w, https:\/\/katolicka-gimnazija.hr\/wp-content\/uploads\/2017\/10\/P1010134_resized-768x575.jpg 768w, https:\/\/katolicka-gimnazija.hr\/wp-content\/uploads\/2017\/10\/P1010134_resized-1024x766.jpg 1024w, https:\/\/katolicka-gimnazija.hr\/wp-content\/uploads\/2017\/10\/P1010134_resized-360x269.jpg 360w, https:\/\/katolicka-gimnazija.hr\/wp-content\/uploads\/2017\/10\/P1010134_resized-750x561.jpg 750w, https:\/\/katolicka-gimnazija.hr\/wp-content\/uploads\/2017\/10\/P1010134_resized-400x299.jpg 400w, https:\/\/katolicka-gimnazija.hr\/wp-content\/uploads\/2017\/10\/P1010134_resized-430x322.jpg 430w, https:\/\/katolicka-gimnazija.hr\/wp-content\/uploads\/2017\/10\/P1010134_resized-150x112.jpg 150w, https:\/\/katolicka-gimnazija.hr\/wp-content\/uploads\/2017\/10\/P1010134_resized-100x75.jpg 100w, https:\/\/katolicka-gimnazija.hr\/wp-content\/uploads\/2017\/10\/P1010134_resized.jpg 1144w\" sizes=\"auto, (max-width: 300px) 100vw, 300px\" \/><\/a>\n\t\t\t<\/div><\/figure><figure class='gallery-item'>\n\t\t\t<div class='gallery-icon landscape'>\n\t\t\t\t<a href='https:\/\/katolicka-gimnazija.hr\/wp-content\/uploads\/2017\/10\/P1010135_resized.jpg'><img loading=\"lazy\" decoding=\"async\" width=\"300\" height=\"224\" src=\"https:\/\/katolicka-gimnazija.hr\/wp-content\/uploads\/2017\/10\/P1010135_resized-300x224.jpg\" class=\"attachment-medium size-medium\" alt=\"\" srcset=\"https:\/\/katolicka-gimnazija.hr\/wp-content\/uploads\/2017\/10\/P1010135_resized-300x224.jpg 300w, https:\/\/katolicka-gimnazija.hr\/wp-content\/uploads\/2017\/10\/P1010135_resized-768x575.jpg 768w, https:\/\/katolicka-gimnazija.hr\/wp-content\/uploads\/2017\/10\/P1010135_resized-1024x766.jpg 1024w, https:\/\/katolicka-gimnazija.hr\/wp-content\/uploads\/2017\/10\/P1010135_resized-360x269.jpg 360w, https:\/\/katolicka-gimnazija.hr\/wp-content\/uploads\/2017\/10\/P1010135_resized-750x561.jpg 750w, https:\/\/katolicka-gimnazija.hr\/wp-content\/uploads\/2017\/10\/P1010135_resized-400x299.jpg 400w, https:\/\/katolicka-gimnazija.hr\/wp-content\/uploads\/2017\/10\/P1010135_resized-430x322.jpg 430w, https:\/\/katolicka-gimnazija.hr\/wp-content\/uploads\/2017\/10\/P1010135_resized-150x112.jpg 150w, https:\/\/katolicka-gimnazija.hr\/wp-content\/uploads\/2017\/10\/P1010135_resized-100x75.jpg 100w, https:\/\/katolicka-gimnazija.hr\/wp-content\/uploads\/2017\/10\/P1010135_resized.jpg 1144w\" sizes=\"auto, (max-width: 300px) 100vw, 300px\" \/><\/a>\n\t\t\t<\/div><\/figure><figure class='gallery-item'>\n\t\t\t<div class='gallery-icon landscape'>\n\t\t\t\t<a href='https:\/\/katolicka-gimnazija.hr\/wp-content\/uploads\/2017\/10\/P1010137_resized.jpg'><img loading=\"lazy\" decoding=\"async\" width=\"300\" height=\"224\" src=\"https:\/\/katolicka-gimnazija.hr\/wp-content\/uploads\/2017\/10\/P1010137_resized-300x224.jpg\" class=\"attachment-medium size-medium\" alt=\"\" srcset=\"https:\/\/katolicka-gimnazija.hr\/wp-content\/uploads\/2017\/10\/P1010137_resized-300x224.jpg 300w, https:\/\/katolicka-gimnazija.hr\/wp-content\/uploads\/2017\/10\/P1010137_resized-768x575.jpg 768w, https:\/\/katolicka-gimnazija.hr\/wp-content\/uploads\/2017\/10\/P1010137_resized-1024x766.jpg 1024w, https:\/\/katolicka-gimnazija.hr\/wp-content\/uploads\/2017\/10\/P1010137_resized-360x269.jpg 360w, https:\/\/katolicka-gimnazija.hr\/wp-content\/uploads\/2017\/10\/P1010137_resized-750x561.jpg 750w, https:\/\/katolicka-gimnazija.hr\/wp-content\/uploads\/2017\/10\/P1010137_resized-400x299.jpg 400w, https:\/\/katolicka-gimnazija.hr\/wp-content\/uploads\/2017\/10\/P1010137_resized-430x322.jpg 430w, https:\/\/katolicka-gimnazija.hr\/wp-content\/uploads\/2017\/10\/P1010137_resized-150x112.jpg 150w, https:\/\/katolicka-gimnazija.hr\/wp-content\/uploads\/2017\/10\/P1010137_resized-100x75.jpg 100w, https:\/\/katolicka-gimnazija.hr\/wp-content\/uploads\/2017\/10\/P1010137_resized.jpg 1144w\" sizes=\"auto, (max-width: 300px) 100vw, 300px\" \/><\/a>\n\t\t\t<\/div><\/figure><figure class='gallery-item'>\n\t\t\t<div class='gallery-icon landscape'>\n\t\t\t\t<a href='https:\/\/katolicka-gimnazija.hr\/wp-content\/uploads\/2017\/10\/P1010138_resized.jpg'><img loading=\"lazy\" decoding=\"async\" width=\"300\" height=\"224\" src=\"https:\/\/katolicka-gimnazija.hr\/wp-content\/uploads\/2017\/10\/P1010138_resized-300x224.jpg\" class=\"attachment-medium size-medium\" alt=\"\" srcset=\"https:\/\/katolicka-gimnazija.hr\/wp-content\/uploads\/2017\/10\/P1010138_resized-300x224.jpg 300w, https:\/\/katolicka-gimnazija.hr\/wp-content\/uploads\/2017\/10\/P1010138_resized-768x575.jpg 768w, https:\/\/katolicka-gimnazija.hr\/wp-content\/uploads\/2017\/10\/P1010138_resized-1024x766.jpg 1024w, https:\/\/katolicka-gimnazija.hr\/wp-content\/uploads\/2017\/10\/P1010138_resized-360x269.jpg 360w, https:\/\/katolicka-gimnazija.hr\/wp-content\/uploads\/2017\/10\/P1010138_resized-750x561.jpg 750w, https:\/\/katolicka-gimnazija.hr\/wp-content\/uploads\/2017\/10\/P1010138_resized-400x299.jpg 400w, https:\/\/katolicka-gimnazija.hr\/wp-content\/uploads\/2017\/10\/P1010138_resized-430x322.jpg 430w, https:\/\/katolicka-gimnazija.hr\/wp-content\/uploads\/2017\/10\/P1010138_resized-150x112.jpg 150w, https:\/\/katolicka-gimnazija.hr\/wp-content\/uploads\/2017\/10\/P1010138_resized-100x75.jpg 100w, https:\/\/katolicka-gimnazija.hr\/wp-content\/uploads\/2017\/10\/P1010138_resized.jpg 1144w\" sizes=\"auto, (max-width: 300px) 100vw, 300px\" \/><\/a>\n\t\t\t<\/div><\/figure><figure class='gallery-item'>\n\t\t\t<div class='gallery-icon landscape'>\n\t\t\t\t<a href='https:\/\/katolicka-gimnazija.hr\/wp-content\/uploads\/2017\/10\/P1010139_resized.jpg'><img loading=\"lazy\" decoding=\"async\" width=\"300\" height=\"224\" src=\"https:\/\/katolicka-gimnazija.hr\/wp-content\/uploads\/2017\/10\/P1010139_resized-300x224.jpg\" class=\"attachment-medium size-medium\" alt=\"\" srcset=\"https:\/\/katolicka-gimnazija.hr\/wp-content\/uploads\/2017\/10\/P1010139_resized-300x224.jpg 300w, https:\/\/katolicka-gimnazija.hr\/wp-content\/uploads\/2017\/10\/P1010139_resized-768x575.jpg 768w, https:\/\/katolicka-gimnazija.hr\/wp-content\/uploads\/2017\/10\/P1010139_resized-1024x766.jpg 1024w, https:\/\/katolicka-gimnazija.hr\/wp-content\/uploads\/2017\/10\/P1010139_resized-360x269.jpg 360w, https:\/\/katolicka-gimnazija.hr\/wp-content\/uploads\/2017\/10\/P1010139_resized-750x561.jpg 750w, https:\/\/katolicka-gimnazija.hr\/wp-content\/uploads\/2017\/10\/P1010139_resized-400x299.jpg 400w, https:\/\/katolicka-gimnazija.hr\/wp-content\/uploads\/2017\/10\/P1010139_resized-430x322.jpg 430w, https:\/\/katolicka-gimnazija.hr\/wp-content\/uploads\/2017\/10\/P1010139_resized-150x112.jpg 150w, https:\/\/katolicka-gimnazija.hr\/wp-content\/uploads\/2017\/10\/P1010139_resized-100x75.jpg 100w, https:\/\/katolicka-gimnazija.hr\/wp-content\/uploads\/2017\/10\/P1010139_resized.jpg 1144w\" sizes=\"auto, (max-width: 300px) 100vw, 300px\" \/><\/a>\n\t\t\t<\/div><\/figure><figure class='gallery-item'>\n\t\t\t<div class='gallery-icon landscape'>\n\t\t\t\t<a href='https:\/\/katolicka-gimnazija.hr\/wp-content\/uploads\/2017\/10\/P1010140_resized.jpg'><img loading=\"lazy\" decoding=\"async\" width=\"300\" height=\"224\" src=\"https:\/\/katolicka-gimnazija.hr\/wp-content\/uploads\/2017\/10\/P1010140_resized-300x224.jpg\" class=\"attachment-medium size-medium\" alt=\"\" srcset=\"https:\/\/katolicka-gimnazija.hr\/wp-content\/uploads\/2017\/10\/P1010140_resized-300x224.jpg 300w, https:\/\/katolicka-gimnazija.hr\/wp-content\/uploads\/2017\/10\/P1010140_resized-768x575.jpg 768w, https:\/\/katolicka-gimnazija.hr\/wp-content\/uploads\/2017\/10\/P1010140_resized-1024x766.jpg 1024w, https:\/\/katolicka-gimnazija.hr\/wp-content\/uploads\/2017\/10\/P1010140_resized-360x269.jpg 360w, https:\/\/katolicka-gimnazija.hr\/wp-content\/uploads\/2017\/10\/P1010140_resized-750x561.jpg 750w, https:\/\/katolicka-gimnazija.hr\/wp-content\/uploads\/2017\/10\/P1010140_resized-400x299.jpg 400w, https:\/\/katolicka-gimnazija.hr\/wp-content\/uploads\/2017\/10\/P1010140_resized-430x322.jpg 430w, https:\/\/katolicka-gimnazija.hr\/wp-content\/uploads\/2017\/10\/P1010140_resized-150x112.jpg 150w, https:\/\/katolicka-gimnazija.hr\/wp-content\/uploads\/2017\/10\/P1010140_resized-100x75.jpg 100w, https:\/\/katolicka-gimnazija.hr\/wp-content\/uploads\/2017\/10\/P1010140_resized.jpg 1144w\" sizes=\"auto, (max-width: 300px) 100vw, 300px\" \/><\/a>\n\t\t\t<\/div><\/figure><figure class='gallery-item'>\n\t\t\t<div class='gallery-icon landscape'>\n\t\t\t\t<a href='https:\/\/katolicka-gimnazija.hr\/wp-content\/uploads\/2017\/10\/P1010141_resized.jpg'><img loading=\"lazy\" decoding=\"async\" width=\"300\" height=\"224\" src=\"https:\/\/katolicka-gimnazija.hr\/wp-content\/uploads\/2017\/10\/P1010141_resized-300x224.jpg\" class=\"attachment-medium size-medium\" alt=\"\" srcset=\"https:\/\/katolicka-gimnazija.hr\/wp-content\/uploads\/2017\/10\/P1010141_resized-300x224.jpg 300w, https:\/\/katolicka-gimnazija.hr\/wp-content\/uploads\/2017\/10\/P1010141_resized-768x575.jpg 768w, https:\/\/katolicka-gimnazija.hr\/wp-content\/uploads\/2017\/10\/P1010141_resized-1024x766.jpg 1024w, https:\/\/katolicka-gimnazija.hr\/wp-content\/uploads\/2017\/10\/P1010141_resized-360x269.jpg 360w, https:\/\/katolicka-gimnazija.hr\/wp-content\/uploads\/2017\/10\/P1010141_resized-750x561.jpg 750w, https:\/\/katolicka-gimnazija.hr\/wp-content\/uploads\/2017\/10\/P1010141_resized-400x299.jpg 400w, https:\/\/katolicka-gimnazija.hr\/wp-content\/uploads\/2017\/10\/P1010141_resized-430x322.jpg 430w, https:\/\/katolicka-gimnazija.hr\/wp-content\/uploads\/2017\/10\/P1010141_resized-150x112.jpg 150w, https:\/\/katolicka-gimnazija.hr\/wp-content\/uploads\/2017\/10\/P1010141_resized-100x75.jpg 100w, https:\/\/katolicka-gimnazija.hr\/wp-content\/uploads\/2017\/10\/P1010141_resized.jpg 1144w\" sizes=\"auto, (max-width: 300px) 100vw, 300px\" \/><\/a>\n\t\t\t<\/div><\/figure><figure class='gallery-item'>\n\t\t\t<div class='gallery-icon landscape'>\n\t\t\t\t<a href='https:\/\/katolicka-gimnazija.hr\/wp-content\/uploads\/2017\/10\/P1010142_resized.jpg'><img loading=\"lazy\" decoding=\"async\" width=\"300\" height=\"224\" src=\"https:\/\/katolicka-gimnazija.hr\/wp-content\/uploads\/2017\/10\/P1010142_resized-300x224.jpg\" class=\"attachment-medium size-medium\" alt=\"\" srcset=\"https:\/\/katolicka-gimnazija.hr\/wp-content\/uploads\/2017\/10\/P1010142_resized-300x224.jpg 300w, https:\/\/katolicka-gimnazija.hr\/wp-content\/uploads\/2017\/10\/P1010142_resized-768x575.jpg 768w, https:\/\/katolicka-gimnazija.hr\/wp-content\/uploads\/2017\/10\/P1010142_resized-1024x766.jpg 1024w, https:\/\/katolicka-gimnazija.hr\/wp-content\/uploads\/2017\/10\/P1010142_resized-360x269.jpg 360w, https:\/\/katolicka-gimnazija.hr\/wp-content\/uploads\/2017\/10\/P1010142_resized-750x561.jpg 750w, https:\/\/katolicka-gimnazija.hr\/wp-content\/uploads\/2017\/10\/P1010142_resized-400x299.jpg 400w, https:\/\/katolicka-gimnazija.hr\/wp-content\/uploads\/2017\/10\/P1010142_resized-430x322.jpg 430w, https:\/\/katolicka-gimnazija.hr\/wp-content\/uploads\/2017\/10\/P1010142_resized-150x112.jpg 150w, https:\/\/katolicka-gimnazija.hr\/wp-content\/uploads\/2017\/10\/P1010142_resized-100x75.jpg 100w, https:\/\/katolicka-gimnazija.hr\/wp-content\/uploads\/2017\/10\/P1010142_resized.jpg 1144w\" sizes=\"auto, (max-width: 300px) 100vw, 300px\" \/><\/a>\n\t\t\t<\/div><\/figure><figure class='gallery-item'>\n\t\t\t<div class='gallery-icon landscape'>\n\t\t\t\t<a href='https:\/\/katolicka-gimnazija.hr\/wp-content\/uploads\/2017\/10\/P1010143_resized.jpg'><img loading=\"lazy\" decoding=\"async\" width=\"300\" height=\"224\" src=\"https:\/\/katolicka-gimnazija.hr\/wp-content\/uploads\/2017\/10\/P1010143_resized-300x224.jpg\" class=\"attachment-medium size-medium\" alt=\"\" srcset=\"https:\/\/katolicka-gimnazija.hr\/wp-content\/uploads\/2017\/10\/P1010143_resized-300x224.jpg 300w, https:\/\/katolicka-gimnazija.hr\/wp-content\/uploads\/2017\/10\/P1010143_resized-768x575.jpg 768w, https:\/\/katolicka-gimnazija.hr\/wp-content\/uploads\/2017\/10\/P1010143_resized-1024x766.jpg 1024w, https:\/\/katolicka-gimnazija.hr\/wp-content\/uploads\/2017\/10\/P1010143_resized-360x269.jpg 360w, https:\/\/katolicka-gimnazija.hr\/wp-content\/uploads\/2017\/10\/P1010143_resized-750x561.jpg 750w, https:\/\/katolicka-gimnazija.hr\/wp-content\/uploads\/2017\/10\/P1010143_resized-400x299.jpg 400w, https:\/\/katolicka-gimnazija.hr\/wp-content\/uploads\/2017\/10\/P1010143_resized-430x322.jpg 430w, https:\/\/katolicka-gimnazija.hr\/wp-content\/uploads\/2017\/10\/P1010143_resized-150x112.jpg 150w, https:\/\/katolicka-gimnazija.hr\/wp-content\/uploads\/2017\/10\/P1010143_resized-100x75.jpg 100w, https:\/\/katolicka-gimnazija.hr\/wp-content\/uploads\/2017\/10\/P1010143_resized.jpg 1144w\" sizes=\"auto, (max-width: 300px) 100vw, 300px\" \/><\/a>\n\t\t\t<\/div><\/figure><figure class='gallery-item'>\n\t\t\t<div class='gallery-icon landscape'>\n\t\t\t\t<a href='https:\/\/katolicka-gimnazija.hr\/wp-content\/uploads\/2017\/10\/P1010144_resized.jpg'><img loading=\"lazy\" decoding=\"async\" width=\"300\" height=\"224\" src=\"https:\/\/katolicka-gimnazija.hr\/wp-content\/uploads\/2017\/10\/P1010144_resized-300x224.jpg\" class=\"attachment-medium size-medium\" alt=\"\" srcset=\"https:\/\/katolicka-gimnazija.hr\/wp-content\/uploads\/2017\/10\/P1010144_resized-300x224.jpg 300w, https:\/\/katolicka-gimnazija.hr\/wp-content\/uploads\/2017\/10\/P1010144_resized-768x575.jpg 768w, https:\/\/katolicka-gimnazija.hr\/wp-content\/uploads\/2017\/10\/P1010144_resized-1024x766.jpg 1024w, https:\/\/katolicka-gimnazija.hr\/wp-content\/uploads\/2017\/10\/P1010144_resized-360x269.jpg 360w, https:\/\/katolicka-gimnazija.hr\/wp-content\/uploads\/2017\/10\/P1010144_resized-750x561.jpg 750w, https:\/\/katolicka-gimnazija.hr\/wp-content\/uploads\/2017\/10\/P1010144_resized-400x299.jpg 400w, https:\/\/katolicka-gimnazija.hr\/wp-content\/uploads\/2017\/10\/P1010144_resized-430x322.jpg 430w, https:\/\/katolicka-gimnazija.hr\/wp-content\/uploads\/2017\/10\/P1010144_resized-150x112.jpg 150w, https:\/\/katolicka-gimnazija.hr\/wp-content\/uploads\/2017\/10\/P1010144_resized-100x75.jpg 100w, https:\/\/katolicka-gimnazija.hr\/wp-content\/uploads\/2017\/10\/P1010144_resized.jpg 1144w\" sizes=\"auto, (max-width: 300px) 100vw, 300px\" \/><\/a>\n\t\t\t<\/div><\/figure><figure class='gallery-item'>\n\t\t\t<div class='gallery-icon landscape'>\n\t\t\t\t<a href='https:\/\/katolicka-gimnazija.hr\/wp-content\/uploads\/2017\/10\/P1010145_resized.jpg'><img loading=\"lazy\" decoding=\"async\" width=\"300\" height=\"224\" src=\"https:\/\/katolicka-gimnazija.hr\/wp-content\/uploads\/2017\/10\/P1010145_resized-300x224.jpg\" class=\"attachment-medium size-medium\" alt=\"\" srcset=\"https:\/\/katolicka-gimnazija.hr\/wp-content\/uploads\/2017\/10\/P1010145_resized-300x224.jpg 300w, https:\/\/katolicka-gimnazija.hr\/wp-content\/uploads\/2017\/10\/P1010145_resized-768x575.jpg 768w, https:\/\/katolicka-gimnazija.hr\/wp-content\/uploads\/2017\/10\/P1010145_resized-1024x766.jpg 1024w, https:\/\/katolicka-gimnazija.hr\/wp-content\/uploads\/2017\/10\/P1010145_resized-360x269.jpg 360w, https:\/\/katolicka-gimnazija.hr\/wp-content\/uploads\/2017\/10\/P1010145_resized-750x561.jpg 750w, https:\/\/katolicka-gimnazija.hr\/wp-content\/uploads\/2017\/10\/P1010145_resized-400x299.jpg 400w, https:\/\/katolicka-gimnazija.hr\/wp-content\/uploads\/2017\/10\/P1010145_resized-430x322.jpg 430w, https:\/\/katolicka-gimnazija.hr\/wp-content\/uploads\/2017\/10\/P1010145_resized-150x112.jpg 150w, https:\/\/katolicka-gimnazija.hr\/wp-content\/uploads\/2017\/10\/P1010145_resized-100x75.jpg 100w, https:\/\/katolicka-gimnazija.hr\/wp-content\/uploads\/2017\/10\/P1010145_resized.jpg 1144w\" sizes=\"auto, (max-width: 300px) 100vw, 300px\" \/><\/a>\n\t\t\t<\/div><\/figure><figure class='gallery-item'>\n\t\t\t<div class='gallery-icon landscape'>\n\t\t\t\t<a href='https:\/\/katolicka-gimnazija.hr\/wp-content\/uploads\/2017\/10\/P1010146_resized.jpg'><img loading=\"lazy\" decoding=\"async\" width=\"300\" height=\"224\" src=\"https:\/\/katolicka-gimnazija.hr\/wp-content\/uploads\/2017\/10\/P1010146_resized-300x224.jpg\" class=\"attachment-medium size-medium\" alt=\"\" srcset=\"https:\/\/katolicka-gimnazija.hr\/wp-content\/uploads\/2017\/10\/P1010146_resized-300x224.jpg 300w, https:\/\/katolicka-gimnazija.hr\/wp-content\/uploads\/2017\/10\/P1010146_resized-768x575.jpg 768w, https:\/\/katolicka-gimnazija.hr\/wp-content\/uploads\/2017\/10\/P1010146_resized-1024x766.jpg 1024w, https:\/\/katolicka-gimnazija.hr\/wp-content\/uploads\/2017\/10\/P1010146_resized-360x269.jpg 360w, https:\/\/katolicka-gimnazija.hr\/wp-content\/uploads\/2017\/10\/P1010146_resized-750x561.jpg 750w, https:\/\/katolicka-gimnazija.hr\/wp-content\/uploads\/2017\/10\/P1010146_resized-400x299.jpg 400w, https:\/\/katolicka-gimnazija.hr\/wp-content\/uploads\/2017\/10\/P1010146_resized-430x322.jpg 430w, https:\/\/katolicka-gimnazija.hr\/wp-content\/uploads\/2017\/10\/P1010146_resized-150x112.jpg 150w, https:\/\/katolicka-gimnazija.hr\/wp-content\/uploads\/2017\/10\/P1010146_resized-100x75.jpg 100w, https:\/\/katolicka-gimnazija.hr\/wp-content\/uploads\/2017\/10\/P1010146_resized.jpg 1144w\" sizes=\"auto, (max-width: 300px) 100vw, 300px\" \/><\/a>\n\t\t\t<\/div><\/figure><figure class='gallery-item'>\n\t\t\t<div class='gallery-icon landscape'>\n\t\t\t\t<a href='https:\/\/katolicka-gimnazija.hr\/wp-content\/uploads\/2017\/10\/P1010147_resized.jpg'><img loading=\"lazy\" decoding=\"async\" width=\"300\" height=\"224\" src=\"https:\/\/katolicka-gimnazija.hr\/wp-content\/uploads\/2017\/10\/P1010147_resized-300x224.jpg\" class=\"attachment-medium size-medium\" alt=\"\" srcset=\"https:\/\/katolicka-gimnazija.hr\/wp-content\/uploads\/2017\/10\/P1010147_resized-300x224.jpg 300w, https:\/\/katolicka-gimnazija.hr\/wp-content\/uploads\/2017\/10\/P1010147_resized-768x575.jpg 768w, https:\/\/katolicka-gimnazija.hr\/wp-content\/uploads\/2017\/10\/P1010147_resized-1024x766.jpg 1024w, https:\/\/katolicka-gimnazija.hr\/wp-content\/uploads\/2017\/10\/P1010147_resized-360x269.jpg 360w, https:\/\/katolicka-gimnazija.hr\/wp-content\/uploads\/2017\/10\/P1010147_resized-750x561.jpg 750w, https:\/\/katolicka-gimnazija.hr\/wp-content\/uploads\/2017\/10\/P1010147_resized-400x299.jpg 400w, https:\/\/katolicka-gimnazija.hr\/wp-content\/uploads\/2017\/10\/P1010147_resized-430x322.jpg 430w, https:\/\/katolicka-gimnazija.hr\/wp-content\/uploads\/2017\/10\/P1010147_resized-150x112.jpg 150w, https:\/\/katolicka-gimnazija.hr\/wp-content\/uploads\/2017\/10\/P1010147_resized-100x75.jpg 100w, https:\/\/katolicka-gimnazija.hr\/wp-content\/uploads\/2017\/10\/P1010147_resized.jpg 1144w\" sizes=\"auto, (max-width: 300px) 100vw, 300px\" \/><\/a>\n\t\t\t<\/div><\/figure><figure class='gallery-item'>\n\t\t\t<div class='gallery-icon landscape'>\n\t\t\t\t<a href='https:\/\/katolicka-gimnazija.hr\/wp-content\/uploads\/2017\/10\/P1010148_resized.jpg'><img loading=\"lazy\" decoding=\"async\" width=\"300\" height=\"224\" src=\"https:\/\/katolicka-gimnazija.hr\/wp-content\/uploads\/2017\/10\/P1010148_resized-300x224.jpg\" class=\"attachment-medium size-medium\" alt=\"\" srcset=\"https:\/\/katolicka-gimnazija.hr\/wp-content\/uploads\/2017\/10\/P1010148_resized-300x224.jpg 300w, https:\/\/katolicka-gimnazija.hr\/wp-content\/uploads\/2017\/10\/P1010148_resized-768x575.jpg 768w, https:\/\/katolicka-gimnazija.hr\/wp-content\/uploads\/2017\/10\/P1010148_resized-1024x766.jpg 1024w, https:\/\/katolicka-gimnazija.hr\/wp-content\/uploads\/2017\/10\/P1010148_resized-360x269.jpg 360w, https:\/\/katolicka-gimnazija.hr\/wp-content\/uploads\/2017\/10\/P1010148_resized-750x561.jpg 750w, https:\/\/katolicka-gimnazija.hr\/wp-content\/uploads\/2017\/10\/P1010148_resized-400x299.jpg 400w, https:\/\/katolicka-gimnazija.hr\/wp-content\/uploads\/2017\/10\/P1010148_resized-430x322.jpg 430w, https:\/\/katolicka-gimnazija.hr\/wp-content\/uploads\/2017\/10\/P1010148_resized-150x112.jpg 150w, https:\/\/katolicka-gimnazija.hr\/wp-content\/uploads\/2017\/10\/P1010148_resized-100x75.jpg 100w, https:\/\/katolicka-gimnazija.hr\/wp-content\/uploads\/2017\/10\/P1010148_resized.jpg 1144w\" sizes=\"auto, (max-width: 300px) 100vw, 300px\" \/><\/a>\n\t\t\t<\/div><\/figure><figure class='gallery-item'>\n\t\t\t<div class='gallery-icon landscape'>\n\t\t\t\t<a href='https:\/\/katolicka-gimnazija.hr\/wp-content\/uploads\/2017\/10\/P1010149_resized.jpg'><img loading=\"lazy\" decoding=\"async\" width=\"300\" height=\"224\" src=\"https:\/\/katolicka-gimnazija.hr\/wp-content\/uploads\/2017\/10\/P1010149_resized-300x224.jpg\" class=\"attachment-medium size-medium\" alt=\"\" srcset=\"https:\/\/katolicka-gimnazija.hr\/wp-content\/uploads\/2017\/10\/P1010149_resized-300x224.jpg 300w, https:\/\/katolicka-gimnazija.hr\/wp-content\/uploads\/2017\/10\/P1010149_resized-768x575.jpg 768w, https:\/\/katolicka-gimnazija.hr\/wp-content\/uploads\/2017\/10\/P1010149_resized-1024x766.jpg 1024w, https:\/\/katolicka-gimnazija.hr\/wp-content\/uploads\/2017\/10\/P1010149_resized-360x269.jpg 360w, https:\/\/katolicka-gimnazija.hr\/wp-content\/uploads\/2017\/10\/P1010149_resized-750x561.jpg 750w, https:\/\/katolicka-gimnazija.hr\/wp-content\/uploads\/2017\/10\/P1010149_resized-400x299.jpg 400w, https:\/\/katolicka-gimnazija.hr\/wp-content\/uploads\/2017\/10\/P1010149_resized-430x322.jpg 430w, https:\/\/katolicka-gimnazija.hr\/wp-content\/uploads\/2017\/10\/P1010149_resized-150x112.jpg 150w, https:\/\/katolicka-gimnazija.hr\/wp-content\/uploads\/2017\/10\/P1010149_resized-100x75.jpg 100w, https:\/\/katolicka-gimnazija.hr\/wp-content\/uploads\/2017\/10\/P1010149_resized.jpg 1144w\" sizes=\"auto, (max-width: 300px) 100vw, 300px\" \/><\/a>\n\t\t\t<\/div><\/figure><figure class='gallery-item'>\n\t\t\t<div class='gallery-icon landscape'>\n\t\t\t\t<a href='https:\/\/katolicka-gimnazija.hr\/wp-content\/uploads\/2017\/10\/P1010150_resized.jpg'><img loading=\"lazy\" decoding=\"async\" width=\"300\" height=\"224\" src=\"https:\/\/katolicka-gimnazija.hr\/wp-content\/uploads\/2017\/10\/P1010150_resized-300x224.jpg\" class=\"attachment-medium size-medium\" alt=\"\" srcset=\"https:\/\/katolicka-gimnazija.hr\/wp-content\/uploads\/2017\/10\/P1010150_resized-300x224.jpg 300w, https:\/\/katolicka-gimnazija.hr\/wp-content\/uploads\/2017\/10\/P1010150_resized-768x575.jpg 768w, https:\/\/katolicka-gimnazija.hr\/wp-content\/uploads\/2017\/10\/P1010150_resized-1024x766.jpg 1024w, https:\/\/katolicka-gimnazija.hr\/wp-content\/uploads\/2017\/10\/P1010150_resized-360x269.jpg 360w, https:\/\/katolicka-gimnazija.hr\/wp-content\/uploads\/2017\/10\/P1010150_resized-750x561.jpg 750w, https:\/\/katolicka-gimnazija.hr\/wp-content\/uploads\/2017\/10\/P1010150_resized-400x299.jpg 400w, https:\/\/katolicka-gimnazija.hr\/wp-content\/uploads\/2017\/10\/P1010150_resized-430x322.jpg 430w, https:\/\/katolicka-gimnazija.hr\/wp-content\/uploads\/2017\/10\/P1010150_resized-150x112.jpg 150w, https:\/\/katolicka-gimnazija.hr\/wp-content\/uploads\/2017\/10\/P1010150_resized-100x75.jpg 100w, https:\/\/katolicka-gimnazija.hr\/wp-content\/uploads\/2017\/10\/P1010150_resized.jpg 1144w\" sizes=\"auto, (max-width: 300px) 100vw, 300px\" \/><\/a>\n\t\t\t<\/div><\/figure><figure class='gallery-item'>\n\t\t\t<div class='gallery-icon landscape'>\n\t\t\t\t<a href='https:\/\/katolicka-gimnazija.hr\/wp-content\/uploads\/2017\/10\/P1010152_resized.jpg'><img loading=\"lazy\" decoding=\"async\" width=\"300\" height=\"224\" src=\"https:\/\/katolicka-gimnazija.hr\/wp-content\/uploads\/2017\/10\/P1010152_resized-300x224.jpg\" class=\"attachment-medium size-medium\" alt=\"\" srcset=\"https:\/\/katolicka-gimnazija.hr\/wp-content\/uploads\/2017\/10\/P1010152_resized-300x224.jpg 300w, https:\/\/katolicka-gimnazija.hr\/wp-content\/uploads\/2017\/10\/P1010152_resized-768x575.jpg 768w, https:\/\/katolicka-gimnazija.hr\/wp-content\/uploads\/2017\/10\/P1010152_resized-1024x766.jpg 1024w, https:\/\/katolicka-gimnazija.hr\/wp-content\/uploads\/2017\/10\/P1010152_resized-360x269.jpg 360w, https:\/\/katolicka-gimnazija.hr\/wp-content\/uploads\/2017\/10\/P1010152_resized-750x561.jpg 750w, https:\/\/katolicka-gimnazija.hr\/wp-content\/uploads\/2017\/10\/P1010152_resized-400x299.jpg 400w, https:\/\/katolicka-gimnazija.hr\/wp-content\/uploads\/2017\/10\/P1010152_resized-430x322.jpg 430w, https:\/\/katolicka-gimnazija.hr\/wp-content\/uploads\/2017\/10\/P1010152_resized-150x112.jpg 150w, https:\/\/katolicka-gimnazija.hr\/wp-content\/uploads\/2017\/10\/P1010152_resized-100x75.jpg 100w, https:\/\/katolicka-gimnazija.hr\/wp-content\/uploads\/2017\/10\/P1010152_resized.jpg 1144w\" sizes=\"auto, (max-width: 300px) 100vw, 300px\" \/><\/a>\n\t\t\t<\/div><\/figure><figure class='gallery-item'>\n\t\t\t<div class='gallery-icon landscape'>\n\t\t\t\t<a href='https:\/\/katolicka-gimnazija.hr\/wp-content\/uploads\/2017\/10\/P1010153_resized.jpg'><img loading=\"lazy\" decoding=\"async\" width=\"300\" height=\"224\" src=\"https:\/\/katolicka-gimnazija.hr\/wp-content\/uploads\/2017\/10\/P1010153_resized-300x224.jpg\" class=\"attachment-medium size-medium\" alt=\"\" srcset=\"https:\/\/katolicka-gimnazija.hr\/wp-content\/uploads\/2017\/10\/P1010153_resized-300x224.jpg 300w, https:\/\/katolicka-gimnazija.hr\/wp-content\/uploads\/2017\/10\/P1010153_resized-768x575.jpg 768w, https:\/\/katolicka-gimnazija.hr\/wp-content\/uploads\/2017\/10\/P1010153_resized-1024x766.jpg 1024w, https:\/\/katolicka-gimnazija.hr\/wp-content\/uploads\/2017\/10\/P1010153_resized-360x269.jpg 360w, https:\/\/katolicka-gimnazija.hr\/wp-content\/uploads\/2017\/10\/P1010153_resized-750x561.jpg 750w, https:\/\/katolicka-gimnazija.hr\/wp-content\/uploads\/2017\/10\/P1010153_resized-400x299.jpg 400w, https:\/\/katolicka-gimnazija.hr\/wp-content\/uploads\/2017\/10\/P1010153_resized-430x322.jpg 430w, https:\/\/katolicka-gimnazija.hr\/wp-content\/uploads\/2017\/10\/P1010153_resized-150x112.jpg 150w, https:\/\/katolicka-gimnazija.hr\/wp-content\/uploads\/2017\/10\/P1010153_resized-100x75.jpg 100w, https:\/\/katolicka-gimnazija.hr\/wp-content\/uploads\/2017\/10\/P1010153_resized.jpg 1144w\" sizes=\"auto, (max-width: 300px) 100vw, 300px\" \/><\/a>\n\t\t\t<\/div><\/figure><figure class='gallery-item'>\n\t\t\t<div class='gallery-icon landscape'>\n\t\t\t\t<a href='https:\/\/katolicka-gimnazija.hr\/wp-content\/uploads\/2017\/10\/P1010154_resized.jpg'><img loading=\"lazy\" decoding=\"async\" width=\"300\" height=\"224\" src=\"https:\/\/katolicka-gimnazija.hr\/wp-content\/uploads\/2017\/10\/P1010154_resized-300x224.jpg\" class=\"attachment-medium size-medium\" alt=\"\" srcset=\"https:\/\/katolicka-gimnazija.hr\/wp-content\/uploads\/2017\/10\/P1010154_resized-300x224.jpg 300w, https:\/\/katolicka-gimnazija.hr\/wp-content\/uploads\/2017\/10\/P1010154_resized-768x575.jpg 768w, https:\/\/katolicka-gimnazija.hr\/wp-content\/uploads\/2017\/10\/P1010154_resized-1024x766.jpg 1024w, https:\/\/katolicka-gimnazija.hr\/wp-content\/uploads\/2017\/10\/P1010154_resized-360x269.jpg 360w, https:\/\/katolicka-gimnazija.hr\/wp-content\/uploads\/2017\/10\/P1010154_resized-750x561.jpg 750w, https:\/\/katolicka-gimnazija.hr\/wp-content\/uploads\/2017\/10\/P1010154_resized-400x299.jpg 400w, https:\/\/katolicka-gimnazija.hr\/wp-content\/uploads\/2017\/10\/P1010154_resized-430x322.jpg 430w, https:\/\/katolicka-gimnazija.hr\/wp-content\/uploads\/2017\/10\/P1010154_resized-150x112.jpg 150w, https:\/\/katolicka-gimnazija.hr\/wp-content\/uploads\/2017\/10\/P1010154_resized-100x75.jpg 100w, https:\/\/katolicka-gimnazija.hr\/wp-content\/uploads\/2017\/10\/P1010154_resized.jpg 1144w\" sizes=\"auto, (max-width: 300px) 100vw, 300px\" \/><\/a>\n\t\t\t<\/div><\/figure><figure class='gallery-item'>\n\t\t\t<div class='gallery-icon landscape'>\n\t\t\t\t<a href='https:\/\/katolicka-gimnazija.hr\/wp-content\/uploads\/2017\/10\/P1010155_resized.jpg'><img loading=\"lazy\" decoding=\"async\" width=\"300\" height=\"224\" src=\"https:\/\/katolicka-gimnazija.hr\/wp-content\/uploads\/2017\/10\/P1010155_resized-300x224.jpg\" class=\"attachment-medium size-medium\" alt=\"\" srcset=\"https:\/\/katolicka-gimnazija.hr\/wp-content\/uploads\/2017\/10\/P1010155_resized-300x224.jpg 300w, https:\/\/katolicka-gimnazija.hr\/wp-content\/uploads\/2017\/10\/P1010155_resized-768x575.jpg 768w, https:\/\/katolicka-gimnazija.hr\/wp-content\/uploads\/2017\/10\/P1010155_resized-1024x766.jpg 1024w, https:\/\/katolicka-gimnazija.hr\/wp-content\/uploads\/2017\/10\/P1010155_resized-360x269.jpg 360w, https:\/\/katolicka-gimnazija.hr\/wp-content\/uploads\/2017\/10\/P1010155_resized-750x561.jpg 750w, https:\/\/katolicka-gimnazija.hr\/wp-content\/uploads\/2017\/10\/P1010155_resized-400x299.jpg 400w, https:\/\/katolicka-gimnazija.hr\/wp-content\/uploads\/2017\/10\/P1010155_resized-430x322.jpg 430w, https:\/\/katolicka-gimnazija.hr\/wp-content\/uploads\/2017\/10\/P1010155_resized-150x112.jpg 150w, https:\/\/katolicka-gimnazija.hr\/wp-content\/uploads\/2017\/10\/P1010155_resized-100x75.jpg 100w, https:\/\/katolicka-gimnazija.hr\/wp-content\/uploads\/2017\/10\/P1010155_resized.jpg 1144w\" sizes=\"auto, (max-width: 300px) 100vw, 300px\" \/><\/a>\n\t\t\t<\/div><\/figure>\n\t\t<\/div>\n\n","protected":false},"excerpt":{"rendered":"<p>Na inicijativu istaknutih \u010dlanova Bratov\u0161tine sv. Jurja iz Samobora, g. Dragutina Novosela i Vlade Tr\u010daka, Bratov\u0161tina je s predsjednikom g. Stjepanom Biberom pohodila Po\u017eegu u subotu 21. listopada 2017. Ravnatelj Katoli\u010dke gimnazije u Po\u017eegi s veseljem se prihvatio doma\u0107instva njihova gostovanja, do\u010dekao ih u na\u0161oj \u0161koli, izlo\u017eio program boravka i prepustio vodstvu svojih profesora. Zahvaljuju\u0107i [&hellip;]<\/p>\n","protected":false},"author":41,"featured_media":11255,"comment_status":"closed","ping_status":"closed","sticky":false,"template":"","format":"standard","meta":{"footnotes":""},"categories":[2],"tags":[],"class_list":["post-11249","post","type-post","status-publish","format-standard","has-post-thumbnail","hentry","category-vijesti"],"_links":{"self":[{"href":"https:\/\/katolicka-gimnazija.hr\/index.php\/wp-json\/wp\/v2\/posts\/11249","targetHints":{"allow":["GET"]}}],"collection":[{"href":"https:\/\/katolicka-gimnazija.hr\/index.php\/wp-json\/wp\/v2\/posts"}],"about":[{"href":"https:\/\/katolicka-gimnazija.hr\/index.php\/wp-json\/wp\/v2\/types\/post"}],"author":[{"embeddable":true,"href":"https:\/\/katolicka-gimnazija.hr\/index.php\/wp-json\/wp\/v2\/users\/41"}],"replies":[{"embeddable":true,"href":"https:\/\/katolicka-gimnazija.hr\/index.php\/wp-json\/wp\/v2\/comments?post=11249"}],"version-history":[{"count":3,"href":"https:\/\/katolicka-gimnazija.hr\/index.php\/wp-json\/wp\/v2\/posts\/11249\/revisions"}],"predecessor-version":[{"id":14779,"href":"https:\/\/katolicka-gimnazija.hr\/index.php\/wp-json\/wp\/v2\/posts\/11249\/revisions\/14779"}],"wp:featuredmedia":[{"embeddable":true,"href":"https:\/\/katolicka-gimnazija.hr\/index.php\/wp-json\/wp\/v2\/media\/11255"}],"wp:attachment":[{"href":"https:\/\/katolicka-gimnazija.hr\/index.php\/wp-json\/wp\/v2\/media?parent=11249"}],"wp:term":[{"taxonomy":"category","embeddable":true,"href":"https:\/\/katolicka-gimnazija.hr\/index.php\/wp-json\/wp\/v2\/categories?post=11249"},{"taxonomy":"post_tag","embeddable":true,"href":"https:\/\/katolicka-gimnazija.hr\/index.php\/wp-json\/wp\/v2\/tags?post=11249"}],"curies":[{"name":"wp","href":"https:\/\/api.w.org\/{rel}","templated":true}]}}