{"id":11381,"date":"2017-11-09T14:28:59","date_gmt":"2017-11-09T14:28:59","guid":{"rendered":"http:\/\/katolicka-gimnazija.hr\/?p=11381"},"modified":"2018-12-28T13:38:01","modified_gmt":"2018-12-28T13:38:01","slug":"informacije-o-radu-1-sjednice-razrednog-vijeca","status":"publish","type":"post","link":"https:\/\/katolicka-gimnazija.hr\/index.php\/2017\/11\/09\/informacije-o-radu-1-sjednice-razrednog-vijeca\/","title":{"rendered":"Informacije o radu 1. sjednice Razrednog vije\u0107a"},"content":{"rendered":"<p><em>1. sjednica Razrednog vije\u0107a razrednog odjela 2.b Katoli\u010dke gimnazije s pravom javnosti u \u0161kolskoj godini 2017.\/2018. dana 3. studenoga 2017. godine s po\u010detkom u 09:35 sati<\/em><\/p>\n<p>&nbsp;<\/p>\n<p>Dnevni red:<\/p>\n<ol>\n<li>Usvajanje Zapisnika s prethodne sjednice Razrednog vije\u0107a Katoli\u010dke gimnazije s pravom javnosti<\/li>\n<li>Izricanje pedago\u0161ke mjere ukora<\/li>\n<li>Razno<\/li>\n<\/ol>\n<p>&nbsp; <\/p>\n","protected":false},"excerpt":{"rendered":"<p>1. sjednica Razrednog vije\u0107a razrednog odjela 2.b Katoli\u010dke gimnazije s pravom javnosti u \u0161kolskoj godini 2017.\/2018. dana 3. studenoga 2017. godine s po\u010detkom u 09:35 sati &nbsp; Dnevni red: Usvajanje Zapisnika s prethodne sjednice Razrednog vije\u0107a Katoli\u010dke gimnazije s pravom javnosti Izricanje pedago\u0161ke mjere ukora Razno &nbsp;<\/p>\n","protected":false},"author":1,"featured_media":0,"comment_status":"closed","ping_status":"closed","sticky":false,"template":"","format":"standard","meta":{"footnotes":""},"categories":[2],"tags":[],"class_list":["post-11381","post","type-post","status-publish","format-standard","hentry","category-vijesti"],"_links":{"self":[{"href":"https:\/\/katolicka-gimnazija.hr\/index.php\/wp-json\/wp\/v2\/posts\/11381","targetHints":{"allow":["GET"]}}],"collection":[{"href":"https:\/\/katolicka-gimnazija.hr\/index.php\/wp-json\/wp\/v2\/posts"}],"about":[{"href":"https:\/\/katolicka-gimnazija.hr\/index.php\/wp-json\/wp\/v2\/types\/post"}],"author":[{"embeddable":true,"href":"https:\/\/katolicka-gimnazija.hr\/index.php\/wp-json\/wp\/v2\/users\/1"}],"replies":[{"embeddable":true,"href":"https:\/\/katolicka-gimnazija.hr\/index.php\/wp-json\/wp\/v2\/comments?post=11381"}],"version-history":[{"count":2,"href":"https:\/\/katolicka-gimnazija.hr\/index.php\/wp-json\/wp\/v2\/posts\/11381\/revisions"}],"predecessor-version":[{"id":14774,"href":"https:\/\/katolicka-gimnazija.hr\/index.php\/wp-json\/wp\/v2\/posts\/11381\/revisions\/14774"}],"wp:attachment":[{"href":"https:\/\/katolicka-gimnazija.hr\/index.php\/wp-json\/wp\/v2\/media?parent=11381"}],"wp:term":[{"taxonomy":"category","embeddable":true,"href":"https:\/\/katolicka-gimnazija.hr\/index.php\/wp-json\/wp\/v2\/categories?post=11381"},{"taxonomy":"post_tag","embeddable":true,"href":"https:\/\/katolicka-gimnazija.hr\/index.php\/wp-json\/wp\/v2\/tags?post=11381"}],"curies":[{"name":"wp","href":"https:\/\/api.w.org\/{rel}","templated":true}]}}