{"id":11382,"date":"2017-11-09T14:29:37","date_gmt":"2017-11-09T14:29:37","guid":{"rendered":"http:\/\/katolicka-gimnazija.hr\/?p=11382"},"modified":"2018-12-28T13:37:53","modified_gmt":"2018-12-28T13:37:53","slug":"informacije-o-radu-4-sjednice-nastavnickog-vijeca-3","status":"publish","type":"post","link":"https:\/\/katolicka-gimnazija.hr\/index.php\/2017\/11\/09\/informacije-o-radu-4-sjednice-nastavnickog-vijeca-3\/","title":{"rendered":"Informacije o radu 4. sjednice Nastavni\u010dkog vije\u0107a"},"content":{"rendered":"<p><em>4. sjednica Nastavni\u010dkog vije\u0107a Katoli\u010dke gimnazije s pravom javnosti u \u0161kolskoj godini 2017.\/2018. dana 3. studenoga 2017. godine s po\u010detkom u 09:40 sati<\/em><\/p>\n<p>&nbsp;<\/p>\n<p>Dnevni red:<\/p>\n<ol>\n<li>Usvajanje Zapisnika s prethodne sjednice Nastavni\u010dkog vije\u0107a Katoli\u010dke gimnazije s pravom javnosti<\/li>\n<li>Odlu\u010divanje o promjeni programa u Katoli\u010dkoj gimnaziji s pravom javnosti odnosno prelasku iz druge \u0161kole u Katoli\u010dku gimnaziju s pravom javnosti te<\/li>\n<li>Odre\u0111ivanje sadr\u017eaja, na\u010dina i rokova polaganja razlikovnih i\/ili dopunskih ispita u\u010denika koji mijenja program u Katoli\u010dkoj gimnaziji s pravom javnosti<\/li>\n<li>Razno<\/li>\n<\/ol>\n<p>&nbsp; <\/p>\n","protected":false},"excerpt":{"rendered":"<p>4. sjednica Nastavni\u010dkog vije\u0107a Katoli\u010dke gimnazije s pravom javnosti u \u0161kolskoj godini 2017.\/2018. dana 3. studenoga 2017. godine s po\u010detkom u 09:40 sati &nbsp; Dnevni red: Usvajanje Zapisnika s prethodne sjednice Nastavni\u010dkog vije\u0107a Katoli\u010dke gimnazije s pravom javnosti Odlu\u010divanje o promjeni programa u Katoli\u010dkoj gimnaziji s pravom javnosti odnosno prelasku iz druge \u0161kole u Katoli\u010dku [&hellip;]<\/p>\n","protected":false},"author":1,"featured_media":0,"comment_status":"closed","ping_status":"closed","sticky":false,"template":"","format":"standard","meta":{"footnotes":""},"categories":[2],"tags":[],"class_list":["post-11382","post","type-post","status-publish","format-standard","hentry","category-vijesti"],"_links":{"self":[{"href":"https:\/\/katolicka-gimnazija.hr\/index.php\/wp-json\/wp\/v2\/posts\/11382","targetHints":{"allow":["GET"]}}],"collection":[{"href":"https:\/\/katolicka-gimnazija.hr\/index.php\/wp-json\/wp\/v2\/posts"}],"about":[{"href":"https:\/\/katolicka-gimnazija.hr\/index.php\/wp-json\/wp\/v2\/types\/post"}],"author":[{"embeddable":true,"href":"https:\/\/katolicka-gimnazija.hr\/index.php\/wp-json\/wp\/v2\/users\/1"}],"replies":[{"embeddable":true,"href":"https:\/\/katolicka-gimnazija.hr\/index.php\/wp-json\/wp\/v2\/comments?post=11382"}],"version-history":[{"count":2,"href":"https:\/\/katolicka-gimnazija.hr\/index.php\/wp-json\/wp\/v2\/posts\/11382\/revisions"}],"predecessor-version":[{"id":14773,"href":"https:\/\/katolicka-gimnazija.hr\/index.php\/wp-json\/wp\/v2\/posts\/11382\/revisions\/14773"}],"wp:attachment":[{"href":"https:\/\/katolicka-gimnazija.hr\/index.php\/wp-json\/wp\/v2\/media?parent=11382"}],"wp:term":[{"taxonomy":"category","embeddable":true,"href":"https:\/\/katolicka-gimnazija.hr\/index.php\/wp-json\/wp\/v2\/categories?post=11382"},{"taxonomy":"post_tag","embeddable":true,"href":"https:\/\/katolicka-gimnazija.hr\/index.php\/wp-json\/wp\/v2\/tags?post=11382"}],"curies":[{"name":"wp","href":"https:\/\/api.w.org\/{rel}","templated":true}]}}