{"id":11390,"date":"2017-11-09T14:31:53","date_gmt":"2017-11-09T14:31:53","guid":{"rendered":"http:\/\/katolicka-gimnazija.hr\/?p=11390"},"modified":"2018-12-28T13:37:22","modified_gmt":"2018-12-28T13:37:22","slug":"zakljucci-s-3-sjednice-nastavnickog-vijeca-3","status":"publish","type":"post","link":"https:\/\/katolicka-gimnazija.hr\/index.php\/2017\/11\/09\/zakljucci-s-3-sjednice-nastavnickog-vijeca-3\/","title":{"rendered":"Zaklju\u010dci s 3. sjednice Nastavni\u010dkog vije\u0107a"},"content":{"rendered":"<p><em>Zaklju\u010dci s 3. sjednice Nastavni\u010dkog vije\u0107a Katoli\u010dke gimnazije s pravom javnosti u \u0161kolskoj godini 2017.\/2018.<\/em><\/p>\n<p>&nbsp;<\/p>\n<p>Na 3. sjednici Nastavni\u010dkog vije\u0107a Katoli\u010dke gimnazije s pravom javnosti odr\u017eanoj dana 26. listopada 2017. godine:<\/p>\n<p>&nbsp;<\/p>\n<ol>\n<li>Usvojen je Zapisnik s prethodne sjednice Nastavni\u010dkog vije\u0107a Katoli\u010dke gimnazije s pravom javnosti odr\u017eane dana 26. rujna 2017. godine bez primjedbi.<\/li>\n<\/ol>\n<ol start=\"2\">\n<li>Odlu\u010deno je da se osloba\u0111aju od poha\u0111anja nastave nastavnog predmeta Tjelesne i zdravstvene kulture <em>(informacija ograni\u010dena)<\/em>, u\u010denica 2.a razrednog odjela, i <em>(informacija ograni\u010dena)<\/em>, u\u010denik 2.b razrednog odjela u \u0161kolskoj godini 2017.\/2018. zbog opravdanog razloga.<\/li>\n<\/ol>\n<ol start=\"3\">\n<li>Zatra\u017eeno je razumijevanje za u\u010denicu koja je mnogo izostajala zbog opravdanog razloga. Upozorilo se na nedovoljan broj ocjena kod pojedinih u\u010denika zbog izbjegavanja pisanih provjera.\u00a0 Raspravljalo se o izostancima, osobito u\u010denika 4. razreda.\u00a0Obavijestilo se o savjetovanju u\u010denika 4. razreda sa Hrvatskim zavodom za zapo\u0161ljavanje o profesionalnim namjerama.<\/li>\n<\/ol>\n<p>&nbsp; <\/p>\n","protected":false},"excerpt":{"rendered":"<p>Zaklju\u010dci s 3. sjednice Nastavni\u010dkog vije\u0107a Katoli\u010dke gimnazije s pravom javnosti u \u0161kolskoj godini 2017.\/2018. &nbsp; Na 3. sjednici Nastavni\u010dkog vije\u0107a Katoli\u010dke gimnazije s pravom javnosti odr\u017eanoj dana 26. listopada 2017. godine: &nbsp; Usvojen je Zapisnik s prethodne sjednice Nastavni\u010dkog vije\u0107a Katoli\u010dke gimnazije s pravom javnosti odr\u017eane dana 26. rujna 2017. godine bez primjedbi. Odlu\u010deno [&hellip;]<\/p>\n","protected":false},"author":1,"featured_media":0,"comment_status":"closed","ping_status":"closed","sticky":false,"template":"","format":"standard","meta":{"footnotes":""},"categories":[2],"tags":[],"class_list":["post-11390","post","type-post","status-publish","format-standard","hentry","category-vijesti"],"_links":{"self":[{"href":"https:\/\/katolicka-gimnazija.hr\/index.php\/wp-json\/wp\/v2\/posts\/11390","targetHints":{"allow":["GET"]}}],"collection":[{"href":"https:\/\/katolicka-gimnazija.hr\/index.php\/wp-json\/wp\/v2\/posts"}],"about":[{"href":"https:\/\/katolicka-gimnazija.hr\/index.php\/wp-json\/wp\/v2\/types\/post"}],"author":[{"embeddable":true,"href":"https:\/\/katolicka-gimnazija.hr\/index.php\/wp-json\/wp\/v2\/users\/1"}],"replies":[{"embeddable":true,"href":"https:\/\/katolicka-gimnazija.hr\/index.php\/wp-json\/wp\/v2\/comments?post=11390"}],"version-history":[{"count":2,"href":"https:\/\/katolicka-gimnazija.hr\/index.php\/wp-json\/wp\/v2\/posts\/11390\/revisions"}],"predecessor-version":[{"id":14769,"href":"https:\/\/katolicka-gimnazija.hr\/index.php\/wp-json\/wp\/v2\/posts\/11390\/revisions\/14769"}],"wp:attachment":[{"href":"https:\/\/katolicka-gimnazija.hr\/index.php\/wp-json\/wp\/v2\/media?parent=11390"}],"wp:term":[{"taxonomy":"category","embeddable":true,"href":"https:\/\/katolicka-gimnazija.hr\/index.php\/wp-json\/wp\/v2\/categories?post=11390"},{"taxonomy":"post_tag","embeddable":true,"href":"https:\/\/katolicka-gimnazija.hr\/index.php\/wp-json\/wp\/v2\/tags?post=11390"}],"curies":[{"name":"wp","href":"https:\/\/api.w.org\/{rel}","templated":true}]}}