{"id":11405,"date":"2017-11-09T17:02:36","date_gmt":"2017-11-09T17:02:36","guid":{"rendered":"http:\/\/katolicka-gimnazija.hr\/?p=11405"},"modified":"2018-12-28T13:36:56","modified_gmt":"2018-12-28T13:36:56","slug":"susret-prvih-s-glumicom-i-knjizevnicom-vlastom-golub","status":"publish","type":"post","link":"https:\/\/katolicka-gimnazija.hr\/index.php\/2017\/11\/09\/susret-prvih-s-glumicom-i-knjizevnicom-vlastom-golub\/","title":{"rendered":"Susret prvih s glumicom i knji\u017eevnicom Vlastom Golub"},"content":{"rendered":"<p style=\"text-align: center;\"><strong>Susret prvih s glumicom i knji\u017eevnicom Vlastom Golub<\/strong><\/p>\n<p style=\"text-align: center;\"><strong>Predstavljanje knjige <em>O ljubavi, spletkama i svemu pomalo<\/em><\/strong><\/p>\n<p><a href=\"http:\/\/katolicka-gimnazija.hr\/wp-content\/uploads\/2017\/11\/DSC_4981.jpg\"><img loading=\"lazy\" decoding=\"async\" class=\"alignleft wp-image-11407 size-medium\" src=\"http:\/\/katolicka-gimnazija.hr\/wp-content\/uploads\/2017\/11\/DSC_4981-300x200.jpg\" alt=\"DSC_4981\" width=\"300\" height=\"200\" srcset=\"https:\/\/katolicka-gimnazija.hr\/wp-content\/uploads\/2017\/11\/DSC_4981-300x200.jpg 300w, https:\/\/katolicka-gimnazija.hr\/wp-content\/uploads\/2017\/11\/DSC_4981-768x512.jpg 768w, https:\/\/katolicka-gimnazija.hr\/wp-content\/uploads\/2017\/11\/DSC_4981-1024x683.jpg 1024w, https:\/\/katolicka-gimnazija.hr\/wp-content\/uploads\/2017\/11\/DSC_4981-360x240.jpg 360w, https:\/\/katolicka-gimnazija.hr\/wp-content\/uploads\/2017\/11\/DSC_4981-750x500.jpg 750w, https:\/\/katolicka-gimnazija.hr\/wp-content\/uploads\/2017\/11\/DSC_4981-400x267.jpg 400w, https:\/\/katolicka-gimnazija.hr\/wp-content\/uploads\/2017\/11\/DSC_4981-430x287.jpg 430w, https:\/\/katolicka-gimnazija.hr\/wp-content\/uploads\/2017\/11\/DSC_4981-150x100.jpg 150w, https:\/\/katolicka-gimnazija.hr\/wp-content\/uploads\/2017\/11\/DSC_4981-100x67.jpg 100w, https:\/\/katolicka-gimnazija.hr\/wp-content\/uploads\/2017\/11\/DSC_4981.jpg 1500w\" sizes=\"auto, (max-width: 300px) 100vw, 300px\" \/><\/a>Povodom Mjeseca hrvatske knjige ovu su se srijedu, 9. studenog, u\u010denici na\u0161ih prvih razreda odazvali pozivu ravnateljice Gradske knji\u017enice Po\u017eega Aleksandre Pavlovi\u0107 na predstavljanje knjige <em>O ljubavi, spletkama i svemu pomalo<\/em> viroviti\u010dke iskusne glumice i novope\u010dene knji\u017eevnice Vlaste Golub. Budu\u0107i da je upravo za na\u0161e u\u010denike uprili\u010den susret s knji\u017eevnicom oni su imali priliku iz prve ruke dobiti odgovore na sva pitanja kako o knjizi tako i o samom procesu nastajanja iste.<\/p>\n<p>Simpati\u010dna spisateljica koja je diplomirala na Filozofskom fakultetu, a danas radi u viroviti\u010dkom kazali\u0161tu, ka\u017ee kako je ovo njena prva knjiga, ali da na njoj ne misli stati. Za svoj prvijenac, knjigu \u010diji su glavni protagonisti mla\u0111i tinejd\u017eeri Jaga, Dora, Nina i dr., Vlasta Golub osvojila je nagradu <em>Zvonko<\/em>, koja se dodjeljuje u kategoriji najboljeg neobjavljenog rukopisa. Saznali smo da je roman pomalo autobiografski jer je spisateljica temu prona\u0161la u svojoj okolini (svome <em>malome <\/em>gradu) i iskoristila neke doga\u0111aje i motive iz vlastitog i \u017eivota svoje obitelji (ono \u0161to je <em>njapro\u017eivljenije<\/em>). Knjigu je pisala u prvome licu i u prezentu upravo iz razloga da bude bliskija na\u0161im tinejd\u017eerima koji bi se op\u0107enito u knji\u017eevnim djelima trebali poku\u0161ati identificirati s knji\u017eevnim likovima.<\/p>\n<p>Roman, izme\u0111u ostalog, govori o odrastanju i tinejd\u017eerskom pogledu na sebe i svijet, problemu samopouzdanja, <a href=\"http:\/\/katolicka-gimnazija.hr\/wp-content\/uploads\/2017\/11\/DSC_4987.jpg\"><img loading=\"lazy\" decoding=\"async\" class=\"alignright wp-image-11408 size-medium\" src=\"http:\/\/katolicka-gimnazija.hr\/wp-content\/uploads\/2017\/11\/DSC_4987-300x200.jpg\" alt=\"DSC_4987\" width=\"300\" height=\"200\" srcset=\"https:\/\/katolicka-gimnazija.hr\/wp-content\/uploads\/2017\/11\/DSC_4987-300x200.jpg 300w, https:\/\/katolicka-gimnazija.hr\/wp-content\/uploads\/2017\/11\/DSC_4987-768x512.jpg 768w, https:\/\/katolicka-gimnazija.hr\/wp-content\/uploads\/2017\/11\/DSC_4987-1024x683.jpg 1024w, https:\/\/katolicka-gimnazija.hr\/wp-content\/uploads\/2017\/11\/DSC_4987-360x240.jpg 360w, https:\/\/katolicka-gimnazija.hr\/wp-content\/uploads\/2017\/11\/DSC_4987-750x500.jpg 750w, https:\/\/katolicka-gimnazija.hr\/wp-content\/uploads\/2017\/11\/DSC_4987-400x267.jpg 400w, https:\/\/katolicka-gimnazija.hr\/wp-content\/uploads\/2017\/11\/DSC_4987-430x287.jpg 430w, https:\/\/katolicka-gimnazija.hr\/wp-content\/uploads\/2017\/11\/DSC_4987-150x100.jpg 150w, https:\/\/katolicka-gimnazija.hr\/wp-content\/uploads\/2017\/11\/DSC_4987-100x67.jpg 100w, https:\/\/katolicka-gimnazija.hr\/wp-content\/uploads\/2017\/11\/DSC_4987.jpg 1500w\" sizes=\"auto, (max-width: 300px) 100vw, 300px\" \/><\/a>glazbi koja <em>nije<\/em> i ne bi trebala biti turbofolk,\u00a0va\u017enosti prijateljstva, mladena\u010dkom pogledu na zaljubljivanje, va\u017enosti komunikacije\u2026 Spisateljica je na\u0161im tinejd\u017eerima posebno naglasila upravo va\u017enost komunikacije izme\u0111u roditelja i tinejd\u017eera koja mo\u017ee sprije\u010diti da manji problemi, pa i incidenti koji se, na\u017ealost, u \u0161kolama pojavljuju, ne prije\u0111u u psihi\u010dko nasilje koje nekada mo\u017ee biti te\u017ee od fizi\u010dkog. Naime, dramu u \u017eivot mlade, samozatajne i nesigurne junakinje Jage unosi pismo koje dobiva za Valentinovo, ali koje nije ljubavno ve\u0107, rekli bismo, <em>hejtersko<\/em>. Vlasta Golub tako promi\u0161lja o problemu o kojem treba govoriti i nudi rje\u0161enja kako se s takvim situacijama treba nositi.<\/p>\n<p>Budu\u0107i da je, kako je sama rekla, ve\u0107 25 godina aktivna u kazali\u0161tu, njena se glavna junakinja Jaga, ina\u010de izvrsna u \u0161kolskom literarnom izra\u017eavanju, odlu\u010duje napisati dramski komad u kojem nastoji prikazati svoj \u017eivot i pretpostaviti neka mogu\u0107a razrje\u0161enja situacije u kojoj se ne \u017eele\u0107i na\u0161la. Iako je tema dosta ozbiljna, autorica ju je pro\u017eela humoristi\u010dnim scenama i likovima koji djelo \u010dine jo\u0161 ugodnijim i \u010ditljivijim.<\/p>\n<p><a href=\"http:\/\/katolicka-gimnazija.hr\/wp-content\/uploads\/2017\/11\/DSC_4994.jpg\"><img loading=\"lazy\" decoding=\"async\" class=\"alignleft wp-image-11410 size-medium\" src=\"http:\/\/katolicka-gimnazija.hr\/wp-content\/uploads\/2017\/11\/DSC_4994-300x200.jpg\" alt=\"DSC_4994\" width=\"300\" height=\"200\" srcset=\"https:\/\/katolicka-gimnazija.hr\/wp-content\/uploads\/2017\/11\/DSC_4994-300x200.jpg 300w, https:\/\/katolicka-gimnazija.hr\/wp-content\/uploads\/2017\/11\/DSC_4994-768x512.jpg 768w, https:\/\/katolicka-gimnazija.hr\/wp-content\/uploads\/2017\/11\/DSC_4994-1024x683.jpg 1024w, https:\/\/katolicka-gimnazija.hr\/wp-content\/uploads\/2017\/11\/DSC_4994-360x240.jpg 360w, https:\/\/katolicka-gimnazija.hr\/wp-content\/uploads\/2017\/11\/DSC_4994-750x500.jpg 750w, https:\/\/katolicka-gimnazija.hr\/wp-content\/uploads\/2017\/11\/DSC_4994-400x267.jpg 400w, https:\/\/katolicka-gimnazija.hr\/wp-content\/uploads\/2017\/11\/DSC_4994-430x287.jpg 430w, https:\/\/katolicka-gimnazija.hr\/wp-content\/uploads\/2017\/11\/DSC_4994-150x100.jpg 150w, https:\/\/katolicka-gimnazija.hr\/wp-content\/uploads\/2017\/11\/DSC_4994-100x67.jpg 100w, https:\/\/katolicka-gimnazija.hr\/wp-content\/uploads\/2017\/11\/DSC_4994.jpg 1500w\" sizes=\"auto, (max-width: 300px) 100vw, 300px\" \/><\/a>Na\u0161e u\u010denike zanimalo je priprema li jo\u0161 koju knjigu i ho\u0107e li biti sli\u010dne tematike na \u0161to je knji\u017eevnica odgovorila da je u pripremi knjiga koja ponovno govori o raznim dru\u0161tvenim i socijalnim problemima, a prilago\u0111enija je srednjo\u0161kolskom uzrastu. Gospo\u0111a Golub nije mogla odoljeti a da s na\u0161im u\u010denicima ne podijeli svoja \u010ditala\u010dka iskustva iz djetinjstva i mladosti koja su joj koristila u stvaranju ove knjige u nastajanju a koja ve\u0107 ima svoj radni naslov <em>Eva, mala \u017eena<\/em>.<\/p>\n<p>Knjiga <em>O ljubavi, spletkama i svemu pomalo<\/em> mo\u017ee se posuditi u Gradskoj knji\u017enici Po\u017eega. Knjiga je to koja se lako \u010dita, a kada ju jednom uzmete u ruke, ne\u0107ete ju mo\u0107i ispustiti dok ne saznate <em>tko je napisao to fatalno pismo koje je glavna junakinja romana dobila za Valentinovo<\/em>. <\/p>\n","protected":false},"excerpt":{"rendered":"<p>Susret prvih s glumicom i knji\u017eevnicom Vlastom Golub Predstavljanje knjige O ljubavi, spletkama i svemu pomalo Povodom Mjeseca hrvatske knjige ovu su se srijedu, 9. studenog, u\u010denici na\u0161ih prvih razreda odazvali pozivu ravnateljice Gradske knji\u017enice Po\u017eega Aleksandre Pavlovi\u0107 na predstavljanje knjige O ljubavi, spletkama i svemu pomalo viroviti\u010dke iskusne glumice i novope\u010dene knji\u017eevnice Vlaste Golub. [&hellip;]<\/p>\n","protected":false},"author":60,"featured_media":11408,"comment_status":"closed","ping_status":"closed","sticky":false,"template":"","format":"standard","meta":{"footnotes":""},"categories":[2],"tags":[],"class_list":["post-11405","post","type-post","status-publish","format-standard","has-post-thumbnail","hentry","category-vijesti"],"_links":{"self":[{"href":"https:\/\/katolicka-gimnazija.hr\/index.php\/wp-json\/wp\/v2\/posts\/11405","targetHints":{"allow":["GET"]}}],"collection":[{"href":"https:\/\/katolicka-gimnazija.hr\/index.php\/wp-json\/wp\/v2\/posts"}],"about":[{"href":"https:\/\/katolicka-gimnazija.hr\/index.php\/wp-json\/wp\/v2\/types\/post"}],"author":[{"embeddable":true,"href":"https:\/\/katolicka-gimnazija.hr\/index.php\/wp-json\/wp\/v2\/users\/60"}],"replies":[{"embeddable":true,"href":"https:\/\/katolicka-gimnazija.hr\/index.php\/wp-json\/wp\/v2\/comments?post=11405"}],"version-history":[{"count":3,"href":"https:\/\/katolicka-gimnazija.hr\/index.php\/wp-json\/wp\/v2\/posts\/11405\/revisions"}],"predecessor-version":[{"id":14766,"href":"https:\/\/katolicka-gimnazija.hr\/index.php\/wp-json\/wp\/v2\/posts\/11405\/revisions\/14766"}],"wp:featuredmedia":[{"embeddable":true,"href":"https:\/\/katolicka-gimnazija.hr\/index.php\/wp-json\/wp\/v2\/media\/11408"}],"wp:attachment":[{"href":"https:\/\/katolicka-gimnazija.hr\/index.php\/wp-json\/wp\/v2\/media?parent=11405"}],"wp:term":[{"taxonomy":"category","embeddable":true,"href":"https:\/\/katolicka-gimnazija.hr\/index.php\/wp-json\/wp\/v2\/categories?post=11405"},{"taxonomy":"post_tag","embeddable":true,"href":"https:\/\/katolicka-gimnazija.hr\/index.php\/wp-json\/wp\/v2\/tags?post=11405"}],"curies":[{"name":"wp","href":"https:\/\/api.w.org\/{rel}","templated":true}]}}