{"id":11414,"date":"2017-11-12T09:23:46","date_gmt":"2017-11-12T09:23:46","guid":{"rendered":"http:\/\/katolicka-gimnazija.hr\/?p=11414"},"modified":"2018-12-28T13:36:47","modified_gmt":"2018-12-28T13:36:47","slug":"jubilarna-40-legendarnog-interlibera","status":"publish","type":"post","link":"https:\/\/katolicka-gimnazija.hr\/index.php\/2017\/11\/12\/jubilarna-40-legendarnog-interlibera\/","title":{"rendered":"Jubilarna 40. legendarnog Interlibera"},"content":{"rendered":"<p>Jubilarni 40. me\u0111unarodni sajam knjiga Interliber ove se godine na Zagreba\u010dkom velesajmu odr\u017eavao od 7. do 12. studenog. Tradicionalni je to vrhunac hrvatske knji\u017eevne godine, ali i Mjeseca hrvatske knjige. Upravo ljubiteljima knjige predstavilo se vi\u0161e od 300 izlaga\u010da iz Hrvatske i inozemstva.<\/p>\n<p>Nastavljaju\u0107i tradiciju prethodnih godina u\u010denici i djelatnici Katoli\u010dke gimnazije u petak su se, 11. studenoga, zaputili\u00a0na Interliber. Do 7 sati svi smo se okupili na autobusnom kolodvoru i krenuli ka stjecanju nekih novih iskustava. Na\u0161e prvo odredi\u0161te bio je posjet zajednici Cenacolo u Vrbovcu. Cenacolo je zajednica koja pru\u017ea pomo\u0107 <a href=\"http:\/\/katolicka-gimnazija.hr\/wp-content\/uploads\/2017\/11\/Vrbovec.jpg\"><img loading=\"lazy\" decoding=\"async\" class=\"alignright wp-image-11418 size-medium\" src=\"http:\/\/katolicka-gimnazija.hr\/wp-content\/uploads\/2017\/11\/Vrbovec-300x200.jpg\" alt=\"Vrbovec\" width=\"300\" height=\"200\" srcset=\"https:\/\/katolicka-gimnazija.hr\/wp-content\/uploads\/2017\/11\/Vrbovec-300x200.jpg 300w, https:\/\/katolicka-gimnazija.hr\/wp-content\/uploads\/2017\/11\/Vrbovec-768x512.jpg 768w, https:\/\/katolicka-gimnazija.hr\/wp-content\/uploads\/2017\/11\/Vrbovec-360x240.jpg 360w, https:\/\/katolicka-gimnazija.hr\/wp-content\/uploads\/2017\/11\/Vrbovec-750x500.jpg 750w, https:\/\/katolicka-gimnazija.hr\/wp-content\/uploads\/2017\/11\/Vrbovec-400x267.jpg 400w, https:\/\/katolicka-gimnazija.hr\/wp-content\/uploads\/2017\/11\/Vrbovec-430x287.jpg 430w, https:\/\/katolicka-gimnazija.hr\/wp-content\/uploads\/2017\/11\/Vrbovec-150x100.jpg 150w, https:\/\/katolicka-gimnazija.hr\/wp-content\/uploads\/2017\/11\/Vrbovec-100x67.jpg 100w, https:\/\/katolicka-gimnazija.hr\/wp-content\/uploads\/2017\/11\/Vrbovec.jpg 1000w\" sizes=\"auto, (max-width: 300px) 100vw, 300px\" \/><\/a>ovisnicima, osobama koje su ve\u0107 i same napravile najva\u017eniji korak uvidjev\u0161i svoj problem i potra\u017eiv\u0161i pomo\u0107. <em>\u201eCenacolo je zajednica koja ne \u017eeli biti samo mjesto oporavka i socijalne skrbi, nego \u0161kola \u017eivota, jedna velika obitelj gdje se prihva\u0107ena osoba mo\u017ee osjetiti kao kod ku\u0107e.\u201c<\/em> Dana 16. srpnja 1983. \u010dasna sestra Elvira Petrozzi, danas poznata kao Majka Elvira, zapo\u010dinje sa zajednicom Cenacolo. U Vrbovcu smo imali priliku \u010duti \u017eivotne pri\u010de dvojice mu\u0161karaca koji su, kako i sami priznali, bili na rubu, ali su se, zahvaljuju\u0107i svojim bli\u017enjima i njihovoj podr\u0161ci, priklju\u010dili zajednici te tako pomogli i njima i samima sebi. U njihovim ispovijestima vidljivo je da je u njihovom oporavku veliku ulogu imala podr\u0161ka bli\u017enjih, ali i vjera. Nakon Cenacola zaputili smo se prema Zagrebu i sajmu Interliber gdje su u\u010denici imali priliku zaviriti u carstvo knjiga i sli\u010dnih sadr\u017eaja. Potom je uslijedilo slobodno vrijeme koje su u\u010denici mogli provesti po svojoj \u017eelji: obilazak grada, dru\u017eenje s prijateljima&#8230;<\/p>\n<p>Ve\u010der je ozna\u010dila kraj na\u0161ega putovanja. Na\u0161e posljednje odredi\u0161te bilo je kazali\u0161te Komedija, tj. predstava Revizor. O <a href=\"http:\/\/katolicka-gimnazija.hr\/wp-content\/uploads\/2017\/11\/slika-16.jpg\"><img loading=\"lazy\" decoding=\"async\" class=\"alignleft wp-image-11417 size-medium\" src=\"http:\/\/katolicka-gimnazija.hr\/wp-content\/uploads\/2017\/11\/slika-16-300x178.jpg\" alt=\"slika 16\" width=\"300\" height=\"178\" srcset=\"https:\/\/katolicka-gimnazija.hr\/wp-content\/uploads\/2017\/11\/slika-16-300x178.jpg 300w, https:\/\/katolicka-gimnazija.hr\/wp-content\/uploads\/2017\/11\/slika-16-360x213.jpg 360w, https:\/\/katolicka-gimnazija.hr\/wp-content\/uploads\/2017\/11\/slika-16-400x237.jpg 400w, https:\/\/katolicka-gimnazija.hr\/wp-content\/uploads\/2017\/11\/slika-16-430x255.jpg 430w, https:\/\/katolicka-gimnazija.hr\/wp-content\/uploads\/2017\/11\/slika-16-150x89.jpg 150w, https:\/\/katolicka-gimnazija.hr\/wp-content\/uploads\/2017\/11\/slika-16-100x59.jpg 100w, https:\/\/katolicka-gimnazija.hr\/wp-content\/uploads\/2017\/11\/slika-16.jpg 680w\" sizes=\"auto, (max-width: 300px) 100vw, 300px\" \/><\/a>drami Revizor, N. V. Gogolja, najbolje govori sama najava predstave kazali\u0161ta Komedija: <em>Drama Revizor bez sumnje spada me\u0111u najpoznatije i najbolje dru\u0161tvene komedije; bavi se ljudskim naravima i negativnim pojavama, ali je i komedija karaktera i situacije, jer moralna iskrivljenost, naopake dru\u0161tvene vrijednosti&#8230;su vje\u010dni.<\/em> U predstavi su glumili brojni poznati hrvatski glumci: Igor Me\u0161in, Filip Juri\u010di\u0107, Dubravka Ostoji\u0107, Ivica Zadro i brojni drugi koji su bili zaslu\u017eni za osmijeh na na\u0161im licima. <\/p>\n","protected":false},"excerpt":{"rendered":"<p>Jubilarni 40. me\u0111unarodni sajam knjiga Interliber ove se godine na Zagreba\u010dkom velesajmu odr\u017eavao od 7. do 12. studenog. Tradicionalni je to vrhunac hrvatske knji\u017eevne godine, ali i Mjeseca hrvatske knjige. Upravo ljubiteljima knjige predstavilo se vi\u0161e od 300 izlaga\u010da iz Hrvatske i inozemstva. Nastavljaju\u0107i tradiciju prethodnih godina u\u010denici i djelatnici Katoli\u010dke gimnazije u petak su [&hellip;]<\/p>\n","protected":false},"author":50,"featured_media":11416,"comment_status":"closed","ping_status":"closed","sticky":false,"template":"","format":"standard","meta":{"footnotes":""},"categories":[2],"tags":[],"class_list":["post-11414","post","type-post","status-publish","format-standard","has-post-thumbnail","hentry","category-vijesti"],"_links":{"self":[{"href":"https:\/\/katolicka-gimnazija.hr\/index.php\/wp-json\/wp\/v2\/posts\/11414","targetHints":{"allow":["GET"]}}],"collection":[{"href":"https:\/\/katolicka-gimnazija.hr\/index.php\/wp-json\/wp\/v2\/posts"}],"about":[{"href":"https:\/\/katolicka-gimnazija.hr\/index.php\/wp-json\/wp\/v2\/types\/post"}],"author":[{"embeddable":true,"href":"https:\/\/katolicka-gimnazija.hr\/index.php\/wp-json\/wp\/v2\/users\/50"}],"replies":[{"embeddable":true,"href":"https:\/\/katolicka-gimnazija.hr\/index.php\/wp-json\/wp\/v2\/comments?post=11414"}],"version-history":[{"count":4,"href":"https:\/\/katolicka-gimnazija.hr\/index.php\/wp-json\/wp\/v2\/posts\/11414\/revisions"}],"predecessor-version":[{"id":14765,"href":"https:\/\/katolicka-gimnazija.hr\/index.php\/wp-json\/wp\/v2\/posts\/11414\/revisions\/14765"}],"wp:featuredmedia":[{"embeddable":true,"href":"https:\/\/katolicka-gimnazija.hr\/index.php\/wp-json\/wp\/v2\/media\/11416"}],"wp:attachment":[{"href":"https:\/\/katolicka-gimnazija.hr\/index.php\/wp-json\/wp\/v2\/media?parent=11414"}],"wp:term":[{"taxonomy":"category","embeddable":true,"href":"https:\/\/katolicka-gimnazija.hr\/index.php\/wp-json\/wp\/v2\/categories?post=11414"},{"taxonomy":"post_tag","embeddable":true,"href":"https:\/\/katolicka-gimnazija.hr\/index.php\/wp-json\/wp\/v2\/tags?post=11414"}],"curies":[{"name":"wp","href":"https:\/\/api.w.org\/{rel}","templated":true}]}}