{"id":11424,"date":"2017-11-13T16:10:42","date_gmt":"2017-11-13T16:10:42","guid":{"rendered":"http:\/\/katolicka-gimnazija.hr\/?p=11424"},"modified":"2017-11-13T16:11:26","modified_gmt":"2017-11-13T16:11:26","slug":"skola-skijanja","status":"publish","type":"post","link":"https:\/\/katolicka-gimnazija.hr\/index.php\/2017\/11\/13\/skola-skijanja\/","title":{"rendered":"\u0160kola skijanja"},"content":{"rendered":"<p><strong><em>EKO\u2013FIS VLA\u0160I\u0106<a href=\"http:\/\/katolicka-gimnazija.hr\/wp-content\/uploads\/2017\/11\/pvjb8epg.jpg\" rel=\"attachment wp-att-11425\"><img loading=\"lazy\" decoding=\"async\" class=\"size-medium wp-image-11425 alignright\" src=\"http:\/\/katolicka-gimnazija.hr\/wp-content\/uploads\/2017\/11\/pvjb8epg-300x186.jpg\" alt=\"pvjb8epg\" width=\"300\" height=\"186\" srcset=\"https:\/\/katolicka-gimnazija.hr\/wp-content\/uploads\/2017\/11\/pvjb8epg-300x186.jpg 300w, https:\/\/katolicka-gimnazija.hr\/wp-content\/uploads\/2017\/11\/pvjb8epg-360x223.jpg 360w, https:\/\/katolicka-gimnazija.hr\/wp-content\/uploads\/2017\/11\/pvjb8epg-400x248.jpg 400w, https:\/\/katolicka-gimnazija.hr\/wp-content\/uploads\/2017\/11\/pvjb8epg-430x266.jpg 430w, https:\/\/katolicka-gimnazija.hr\/wp-content\/uploads\/2017\/11\/pvjb8epg-150x93.jpg 150w, https:\/\/katolicka-gimnazija.hr\/wp-content\/uploads\/2017\/11\/pvjb8epg-100x62.jpg 100w, https:\/\/katolicka-gimnazija.hr\/wp-content\/uploads\/2017\/11\/pvjb8epg.jpg 630w\" sizes=\"auto, (max-width: 300px) 100vw, 300px\" \/><\/a><\/em><\/strong><\/p>\n<p><strong><em>08.2. \u2013 11.2.2018.<\/em><\/strong><\/p>\n<p><strong>OPIS: <\/strong><\/p>\n<p>Katoli\u010dka gimnazija s pravom javnosti iz Po\u017eege od ove godine \u017eeli uvesti u svoj program \u00a0\u0161kolu skijanja koja bi se odnosila na \u010detverodnevni boravak srednjo\u0161kolaca u centru EKO-FIS Vla\u0161i\u0107, a koja bi obuhvatila sadr\u017eajno razli\u010dite skija\u0161ke cjeline koje se me\u0111usobno nadovezuju i nadopunjavaju.<\/p>\n<p><strong>CILJEVI \u0160kole skijanja: <\/strong><\/p>\n<ul>\n<li>nau\u010diti osnovne i napredne elemente skijanja<\/li>\n<li>zadovoljiti potrebe djeteta za kretanjem, kako kroz u\u010denje motori\u010dkih zadataka i sadr\u017eaja tako i putem animacija<\/li>\n<li>educirati djecu o zimskom planinarenju i snala\u017eenju u zimskim uvjetima<\/li>\n<li>stjecanje ljubavi\u00a0 prema\u00a0 zimovanju<\/li>\n<li>socijalizacija i\u00a0 osamostaljivanje\u00a0 djece uz aktivni \u00a0odmor<\/li>\n<li>educirati djecu \u0161kolske populacije o vrijednostima, promicanju i razvijanju svijesti o suradnji sa susjednim zemljama (BiH)<\/li>\n<li>uspostaviti dugogodi\u0161nju suradnju na me\u0111unarodnoj razini.<\/li>\n<\/ul>\n<p><strong>BROJ UKLJU\u010cENIH DJELATNIKA: <\/strong>2 (F. Bari\u0161i\u0107, M. Ragu\u017e)<\/p>\n<p><strong>PROCIJENJENI BROJ SUDIONIKA: <\/strong>45 + 2<\/p>\n<hr \/>\n<p><strong>AKTIVNOSTI I METODE<\/strong><\/p>\n<table>\n<tbody>\n<tr>\n<td colspan=\"3\" width=\"612\"><strong>HODOGRAM AKTIVNOSTI<\/strong><\/td>\n<\/tr>\n<tr>\n<td width=\"140\"><strong>DATUM<\/strong><\/td>\n<td width=\"105\"><strong>LOKACIJA<\/strong><\/td>\n<td width=\"367\"><strong>AKTIVNOSTI<\/strong><\/td>\n<\/tr>\n<tr>\n<td width=\"140\">08.2. (\u010detvrtak)<\/td>\n<td width=\"105\">Po\u017eega<\/p>\n<p>(Katoli\u010dka gimnazija u Po\u017eegi)<\/td>\n<td width=\"367\">\u00b7\u00a0\u00a0\u00a0\u00a0\u00a0\u00a0\u00a0\u00a0 polazak ispred \u0161kole u 8h<\/p>\n<p>\u00b7\u00a0\u00a0\u00a0\u00a0\u00a0\u00a0\u00a0\u00a0 dolazak u Eko-fis oko 13h<\/p>\n<p>\u00b7\u00a0\u00a0\u00a0\u00a0\u00a0\u00a0\u00a0\u00a0 smje\u0161taj po sobama<\/p>\n<p>\u00b7\u00a0\u00a0\u00a0\u00a0\u00a0\u00a0\u00a0\u00a0 upoznavanje s centrom Eko-fis<\/p>\n<p>\u00b7\u00a0\u00a0\u00a0\u00a0\u00a0\u00a0\u00a0\u00a0 15h &#8211; \u00a0program skijanja<\/p>\n<p>\u00b7\u00a0\u00a0\u00a0\u00a0\u00a0\u00a0\u00a0\u00a0 ve\u010dera<\/p>\n<p>\u00b7\u00a0\u00a0\u00a0\u00a0\u00a0\u00a0\u00a0\u00a0 predstavljanje \u0161kole (zainteresiranima) + zabavni salon<\/td>\n<\/tr>\n<tr>\n<td width=\"140\">09.2. (petak)<\/td>\n<td width=\"105\">Eko- fis Vla\u0161i\u0107<\/td>\n<td width=\"367\">\u00b7\u00a0\u00a0\u00a0\u00a0\u00a0\u00a0\u00a0\u00a0 doru\u010dak<\/p>\n<p>\u00b7\u00a0\u00a0\u00a0\u00a0\u00a0\u00a0\u00a0\u00a0 program skijanja<\/p>\n<p>\u00b7\u00a0\u00a0\u00a0\u00a0\u00a0\u00a0\u00a0\u00a0 ru\u010dak<\/p>\n<p>\u00b7\u00a0\u00a0\u00a0\u00a0\u00a0\u00a0\u00a0\u00a0 program skijanja<\/p>\n<p>\u00b7\u00a0\u00a0\u00a0\u00a0\u00a0\u00a0\u00a0\u00a0 ve\u010dera<\/p>\n<p>\u00b7\u00a0\u00a0\u00a0\u00a0\u00a0\u00a0\u00a0\u00a0 predavanje (zimsko planinarenje) + zabavni salon<\/td>\n<\/tr>\n<tr>\n<td width=\"140\">10.2. (subota)<\/td>\n<td width=\"105\">Eko- fis Vla\u0161i\u0107<\/td>\n<td width=\"367\">\u00b7\u00a0\u00a0\u00a0\u00a0\u00a0\u00a0\u00a0\u00a0 doru\u010dak<\/p>\n<p>\u00b7\u00a0\u00a0\u00a0\u00a0\u00a0\u00a0\u00a0\u00a0 program skijanja<\/p>\n<p>\u00b7\u00a0\u00a0\u00a0\u00a0\u00a0\u00a0\u00a0\u00a0 ru\u010dak<\/p>\n<p>\u00b7\u00a0\u00a0\u00a0\u00a0\u00a0\u00a0\u00a0\u00a0 program skijanja<\/p>\n<p>\u00b7\u00a0\u00a0\u00a0\u00a0\u00a0\u00a0\u00a0\u00a0 ve\u010dera<\/p>\n<p>\u00b7\u00a0\u00a0\u00a0\u00a0\u00a0\u00a0\u00a0\u00a0 predavanje (snala\u017eenju u zimskim uvjetima) + zabavni salon<\/td>\n<\/tr>\n<tr>\n<td width=\"140\">11.2. (nedjelja)<\/p>\n<p><em>\u00a0<\/em><\/td>\n<td width=\"105\">Eko- fis Vla\u0161i\u0107<\/td>\n<td width=\"367\">\u00b7\u00a0\u00a0\u00a0\u00a0\u00a0\u00a0\u00a0\u00a0 doru\u010dak<\/p>\n<p>\u00b7\u00a0\u00a0\u00a0\u00a0\u00a0\u00a0\u00a0\u00a0 lagano planinarenje<\/p>\n<p>\u00b7\u00a0\u00a0\u00a0\u00a0\u00a0\u00a0\u00a0\u00a0 ru\u010dak<\/p>\n<p>\u00b7\u00a0\u00a0\u00a0\u00a0\u00a0\u00a0\u00a0\u00a0 12h &#8211; polazak ku\u0107i<\/p>\n<p>\u00b7\u00a0\u00a0\u00a0\u00a0\u00a0\u00a0\u00a0\u00a0 obilazak grada Jajca<\/p>\n<p>\u00b7\u00a0\u00a0\u00a0\u00a0\u00a0\u00a0\u00a0\u00a0 dolazak oko 21h<\/td>\n<\/tr>\n<\/tbody>\n<\/table>\n<p><em>Prilog 1.<\/em><\/p>\n<table>\n<tbody>\n<tr>\n<td colspan=\"3\" width=\"619\"><strong>OKVIRNI TRO\u0160KOVNIK<\/strong><\/td>\n<\/tr>\n<tr>\n<td width=\"206\">SMJE\u0160TAJ<\/td>\n<td width=\"206\">Eko \u2013 fis<\/p>\n<p>Sobe:<\/td>\n<td width=\"206\">=45 + 2 osoba, 3 no\u0107enja<\/p>\n<p>1\/3 , 1\/4 , 1\/5<\/td>\n<\/tr>\n<tr>\n<td width=\"206\"><\/td>\n<td width=\"206\"><\/td>\n<td width=\"206\"><\/td>\n<\/tr>\n<tr>\n<td width=\"206\">PREHRANA<\/p>\n<p>&nbsp;<\/p>\n<p>&nbsp;<\/p>\n<p>&nbsp;<\/p>\n<p>&nbsp;<\/p>\n<p>&nbsp;<\/p>\n<p>&nbsp;<\/p>\n<p>&nbsp;<\/p>\n<p>&nbsp;<\/p>\n<p>&nbsp;<\/p>\n<p>&nbsp;<\/p>\n<p>&nbsp;<\/p>\n<p>&nbsp;<\/p>\n<p>&nbsp;<\/p>\n<p>&nbsp;<\/p>\n<p>AKTIVNOSTI:<\/td>\n<td colspan=\"2\" width=\"413\"><u>3 doru\u010dka: <\/u><\/p>\n<p>1.\u00a0\u00a0\u00a0\u00a0\u00a0\u00a0 petak<\/p>\n<p>2.\u00a0\u00a0\u00a0\u00a0\u00a0\u00a0 subota<\/p>\n<p>3.\u00a0\u00a0\u00a0\u00a0\u00a0\u00a0 nedjelja<\/p>\n<p>&nbsp;<\/p>\n<p><u>3 ru\u010dka<\/u>:<\/p>\n<p>1.\u00a0\u00a0\u00a0\u00a0\u00a0\u00a0 petak<\/p>\n<p>2.\u00a0\u00a0\u00a0\u00a0\u00a0\u00a0 subota<\/p>\n<p>3.\u00a0\u00a0\u00a0\u00a0\u00a0\u00a0 nedjelja<\/p>\n<p>&nbsp;<\/p>\n<p><u>3 ve\u010dere<\/u>:<\/p>\n<p>1.\u00a0\u00a0\u00a0\u00a0\u00a0\u00a0 \u010detvrtak<\/p>\n<p>2.\u00a0\u00a0\u00a0\u00a0\u00a0\u00a0 petak<\/p>\n<p>3.\u00a0\u00a0\u00a0\u00a0\u00a0\u00a0 subota<\/p>\n<p><u>\u00a0<\/u><\/p>\n<p>Osim kori\u0161tenja ski lifta za skijanje u zimskom periodu mo\u017ee se koristiti zatvoreni bazen, fitnes sala, zabavni salon (bilijar, pikado, stolni tenis, slotni nogomet).<\/td>\n<\/tr>\n<tr>\n<td width=\"206\">PRIJEVOZ AUTOBUSOM<\/td>\n<td colspan=\"2\" width=\"413\"><u>\u010detvrtak: Po\u017eega &#8211; Vla\u0161i\u0107<\/u><\/p>\n<p><u>\u00a0<\/u><\/p>\n<p><u>nedjelja: Vla\u0161i\u0107 &#8211; Po\u017eega<\/u><\/p>\n<p>&nbsp;<\/td>\n<\/tr>\n<tr>\n<td width=\"206\">Cijena po osobi:<\/p>\n<p>Eko \u2013 fis:<\/p>\n<p>&nbsp;<\/p>\n<p>&nbsp;<\/p>\n<p>&nbsp;<\/p>\n<p>&nbsp;<\/p>\n<p>Ukupno:<\/p>\n<p>&nbsp;<\/p>\n<p>Autoprijevoznik:<\/p>\n<p>&nbsp;<\/p>\n<p>&nbsp;<\/p>\n<p><strong>Ukupno &#8211; \u0161kola skijanja:<\/strong><\/td>\n<td colspan=\"2\" width=\"413\">&nbsp;<\/p>\n<p>1 poludnevna karta: 20 kn<\/p>\n<p>2 dnevne karte: 2 x 28 = 56 kn<\/p>\n<p>3 ski-oprema: 3 x 20 = 60 kn<\/p>\n<p>3 puta instruktori: 3 x 20 = 60 kn<\/p>\n<p>3 puna pansiona: 3 x 210 = 630 kn<\/p>\n<p><strong>\u00a0\u00a0\u00a0\u00a0\u00a0\u00a0\u00a0\u00a0\u00a0\u00a0\u00a0\u00a0\u00a0\u00a0\u00a0\u00a0\u00a0 \u00a0\u00a0\u00a0\u00a0\u00a0\u00a0\u00a0\u00a0\u00a0\u00a0\u00a0\u00a0\u00a0\u00a0\u00a0\u00a0\u00a0\u00a0\u00a0826 kn <\/strong><\/p>\n<p>&nbsp;<\/p>\n<p>Oko 110 kn<\/p>\n<p>&nbsp;<\/p>\n<p>&nbsp;<\/p>\n<p><strong>936 kn<\/strong><\/td>\n<\/tr>\n<\/tbody>\n<\/table>\n<p>&nbsp;<\/p>\n<p>Zainteresirani za \u0161kolu skijanja mogu se prijaviti profesoru Frani Bari\u0161i\u0107u na mail <a href=\"mailto:frano.barisic1@skole.hr\">frano.barisic1@skole.hr<\/a> do 27.11. a kotizaciju od 200 kn i punu uplatu \u0161kole skijanja mo\u017eete izvr\u0161iti od 1.12. 2017. do 1.2.2018.<\/p>\n","protected":false},"excerpt":{"rendered":"<p>EKO\u2013FIS VLA\u0160I\u0106 08.2. \u2013 11.2.2018. OPIS: Katoli\u010dka gimnazija s pravom javnosti iz Po\u017eege od ove godine \u017eeli uvesti u svoj program \u00a0\u0161kolu skijanja koja bi se odnosila na \u010detverodnevni boravak srednjo\u0161kolaca u centru EKO-FIS Vla\u0161i\u0107, a koja bi obuhvatila sadr\u017eajno razli\u010dite skija\u0161ke cjeline koje se me\u0111usobno nadovezuju i nadopunjavaju. CILJEVI \u0160kole skijanja: nau\u010diti osnovne i [&hellip;]<\/p>\n","protected":false},"author":1,"featured_media":11425,"comment_status":"closed","ping_status":"closed","sticky":false,"template":"","format":"standard","meta":{"footnotes":""},"categories":[3],"tags":[],"class_list":["post-11424","post","type-post","status-publish","format-standard","has-post-thumbnail","hentry","category-obavijesti"],"_links":{"self":[{"href":"https:\/\/katolicka-gimnazija.hr\/index.php\/wp-json\/wp\/v2\/posts\/11424","targetHints":{"allow":["GET"]}}],"collection":[{"href":"https:\/\/katolicka-gimnazija.hr\/index.php\/wp-json\/wp\/v2\/posts"}],"about":[{"href":"https:\/\/katolicka-gimnazija.hr\/index.php\/wp-json\/wp\/v2\/types\/post"}],"author":[{"embeddable":true,"href":"https:\/\/katolicka-gimnazija.hr\/index.php\/wp-json\/wp\/v2\/users\/1"}],"replies":[{"embeddable":true,"href":"https:\/\/katolicka-gimnazija.hr\/index.php\/wp-json\/wp\/v2\/comments?post=11424"}],"version-history":[{"count":2,"href":"https:\/\/katolicka-gimnazija.hr\/index.php\/wp-json\/wp\/v2\/posts\/11424\/revisions"}],"predecessor-version":[{"id":11427,"href":"https:\/\/katolicka-gimnazija.hr\/index.php\/wp-json\/wp\/v2\/posts\/11424\/revisions\/11427"}],"wp:featuredmedia":[{"embeddable":true,"href":"https:\/\/katolicka-gimnazija.hr\/index.php\/wp-json\/wp\/v2\/media\/11425"}],"wp:attachment":[{"href":"https:\/\/katolicka-gimnazija.hr\/index.php\/wp-json\/wp\/v2\/media?parent=11424"}],"wp:term":[{"taxonomy":"category","embeddable":true,"href":"https:\/\/katolicka-gimnazija.hr\/index.php\/wp-json\/wp\/v2\/categories?post=11424"},{"taxonomy":"post_tag","embeddable":true,"href":"https:\/\/katolicka-gimnazija.hr\/index.php\/wp-json\/wp\/v2\/tags?post=11424"}],"curies":[{"name":"wp","href":"https:\/\/api.w.org\/{rel}","templated":true}]}}