{"id":11429,"date":"2017-11-14T09:39:52","date_gmt":"2017-11-14T09:39:52","guid":{"rendered":"http:\/\/katolicka-gimnazija.hr\/?p=11429"},"modified":"2018-12-28T13:36:40","modified_gmt":"2018-12-28T13:36:40","slug":"zakljucci-s-4-sjednice-nastavnickog-vijeca-3","status":"publish","type":"post","link":"https:\/\/katolicka-gimnazija.hr\/index.php\/2017\/11\/14\/zakljucci-s-4-sjednice-nastavnickog-vijeca-3\/","title":{"rendered":"Zaklju\u010dci s 4. sjednice Nastavni\u010dkog vije\u0107a"},"content":{"rendered":"<p>Na 4. sjednici Nastavni\u010dkog vije\u0107a Katoli\u010dke gimnazije s pravom javnosti odr\u017eanoj dana 3. studenoga 2017. godine:<\/p>\n<p>1. Usvojen je Zapisnik s prethodne sjednice Nastavni\u010dkog vije\u0107a Katoli\u010dke gimnazije s pravom javnosti odr\u017eane dana 26. listopada 2017. godine bez primjedbi.<\/p>\n<p>2. Odlu\u010deno je da u\u010denik 1. razreda Gimnazije (informacija ograni\u010dena) (informacija ograni\u010dena) promijeni upisani obrazovni program u Katoli\u010dkoj gimnaziji s pravom javnosti u obrazovni program klasi\u010dnu gimnaziju.<\/p>\n<p>3. Odre\u0111eni su sadr\u017eaj, na\u010din i rokovi polaganja razlikovnog ispita iz nastavnog predmeta Gr\u010dkog jezika za 1. razred u\u010denika (informacija ograni\u010dena), koji mijenja obrazovni program u Katoli\u010dkoj gimnaziji s pravom javnosti.<\/p>\n<p>4. Upozoreno je na obvezu u\u010denika i djelatnika da brinu o urednosti prostora i pozvano je na obra\u0107anje pozornosti na uklju\u010divanje i isklju\u010divanje ure\u0111aja za nastavu i rasvjete u prostoru Katoli\u010dke gimnazije s pravom javnosti. <\/p>\n","protected":false},"excerpt":{"rendered":"<p>Na 4. sjednici Nastavni\u010dkog vije\u0107a Katoli\u010dke gimnazije s pravom javnosti odr\u017eanoj dana 3. studenoga 2017. godine: 1. Usvojen je Zapisnik s prethodne sjednice Nastavni\u010dkog vije\u0107a Katoli\u010dke gimnazije s pravom javnosti odr\u017eane dana 26. listopada 2017. godine bez primjedbi. 2. Odlu\u010deno je da u\u010denik 1. razreda Gimnazije (informacija ograni\u010dena) (informacija ograni\u010dena) promijeni upisani obrazovni program u [&hellip;]<\/p>\n","protected":false},"author":1,"featured_media":0,"comment_status":"closed","ping_status":"closed","sticky":false,"template":"","format":"standard","meta":{"footnotes":""},"categories":[2],"tags":[],"class_list":["post-11429","post","type-post","status-publish","format-standard","hentry","category-vijesti"],"_links":{"self":[{"href":"https:\/\/katolicka-gimnazija.hr\/index.php\/wp-json\/wp\/v2\/posts\/11429","targetHints":{"allow":["GET"]}}],"collection":[{"href":"https:\/\/katolicka-gimnazija.hr\/index.php\/wp-json\/wp\/v2\/posts"}],"about":[{"href":"https:\/\/katolicka-gimnazija.hr\/index.php\/wp-json\/wp\/v2\/types\/post"}],"author":[{"embeddable":true,"href":"https:\/\/katolicka-gimnazija.hr\/index.php\/wp-json\/wp\/v2\/users\/1"}],"replies":[{"embeddable":true,"href":"https:\/\/katolicka-gimnazija.hr\/index.php\/wp-json\/wp\/v2\/comments?post=11429"}],"version-history":[{"count":2,"href":"https:\/\/katolicka-gimnazija.hr\/index.php\/wp-json\/wp\/v2\/posts\/11429\/revisions"}],"predecessor-version":[{"id":14764,"href":"https:\/\/katolicka-gimnazija.hr\/index.php\/wp-json\/wp\/v2\/posts\/11429\/revisions\/14764"}],"wp:attachment":[{"href":"https:\/\/katolicka-gimnazija.hr\/index.php\/wp-json\/wp\/v2\/media?parent=11429"}],"wp:term":[{"taxonomy":"category","embeddable":true,"href":"https:\/\/katolicka-gimnazija.hr\/index.php\/wp-json\/wp\/v2\/categories?post=11429"},{"taxonomy":"post_tag","embeddable":true,"href":"https:\/\/katolicka-gimnazija.hr\/index.php\/wp-json\/wp\/v2\/tags?post=11429"}],"curies":[{"name":"wp","href":"https:\/\/api.w.org\/{rel}","templated":true}]}}