{"id":11510,"date":"2017-11-25T19:16:24","date_gmt":"2017-11-25T19:16:24","guid":{"rendered":"http:\/\/katolicka-gimnazija.hr\/?p=11510"},"modified":"2018-12-28T13:35:46","modified_gmt":"2018-12-28T13:35:46","slug":"ljepota-i-bogatstvo-narodne-nosnje","status":"publish","type":"post","link":"https:\/\/katolicka-gimnazija.hr\/index.php\/2017\/11\/25\/ljepota-i-bogatstvo-narodne-nosnje\/","title":{"rendered":"LJEPOTA\u00a0 I\u00a0 BOGATSTVO\u00a0 NARODNE\u00a0 NO\u0160NJE"},"content":{"rendered":"<p>Novi me\u0111ureligijski susret u\u010denika i profesora vjerskih \u0161kola u Hrvatskoj, pod nazivom <em>\u201eLjepota i bogatstvo narodne <a href=\"http:\/\/katolicka-gimnazija.hr\/wp-content\/uploads\/2017\/11\/IMG_9380.jpg\"><img loading=\"lazy\" decoding=\"async\" class=\"wp-image-11487 size-medium alignright\" src=\"http:\/\/katolicka-gimnazija.hr\/wp-content\/uploads\/2017\/11\/IMG_9380-300x193.jpg\" alt=\"IMG_9380\" width=\"300\" height=\"193\" srcset=\"https:\/\/katolicka-gimnazija.hr\/wp-content\/uploads\/2017\/11\/IMG_9380-300x193.jpg 300w, https:\/\/katolicka-gimnazija.hr\/wp-content\/uploads\/2017\/11\/IMG_9380-768x493.jpg 768w, https:\/\/katolicka-gimnazija.hr\/wp-content\/uploads\/2017\/11\/IMG_9380-1024x658.jpg 1024w, https:\/\/katolicka-gimnazija.hr\/wp-content\/uploads\/2017\/11\/IMG_9380-360x231.jpg 360w, https:\/\/katolicka-gimnazija.hr\/wp-content\/uploads\/2017\/11\/IMG_9380-750x482.jpg 750w, https:\/\/katolicka-gimnazija.hr\/wp-content\/uploads\/2017\/11\/IMG_9380-400x257.jpg 400w, https:\/\/katolicka-gimnazija.hr\/wp-content\/uploads\/2017\/11\/IMG_9380-430x276.jpg 430w, https:\/\/katolicka-gimnazija.hr\/wp-content\/uploads\/2017\/11\/IMG_9380-150x96.jpg 150w, https:\/\/katolicka-gimnazija.hr\/wp-content\/uploads\/2017\/11\/IMG_9380-100x64.jpg 100w\" sizes=\"auto, (max-width: 300px) 100vw, 300px\" \/><\/a>no\u0161nje\u201c<\/em>, odr\u017ean je 23. studenog\u00a0 2017. (3. rebiu-l-evvela 1439. h. g., prema islamskom kalendaru), a doma\u0107in susreta ovaj put bila je Islamska gimnazija dr. Ahmeda Smajlovi\u0107a u Zagrebu. Cilj ove manifestacije bio je pribli\u017eiti mladima tradiciju narodnih no\u0161nji koje nesumnjivo svjedo\u010de o kulturi i obi\u010dajima naroda koji se ra\u0111aju, u\u010de i djeluju u na\u0161oj domovini, ali i promicanje kulture dijaloga i me\u0111usobnog uva\u017eavanja. Podsjetimo da je prvi susret ovakvog tipa organizirala Srpska gimnazija u Zagrebu te\u010dajem ikonopisanja, a da je na\u0161a \u0161kola pro\u0161le godine bila doma\u0107in kampiranju u\u010denika u Dubokoj.<\/p>\n<p><strong><em>Mini revija narodnih no\u0161nji<\/em><\/strong><\/p>\n<p><a href=\"http:\/\/katolicka-gimnazija.hr\/wp-content\/uploads\/2017\/11\/IMG_9466.jpg\"><img loading=\"lazy\" decoding=\"async\" class=\"alignleft wp-image-11497 size-medium\" src=\"http:\/\/katolicka-gimnazija.hr\/wp-content\/uploads\/2017\/11\/IMG_9466-300x190.jpg\" alt=\"IMG_9466\" width=\"300\" height=\"190\" srcset=\"https:\/\/katolicka-gimnazija.hr\/wp-content\/uploads\/2017\/11\/IMG_9466-300x190.jpg 300w, https:\/\/katolicka-gimnazija.hr\/wp-content\/uploads\/2017\/11\/IMG_9466-768x486.jpg 768w, https:\/\/katolicka-gimnazija.hr\/wp-content\/uploads\/2017\/11\/IMG_9466-1024x648.jpg 1024w, https:\/\/katolicka-gimnazija.hr\/wp-content\/uploads\/2017\/11\/IMG_9466-360x228.jpg 360w, https:\/\/katolicka-gimnazija.hr\/wp-content\/uploads\/2017\/11\/IMG_9466-750x474.jpg 750w, https:\/\/katolicka-gimnazija.hr\/wp-content\/uploads\/2017\/11\/IMG_9466-400x253.jpg 400w, https:\/\/katolicka-gimnazija.hr\/wp-content\/uploads\/2017\/11\/IMG_9466-430x272.jpg 430w, https:\/\/katolicka-gimnazija.hr\/wp-content\/uploads\/2017\/11\/IMG_9466-150x95.jpg 150w, https:\/\/katolicka-gimnazija.hr\/wp-content\/uploads\/2017\/11\/IMG_9466-100x63.jpg 100w\" sizes=\"auto, (max-width: 300px) 100vw, 300px\" \/><\/a>Predstavnici Katoli\u010dke gimnazije s pravom javnosti u Po\u017eegi tako\u0111er su bili jedni od sudionika ovoga hvalevrijednoga doga\u0111aja uz Srpsku pravoslavnu op\u0107u gimnaziju Kantakuzina Katarina Brankovi\u0107, \u017densku op\u0107u gimnaziju Dru\u017ebe sestara Milosrdnica s pravom javnosti iz Zagreba i doma\u0107ine, Islamsku gimnaziju dr. Ahmeda Smajlovi\u0107a. Na\u0161u \u0161kolu, a samim time i obi\u010daje i tradiciju na\u0161ega kraja kroz bogatstvo i ljepotu narodnih no\u0161nji predstavljali su Nikolina Beri\u0107, Anita Rotar, Maja Vuki\u0107 i Marko Lagund\u017eija, a u pratnji ravnatelja prof. Ivana Bedeni\u010di\u0107a i prof. Jasne Prnjavorac. Program me\u0111ureligijskog susreta <a href=\"http:\/\/katolicka-gimnazija.hr\/wp-content\/uploads\/2017\/11\/IMG_9354.jpg\"><img loading=\"lazy\" decoding=\"async\" class=\"alignright wp-image-11484 size-medium\" src=\"http:\/\/katolicka-gimnazija.hr\/wp-content\/uploads\/2017\/11\/IMG_9354-300x224.jpg\" alt=\"IMG_9354\" width=\"300\" height=\"224\" srcset=\"https:\/\/katolicka-gimnazija.hr\/wp-content\/uploads\/2017\/11\/IMG_9354-300x224.jpg 300w, https:\/\/katolicka-gimnazija.hr\/wp-content\/uploads\/2017\/11\/IMG_9354-768x573.jpg 768w, https:\/\/katolicka-gimnazija.hr\/wp-content\/uploads\/2017\/11\/IMG_9354-1024x764.jpg 1024w, https:\/\/katolicka-gimnazija.hr\/wp-content\/uploads\/2017\/11\/IMG_9354-360x269.jpg 360w, https:\/\/katolicka-gimnazija.hr\/wp-content\/uploads\/2017\/11\/IMG_9354-750x559.jpg 750w, https:\/\/katolicka-gimnazija.hr\/wp-content\/uploads\/2017\/11\/IMG_9354-400x298.jpg 400w, https:\/\/katolicka-gimnazija.hr\/wp-content\/uploads\/2017\/11\/IMG_9354-430x321.jpg 430w, https:\/\/katolicka-gimnazija.hr\/wp-content\/uploads\/2017\/11\/IMG_9354-150x112.jpg 150w, https:\/\/katolicka-gimnazija.hr\/wp-content\/uploads\/2017\/11\/IMG_9354-100x75.jpg 100w, https:\/\/katolicka-gimnazija.hr\/wp-content\/uploads\/2017\/11\/IMG_9354.jpg 2011w\" sizes=\"auto, (max-width: 300px) 100vw, 300px\" \/><\/a>zapo\u010deo je do\u010dekom u\u010denika u Islamskoj gimnaziji dr. Ahmeda Smajlovi\u0107a na zagreba\u010dkom Borovju gdje se nalazi najve\u0107i islamski centar u Hrvatskoj. Pozdravnu rije\u010d prilikom otvorenja ovog susreta imala je voditeljica Mihana Hasak, nakon \u010dega su uslijedile prezentacije narodnih no\u0161nji koje su pripremili u\u010denici. Na\u0161a \u0161kola predstavila se video uradkom za koji je zaslu\u017ena na\u0161a TV-sekcija te prigodnim slavonskim be\u0107arcem. Uslijedila je mini revija narodnih no\u0161nji te obra\u0107anje ravnatelja doma\u0107ina, gospodina Mevludija ef. Arslanija. Svakako je va\u017eno istaknuti da je ovom susretu mladih prisustvovao i zagreba\u010dki muftija Aziz ef. Hasanovi\u0107.<\/p>\n<p><strong><em>Budu\u0107nost je u mladima<\/em><\/strong><\/p>\n<p>Nakon zavr\u0161etka slu\u017ebenog dijela programa uslijedilo je dru\u017eenje uz zakusku u prostorijama gimnazije gdje smo imali priliku razgovarati s nekim sudionicima, ali i po\u0161tovanim ravnateljem Mevludijem ef. Arslanijem, mag. arab. koji nas je ukratko upoznao s tradicijom njegove \u0161kole te se osvrnuo i na sam susret: <em>\u201eIslamska gimnazija dr. <a href=\"http:\/\/katolicka-gimnazija.hr\/wp-content\/uploads\/2017\/11\/IMG_9476.jpg\"><img loading=\"lazy\" decoding=\"async\" class=\"alignleft wp-image-11499 size-medium\" src=\"http:\/\/katolicka-gimnazija.hr\/wp-content\/uploads\/2017\/11\/IMG_9476-300x203.jpg\" alt=\"IMG_9476\" width=\"300\" height=\"203\" srcset=\"https:\/\/katolicka-gimnazija.hr\/wp-content\/uploads\/2017\/11\/IMG_9476-300x203.jpg 300w, https:\/\/katolicka-gimnazija.hr\/wp-content\/uploads\/2017\/11\/IMG_9476-768x519.jpg 768w, https:\/\/katolicka-gimnazija.hr\/wp-content\/uploads\/2017\/11\/IMG_9476-1024x692.jpg 1024w, https:\/\/katolicka-gimnazija.hr\/wp-content\/uploads\/2017\/11\/IMG_9476-360x243.jpg 360w, https:\/\/katolicka-gimnazija.hr\/wp-content\/uploads\/2017\/11\/IMG_9476-220x150.jpg 220w, https:\/\/katolicka-gimnazija.hr\/wp-content\/uploads\/2017\/11\/IMG_9476-750x507.jpg 750w, https:\/\/katolicka-gimnazija.hr\/wp-content\/uploads\/2017\/11\/IMG_9476-400x270.jpg 400w, https:\/\/katolicka-gimnazija.hr\/wp-content\/uploads\/2017\/11\/IMG_9476-430x291.jpg 430w, https:\/\/katolicka-gimnazija.hr\/wp-content\/uploads\/2017\/11\/IMG_9476-150x101.jpg 150w, https:\/\/katolicka-gimnazija.hr\/wp-content\/uploads\/2017\/11\/IMG_9476-100x68.jpg 100w\" sizes=\"auto, (max-width: 300px) 100vw, 300px\" \/><\/a>Ahmeda Smajlovi\u0107a je sljednica Zagreba\u010dke medrese dr. Ahmed Smajlovi\u0107 koja je osnovana 1992. godine., a koja se 2007. godine transformira u Islamsku gimnaziju. Nastava se odr\u017eava prema op\u0107em programu, ali imamo \u010detiri dodatna vjerska predmeta (arapski jezik, islamska kultura i civilizacija, Kuran i kuranske znanosti, islamski vjeronauk). Trenuta\u010dno na\u0161u \u0161kolu poha\u0111a 86 u\u010denika, ali na\u0161 maksimalni kapacitet je 100 u\u010denika. Meni je drago da nastavljamo s tradicijom zajedni\u010dkog dru\u017eenja odnosno zajedni\u010dkih susreta na\u0161e gimnazije, \u017denske op\u0107e gimnazije Dru\u017ebe sestara Milosrdnica, Srpske pravoslavne op\u0107e gimnazije i osobito nam je drago i velika \u010dast zbog sudjelovanja i va\u0161e Katoli\u010dke gimnazije u ovom me\u0111ureligijskom susretu na\u0161ih u\u010denika.\u201c<\/em> Kroz razgovor s u\u010denicima<a href=\"http:\/\/katolicka-gimnazija.hr\/wp-content\/uploads\/2017\/11\/IMG_9432.jpg\"><img loading=\"lazy\" decoding=\"async\" class=\"alignright wp-image-11493 size-medium\" src=\"http:\/\/katolicka-gimnazija.hr\/wp-content\/uploads\/2017\/11\/IMG_9432-300x199.jpg\" alt=\"IMG_9432\" width=\"300\" height=\"199\" srcset=\"https:\/\/katolicka-gimnazija.hr\/wp-content\/uploads\/2017\/11\/IMG_9432-300x199.jpg 300w, https:\/\/katolicka-gimnazija.hr\/wp-content\/uploads\/2017\/11\/IMG_9432-768x509.jpg 768w, https:\/\/katolicka-gimnazija.hr\/wp-content\/uploads\/2017\/11\/IMG_9432-1024x679.jpg 1024w, https:\/\/katolicka-gimnazija.hr\/wp-content\/uploads\/2017\/11\/IMG_9432-360x239.jpg 360w, https:\/\/katolicka-gimnazija.hr\/wp-content\/uploads\/2017\/11\/IMG_9432-750x497.jpg 750w, https:\/\/katolicka-gimnazija.hr\/wp-content\/uploads\/2017\/11\/IMG_9432-400x265.jpg 400w, https:\/\/katolicka-gimnazija.hr\/wp-content\/uploads\/2017\/11\/IMG_9432-430x285.jpg 430w, https:\/\/katolicka-gimnazija.hr\/wp-content\/uploads\/2017\/11\/IMG_9432-150x99.jpg 150w, https:\/\/katolicka-gimnazija.hr\/wp-content\/uploads\/2017\/11\/IMG_9432-100x66.jpg 100w\" sizes=\"auto, (max-width: 300px) 100vw, 300px\" \/><\/a> iz drugih \u0161kola sazanli smo \u0161to oni misle o ovakvom tipu susreta na koji su se i sami odazvali, a koji su nam usput predstavili i svoje no\u0161nje. U\u010denik \u010detvrtog razreda Srpske pravoslavne op\u0107e gimnazije Ognjen \u0110uri\u0107 predstavio nam je srpske narodne no\u0161nje te je ukazao na va\u017enost ovakvih doga\u0111anja te va\u017enost o\u010duvanja kulture na\u0161ih predaka. Zaklju\u010dio je da su narodne no\u0161nje svojevrsni artefakt kulture na\u0161ih predaka. U\u010denica tre\u0107eg razreda Islamske gimnazije Hana Marslani ukratko nam je predstavila svoju no\u0161nju koja je karakteristi\u010dna za zapadni dio Albanije odakle i ona sama dolazi, dok je Klara Pezelj, u\u010denica \u010detvrtog razreda \u017denske op\u0107e gimnazije predstavila svoju no\u0161nju, tj. no\u0161nju Hrvatske posavine koja se sastoji od ko\u0161ulje, suknje i prega\u010de, a jedinstvenom ju \u010dini upravo posavski uzorak. Njezina \u0161kola uglavnom je predstavljala no\u0161nje <a href=\"http:\/\/katolicka-gimnazija.hr\/wp-content\/uploads\/2017\/11\/IMG_9409.jpg\"><img loading=\"lazy\" decoding=\"async\" class=\"alignleft wp-image-11491 size-medium\" src=\"http:\/\/katolicka-gimnazija.hr\/wp-content\/uploads\/2017\/11\/IMG_9409-300x241.jpg\" alt=\"IMG_9409\" width=\"300\" height=\"241\" srcset=\"https:\/\/katolicka-gimnazija.hr\/wp-content\/uploads\/2017\/11\/IMG_9409-300x241.jpg 300w, https:\/\/katolicka-gimnazija.hr\/wp-content\/uploads\/2017\/11\/IMG_9409-768x616.jpg 768w, https:\/\/katolicka-gimnazija.hr\/wp-content\/uploads\/2017\/11\/IMG_9409-1024x822.jpg 1024w, https:\/\/katolicka-gimnazija.hr\/wp-content\/uploads\/2017\/11\/IMG_9409-360x289.jpg 360w, https:\/\/katolicka-gimnazija.hr\/wp-content\/uploads\/2017\/11\/IMG_9409-750x602.jpg 750w, https:\/\/katolicka-gimnazija.hr\/wp-content\/uploads\/2017\/11\/IMG_9409-400x321.jpg 400w, https:\/\/katolicka-gimnazija.hr\/wp-content\/uploads\/2017\/11\/IMG_9409-430x345.jpg 430w, https:\/\/katolicka-gimnazija.hr\/wp-content\/uploads\/2017\/11\/IMG_9409-150x120.jpg 150w, https:\/\/katolicka-gimnazija.hr\/wp-content\/uploads\/2017\/11\/IMG_9409-100x80.jpg 100w, https:\/\/katolicka-gimnazija.hr\/wp-content\/uploads\/2017\/11\/IMG_9409.jpg 1869w\" sizes=\"auto, (max-width: 300px) 100vw, 300px\" \/><\/a>zagreba\u010dke makroregije me\u0111u kojima se na\u0161la i jedna janjeva\u010dka no\u0161nja. U\u010denica \u010detvrtog razreda na\u0161e Katoli\u010dke gimnazije Nikolina Beri\u0107 ukratko nam je opisala svoju grani\u010darsku no\u0161nju, krpanu rubinu, koju \u010desto nosi u posebnim prigodama i za velikih misnih slavlja. No\u0161nja je stara preko 100 godina, a nosila ju je njena \u0161ukunbaka Manda, baka Manda i majka Ru\u017eica. <em>\u201eOvaj doga\u0111aj je spektakularan jer nam dopu\u0161ta da pro\u0161irimo svoje vidike prema drugim vjerama i obi\u010dajima, posebno drugih \u00a0vrsta narodnih no\u0161nji i stvarno sam po\u010da\u0161\u0107ena \u0161to sam imala priliku sudjelovati na ovakvom tipu doga\u0111anja.\u201c<\/em> zaklju\u010dila je Nikolina. Recimo da su i Anita i Maja nosile slavnosku no\u0161nju, Anita vezenku, a Maja paursku svilenku, dok je Marko je nosio tradicionalnu slavonsku no\u0161nju posavskoga kraja.<\/p>\n<p>&nbsp;<\/p>\n<p><strong><em>Jedinstveni u razli\u010ditosti<\/em><\/strong><\/p>\n<p>Susret pod nazivom <em>\u201eLjepota i bogatstvo narodne no\u0161nje\u201c<\/em> uistinu je bio hvalevrijedan doga\u0111aj plemenita cilja gdje smo mogli predstaviti obi\u010daje i kulturu na\u0161ih predaka, ali i upoznati obi\u010daje i kulturu drugih naroda, ste\u0107i nova poznanstva te, ono najva\u017enije, razvijati kulturu dijaloga koja je prijeko potrebna za budu\u0107nost su\u017eivota na ovim na\u0161im prostorima. Sam doga\u0111aj pratile su i na\u0161a TV sekcija koju je iza kamere predstavljao Damjan Rengel te na\u0161a novinarska dru\u017eina Nautes koju su predstavljali Karlo Bleiziffer, fotoaparatom, i va\u0161a novinarka Rebeka Be\u0161ker.<\/p>\n<p>Foto: Karlo Bleiziffer<\/p>\n<div id='gallery-1' class='gallery galleryid-11510 gallery-columns-3 gallery-size-medium'><figure class='gallery-item'>\n\t\t\t<div class='gallery-icon landscape'>\n\t\t\t\t<a href='https:\/\/katolicka-gimnazija.hr\/wp-content\/uploads\/2017\/11\/IMG_9354.jpg'><img loading=\"lazy\" decoding=\"async\" width=\"300\" height=\"224\" src=\"https:\/\/katolicka-gimnazija.hr\/wp-content\/uploads\/2017\/11\/IMG_9354-300x224.jpg\" class=\"attachment-medium size-medium\" alt=\"\" srcset=\"https:\/\/katolicka-gimnazija.hr\/wp-content\/uploads\/2017\/11\/IMG_9354-300x224.jpg 300w, https:\/\/katolicka-gimnazija.hr\/wp-content\/uploads\/2017\/11\/IMG_9354-768x573.jpg 768w, https:\/\/katolicka-gimnazija.hr\/wp-content\/uploads\/2017\/11\/IMG_9354-1024x764.jpg 1024w, https:\/\/katolicka-gimnazija.hr\/wp-content\/uploads\/2017\/11\/IMG_9354-360x269.jpg 360w, https:\/\/katolicka-gimnazija.hr\/wp-content\/uploads\/2017\/11\/IMG_9354-750x559.jpg 750w, https:\/\/katolicka-gimnazija.hr\/wp-content\/uploads\/2017\/11\/IMG_9354-400x298.jpg 400w, https:\/\/katolicka-gimnazija.hr\/wp-content\/uploads\/2017\/11\/IMG_9354-430x321.jpg 430w, https:\/\/katolicka-gimnazija.hr\/wp-content\/uploads\/2017\/11\/IMG_9354-150x112.jpg 150w, https:\/\/katolicka-gimnazija.hr\/wp-content\/uploads\/2017\/11\/IMG_9354-100x75.jpg 100w, https:\/\/katolicka-gimnazija.hr\/wp-content\/uploads\/2017\/11\/IMG_9354.jpg 2011w\" sizes=\"auto, (max-width: 300px) 100vw, 300px\" \/><\/a>\n\t\t\t<\/div><\/figure><figure class='gallery-item'>\n\t\t\t<div class='gallery-icon landscape'>\n\t\t\t\t<a href='https:\/\/katolicka-gimnazija.hr\/wp-content\/uploads\/2017\/11\/IMG_9466.jpg'><img loading=\"lazy\" decoding=\"async\" width=\"300\" height=\"190\" src=\"https:\/\/katolicka-gimnazija.hr\/wp-content\/uploads\/2017\/11\/IMG_9466-300x190.jpg\" class=\"attachment-medium size-medium\" alt=\"\" srcset=\"https:\/\/katolicka-gimnazija.hr\/wp-content\/uploads\/2017\/11\/IMG_9466-300x190.jpg 300w, https:\/\/katolicka-gimnazija.hr\/wp-content\/uploads\/2017\/11\/IMG_9466-768x486.jpg 768w, https:\/\/katolicka-gimnazija.hr\/wp-content\/uploads\/2017\/11\/IMG_9466-1024x648.jpg 1024w, https:\/\/katolicka-gimnazija.hr\/wp-content\/uploads\/2017\/11\/IMG_9466-360x228.jpg 360w, https:\/\/katolicka-gimnazija.hr\/wp-content\/uploads\/2017\/11\/IMG_9466-750x474.jpg 750w, https:\/\/katolicka-gimnazija.hr\/wp-content\/uploads\/2017\/11\/IMG_9466-400x253.jpg 400w, https:\/\/katolicka-gimnazija.hr\/wp-content\/uploads\/2017\/11\/IMG_9466-430x272.jpg 430w, https:\/\/katolicka-gimnazija.hr\/wp-content\/uploads\/2017\/11\/IMG_9466-150x95.jpg 150w, https:\/\/katolicka-gimnazija.hr\/wp-content\/uploads\/2017\/11\/IMG_9466-100x63.jpg 100w\" sizes=\"auto, (max-width: 300px) 100vw, 300px\" \/><\/a>\n\t\t\t<\/div><\/figure><figure class='gallery-item'>\n\t\t\t<div class='gallery-icon landscape'>\n\t\t\t\t<a href='https:\/\/katolicka-gimnazija.hr\/wp-content\/uploads\/2017\/11\/IMG_9478.jpg'><img loading=\"lazy\" decoding=\"async\" width=\"300\" height=\"172\" src=\"https:\/\/katolicka-gimnazija.hr\/wp-content\/uploads\/2017\/11\/IMG_9478-300x172.jpg\" class=\"attachment-medium size-medium\" alt=\"\" srcset=\"https:\/\/katolicka-gimnazija.hr\/wp-content\/uploads\/2017\/11\/IMG_9478-300x172.jpg 300w, https:\/\/katolicka-gimnazija.hr\/wp-content\/uploads\/2017\/11\/IMG_9478-768x439.jpg 768w, https:\/\/katolicka-gimnazija.hr\/wp-content\/uploads\/2017\/11\/IMG_9478-1024x586.jpg 1024w, https:\/\/katolicka-gimnazija.hr\/wp-content\/uploads\/2017\/11\/IMG_9478-360x206.jpg 360w, https:\/\/katolicka-gimnazija.hr\/wp-content\/uploads\/2017\/11\/IMG_9478-750x429.jpg 750w, https:\/\/katolicka-gimnazija.hr\/wp-content\/uploads\/2017\/11\/IMG_9478-400x229.jpg 400w, https:\/\/katolicka-gimnazija.hr\/wp-content\/uploads\/2017\/11\/IMG_9478-430x246.jpg 430w, https:\/\/katolicka-gimnazija.hr\/wp-content\/uploads\/2017\/11\/IMG_9478-150x86.jpg 150w, https:\/\/katolicka-gimnazija.hr\/wp-content\/uploads\/2017\/11\/IMG_9478-100x57.jpg 100w\" sizes=\"auto, (max-width: 300px) 100vw, 300px\" \/><\/a>\n\t\t\t<\/div><\/figure><figure class='gallery-item'>\n\t\t\t<div class='gallery-icon landscape'>\n\t\t\t\t<a href='https:\/\/katolicka-gimnazija.hr\/wp-content\/uploads\/2017\/11\/IMG_9446.jpg'><img loading=\"lazy\" decoding=\"async\" width=\"300\" height=\"186\" src=\"https:\/\/katolicka-gimnazija.hr\/wp-content\/uploads\/2017\/11\/IMG_9446-300x186.jpg\" class=\"attachment-medium size-medium\" alt=\"\" srcset=\"https:\/\/katolicka-gimnazija.hr\/wp-content\/uploads\/2017\/11\/IMG_9446-300x186.jpg 300w, https:\/\/katolicka-gimnazija.hr\/wp-content\/uploads\/2017\/11\/IMG_9446-768x477.jpg 768w, https:\/\/katolicka-gimnazija.hr\/wp-content\/uploads\/2017\/11\/IMG_9446-1024x637.jpg 1024w, https:\/\/katolicka-gimnazija.hr\/wp-content\/uploads\/2017\/11\/IMG_9446-360x224.jpg 360w, https:\/\/katolicka-gimnazija.hr\/wp-content\/uploads\/2017\/11\/IMG_9446-750x466.jpg 750w, https:\/\/katolicka-gimnazija.hr\/wp-content\/uploads\/2017\/11\/IMG_9446-400x249.jpg 400w, https:\/\/katolicka-gimnazija.hr\/wp-content\/uploads\/2017\/11\/IMG_9446-430x267.jpg 430w, https:\/\/katolicka-gimnazija.hr\/wp-content\/uploads\/2017\/11\/IMG_9446-150x93.jpg 150w, https:\/\/katolicka-gimnazija.hr\/wp-content\/uploads\/2017\/11\/IMG_9446-100x62.jpg 100w\" sizes=\"auto, (max-width: 300px) 100vw, 300px\" \/><\/a>\n\t\t\t<\/div><\/figure><figure class='gallery-item'>\n\t\t\t<div class='gallery-icon portrait'>\n\t\t\t\t<a href='https:\/\/katolicka-gimnazija.hr\/wp-content\/uploads\/2017\/11\/IMG_9408.jpg'><img loading=\"lazy\" decoding=\"async\" width=\"200\" height=\"300\" src=\"https:\/\/katolicka-gimnazija.hr\/wp-content\/uploads\/2017\/11\/IMG_9408-200x300.jpg\" class=\"attachment-medium size-medium\" alt=\"\" srcset=\"https:\/\/katolicka-gimnazija.hr\/wp-content\/uploads\/2017\/11\/IMG_9408-200x300.jpg 200w, https:\/\/katolicka-gimnazija.hr\/wp-content\/uploads\/2017\/11\/IMG_9408-768x1152.jpg 768w, https:\/\/katolicka-gimnazija.hr\/wp-content\/uploads\/2017\/11\/IMG_9408-683x1024.jpg 683w, https:\/\/katolicka-gimnazija.hr\/wp-content\/uploads\/2017\/11\/IMG_9408-360x540.jpg 360w, https:\/\/katolicka-gimnazija.hr\/wp-content\/uploads\/2017\/11\/IMG_9408-750x1125.jpg 750w, https:\/\/katolicka-gimnazija.hr\/wp-content\/uploads\/2017\/11\/IMG_9408-400x600.jpg 400w, https:\/\/katolicka-gimnazija.hr\/wp-content\/uploads\/2017\/11\/IMG_9408-430x645.jpg 430w, https:\/\/katolicka-gimnazija.hr\/wp-content\/uploads\/2017\/11\/IMG_9408-150x225.jpg 150w, https:\/\/katolicka-gimnazija.hr\/wp-content\/uploads\/2017\/11\/IMG_9408-100x150.jpg 100w, https:\/\/katolicka-gimnazija.hr\/wp-content\/uploads\/2017\/11\/IMG_9408.jpg 1000w\" sizes=\"auto, (max-width: 200px) 100vw, 200px\" \/><\/a>\n\t\t\t<\/div><\/figure><figure class='gallery-item'>\n\t\t\t<div class='gallery-icon landscape'>\n\t\t\t\t<a href='https:\/\/katolicka-gimnazija.hr\/wp-content\/uploads\/2017\/11\/IMG_9476.jpg'><img loading=\"lazy\" decoding=\"async\" width=\"300\" height=\"203\" src=\"https:\/\/katolicka-gimnazija.hr\/wp-content\/uploads\/2017\/11\/IMG_9476-300x203.jpg\" class=\"attachment-medium size-medium\" alt=\"\" srcset=\"https:\/\/katolicka-gimnazija.hr\/wp-content\/uploads\/2017\/11\/IMG_9476-300x203.jpg 300w, https:\/\/katolicka-gimnazija.hr\/wp-content\/uploads\/2017\/11\/IMG_9476-768x519.jpg 768w, https:\/\/katolicka-gimnazija.hr\/wp-content\/uploads\/2017\/11\/IMG_9476-1024x692.jpg 1024w, https:\/\/katolicka-gimnazija.hr\/wp-content\/uploads\/2017\/11\/IMG_9476-360x243.jpg 360w, https:\/\/katolicka-gimnazija.hr\/wp-content\/uploads\/2017\/11\/IMG_9476-220x150.jpg 220w, https:\/\/katolicka-gimnazija.hr\/wp-content\/uploads\/2017\/11\/IMG_9476-750x507.jpg 750w, https:\/\/katolicka-gimnazija.hr\/wp-content\/uploads\/2017\/11\/IMG_9476-400x270.jpg 400w, https:\/\/katolicka-gimnazija.hr\/wp-content\/uploads\/2017\/11\/IMG_9476-430x291.jpg 430w, https:\/\/katolicka-gimnazija.hr\/wp-content\/uploads\/2017\/11\/IMG_9476-150x101.jpg 150w, https:\/\/katolicka-gimnazija.hr\/wp-content\/uploads\/2017\/11\/IMG_9476-100x68.jpg 100w\" sizes=\"auto, (max-width: 300px) 100vw, 300px\" \/><\/a>\n\t\t\t<\/div><\/figure><figure class='gallery-item'>\n\t\t\t<div class='gallery-icon landscape'>\n\t\t\t\t<a href='https:\/\/katolicka-gimnazija.hr\/wp-content\/uploads\/2017\/11\/IMG_9418.jpg'><img loading=\"lazy\" decoding=\"async\" width=\"300\" height=\"177\" src=\"https:\/\/katolicka-gimnazija.hr\/wp-content\/uploads\/2017\/11\/IMG_9418-300x177.jpg\" class=\"attachment-medium size-medium\" alt=\"\" srcset=\"https:\/\/katolicka-gimnazija.hr\/wp-content\/uploads\/2017\/11\/IMG_9418-300x177.jpg 300w, https:\/\/katolicka-gimnazija.hr\/wp-content\/uploads\/2017\/11\/IMG_9418-768x454.jpg 768w, https:\/\/katolicka-gimnazija.hr\/wp-content\/uploads\/2017\/11\/IMG_9418-1024x605.jpg 1024w, https:\/\/katolicka-gimnazija.hr\/wp-content\/uploads\/2017\/11\/IMG_9418-360x213.jpg 360w, https:\/\/katolicka-gimnazija.hr\/wp-content\/uploads\/2017\/11\/IMG_9418-750x443.jpg 750w, https:\/\/katolicka-gimnazija.hr\/wp-content\/uploads\/2017\/11\/IMG_9418-400x236.jpg 400w, https:\/\/katolicka-gimnazija.hr\/wp-content\/uploads\/2017\/11\/IMG_9418-430x254.jpg 430w, https:\/\/katolicka-gimnazija.hr\/wp-content\/uploads\/2017\/11\/IMG_9418-150x89.jpg 150w, https:\/\/katolicka-gimnazija.hr\/wp-content\/uploads\/2017\/11\/IMG_9418-100x59.jpg 100w\" sizes=\"auto, (max-width: 300px) 100vw, 300px\" \/><\/a>\n\t\t\t<\/div><\/figure><figure class='gallery-item'>\n\t\t\t<div class='gallery-icon landscape'>\n\t\t\t\t<a href='https:\/\/katolicka-gimnazija.hr\/wp-content\/uploads\/2017\/11\/IMG_9474.jpg'><img loading=\"lazy\" decoding=\"async\" width=\"300\" height=\"209\" src=\"https:\/\/katolicka-gimnazija.hr\/wp-content\/uploads\/2017\/11\/IMG_9474-300x209.jpg\" class=\"attachment-medium size-medium\" alt=\"\" srcset=\"https:\/\/katolicka-gimnazija.hr\/wp-content\/uploads\/2017\/11\/IMG_9474-300x209.jpg 300w, https:\/\/katolicka-gimnazija.hr\/wp-content\/uploads\/2017\/11\/IMG_9474-768x534.jpg 768w, https:\/\/katolicka-gimnazija.hr\/wp-content\/uploads\/2017\/11\/IMG_9474-1024x712.jpg 1024w, https:\/\/katolicka-gimnazija.hr\/wp-content\/uploads\/2017\/11\/IMG_9474-360x250.jpg 360w, https:\/\/katolicka-gimnazija.hr\/wp-content\/uploads\/2017\/11\/IMG_9474-750x522.jpg 750w, https:\/\/katolicka-gimnazija.hr\/wp-content\/uploads\/2017\/11\/IMG_9474-400x278.jpg 400w, https:\/\/katolicka-gimnazija.hr\/wp-content\/uploads\/2017\/11\/IMG_9474-430x299.jpg 430w, https:\/\/katolicka-gimnazija.hr\/wp-content\/uploads\/2017\/11\/IMG_9474-150x104.jpg 150w, https:\/\/katolicka-gimnazija.hr\/wp-content\/uploads\/2017\/11\/IMG_9474-100x70.jpg 100w\" sizes=\"auto, (max-width: 300px) 100vw, 300px\" \/><\/a>\n\t\t\t<\/div><\/figure><figure class='gallery-item'>\n\t\t\t<div class='gallery-icon landscape'>\n\t\t\t\t<a href='https:\/\/katolicka-gimnazija.hr\/wp-content\/uploads\/2017\/11\/IMG_9394.jpg'><img loading=\"lazy\" decoding=\"async\" width=\"300\" height=\"179\" src=\"https:\/\/katolicka-gimnazija.hr\/wp-content\/uploads\/2017\/11\/IMG_9394-300x179.jpg\" class=\"attachment-medium size-medium\" alt=\"\" srcset=\"https:\/\/katolicka-gimnazija.hr\/wp-content\/uploads\/2017\/11\/IMG_9394-300x179.jpg 300w, https:\/\/katolicka-gimnazija.hr\/wp-content\/uploads\/2017\/11\/IMG_9394-768x457.jpg 768w, https:\/\/katolicka-gimnazija.hr\/wp-content\/uploads\/2017\/11\/IMG_9394-1024x610.jpg 1024w, https:\/\/katolicka-gimnazija.hr\/wp-content\/uploads\/2017\/11\/IMG_9394-360x214.jpg 360w, https:\/\/katolicka-gimnazija.hr\/wp-content\/uploads\/2017\/11\/IMG_9394-750x446.jpg 750w, https:\/\/katolicka-gimnazija.hr\/wp-content\/uploads\/2017\/11\/IMG_9394-400x238.jpg 400w, https:\/\/katolicka-gimnazija.hr\/wp-content\/uploads\/2017\/11\/IMG_9394-430x256.jpg 430w, https:\/\/katolicka-gimnazija.hr\/wp-content\/uploads\/2017\/11\/IMG_9394-150x89.jpg 150w, https:\/\/katolicka-gimnazija.hr\/wp-content\/uploads\/2017\/11\/IMG_9394-100x60.jpg 100w\" sizes=\"auto, (max-width: 300px) 100vw, 300px\" \/><\/a>\n\t\t\t<\/div><\/figure><figure class='gallery-item'>\n\t\t\t<div class='gallery-icon landscape'>\n\t\t\t\t<a href='https:\/\/katolicka-gimnazija.hr\/wp-content\/uploads\/2017\/11\/IMG_9452.jpg'><img loading=\"lazy\" decoding=\"async\" width=\"300\" height=\"217\" src=\"https:\/\/katolicka-gimnazija.hr\/wp-content\/uploads\/2017\/11\/IMG_9452-300x217.jpg\" class=\"attachment-medium size-medium\" alt=\"\" srcset=\"https:\/\/katolicka-gimnazija.hr\/wp-content\/uploads\/2017\/11\/IMG_9452-300x217.jpg 300w, https:\/\/katolicka-gimnazija.hr\/wp-content\/uploads\/2017\/11\/IMG_9452-768x555.jpg 768w, https:\/\/katolicka-gimnazija.hr\/wp-content\/uploads\/2017\/11\/IMG_9452-1024x740.jpg 1024w, https:\/\/katolicka-gimnazija.hr\/wp-content\/uploads\/2017\/11\/IMG_9452-360x260.jpg 360w, https:\/\/katolicka-gimnazija.hr\/wp-content\/uploads\/2017\/11\/IMG_9452-750x542.jpg 750w, https:\/\/katolicka-gimnazija.hr\/wp-content\/uploads\/2017\/11\/IMG_9452-400x289.jpg 400w, https:\/\/katolicka-gimnazija.hr\/wp-content\/uploads\/2017\/11\/IMG_9452-430x311.jpg 430w, https:\/\/katolicka-gimnazija.hr\/wp-content\/uploads\/2017\/11\/IMG_9452-150x108.jpg 150w, https:\/\/katolicka-gimnazija.hr\/wp-content\/uploads\/2017\/11\/IMG_9452-100x72.jpg 100w\" sizes=\"auto, (max-width: 300px) 100vw, 300px\" \/><\/a>\n\t\t\t<\/div><\/figure><figure class='gallery-item'>\n\t\t\t<div class='gallery-icon landscape'>\n\t\t\t\t<a href='https:\/\/katolicka-gimnazija.hr\/wp-content\/uploads\/2017\/11\/IMG_9367.jpg'><img loading=\"lazy\" decoding=\"async\" width=\"300\" height=\"200\" src=\"https:\/\/katolicka-gimnazija.hr\/wp-content\/uploads\/2017\/11\/IMG_9367-300x200.jpg\" class=\"attachment-medium size-medium\" alt=\"\" srcset=\"https:\/\/katolicka-gimnazija.hr\/wp-content\/uploads\/2017\/11\/IMG_9367-300x200.jpg 300w, https:\/\/katolicka-gimnazija.hr\/wp-content\/uploads\/2017\/11\/IMG_9367-768x512.jpg 768w, https:\/\/katolicka-gimnazija.hr\/wp-content\/uploads\/2017\/11\/IMG_9367-1024x683.jpg 1024w, https:\/\/katolicka-gimnazija.hr\/wp-content\/uploads\/2017\/11\/IMG_9367-360x240.jpg 360w, https:\/\/katolicka-gimnazija.hr\/wp-content\/uploads\/2017\/11\/IMG_9367-750x500.jpg 750w, https:\/\/katolicka-gimnazija.hr\/wp-content\/uploads\/2017\/11\/IMG_9367-400x267.jpg 400w, https:\/\/katolicka-gimnazija.hr\/wp-content\/uploads\/2017\/11\/IMG_9367-430x287.jpg 430w, https:\/\/katolicka-gimnazija.hr\/wp-content\/uploads\/2017\/11\/IMG_9367-150x100.jpg 150w, https:\/\/katolicka-gimnazija.hr\/wp-content\/uploads\/2017\/11\/IMG_9367-100x67.jpg 100w\" sizes=\"auto, (max-width: 300px) 100vw, 300px\" \/><\/a>\n\t\t\t<\/div><\/figure><figure class='gallery-item'>\n\t\t\t<div class='gallery-icon landscape'>\n\t\t\t\t<a href='https:\/\/katolicka-gimnazija.hr\/wp-content\/uploads\/2017\/11\/IMG_9449.jpg'><img loading=\"lazy\" decoding=\"async\" width=\"300\" height=\"197\" src=\"https:\/\/katolicka-gimnazija.hr\/wp-content\/uploads\/2017\/11\/IMG_9449-300x197.jpg\" class=\"attachment-medium size-medium\" alt=\"\" srcset=\"https:\/\/katolicka-gimnazija.hr\/wp-content\/uploads\/2017\/11\/IMG_9449-300x197.jpg 300w, https:\/\/katolicka-gimnazija.hr\/wp-content\/uploads\/2017\/11\/IMG_9449-768x505.jpg 768w, https:\/\/katolicka-gimnazija.hr\/wp-content\/uploads\/2017\/11\/IMG_9449-1024x673.jpg 1024w, https:\/\/katolicka-gimnazija.hr\/wp-content\/uploads\/2017\/11\/IMG_9449-360x237.jpg 360w, https:\/\/katolicka-gimnazija.hr\/wp-content\/uploads\/2017\/11\/IMG_9449-750x493.jpg 750w, https:\/\/katolicka-gimnazija.hr\/wp-content\/uploads\/2017\/11\/IMG_9449-400x263.jpg 400w, https:\/\/katolicka-gimnazija.hr\/wp-content\/uploads\/2017\/11\/IMG_9449-430x283.jpg 430w, https:\/\/katolicka-gimnazija.hr\/wp-content\/uploads\/2017\/11\/IMG_9449-150x99.jpg 150w, https:\/\/katolicka-gimnazija.hr\/wp-content\/uploads\/2017\/11\/IMG_9449-100x66.jpg 100w\" sizes=\"auto, (max-width: 300px) 100vw, 300px\" \/><\/a>\n\t\t\t<\/div><\/figure><figure class='gallery-item'>\n\t\t\t<div class='gallery-icon portrait'>\n\t\t\t\t<a href='https:\/\/katolicka-gimnazija.hr\/wp-content\/uploads\/2017\/11\/IMG_9399.jpg'><img loading=\"lazy\" decoding=\"async\" width=\"227\" height=\"300\" src=\"https:\/\/katolicka-gimnazija.hr\/wp-content\/uploads\/2017\/11\/IMG_9399-227x300.jpg\" class=\"attachment-medium size-medium\" alt=\"\" srcset=\"https:\/\/katolicka-gimnazija.hr\/wp-content\/uploads\/2017\/11\/IMG_9399-227x300.jpg 227w, https:\/\/katolicka-gimnazija.hr\/wp-content\/uploads\/2017\/11\/IMG_9399-768x1015.jpg 768w, https:\/\/katolicka-gimnazija.hr\/wp-content\/uploads\/2017\/11\/IMG_9399-775x1024.jpg 775w, https:\/\/katolicka-gimnazija.hr\/wp-content\/uploads\/2017\/11\/IMG_9399-360x476.jpg 360w, https:\/\/katolicka-gimnazija.hr\/wp-content\/uploads\/2017\/11\/IMG_9399-750x991.jpg 750w, https:\/\/katolicka-gimnazija.hr\/wp-content\/uploads\/2017\/11\/IMG_9399-400x529.jpg 400w, https:\/\/katolicka-gimnazija.hr\/wp-content\/uploads\/2017\/11\/IMG_9399-430x568.jpg 430w, https:\/\/katolicka-gimnazija.hr\/wp-content\/uploads\/2017\/11\/IMG_9399-150x198.jpg 150w, https:\/\/katolicka-gimnazija.hr\/wp-content\/uploads\/2017\/11\/IMG_9399-100x132.jpg 100w, https:\/\/katolicka-gimnazija.hr\/wp-content\/uploads\/2017\/11\/IMG_9399.jpg 1135w\" sizes=\"auto, (max-width: 227px) 100vw, 227px\" \/><\/a>\n\t\t\t<\/div><\/figure><figure class='gallery-item'>\n\t\t\t<div class='gallery-icon landscape'>\n\t\t\t\t<a href='https:\/\/katolicka-gimnazija.hr\/wp-content\/uploads\/2017\/11\/IMG_9380.jpg'><img loading=\"lazy\" decoding=\"async\" width=\"300\" height=\"193\" src=\"https:\/\/katolicka-gimnazija.hr\/wp-content\/uploads\/2017\/11\/IMG_9380-300x193.jpg\" class=\"attachment-medium size-medium\" alt=\"\" srcset=\"https:\/\/katolicka-gimnazija.hr\/wp-content\/uploads\/2017\/11\/IMG_9380-300x193.jpg 300w, https:\/\/katolicka-gimnazija.hr\/wp-content\/uploads\/2017\/11\/IMG_9380-768x493.jpg 768w, https:\/\/katolicka-gimnazija.hr\/wp-content\/uploads\/2017\/11\/IMG_9380-1024x658.jpg 1024w, https:\/\/katolicka-gimnazija.hr\/wp-content\/uploads\/2017\/11\/IMG_9380-360x231.jpg 360w, https:\/\/katolicka-gimnazija.hr\/wp-content\/uploads\/2017\/11\/IMG_9380-750x482.jpg 750w, https:\/\/katolicka-gimnazija.hr\/wp-content\/uploads\/2017\/11\/IMG_9380-400x257.jpg 400w, https:\/\/katolicka-gimnazija.hr\/wp-content\/uploads\/2017\/11\/IMG_9380-430x276.jpg 430w, https:\/\/katolicka-gimnazija.hr\/wp-content\/uploads\/2017\/11\/IMG_9380-150x96.jpg 150w, https:\/\/katolicka-gimnazija.hr\/wp-content\/uploads\/2017\/11\/IMG_9380-100x64.jpg 100w\" sizes=\"auto, (max-width: 300px) 100vw, 300px\" \/><\/a>\n\t\t\t<\/div><\/figure><figure class='gallery-item'>\n\t\t\t<div class='gallery-icon landscape'>\n\t\t\t\t<a href='https:\/\/katolicka-gimnazija.hr\/wp-content\/uploads\/2017\/11\/IMG_9409.jpg'><img loading=\"lazy\" decoding=\"async\" width=\"300\" height=\"241\" src=\"https:\/\/katolicka-gimnazija.hr\/wp-content\/uploads\/2017\/11\/IMG_9409-300x241.jpg\" class=\"attachment-medium size-medium\" alt=\"\" srcset=\"https:\/\/katolicka-gimnazija.hr\/wp-content\/uploads\/2017\/11\/IMG_9409-300x241.jpg 300w, https:\/\/katolicka-gimnazija.hr\/wp-content\/uploads\/2017\/11\/IMG_9409-768x616.jpg 768w, https:\/\/katolicka-gimnazija.hr\/wp-content\/uploads\/2017\/11\/IMG_9409-1024x822.jpg 1024w, https:\/\/katolicka-gimnazija.hr\/wp-content\/uploads\/2017\/11\/IMG_9409-360x289.jpg 360w, https:\/\/katolicka-gimnazija.hr\/wp-content\/uploads\/2017\/11\/IMG_9409-750x602.jpg 750w, https:\/\/katolicka-gimnazija.hr\/wp-content\/uploads\/2017\/11\/IMG_9409-400x321.jpg 400w, https:\/\/katolicka-gimnazija.hr\/wp-content\/uploads\/2017\/11\/IMG_9409-430x345.jpg 430w, https:\/\/katolicka-gimnazija.hr\/wp-content\/uploads\/2017\/11\/IMG_9409-150x120.jpg 150w, https:\/\/katolicka-gimnazija.hr\/wp-content\/uploads\/2017\/11\/IMG_9409-100x80.jpg 100w, https:\/\/katolicka-gimnazija.hr\/wp-content\/uploads\/2017\/11\/IMG_9409.jpg 1869w\" sizes=\"auto, (max-width: 300px) 100vw, 300px\" \/><\/a>\n\t\t\t<\/div><\/figure><figure class='gallery-item'>\n\t\t\t<div class='gallery-icon landscape'>\n\t\t\t\t<a href='https:\/\/katolicka-gimnazija.hr\/wp-content\/uploads\/2017\/11\/IMG_9481.jpg'><img loading=\"lazy\" decoding=\"async\" width=\"300\" height=\"210\" src=\"https:\/\/katolicka-gimnazija.hr\/wp-content\/uploads\/2017\/11\/IMG_9481-300x210.jpg\" class=\"attachment-medium size-medium\" alt=\"\" srcset=\"https:\/\/katolicka-gimnazija.hr\/wp-content\/uploads\/2017\/11\/IMG_9481-300x210.jpg 300w, https:\/\/katolicka-gimnazija.hr\/wp-content\/uploads\/2017\/11\/IMG_9481-768x539.jpg 768w, https:\/\/katolicka-gimnazija.hr\/wp-content\/uploads\/2017\/11\/IMG_9481-1024x718.jpg 1024w, https:\/\/katolicka-gimnazija.hr\/wp-content\/uploads\/2017\/11\/IMG_9481-360x252.jpg 360w, https:\/\/katolicka-gimnazija.hr\/wp-content\/uploads\/2017\/11\/IMG_9481-750x526.jpg 750w, https:\/\/katolicka-gimnazija.hr\/wp-content\/uploads\/2017\/11\/IMG_9481-400x281.jpg 400w, https:\/\/katolicka-gimnazija.hr\/wp-content\/uploads\/2017\/11\/IMG_9481-430x302.jpg 430w, https:\/\/katolicka-gimnazija.hr\/wp-content\/uploads\/2017\/11\/IMG_9481-150x105.jpg 150w, https:\/\/katolicka-gimnazija.hr\/wp-content\/uploads\/2017\/11\/IMG_9481-100x70.jpg 100w\" sizes=\"auto, (max-width: 300px) 100vw, 300px\" \/><\/a>\n\t\t\t<\/div><\/figure><figure class='gallery-item'>\n\t\t\t<div class='gallery-icon landscape'>\n\t\t\t\t<a href='https:\/\/katolicka-gimnazija.hr\/wp-content\/uploads\/2017\/11\/IMG_9486.jpg'><img loading=\"lazy\" decoding=\"async\" width=\"300\" height=\"199\" src=\"https:\/\/katolicka-gimnazija.hr\/wp-content\/uploads\/2017\/11\/IMG_9486-300x199.jpg\" class=\"attachment-medium size-medium\" alt=\"\" srcset=\"https:\/\/katolicka-gimnazija.hr\/wp-content\/uploads\/2017\/11\/IMG_9486-300x199.jpg 300w, https:\/\/katolicka-gimnazija.hr\/wp-content\/uploads\/2017\/11\/IMG_9486-768x510.jpg 768w, https:\/\/katolicka-gimnazija.hr\/wp-content\/uploads\/2017\/11\/IMG_9486-1024x679.jpg 1024w, https:\/\/katolicka-gimnazija.hr\/wp-content\/uploads\/2017\/11\/IMG_9486-360x239.jpg 360w, https:\/\/katolicka-gimnazija.hr\/wp-content\/uploads\/2017\/11\/IMG_9486-750x498.jpg 750w, https:\/\/katolicka-gimnazija.hr\/wp-content\/uploads\/2017\/11\/IMG_9486-400x265.jpg 400w, https:\/\/katolicka-gimnazija.hr\/wp-content\/uploads\/2017\/11\/IMG_9486-430x285.jpg 430w, https:\/\/katolicka-gimnazija.hr\/wp-content\/uploads\/2017\/11\/IMG_9486-150x100.jpg 150w, https:\/\/katolicka-gimnazija.hr\/wp-content\/uploads\/2017\/11\/IMG_9486-100x66.jpg 100w\" sizes=\"auto, (max-width: 300px) 100vw, 300px\" \/><\/a>\n\t\t\t<\/div><\/figure><figure class='gallery-item'>\n\t\t\t<div class='gallery-icon landscape'>\n\t\t\t\t<a href='https:\/\/katolicka-gimnazija.hr\/wp-content\/uploads\/2017\/11\/IMG_9432.jpg'><img loading=\"lazy\" decoding=\"async\" width=\"300\" height=\"199\" src=\"https:\/\/katolicka-gimnazija.hr\/wp-content\/uploads\/2017\/11\/IMG_9432-300x199.jpg\" class=\"attachment-medium size-medium\" alt=\"\" srcset=\"https:\/\/katolicka-gimnazija.hr\/wp-content\/uploads\/2017\/11\/IMG_9432-300x199.jpg 300w, https:\/\/katolicka-gimnazija.hr\/wp-content\/uploads\/2017\/11\/IMG_9432-768x509.jpg 768w, https:\/\/katolicka-gimnazija.hr\/wp-content\/uploads\/2017\/11\/IMG_9432-1024x679.jpg 1024w, https:\/\/katolicka-gimnazija.hr\/wp-content\/uploads\/2017\/11\/IMG_9432-360x239.jpg 360w, https:\/\/katolicka-gimnazija.hr\/wp-content\/uploads\/2017\/11\/IMG_9432-750x497.jpg 750w, https:\/\/katolicka-gimnazija.hr\/wp-content\/uploads\/2017\/11\/IMG_9432-400x265.jpg 400w, https:\/\/katolicka-gimnazija.hr\/wp-content\/uploads\/2017\/11\/IMG_9432-430x285.jpg 430w, https:\/\/katolicka-gimnazija.hr\/wp-content\/uploads\/2017\/11\/IMG_9432-150x99.jpg 150w, https:\/\/katolicka-gimnazija.hr\/wp-content\/uploads\/2017\/11\/IMG_9432-100x66.jpg 100w\" sizes=\"auto, (max-width: 300px) 100vw, 300px\" \/><\/a>\n\t\t\t<\/div><\/figure><figure class='gallery-item'>\n\t\t\t<div class='gallery-icon landscape'>\n\t\t\t\t<a href='https:\/\/katolicka-gimnazija.hr\/wp-content\/uploads\/2017\/11\/IMG_9373.jpg'><img loading=\"lazy\" decoding=\"async\" width=\"300\" height=\"170\" src=\"https:\/\/katolicka-gimnazija.hr\/wp-content\/uploads\/2017\/11\/IMG_9373-300x170.jpg\" class=\"attachment-medium size-medium\" alt=\"\" srcset=\"https:\/\/katolicka-gimnazija.hr\/wp-content\/uploads\/2017\/11\/IMG_9373-300x170.jpg 300w, https:\/\/katolicka-gimnazija.hr\/wp-content\/uploads\/2017\/11\/IMG_9373-768x436.jpg 768w, https:\/\/katolicka-gimnazija.hr\/wp-content\/uploads\/2017\/11\/IMG_9373-1024x581.jpg 1024w, https:\/\/katolicka-gimnazija.hr\/wp-content\/uploads\/2017\/11\/IMG_9373-360x204.jpg 360w, https:\/\/katolicka-gimnazija.hr\/wp-content\/uploads\/2017\/11\/IMG_9373-750x425.jpg 750w, https:\/\/katolicka-gimnazija.hr\/wp-content\/uploads\/2017\/11\/IMG_9373-400x227.jpg 400w, https:\/\/katolicka-gimnazija.hr\/wp-content\/uploads\/2017\/11\/IMG_9373-430x244.jpg 430w, https:\/\/katolicka-gimnazija.hr\/wp-content\/uploads\/2017\/11\/IMG_9373-150x85.jpg 150w, https:\/\/katolicka-gimnazija.hr\/wp-content\/uploads\/2017\/11\/IMG_9373-100x57.jpg 100w\" sizes=\"auto, (max-width: 300px) 100vw, 300px\" \/><\/a>\n\t\t\t<\/div><\/figure>\n\t\t<\/div>\n\n","protected":false},"excerpt":{"rendered":"<p>Novi me\u0111ureligijski susret u\u010denika i profesora vjerskih \u0161kola u Hrvatskoj, pod nazivom \u201eLjepota i bogatstvo narodne no\u0161nje\u201c, odr\u017ean je 23. studenog\u00a0 2017. (3. rebiu-l-evvela 1439. h. g., prema islamskom kalendaru), a doma\u0107in susreta ovaj put bila je Islamska gimnazija dr. Ahmeda Smajlovi\u0107a u Zagrebu. Cilj ove manifestacije bio je pribli\u017eiti mladima tradiciju narodnih no\u0161nji koje [&hellip;]<\/p>\n","protected":false},"author":50,"featured_media":11497,"comment_status":"closed","ping_status":"closed","sticky":false,"template":"","format":"standard","meta":{"footnotes":""},"categories":[4,2],"tags":[],"class_list":["post-11510","post","type-post","status-publish","format-standard","has-post-thumbnail","hentry","category-fotogalerije","category-vijesti"],"_links":{"self":[{"href":"https:\/\/katolicka-gimnazija.hr\/index.php\/wp-json\/wp\/v2\/posts\/11510","targetHints":{"allow":["GET"]}}],"collection":[{"href":"https:\/\/katolicka-gimnazija.hr\/index.php\/wp-json\/wp\/v2\/posts"}],"about":[{"href":"https:\/\/katolicka-gimnazija.hr\/index.php\/wp-json\/wp\/v2\/types\/post"}],"author":[{"embeddable":true,"href":"https:\/\/katolicka-gimnazija.hr\/index.php\/wp-json\/wp\/v2\/users\/50"}],"replies":[{"embeddable":true,"href":"https:\/\/katolicka-gimnazija.hr\/index.php\/wp-json\/wp\/v2\/comments?post=11510"}],"version-history":[{"count":5,"href":"https:\/\/katolicka-gimnazija.hr\/index.php\/wp-json\/wp\/v2\/posts\/11510\/revisions"}],"predecessor-version":[{"id":14759,"href":"https:\/\/katolicka-gimnazija.hr\/index.php\/wp-json\/wp\/v2\/posts\/11510\/revisions\/14759"}],"wp:featuredmedia":[{"embeddable":true,"href":"https:\/\/katolicka-gimnazija.hr\/index.php\/wp-json\/wp\/v2\/media\/11497"}],"wp:attachment":[{"href":"https:\/\/katolicka-gimnazija.hr\/index.php\/wp-json\/wp\/v2\/media?parent=11510"}],"wp:term":[{"taxonomy":"category","embeddable":true,"href":"https:\/\/katolicka-gimnazija.hr\/index.php\/wp-json\/wp\/v2\/categories?post=11510"},{"taxonomy":"post_tag","embeddable":true,"href":"https:\/\/katolicka-gimnazija.hr\/index.php\/wp-json\/wp\/v2\/tags?post=11510"}],"curies":[{"name":"wp","href":"https:\/\/api.w.org\/{rel}","templated":true}]}}