{"id":11548,"date":"2017-12-02T06:37:12","date_gmt":"2017-12-02T06:37:12","guid":{"rendered":"http:\/\/katolicka-gimnazija.hr\/?p=11548"},"modified":"2018-12-28T13:35:30","modified_gmt":"2018-12-28T13:35:30","slug":"kosarka-zupanijsko-natjecanje","status":"publish","type":"post","link":"https:\/\/katolicka-gimnazija.hr\/index.php\/2017\/12\/02\/kosarka-zupanijsko-natjecanje\/","title":{"rendered":"KO\u0160ARKA \u017dUPANIJSKO NATJECANJE"},"content":{"rendered":"<p>DJEVOJKE OSVOJILE PRVO MJESTO MLADI\u0106I DRUGI<\/p>\n<p><a href=\"http:\/\/katolicka-gimnazija.hr\/wp-content\/uploads\/2017\/12\/ko\u0161arka-17-\u017eup-1mj.dj_.-1.jpg\"><img loading=\"lazy\" decoding=\"async\" class=\"alignleft wp-image-11552 size-medium\" src=\"http:\/\/katolicka-gimnazija.hr\/wp-content\/uploads\/2017\/12\/ko\u0161arka-17-\u017eup-1mj.dj_.-1-300x225.jpg\" alt=\"OLYMPUS DIGITAL CAMERA\" width=\"300\" height=\"225\" srcset=\"https:\/\/katolicka-gimnazija.hr\/wp-content\/uploads\/2017\/12\/ko\u0161arka-17-\u017eup-1mj.dj_.-1-300x225.jpg 300w, https:\/\/katolicka-gimnazija.hr\/wp-content\/uploads\/2017\/12\/ko\u0161arka-17-\u017eup-1mj.dj_.-1-768x576.jpg 768w, https:\/\/katolicka-gimnazija.hr\/wp-content\/uploads\/2017\/12\/ko\u0161arka-17-\u017eup-1mj.dj_.-1-1024x768.jpg 1024w, https:\/\/katolicka-gimnazija.hr\/wp-content\/uploads\/2017\/12\/ko\u0161arka-17-\u017eup-1mj.dj_.-1-360x270.jpg 360w, https:\/\/katolicka-gimnazija.hr\/wp-content\/uploads\/2017\/12\/ko\u0161arka-17-\u017eup-1mj.dj_.-1-750x562.jpg 750w, https:\/\/katolicka-gimnazija.hr\/wp-content\/uploads\/2017\/12\/ko\u0161arka-17-\u017eup-1mj.dj_.-1-400x300.jpg 400w, https:\/\/katolicka-gimnazija.hr\/wp-content\/uploads\/2017\/12\/ko\u0161arka-17-\u017eup-1mj.dj_.-1-430x322.jpg 430w, https:\/\/katolicka-gimnazija.hr\/wp-content\/uploads\/2017\/12\/ko\u0161arka-17-\u017eup-1mj.dj_.-1-150x112.jpg 150w, https:\/\/katolicka-gimnazija.hr\/wp-content\/uploads\/2017\/12\/ko\u0161arka-17-\u017eup-1mj.dj_.-1-100x75.jpg 100w, https:\/\/katolicka-gimnazija.hr\/wp-content\/uploads\/2017\/12\/ko\u0161arka-17-\u017eup-1mj.dj_.-1.jpg 1867w\" sizes=\"auto, (max-width: 300px) 100vw, 300px\" \/><\/a><\/p>\n<p>Na \u017dupanijskom natjecanju srednjih \u0161kola u ko\u0161arci za djevojke na\u0161e u\u010denice su izborile regionalno natjecanje. Djevojke su pobijedile ekipu Gimnazije rezultatom 38:16 i plasirale se na regionalno natjecanje. Za ekipu KG-a nastupale su: Martina Pand\u017ea Brni\u0107 4.b, Iva Budimir 3.b, Ela E\u0161egovi\u0107 3.b, Tara Stipanovi\u0107 3.b, Teodora Sakoman 2.b, Nikolina Beri\u0107 4.a, Valentina Bunjevac 4.a, Maja Grgi\u0107 4.b i Patricija Mandi\u0107 3.a.<\/p>\n<p>Mladi\u0107i su tako\u0111er odigrali utakmicu protiv Gimnazije u kojoj su pora\u017eeni rezultatom 46:21 te tako osvojili drugo mjesto budu\u0107i da ostale srednje \u0161kole nisu prijavile ekipe. Za ekipu mladi\u0107a nastupili su: Borna \u0160pani\u0107 4.b, Slaven Aleri\u0107 4.b, Vlaho Beri\u0161i\u0107 4.b, Mario Jankovi\u0107 4.b, Lovro Hlebec 4.b, Josip Vukovi\u0107 4.b, Fran Abramovi\u0107 1.a, Oliver Pudi\u0107 3.a, Antonijo Lipovac 3.b i Leon Fogadi\u0107 4.a.<\/p>\n<p><a href=\"http:\/\/katolicka-gimnazija.hr\/wp-content\/uploads\/2017\/12\/ko\u0161arka-17-\u017eupanijsko-ml..jpg\"><img loading=\"lazy\" decoding=\"async\" class=\"alignleft wp-image-11553 size-medium\" src=\"http:\/\/katolicka-gimnazija.hr\/wp-content\/uploads\/2017\/12\/ko\u0161arka-17-\u017eupanijsko-ml.-300x225.jpg\" alt=\"OLYMPUS DIGITAL CAMERA\" width=\"300\" height=\"225\" srcset=\"https:\/\/katolicka-gimnazija.hr\/wp-content\/uploads\/2017\/12\/ko\u0161arka-17-\u017eupanijsko-ml.-300x225.jpg 300w, https:\/\/katolicka-gimnazija.hr\/wp-content\/uploads\/2017\/12\/ko\u0161arka-17-\u017eupanijsko-ml.-768x576.jpg 768w, https:\/\/katolicka-gimnazija.hr\/wp-content\/uploads\/2017\/12\/ko\u0161arka-17-\u017eupanijsko-ml.-1024x768.jpg 1024w, https:\/\/katolicka-gimnazija.hr\/wp-content\/uploads\/2017\/12\/ko\u0161arka-17-\u017eupanijsko-ml.-360x270.jpg 360w, https:\/\/katolicka-gimnazija.hr\/wp-content\/uploads\/2017\/12\/ko\u0161arka-17-\u017eupanijsko-ml.-750x562.jpg 750w, https:\/\/katolicka-gimnazija.hr\/wp-content\/uploads\/2017\/12\/ko\u0161arka-17-\u017eupanijsko-ml.-400x300.jpg 400w, https:\/\/katolicka-gimnazija.hr\/wp-content\/uploads\/2017\/12\/ko\u0161arka-17-\u017eupanijsko-ml.-430x322.jpg 430w, https:\/\/katolicka-gimnazija.hr\/wp-content\/uploads\/2017\/12\/ko\u0161arka-17-\u017eupanijsko-ml.-150x112.jpg 150w, https:\/\/katolicka-gimnazija.hr\/wp-content\/uploads\/2017\/12\/ko\u0161arka-17-\u017eupanijsko-ml.-100x75.jpg 100w, https:\/\/katolicka-gimnazija.hr\/wp-content\/uploads\/2017\/12\/ko\u0161arka-17-\u017eupanijsko-ml..jpg 1867w\" sizes=\"auto, (max-width: 300px) 100vw, 300px\" \/><\/a> <\/p>\n","protected":false},"excerpt":{"rendered":"<p>DJEVOJKE OSVOJILE PRVO MJESTO MLADI\u0106I DRUGI Na \u017dupanijskom natjecanju srednjih \u0161kola u ko\u0161arci za djevojke na\u0161e u\u010denice su izborile regionalno natjecanje. Djevojke su pobijedile ekipu Gimnazije rezultatom 38:16 i plasirale se na regionalno natjecanje. Za ekipu KG-a nastupale su: Martina Pand\u017ea Brni\u0107 4.b, Iva Budimir 3.b, Ela E\u0161egovi\u0107 3.b, Tara Stipanovi\u0107 3.b, Teodora Sakoman 2.b, [&hellip;]<\/p>\n","protected":false},"author":1,"featured_media":11551,"comment_status":"closed","ping_status":"closed","sticky":false,"template":"","format":"standard","meta":{"footnotes":""},"categories":[2],"tags":[],"class_list":["post-11548","post","type-post","status-publish","format-standard","has-post-thumbnail","hentry","category-vijesti"],"_links":{"self":[{"href":"https:\/\/katolicka-gimnazija.hr\/index.php\/wp-json\/wp\/v2\/posts\/11548","targetHints":{"allow":["GET"]}}],"collection":[{"href":"https:\/\/katolicka-gimnazija.hr\/index.php\/wp-json\/wp\/v2\/posts"}],"about":[{"href":"https:\/\/katolicka-gimnazija.hr\/index.php\/wp-json\/wp\/v2\/types\/post"}],"author":[{"embeddable":true,"href":"https:\/\/katolicka-gimnazija.hr\/index.php\/wp-json\/wp\/v2\/users\/1"}],"replies":[{"embeddable":true,"href":"https:\/\/katolicka-gimnazija.hr\/index.php\/wp-json\/wp\/v2\/comments?post=11548"}],"version-history":[{"count":4,"href":"https:\/\/katolicka-gimnazija.hr\/index.php\/wp-json\/wp\/v2\/posts\/11548\/revisions"}],"predecessor-version":[{"id":14757,"href":"https:\/\/katolicka-gimnazija.hr\/index.php\/wp-json\/wp\/v2\/posts\/11548\/revisions\/14757"}],"wp:featuredmedia":[{"embeddable":true,"href":"https:\/\/katolicka-gimnazija.hr\/index.php\/wp-json\/wp\/v2\/media\/11551"}],"wp:attachment":[{"href":"https:\/\/katolicka-gimnazija.hr\/index.php\/wp-json\/wp\/v2\/media?parent=11548"}],"wp:term":[{"taxonomy":"category","embeddable":true,"href":"https:\/\/katolicka-gimnazija.hr\/index.php\/wp-json\/wp\/v2\/categories?post=11548"},{"taxonomy":"post_tag","embeddable":true,"href":"https:\/\/katolicka-gimnazija.hr\/index.php\/wp-json\/wp\/v2\/tags?post=11548"}],"curies":[{"name":"wp","href":"https:\/\/api.w.org\/{rel}","templated":true}]}}