{"id":11717,"date":"2017-12-21T14:34:04","date_gmt":"2017-12-21T14:34:04","guid":{"rendered":"http:\/\/katolicka-gimnazija.hr\/?p=11717"},"modified":"2018-02-28T12:43:22","modified_gmt":"2018-02-28T12:43:22","slug":"najava-promjena-u-radu-i-organizaciji-tijekom-zimskog-odmora-ucenika","status":"publish","type":"post","link":"https:\/\/katolicka-gimnazija.hr\/index.php\/2017\/12\/21\/najava-promjena-u-radu-i-organizaciji-tijekom-zimskog-odmora-ucenika\/","title":{"rendered":"Uklju\u010di se u neki od natje\u010daja za mlade!"},"content":{"rendered":"<h3>Tre\u0107e izdanje foto natje\u010daja\u00a0<em>Volim svoju \u017eupaniju!<\/em><\/h3>\n<p><a href=\"http:\/\/katolicka-gimnazija.hr\/wp-content\/uploads\/2017\/12\/big_WrpAJFXp7yYcC790JaQT.jpeg\"><img loading=\"lazy\" decoding=\"async\" class=\"alignright wp-image-12296 size-medium\" src=\"http:\/\/katolicka-gimnazija.hr\/wp-content\/uploads\/2017\/12\/big_WrpAJFXp7yYcC790JaQT-300x169.jpeg\" alt=\"big_WrpAJFXp7yYcC790JaQT\" width=\"300\" height=\"169\" srcset=\"https:\/\/katolicka-gimnazija.hr\/wp-content\/uploads\/2017\/12\/big_WrpAJFXp7yYcC790JaQT-300x169.jpeg 300w, https:\/\/katolicka-gimnazija.hr\/wp-content\/uploads\/2017\/12\/big_WrpAJFXp7yYcC790JaQT-768x433.jpeg 768w, https:\/\/katolicka-gimnazija.hr\/wp-content\/uploads\/2017\/12\/big_WrpAJFXp7yYcC790JaQT-360x203.jpeg 360w, https:\/\/katolicka-gimnazija.hr\/wp-content\/uploads\/2017\/12\/big_WrpAJFXp7yYcC790JaQT-750x422.jpeg 750w, https:\/\/katolicka-gimnazija.hr\/wp-content\/uploads\/2017\/12\/big_WrpAJFXp7yYcC790JaQT-400x225.jpeg 400w, https:\/\/katolicka-gimnazija.hr\/wp-content\/uploads\/2017\/12\/big_WrpAJFXp7yYcC790JaQT-430x242.jpeg 430w, https:\/\/katolicka-gimnazija.hr\/wp-content\/uploads\/2017\/12\/big_WrpAJFXp7yYcC790JaQT-150x84.jpeg 150w, https:\/\/katolicka-gimnazija.hr\/wp-content\/uploads\/2017\/12\/big_WrpAJFXp7yYcC790JaQT-100x56.jpeg 100w, https:\/\/katolicka-gimnazija.hr\/wp-content\/uploads\/2017\/12\/big_WrpAJFXp7yYcC790JaQT.jpeg 980w\" sizes=\"auto, (max-width: 300px) 100vw, 300px\" \/><\/a>Po\u010detak o\u017eujka i ove godine donosi novo izdanje natje\u010daja Volim svoju \u017eupaniju. Rije\u010d je o foto natje\u010daju u kojemu Hrvatska zajednica \u017eupanija daje priliku svim mladim umjetnicima da fotografijom prika\u017eu ono najljep\u0161e od njihove \u017eupanije.<\/p>\n<p>U prethodnim je izdanjima ovaj natje\u010daj zainteresirao velik broj ljubitelja fotografije da svoje umije\u0107e podijele sa stru\u010dnim \u017eirijem i javno\u0161\u0107u. One najbolje nagradili smo vrijednim poklonima, a jo\u0161 primamljivije glavne nagrade pripremili smo i ove godine.<\/p>\n<p>Za najuspje\u0161nije u kategorijama najbolja fotografija prema mi\u0161ljenju \u017eirija i broju glasova pripremili smo\u00a0<strong>GoPro Hero 5 kamere<\/strong>.<\/p>\n<p><a href=\"http:\/\/katolicka-gimnazija.hr\/wp-content\/uploads\/2017\/12\/vzz-2.jpg\"><img loading=\"lazy\" decoding=\"async\" class=\"alignleft wp-image-12297 size-medium\" src=\"http:\/\/katolicka-gimnazija.hr\/wp-content\/uploads\/2017\/12\/vzz-2-300x300.jpg\" alt=\"vzz 2\" width=\"300\" height=\"300\" srcset=\"https:\/\/katolicka-gimnazija.hr\/wp-content\/uploads\/2017\/12\/vzz-2-300x300.jpg 300w, https:\/\/katolicka-gimnazija.hr\/wp-content\/uploads\/2017\/12\/vzz-2-150x150.jpg 150w, https:\/\/katolicka-gimnazija.hr\/wp-content\/uploads\/2017\/12\/vzz-2-768x768.jpg 768w, https:\/\/katolicka-gimnazija.hr\/wp-content\/uploads\/2017\/12\/vzz-2-1024x1024.jpg 1024w, https:\/\/katolicka-gimnazija.hr\/wp-content\/uploads\/2017\/12\/vzz-2-360x360.jpg 360w, https:\/\/katolicka-gimnazija.hr\/wp-content\/uploads\/2017\/12\/vzz-2-750x750.jpg 750w, https:\/\/katolicka-gimnazija.hr\/wp-content\/uploads\/2017\/12\/vzz-2-400x400.jpg 400w, https:\/\/katolicka-gimnazija.hr\/wp-content\/uploads\/2017\/12\/vzz-2-430x430.jpg 430w, https:\/\/katolicka-gimnazija.hr\/wp-content\/uploads\/2017\/12\/vzz-2-100x100.jpg 100w, https:\/\/katolicka-gimnazija.hr\/wp-content\/uploads\/2017\/12\/vzz-2.jpg 2000w\" sizes=\"auto, (max-width: 300px) 100vw, 300px\" \/><\/a>Ipak, put do nagrada nije nimalo lak, posebice u kategoriji najbolje fotografije prema mi\u0161ljenju \u017eirija. Vjerujemo da \u0107e konkurencija i ove godine biti izrazito jaka, \u0161to na\u0161oj predsjednici \u017eirija, profesionalnoj fotografkinji\u00a0<strong>Mari Milin<\/strong>, ne\u0107e nimalo olak\u0161ati posao. Uz nju, pristigle \u0107e radove ocjenjivati i djelatnici iz \u017eupanijskih odjela za odnose s javno\u0161\u0107u;\u00a0<strong>Mateja Go\u0161\u0107iej<\/strong>,\u00a0<strong>Bernardo Pahor<\/strong>\u00a0te\u00a0<strong>Kristijan Toplak<\/strong>. Poseban dodatak \u017eiriju je i na\u0161\u00a0<strong>Alan \u0160piljak<\/strong>, pro\u0161logodi\u0161nji pobjednik natje\u010daja.<\/p>\n<p>Pripremite oko, izo\u0161trite fokus Va\u0161ih kamera i od \u010detvrtka, 1.o\u017eujka, poka\u017eite nam posebnosti svojih \u017eupanija!<\/p>\n<p>&nbsp;<\/p>\n<p>&nbsp;<\/p>\n<p><strong>Natje\u010daj &#8220;Bla\u017eeni Ivan Merz&#8221;<\/strong><\/p>\n<p><a href=\"http:\/\/katolicka-gimnazija.hr\/wp-content\/uploads\/2017\/12\/merz-002.jpg\"><img loading=\"lazy\" decoding=\"async\" class=\"alignright wp-image-12298 size-medium\" src=\"http:\/\/katolicka-gimnazija.hr\/wp-content\/uploads\/2017\/12\/merz-002-244x300.jpg\" alt=\"merz-002\" width=\"244\" height=\"300\" srcset=\"https:\/\/katolicka-gimnazija.hr\/wp-content\/uploads\/2017\/12\/merz-002-244x300.jpg 244w, https:\/\/katolicka-gimnazija.hr\/wp-content\/uploads\/2017\/12\/merz-002-150x185.jpg 150w, https:\/\/katolicka-gimnazija.hr\/wp-content\/uploads\/2017\/12\/merz-002-100x123.jpg 100w, https:\/\/katolicka-gimnazija.hr\/wp-content\/uploads\/2017\/12\/merz-002.jpg 268w\" sizes=\"auto, (max-width: 244px) 100vw, 244px\" \/><\/a>Jo\u0161 nekoliko dana ostalo je da se svojom pri\u010dom prijavite na literarni natje\u010daj \u00bbBla\u017eeni Ivan Merz\u00ab., koji ve\u0107 tradicionalno raspisuje Nadbiskupska klasi\u010dna gimnazija s pravom javnosti u Zagrebu.<\/p>\n<p>Ovogodi\u0161nja tema Natje\u010daja jedna je od misli na\u0161ega Bla\u017eenika: <strong>\u00bbUvjeren sam da sve ima svoju svrhu: ovaj rad i moje male patnje\u00ab<\/strong>. Nagrade se dodjeljuju za tri najbolja literarna rada koji izri\u010du promi\u0161ljanja zadane teme u duhu vjere. Postanimo aktivni sudionici i svojim literarnim stvarala\u0161tvom obogatimo druge te postignimo vrijedne nagrade! Sve o navedenom Natje\u010daju i uvjetima istoga mo\u017eete prona\u0107i na\u00a0<a href=\"https:\/\/drive.google.com\/open?id=0B_JBphIdCg8QTGtIbGNRQVRTdWJkWkE0eHFMMUhxX05vMTFv\">linku<\/a>.<\/p>\n<p>Svoje radove \u0161aljite na Nadbiskupska klasi\u010dna gimnazija s pravom javnosti u Zagrebu,\u00a0Vo\u0107arska 106 10000 Zagreb.<\/p>\n<p>&nbsp;<\/p>\n<p>&nbsp;<\/p>\n","protected":false},"excerpt":{"rendered":"<p>Tre\u0107e izdanje foto natje\u010daja\u00a0Volim svoju \u017eupaniju! Po\u010detak o\u017eujka i ove godine donosi novo izdanje natje\u010daja Volim svoju \u017eupaniju. Rije\u010d je o foto natje\u010daju u kojemu Hrvatska zajednica \u017eupanija daje priliku svim mladim umjetnicima da fotografijom prika\u017eu ono najljep\u0161e od njihove \u017eupanije. U prethodnim je izdanjima ovaj natje\u010daj zainteresirao velik broj ljubitelja fotografije da svoje umije\u0107e [&hellip;]<\/p>\n","protected":false},"author":2,"featured_media":12296,"comment_status":"closed","ping_status":"closed","sticky":false,"template":"","format":"standard","meta":{"footnotes":""},"categories":[3],"tags":[],"class_list":["post-11717","post","type-post","status-publish","format-standard","has-post-thumbnail","hentry","category-obavijesti"],"_links":{"self":[{"href":"https:\/\/katolicka-gimnazija.hr\/index.php\/wp-json\/wp\/v2\/posts\/11717","targetHints":{"allow":["GET"]}}],"collection":[{"href":"https:\/\/katolicka-gimnazija.hr\/index.php\/wp-json\/wp\/v2\/posts"}],"about":[{"href":"https:\/\/katolicka-gimnazija.hr\/index.php\/wp-json\/wp\/v2\/types\/post"}],"author":[{"embeddable":true,"href":"https:\/\/katolicka-gimnazija.hr\/index.php\/wp-json\/wp\/v2\/users\/2"}],"replies":[{"embeddable":true,"href":"https:\/\/katolicka-gimnazija.hr\/index.php\/wp-json\/wp\/v2\/comments?post=11717"}],"version-history":[{"count":3,"href":"https:\/\/katolicka-gimnazija.hr\/index.php\/wp-json\/wp\/v2\/posts\/11717\/revisions"}],"predecessor-version":[{"id":12299,"href":"https:\/\/katolicka-gimnazija.hr\/index.php\/wp-json\/wp\/v2\/posts\/11717\/revisions\/12299"}],"wp:featuredmedia":[{"embeddable":true,"href":"https:\/\/katolicka-gimnazija.hr\/index.php\/wp-json\/wp\/v2\/media\/12296"}],"wp:attachment":[{"href":"https:\/\/katolicka-gimnazija.hr\/index.php\/wp-json\/wp\/v2\/media?parent=11717"}],"wp:term":[{"taxonomy":"category","embeddable":true,"href":"https:\/\/katolicka-gimnazija.hr\/index.php\/wp-json\/wp\/v2\/categories?post=11717"},{"taxonomy":"post_tag","embeddable":true,"href":"https:\/\/katolicka-gimnazija.hr\/index.php\/wp-json\/wp\/v2\/tags?post=11717"}],"curies":[{"name":"wp","href":"https:\/\/api.w.org\/{rel}","templated":true}]}}