{"id":11914,"date":"2018-01-29T08:14:28","date_gmt":"2018-01-29T08:14:28","guid":{"rendered":"http:\/\/katolicka-gimnazija.hr\/?p=11914"},"modified":"2018-12-28T13:31:15","modified_gmt":"2018-12-28T13:31:15","slug":"znanstveni-i-umjetnicki-genij-ne-blijedi-nikada","status":"publish","type":"post","link":"https:\/\/katolicka-gimnazija.hr\/index.php\/2018\/01\/29\/znanstveni-i-umjetnicki-genij-ne-blijedi-nikada\/","title":{"rendered":"Znanstveni i umjetni\u010dki genij ne blijedi nikada"},"content":{"rendered":"<p><em><strong>TESLA<\/strong><\/em><\/p>\n<p>U petak 26. sije\u010dnja dramska dru\u017eina organizirala je put u Zagreb na mjuzikl <em>Mamma Mia!<\/em> u kazali\u0161te Komedija. Prije odlask<a href=\"http:\/\/katolicka-gimnazija.hr\/wp-content\/uploads\/2018\/01\/27023787_1829023447116717_8673976548282396833_o.jpg\"><img loading=\"lazy\" decoding=\"async\" class=\"alignright wp-image-11920 size-medium\" src=\"http:\/\/katolicka-gimnazija.hr\/wp-content\/uploads\/2018\/01\/27023787_1829023447116717_8673976548282396833_o-300x200.jpg\" alt=\"27023787_1829023447116717_8673976548282396833_o\" width=\"300\" height=\"200\" srcset=\"https:\/\/katolicka-gimnazija.hr\/wp-content\/uploads\/2018\/01\/27023787_1829023447116717_8673976548282396833_o-300x200.jpg 300w, https:\/\/katolicka-gimnazija.hr\/wp-content\/uploads\/2018\/01\/27023787_1829023447116717_8673976548282396833_o-768x512.jpg 768w, https:\/\/katolicka-gimnazija.hr\/wp-content\/uploads\/2018\/01\/27023787_1829023447116717_8673976548282396833_o-1024x683.jpg 1024w, https:\/\/katolicka-gimnazija.hr\/wp-content\/uploads\/2018\/01\/27023787_1829023447116717_8673976548282396833_o-360x240.jpg 360w, https:\/\/katolicka-gimnazija.hr\/wp-content\/uploads\/2018\/01\/27023787_1829023447116717_8673976548282396833_o-750x500.jpg 750w, https:\/\/katolicka-gimnazija.hr\/wp-content\/uploads\/2018\/01\/27023787_1829023447116717_8673976548282396833_o-400x267.jpg 400w, https:\/\/katolicka-gimnazija.hr\/wp-content\/uploads\/2018\/01\/27023787_1829023447116717_8673976548282396833_o-430x287.jpg 430w, https:\/\/katolicka-gimnazija.hr\/wp-content\/uploads\/2018\/01\/27023787_1829023447116717_8673976548282396833_o-150x100.jpg 150w, https:\/\/katolicka-gimnazija.hr\/wp-content\/uploads\/2018\/01\/27023787_1829023447116717_8673976548282396833_o-100x67.jpg 100w, https:\/\/katolicka-gimnazija.hr\/wp-content\/uploads\/2018\/01\/27023787_1829023447116717_8673976548282396833_o.jpg 1800w\" sizes=\"auto, (max-width: 300px) 100vw, 300px\" \/><\/a>a na mjuzikl u Zagrebu posjetili smo i multimedijalnu izlo\u017ebu inspiriranu Nikolom Teslom <em>\u201eMind from the future\u201c<\/em> u Me\u0161trovi\u0107evom paviljonu autorice Helene Bulaja Maduni\u0107 koja o svojoj izlo\u017ebi navodi sljede\u0107e: <em>\u201eUronjeni u magi\u010dni svijet genija Nikole Tesle te povezivanjem elemenata \u2018\u017eivog\u2019 filma, video scenografije, ra\u010dunalne igre i \u010darobne hologramske-svjetlosne avanture u jedinstveni multimedijski do\u017eivljaj pro\u0161irene realnosti, ovom izlo\u017ebom \u017eelimo Vas odvesti na kontemplativno \u2018putovanje\u2019 bez po\u010detka i kraja, kroz proces inspiracije, kreativnosti i stvaranja.\u201d<\/em><\/p>\n<p><strong><em>KLOVI\u0106EVI DVORI<\/em><\/strong><\/p>\n<p>Vrijeme provedeno u metropoli neki su iskoristili za posjet najstarijoj ljekarni u Zagrebu, <em>\u201eK crnom orlu\u201c<\/em>, koja tradiciju ljekarni\u0161tva gradi jo\u0161 od davne 1355. godine. Budu\u0107i da se isti dan, to\u010dnije istu ve\u010der obilje\u017eavala <em>No\u0107 muzeja<\/em> bilo bi \u0161teta da nismo <a href=\"http:\/\/katolicka-gimnazija.hr\/wp-content\/uploads\/2018\/01\/596037.jpeg\"><img loading=\"lazy\" decoding=\"async\" class=\"alignleft wp-image-11928 size-medium\" src=\"http:\/\/katolicka-gimnazija.hr\/wp-content\/uploads\/2018\/01\/596037-300x198.jpeg\" alt=\"596037\" width=\"300\" height=\"198\" srcset=\"https:\/\/katolicka-gimnazija.hr\/wp-content\/uploads\/2018\/01\/596037-300x198.jpeg 300w, https:\/\/katolicka-gimnazija.hr\/wp-content\/uploads\/2018\/01\/596037-768x506.jpeg 768w, https:\/\/katolicka-gimnazija.hr\/wp-content\/uploads\/2018\/01\/596037-360x237.jpeg 360w, https:\/\/katolicka-gimnazija.hr\/wp-content\/uploads\/2018\/01\/596037-750x494.jpeg 750w, https:\/\/katolicka-gimnazija.hr\/wp-content\/uploads\/2018\/01\/596037-400x264.jpeg 400w, https:\/\/katolicka-gimnazija.hr\/wp-content\/uploads\/2018\/01\/596037-430x283.jpeg 430w, https:\/\/katolicka-gimnazija.hr\/wp-content\/uploads\/2018\/01\/596037-150x99.jpeg 150w, https:\/\/katolicka-gimnazija.hr\/wp-content\/uploads\/2018\/01\/596037-100x66.jpeg 100w, https:\/\/katolicka-gimnazija.hr\/wp-content\/uploads\/2018\/01\/596037.jpeg 1000w\" sizes=\"auto, (max-width: 300px) 100vw, 300px\" \/><\/a>posjetili jo\u0161 neki zagreba\u010dki muzej ili galeriju. Tako smo posjetili <em>Galeriju Klovi\u0107evi dvori<\/em> gdje smo pogledali izlo\u017ebu Vaska Lipovca i Zdenka Ba\u0161i\u0107a.<\/p>\n<p>Vasko Lipovac predstavljen je s oko 250 umjetni\u010dkih radova \u2013 od skulptura, slika, grafika, crte\u017ea, reljefa, instalacija do sasvim intimnih crta\u010dkih zapisa nastalih na samom kraju umjetnikova \u017eivota. Zdenko Ba\u0161i\u0107\u00a0u svojim radovima spaja naizgled nespojivo \u2013 motive starinskog, dalekog i pro\u0161log obra\u0111uje suvremenom digitalnom kompjuterskom grafikom te pritom uspijeva pobuditi emocije, a na promatra\u010da prenijeti u neki drugi svijet. Ba\u0161i\u0107 je izradio ilustracije za mnoga knji\u017eevna djela od Snjeguljice, Pinocchia, Grimmovih i Andersenovih bajki, Pri\u010da iz davnina I. Brli\u0107 Ma\u017eurani\u0107 pa do Bo\u017ei\u0107ne pri\u010de Charlesa Dickensa i Alise u zemlji \u010dudesa Lewisa Carrolla.<\/p>\n<p><em><strong>MAMMA MIA!<\/strong><\/em><\/p>\n<p>Kako se dan bli\u017eio kraju tako se sam razlog na\u0161eg posjeta Zagrebu pribli\u017eavao. Vrhunac cijelog putovanja bio je odlaza<a href=\"http:\/\/katolicka-gimnazija.hr\/wp-content\/uploads\/2018\/01\/mamma-9-e1517213544668.jpg\"><img loading=\"lazy\" decoding=\"async\" class=\"alignright wp-image-11926 size-medium\" src=\"http:\/\/katolicka-gimnazija.hr\/wp-content\/uploads\/2018\/01\/mamma-9-e1517213544668-300x192.jpg\" alt=\"mamma-9\" width=\"300\" height=\"192\" srcset=\"https:\/\/katolicka-gimnazija.hr\/wp-content\/uploads\/2018\/01\/mamma-9-e1517213544668-300x192.jpg 300w, https:\/\/katolicka-gimnazija.hr\/wp-content\/uploads\/2018\/01\/mamma-9-e1517213544668-768x492.jpg 768w, https:\/\/katolicka-gimnazija.hr\/wp-content\/uploads\/2018\/01\/mamma-9-e1517213544668-1024x656.jpg 1024w, https:\/\/katolicka-gimnazija.hr\/wp-content\/uploads\/2018\/01\/mamma-9-e1517213544668-360x231.jpg 360w, https:\/\/katolicka-gimnazija.hr\/wp-content\/uploads\/2018\/01\/mamma-9-e1517213544668-750x481.jpg 750w, https:\/\/katolicka-gimnazija.hr\/wp-content\/uploads\/2018\/01\/mamma-9-e1517213544668-400x256.jpg 400w, https:\/\/katolicka-gimnazija.hr\/wp-content\/uploads\/2018\/01\/mamma-9-e1517213544668-430x276.jpg 430w, https:\/\/katolicka-gimnazija.hr\/wp-content\/uploads\/2018\/01\/mamma-9-e1517213544668-150x96.jpg 150w, https:\/\/katolicka-gimnazija.hr\/wp-content\/uploads\/2018\/01\/mamma-9-e1517213544668-100x64.jpg 100w, https:\/\/katolicka-gimnazija.hr\/wp-content\/uploads\/2018\/01\/mamma-9-e1517213544668.jpg 1194w\" sizes=\"auto, (max-width: 300px) 100vw, 300px\" \/><\/a>k u Zagreba\u010dko gradsko kazali\u0161te Komedija na mjuzikl <em>Mamma Mia! <\/em>Ovaj slavni mjuzikl napisala je Catherine Johnson i dala mu ime po hitu grupe ABBA. Sve je za mjuzikl <em>Mamma Mia! <\/em>zapo\u010delo na legendarnom i vje\u010dnom za mjuzikl londonskom West Endu u teatru Prince Edward na sve\u010danoj premijeri i svjetskoj praizvedbi 6. travnja 1999. Od tada do danas prikazan je u vi\u0161e od \u010detrdeset zemalja, a vidjelo ga je vi\u0161e od 54 milijuna ljudi.<\/p>\n<div id='gallery-1' class='gallery galleryid-11914 gallery-columns-3 gallery-size-medium'><figure class='gallery-item'>\n\t\t\t<div class='gallery-icon landscape'>\n\t\t\t\t<a href='https:\/\/katolicka-gimnazija.hr\/wp-content\/uploads\/2018\/01\/IMG_5835_resize.jpg'><img loading=\"lazy\" decoding=\"async\" width=\"300\" height=\"200\" src=\"https:\/\/katolicka-gimnazija.hr\/wp-content\/uploads\/2018\/01\/IMG_5835_resize-300x200.jpg\" class=\"attachment-medium size-medium\" alt=\"\" srcset=\"https:\/\/katolicka-gimnazija.hr\/wp-content\/uploads\/2018\/01\/IMG_5835_resize-300x200.jpg 300w, https:\/\/katolicka-gimnazija.hr\/wp-content\/uploads\/2018\/01\/IMG_5835_resize-768x512.jpg 768w, https:\/\/katolicka-gimnazija.hr\/wp-content\/uploads\/2018\/01\/IMG_5835_resize-360x240.jpg 360w, https:\/\/katolicka-gimnazija.hr\/wp-content\/uploads\/2018\/01\/IMG_5835_resize-750x500.jpg 750w, https:\/\/katolicka-gimnazija.hr\/wp-content\/uploads\/2018\/01\/IMG_5835_resize-400x267.jpg 400w, https:\/\/katolicka-gimnazija.hr\/wp-content\/uploads\/2018\/01\/IMG_5835_resize-430x286.jpg 430w, https:\/\/katolicka-gimnazija.hr\/wp-content\/uploads\/2018\/01\/IMG_5835_resize-150x100.jpg 150w, https:\/\/katolicka-gimnazija.hr\/wp-content\/uploads\/2018\/01\/IMG_5835_resize-100x67.jpg 100w, https:\/\/katolicka-gimnazija.hr\/wp-content\/uploads\/2018\/01\/IMG_5835_resize.jpg 800w\" sizes=\"auto, (max-width: 300px) 100vw, 300px\" \/><\/a>\n\t\t\t<\/div><\/figure><figure class='gallery-item'>\n\t\t\t<div class='gallery-icon landscape'>\n\t\t\t\t<a href='https:\/\/katolicka-gimnazija.hr\/wp-content\/uploads\/2018\/01\/mamma-9-e1517213544668.jpg'><img loading=\"lazy\" decoding=\"async\" width=\"300\" height=\"192\" src=\"https:\/\/katolicka-gimnazija.hr\/wp-content\/uploads\/2018\/01\/mamma-9-e1517213544668-300x192.jpg\" class=\"attachment-medium size-medium\" alt=\"\" srcset=\"https:\/\/katolicka-gimnazija.hr\/wp-content\/uploads\/2018\/01\/mamma-9-e1517213544668-300x192.jpg 300w, https:\/\/katolicka-gimnazija.hr\/wp-content\/uploads\/2018\/01\/mamma-9-e1517213544668-768x492.jpg 768w, https:\/\/katolicka-gimnazija.hr\/wp-content\/uploads\/2018\/01\/mamma-9-e1517213544668-1024x656.jpg 1024w, https:\/\/katolicka-gimnazija.hr\/wp-content\/uploads\/2018\/01\/mamma-9-e1517213544668-360x231.jpg 360w, https:\/\/katolicka-gimnazija.hr\/wp-content\/uploads\/2018\/01\/mamma-9-e1517213544668-750x481.jpg 750w, https:\/\/katolicka-gimnazija.hr\/wp-content\/uploads\/2018\/01\/mamma-9-e1517213544668-400x256.jpg 400w, https:\/\/katolicka-gimnazija.hr\/wp-content\/uploads\/2018\/01\/mamma-9-e1517213544668-430x276.jpg 430w, https:\/\/katolicka-gimnazija.hr\/wp-content\/uploads\/2018\/01\/mamma-9-e1517213544668-150x96.jpg 150w, https:\/\/katolicka-gimnazija.hr\/wp-content\/uploads\/2018\/01\/mamma-9-e1517213544668-100x64.jpg 100w, https:\/\/katolicka-gimnazija.hr\/wp-content\/uploads\/2018\/01\/mamma-9-e1517213544668.jpg 1194w\" sizes=\"auto, (max-width: 300px) 100vw, 300px\" \/><\/a>\n\t\t\t<\/div><\/figure><figure class='gallery-item'>\n\t\t\t<div class='gallery-icon landscape'>\n\t\t\t\t<a href='https:\/\/katolicka-gimnazija.hr\/wp-content\/uploads\/2018\/01\/27023989_1829027270449668_3110080306369236830_o.jpg'><img loading=\"lazy\" decoding=\"async\" width=\"300\" height=\"200\" src=\"https:\/\/katolicka-gimnazija.hr\/wp-content\/uploads\/2018\/01\/27023989_1829027270449668_3110080306369236830_o-300x200.jpg\" class=\"attachment-medium size-medium\" alt=\"\" srcset=\"https:\/\/katolicka-gimnazija.hr\/wp-content\/uploads\/2018\/01\/27023989_1829027270449668_3110080306369236830_o-300x200.jpg 300w, https:\/\/katolicka-gimnazija.hr\/wp-content\/uploads\/2018\/01\/27023989_1829027270449668_3110080306369236830_o-768x512.jpg 768w, https:\/\/katolicka-gimnazija.hr\/wp-content\/uploads\/2018\/01\/27023989_1829027270449668_3110080306369236830_o-1024x683.jpg 1024w, https:\/\/katolicka-gimnazija.hr\/wp-content\/uploads\/2018\/01\/27023989_1829027270449668_3110080306369236830_o-360x240.jpg 360w, https:\/\/katolicka-gimnazija.hr\/wp-content\/uploads\/2018\/01\/27023989_1829027270449668_3110080306369236830_o-750x500.jpg 750w, https:\/\/katolicka-gimnazija.hr\/wp-content\/uploads\/2018\/01\/27023989_1829027270449668_3110080306369236830_o-400x267.jpg 400w, https:\/\/katolicka-gimnazija.hr\/wp-content\/uploads\/2018\/01\/27023989_1829027270449668_3110080306369236830_o-430x287.jpg 430w, https:\/\/katolicka-gimnazija.hr\/wp-content\/uploads\/2018\/01\/27023989_1829027270449668_3110080306369236830_o-150x100.jpg 150w, https:\/\/katolicka-gimnazija.hr\/wp-content\/uploads\/2018\/01\/27023989_1829027270449668_3110080306369236830_o-100x67.jpg 100w, https:\/\/katolicka-gimnazija.hr\/wp-content\/uploads\/2018\/01\/27023989_1829027270449668_3110080306369236830_o.jpg 1800w\" sizes=\"auto, (max-width: 300px) 100vw, 300px\" \/><\/a>\n\t\t\t<\/div><\/figure><figure class='gallery-item'>\n\t\t\t<div class='gallery-icon portrait'>\n\t\t\t\t<a href='https:\/\/katolicka-gimnazija.hr\/wp-content\/uploads\/2018\/01\/27332069_1829025307116531_1164719662934976511_n.jpg'><img loading=\"lazy\" decoding=\"async\" width=\"200\" height=\"300\" src=\"https:\/\/katolicka-gimnazija.hr\/wp-content\/uploads\/2018\/01\/27332069_1829025307116531_1164719662934976511_n-200x300.jpg\" class=\"attachment-medium size-medium\" alt=\"\" srcset=\"https:\/\/katolicka-gimnazija.hr\/wp-content\/uploads\/2018\/01\/27332069_1829025307116531_1164719662934976511_n-200x300.jpg 200w, https:\/\/katolicka-gimnazija.hr\/wp-content\/uploads\/2018\/01\/27332069_1829025307116531_1164719662934976511_n-360x540.jpg 360w, https:\/\/katolicka-gimnazija.hr\/wp-content\/uploads\/2018\/01\/27332069_1829025307116531_1164719662934976511_n-400x600.jpg 400w, https:\/\/katolicka-gimnazija.hr\/wp-content\/uploads\/2018\/01\/27332069_1829025307116531_1164719662934976511_n-430x645.jpg 430w, https:\/\/katolicka-gimnazija.hr\/wp-content\/uploads\/2018\/01\/27332069_1829025307116531_1164719662934976511_n-150x225.jpg 150w, https:\/\/katolicka-gimnazija.hr\/wp-content\/uploads\/2018\/01\/27332069_1829025307116531_1164719662934976511_n-100x150.jpg 100w, https:\/\/katolicka-gimnazija.hr\/wp-content\/uploads\/2018\/01\/27332069_1829025307116531_1164719662934976511_n.jpg 640w\" sizes=\"auto, (max-width: 200px) 100vw, 200px\" \/><\/a>\n\t\t\t<\/div><\/figure><figure class='gallery-item'>\n\t\t\t<div class='gallery-icon landscape'>\n\t\t\t\t<a href='https:\/\/katolicka-gimnazija.hr\/wp-content\/uploads\/2018\/01\/27023362_1829024457116616_2890338862390506129_o.jpg'><img loading=\"lazy\" decoding=\"async\" width=\"300\" height=\"200\" src=\"https:\/\/katolicka-gimnazija.hr\/wp-content\/uploads\/2018\/01\/27023362_1829024457116616_2890338862390506129_o-300x200.jpg\" class=\"attachment-medium size-medium\" alt=\"\" srcset=\"https:\/\/katolicka-gimnazija.hr\/wp-content\/uploads\/2018\/01\/27023362_1829024457116616_2890338862390506129_o-300x200.jpg 300w, https:\/\/katolicka-gimnazija.hr\/wp-content\/uploads\/2018\/01\/27023362_1829024457116616_2890338862390506129_o-768x512.jpg 768w, https:\/\/katolicka-gimnazija.hr\/wp-content\/uploads\/2018\/01\/27023362_1829024457116616_2890338862390506129_o-1024x683.jpg 1024w, https:\/\/katolicka-gimnazija.hr\/wp-content\/uploads\/2018\/01\/27023362_1829024457116616_2890338862390506129_o-360x240.jpg 360w, https:\/\/katolicka-gimnazija.hr\/wp-content\/uploads\/2018\/01\/27023362_1829024457116616_2890338862390506129_o-750x500.jpg 750w, https:\/\/katolicka-gimnazija.hr\/wp-content\/uploads\/2018\/01\/27023362_1829024457116616_2890338862390506129_o-400x267.jpg 400w, https:\/\/katolicka-gimnazija.hr\/wp-content\/uploads\/2018\/01\/27023362_1829024457116616_2890338862390506129_o-430x287.jpg 430w, https:\/\/katolicka-gimnazija.hr\/wp-content\/uploads\/2018\/01\/27023362_1829024457116616_2890338862390506129_o-150x100.jpg 150w, https:\/\/katolicka-gimnazija.hr\/wp-content\/uploads\/2018\/01\/27023362_1829024457116616_2890338862390506129_o-100x67.jpg 100w, https:\/\/katolicka-gimnazija.hr\/wp-content\/uploads\/2018\/01\/27023362_1829024457116616_2890338862390506129_o.jpg 1800w\" sizes=\"auto, (max-width: 300px) 100vw, 300px\" \/><\/a>\n\t\t\t<\/div><\/figure><figure class='gallery-item'>\n\t\t\t<div class='gallery-icon landscape'>\n\t\t\t\t<a href='https:\/\/katolicka-gimnazija.hr\/wp-content\/uploads\/2018\/01\/27021505_1829025103783218_345393951392162539_o.jpg'><img loading=\"lazy\" decoding=\"async\" width=\"300\" height=\"200\" src=\"https:\/\/katolicka-gimnazija.hr\/wp-content\/uploads\/2018\/01\/27021505_1829025103783218_345393951392162539_o-300x200.jpg\" class=\"attachment-medium size-medium\" alt=\"\" srcset=\"https:\/\/katolicka-gimnazija.hr\/wp-content\/uploads\/2018\/01\/27021505_1829025103783218_345393951392162539_o-300x200.jpg 300w, https:\/\/katolicka-gimnazija.hr\/wp-content\/uploads\/2018\/01\/27021505_1829025103783218_345393951392162539_o-768x512.jpg 768w, https:\/\/katolicka-gimnazija.hr\/wp-content\/uploads\/2018\/01\/27021505_1829025103783218_345393951392162539_o-1024x683.jpg 1024w, https:\/\/katolicka-gimnazija.hr\/wp-content\/uploads\/2018\/01\/27021505_1829025103783218_345393951392162539_o-360x240.jpg 360w, https:\/\/katolicka-gimnazija.hr\/wp-content\/uploads\/2018\/01\/27021505_1829025103783218_345393951392162539_o-750x500.jpg 750w, https:\/\/katolicka-gimnazija.hr\/wp-content\/uploads\/2018\/01\/27021505_1829025103783218_345393951392162539_o-400x267.jpg 400w, https:\/\/katolicka-gimnazija.hr\/wp-content\/uploads\/2018\/01\/27021505_1829025103783218_345393951392162539_o-430x287.jpg 430w, https:\/\/katolicka-gimnazija.hr\/wp-content\/uploads\/2018\/01\/27021505_1829025103783218_345393951392162539_o-150x100.jpg 150w, https:\/\/katolicka-gimnazija.hr\/wp-content\/uploads\/2018\/01\/27021505_1829025103783218_345393951392162539_o-100x67.jpg 100w, https:\/\/katolicka-gimnazija.hr\/wp-content\/uploads\/2018\/01\/27021505_1829025103783218_345393951392162539_o.jpg 1800w\" sizes=\"auto, (max-width: 300px) 100vw, 300px\" \/><\/a>\n\t\t\t<\/div><\/figure><figure class='gallery-item'>\n\t\t\t<div class='gallery-icon landscape'>\n\t\t\t\t<a href='https:\/\/katolicka-gimnazija.hr\/wp-content\/uploads\/2018\/01\/27021292_1829024923783236_4358068675130281967_o.jpg'><img loading=\"lazy\" decoding=\"async\" width=\"300\" height=\"200\" src=\"https:\/\/katolicka-gimnazija.hr\/wp-content\/uploads\/2018\/01\/27021292_1829024923783236_4358068675130281967_o-300x200.jpg\" class=\"attachment-medium size-medium\" alt=\"\" srcset=\"https:\/\/katolicka-gimnazija.hr\/wp-content\/uploads\/2018\/01\/27021292_1829024923783236_4358068675130281967_o-300x200.jpg 300w, https:\/\/katolicka-gimnazija.hr\/wp-content\/uploads\/2018\/01\/27021292_1829024923783236_4358068675130281967_o-768x512.jpg 768w, https:\/\/katolicka-gimnazija.hr\/wp-content\/uploads\/2018\/01\/27021292_1829024923783236_4358068675130281967_o-1024x683.jpg 1024w, https:\/\/katolicka-gimnazija.hr\/wp-content\/uploads\/2018\/01\/27021292_1829024923783236_4358068675130281967_o-360x240.jpg 360w, https:\/\/katolicka-gimnazija.hr\/wp-content\/uploads\/2018\/01\/27021292_1829024923783236_4358068675130281967_o-750x500.jpg 750w, https:\/\/katolicka-gimnazija.hr\/wp-content\/uploads\/2018\/01\/27021292_1829024923783236_4358068675130281967_o-400x267.jpg 400w, https:\/\/katolicka-gimnazija.hr\/wp-content\/uploads\/2018\/01\/27021292_1829024923783236_4358068675130281967_o-430x287.jpg 430w, https:\/\/katolicka-gimnazija.hr\/wp-content\/uploads\/2018\/01\/27021292_1829024923783236_4358068675130281967_o-150x100.jpg 150w, https:\/\/katolicka-gimnazija.hr\/wp-content\/uploads\/2018\/01\/27021292_1829024923783236_4358068675130281967_o-100x67.jpg 100w, https:\/\/katolicka-gimnazija.hr\/wp-content\/uploads\/2018\/01\/27021292_1829024923783236_4358068675130281967_o.jpg 1800w\" sizes=\"auto, (max-width: 300px) 100vw, 300px\" \/><\/a>\n\t\t\t<\/div><\/figure><figure class='gallery-item'>\n\t\t\t<div class='gallery-icon landscape'>\n\t\t\t\t<a href='https:\/\/katolicka-gimnazija.hr\/wp-content\/uploads\/2018\/01\/a4464c412a292dede77e.jpeg'><img loading=\"lazy\" decoding=\"async\" width=\"300\" height=\"158\" src=\"https:\/\/katolicka-gimnazija.hr\/wp-content\/uploads\/2018\/01\/a4464c412a292dede77e-300x158.jpeg\" class=\"attachment-medium size-medium\" alt=\"\" srcset=\"https:\/\/katolicka-gimnazija.hr\/wp-content\/uploads\/2018\/01\/a4464c412a292dede77e-300x158.jpeg 300w, https:\/\/katolicka-gimnazija.hr\/wp-content\/uploads\/2018\/01\/a4464c412a292dede77e-768x403.jpeg 768w, https:\/\/katolicka-gimnazija.hr\/wp-content\/uploads\/2018\/01\/a4464c412a292dede77e-1024x538.jpeg 1024w, https:\/\/katolicka-gimnazija.hr\/wp-content\/uploads\/2018\/01\/a4464c412a292dede77e-360x189.jpeg 360w, https:\/\/katolicka-gimnazija.hr\/wp-content\/uploads\/2018\/01\/a4464c412a292dede77e-750x394.jpeg 750w, https:\/\/katolicka-gimnazija.hr\/wp-content\/uploads\/2018\/01\/a4464c412a292dede77e-400x210.jpeg 400w, https:\/\/katolicka-gimnazija.hr\/wp-content\/uploads\/2018\/01\/a4464c412a292dede77e-430x226.jpeg 430w, https:\/\/katolicka-gimnazija.hr\/wp-content\/uploads\/2018\/01\/a4464c412a292dede77e-150x79.jpeg 150w, https:\/\/katolicka-gimnazija.hr\/wp-content\/uploads\/2018\/01\/a4464c412a292dede77e-100x53.jpeg 100w, https:\/\/katolicka-gimnazija.hr\/wp-content\/uploads\/2018\/01\/a4464c412a292dede77e.jpeg 1200w\" sizes=\"auto, (max-width: 300px) 100vw, 300px\" \/><\/a>\n\t\t\t<\/div><\/figure><figure class='gallery-item'>\n\t\t\t<div class='gallery-icon landscape'>\n\t\t\t\t<a href='https:\/\/katolicka-gimnazija.hr\/wp-content\/uploads\/2018\/01\/27021311_1829028543782874_6624697121659164783_o.jpg'><img loading=\"lazy\" decoding=\"async\" width=\"300\" height=\"200\" src=\"https:\/\/katolicka-gimnazija.hr\/wp-content\/uploads\/2018\/01\/27021311_1829028543782874_6624697121659164783_o-300x200.jpg\" class=\"attachment-medium size-medium\" alt=\"\" srcset=\"https:\/\/katolicka-gimnazija.hr\/wp-content\/uploads\/2018\/01\/27021311_1829028543782874_6624697121659164783_o-300x200.jpg 300w, https:\/\/katolicka-gimnazija.hr\/wp-content\/uploads\/2018\/01\/27021311_1829028543782874_6624697121659164783_o-768x512.jpg 768w, https:\/\/katolicka-gimnazija.hr\/wp-content\/uploads\/2018\/01\/27021311_1829028543782874_6624697121659164783_o-1024x683.jpg 1024w, https:\/\/katolicka-gimnazija.hr\/wp-content\/uploads\/2018\/01\/27021311_1829028543782874_6624697121659164783_o-360x240.jpg 360w, https:\/\/katolicka-gimnazija.hr\/wp-content\/uploads\/2018\/01\/27021311_1829028543782874_6624697121659164783_o-750x500.jpg 750w, https:\/\/katolicka-gimnazija.hr\/wp-content\/uploads\/2018\/01\/27021311_1829028543782874_6624697121659164783_o-400x267.jpg 400w, https:\/\/katolicka-gimnazija.hr\/wp-content\/uploads\/2018\/01\/27021311_1829028543782874_6624697121659164783_o-430x287.jpg 430w, https:\/\/katolicka-gimnazija.hr\/wp-content\/uploads\/2018\/01\/27021311_1829028543782874_6624697121659164783_o-150x100.jpg 150w, https:\/\/katolicka-gimnazija.hr\/wp-content\/uploads\/2018\/01\/27021311_1829028543782874_6624697121659164783_o-100x67.jpg 100w, https:\/\/katolicka-gimnazija.hr\/wp-content\/uploads\/2018\/01\/27021311_1829028543782874_6624697121659164783_o.jpg 1800w\" sizes=\"auto, (max-width: 300px) 100vw, 300px\" \/><\/a>\n\t\t\t<\/div><\/figure><figure class='gallery-item'>\n\t\t\t<div class='gallery-icon landscape'>\n\t\t\t\t<a href='https:\/\/katolicka-gimnazija.hr\/wp-content\/uploads\/2018\/01\/27503151_1829023803783348_8737535922020607545_o.jpg'><img loading=\"lazy\" decoding=\"async\" width=\"300\" height=\"200\" src=\"https:\/\/katolicka-gimnazija.hr\/wp-content\/uploads\/2018\/01\/27503151_1829023803783348_8737535922020607545_o-300x200.jpg\" class=\"attachment-medium size-medium\" alt=\"\" srcset=\"https:\/\/katolicka-gimnazija.hr\/wp-content\/uploads\/2018\/01\/27503151_1829023803783348_8737535922020607545_o-300x200.jpg 300w, https:\/\/katolicka-gimnazija.hr\/wp-content\/uploads\/2018\/01\/27503151_1829023803783348_8737535922020607545_o-768x512.jpg 768w, https:\/\/katolicka-gimnazija.hr\/wp-content\/uploads\/2018\/01\/27503151_1829023803783348_8737535922020607545_o-1024x683.jpg 1024w, https:\/\/katolicka-gimnazija.hr\/wp-content\/uploads\/2018\/01\/27503151_1829023803783348_8737535922020607545_o-360x240.jpg 360w, https:\/\/katolicka-gimnazija.hr\/wp-content\/uploads\/2018\/01\/27503151_1829023803783348_8737535922020607545_o-750x500.jpg 750w, https:\/\/katolicka-gimnazija.hr\/wp-content\/uploads\/2018\/01\/27503151_1829023803783348_8737535922020607545_o-400x267.jpg 400w, https:\/\/katolicka-gimnazija.hr\/wp-content\/uploads\/2018\/01\/27503151_1829023803783348_8737535922020607545_o-430x287.jpg 430w, https:\/\/katolicka-gimnazija.hr\/wp-content\/uploads\/2018\/01\/27503151_1829023803783348_8737535922020607545_o-150x100.jpg 150w, https:\/\/katolicka-gimnazija.hr\/wp-content\/uploads\/2018\/01\/27503151_1829023803783348_8737535922020607545_o-100x67.jpg 100w, https:\/\/katolicka-gimnazija.hr\/wp-content\/uploads\/2018\/01\/27503151_1829023803783348_8737535922020607545_o.jpg 1800w\" sizes=\"auto, (max-width: 300px) 100vw, 300px\" \/><\/a>\n\t\t\t<\/div><\/figure><figure class='gallery-item'>\n\t\t\t<div class='gallery-icon landscape'>\n\t\t\t\t<a href='https:\/\/katolicka-gimnazija.hr\/wp-content\/uploads\/2018\/01\/27023787_1829023447116717_8673976548282396833_o.jpg'><img loading=\"lazy\" decoding=\"async\" width=\"300\" height=\"200\" src=\"https:\/\/katolicka-gimnazija.hr\/wp-content\/uploads\/2018\/01\/27023787_1829023447116717_8673976548282396833_o-300x200.jpg\" class=\"attachment-medium size-medium\" alt=\"\" srcset=\"https:\/\/katolicka-gimnazija.hr\/wp-content\/uploads\/2018\/01\/27023787_1829023447116717_8673976548282396833_o-300x200.jpg 300w, https:\/\/katolicka-gimnazija.hr\/wp-content\/uploads\/2018\/01\/27023787_1829023447116717_8673976548282396833_o-768x512.jpg 768w, https:\/\/katolicka-gimnazija.hr\/wp-content\/uploads\/2018\/01\/27023787_1829023447116717_8673976548282396833_o-1024x683.jpg 1024w, https:\/\/katolicka-gimnazija.hr\/wp-content\/uploads\/2018\/01\/27023787_1829023447116717_8673976548282396833_o-360x240.jpg 360w, https:\/\/katolicka-gimnazija.hr\/wp-content\/uploads\/2018\/01\/27023787_1829023447116717_8673976548282396833_o-750x500.jpg 750w, https:\/\/katolicka-gimnazija.hr\/wp-content\/uploads\/2018\/01\/27023787_1829023447116717_8673976548282396833_o-400x267.jpg 400w, https:\/\/katolicka-gimnazija.hr\/wp-content\/uploads\/2018\/01\/27023787_1829023447116717_8673976548282396833_o-430x287.jpg 430w, https:\/\/katolicka-gimnazija.hr\/wp-content\/uploads\/2018\/01\/27023787_1829023447116717_8673976548282396833_o-150x100.jpg 150w, https:\/\/katolicka-gimnazija.hr\/wp-content\/uploads\/2018\/01\/27023787_1829023447116717_8673976548282396833_o-100x67.jpg 100w, https:\/\/katolicka-gimnazija.hr\/wp-content\/uploads\/2018\/01\/27023787_1829023447116717_8673976548282396833_o.jpg 1800w\" sizes=\"auto, (max-width: 300px) 100vw, 300px\" \/><\/a>\n\t\t\t<\/div><\/figure><figure class='gallery-item'>\n\t\t\t<div class='gallery-icon landscape'>\n\t\t\t\t<a href='https:\/\/katolicka-gimnazija.hr\/wp-content\/uploads\/2018\/01\/26961916_1829027507116311_448530183346050683_o.jpg'><img loading=\"lazy\" decoding=\"async\" width=\"300\" height=\"200\" src=\"https:\/\/katolicka-gimnazija.hr\/wp-content\/uploads\/2018\/01\/26961916_1829027507116311_448530183346050683_o-300x200.jpg\" class=\"attachment-medium size-medium\" alt=\"\" srcset=\"https:\/\/katolicka-gimnazija.hr\/wp-content\/uploads\/2018\/01\/26961916_1829027507116311_448530183346050683_o-300x200.jpg 300w, https:\/\/katolicka-gimnazija.hr\/wp-content\/uploads\/2018\/01\/26961916_1829027507116311_448530183346050683_o-768x512.jpg 768w, https:\/\/katolicka-gimnazija.hr\/wp-content\/uploads\/2018\/01\/26961916_1829027507116311_448530183346050683_o-1024x683.jpg 1024w, https:\/\/katolicka-gimnazija.hr\/wp-content\/uploads\/2018\/01\/26961916_1829027507116311_448530183346050683_o-360x240.jpg 360w, https:\/\/katolicka-gimnazija.hr\/wp-content\/uploads\/2018\/01\/26961916_1829027507116311_448530183346050683_o-750x500.jpg 750w, https:\/\/katolicka-gimnazija.hr\/wp-content\/uploads\/2018\/01\/26961916_1829027507116311_448530183346050683_o-400x267.jpg 400w, https:\/\/katolicka-gimnazija.hr\/wp-content\/uploads\/2018\/01\/26961916_1829027507116311_448530183346050683_o-430x287.jpg 430w, https:\/\/katolicka-gimnazija.hr\/wp-content\/uploads\/2018\/01\/26961916_1829027507116311_448530183346050683_o-150x100.jpg 150w, https:\/\/katolicka-gimnazija.hr\/wp-content\/uploads\/2018\/01\/26961916_1829027507116311_448530183346050683_o-100x67.jpg 100w, https:\/\/katolicka-gimnazija.hr\/wp-content\/uploads\/2018\/01\/26961916_1829027507116311_448530183346050683_o.jpg 1800w\" sizes=\"auto, (max-width: 300px) 100vw, 300px\" \/><\/a>\n\t\t\t<\/div><\/figure>\n\t\t<\/div>\n\n<p>&nbsp;<\/p>\n<p>&nbsp;  <\/p>\n","protected":false},"excerpt":{"rendered":"<p>TESLA U petak 26. sije\u010dnja dramska dru\u017eina organizirala je put u Zagreb na mjuzikl Mamma Mia! u kazali\u0161te Komedija. Prije odlaska na mjuzikl u Zagrebu posjetili smo i multimedijalnu izlo\u017ebu inspiriranu Nikolom Teslom \u201eMind from the future\u201c u Me\u0161trovi\u0107evom paviljonu autorice Helene Bulaja Maduni\u0107 koja o svojoj izlo\u017ebi navodi sljede\u0107e: \u201eUronjeni u magi\u010dni svijet genija [&hellip;]<\/p>\n","protected":false},"author":59,"featured_media":11925,"comment_status":"closed","ping_status":"closed","sticky":false,"template":"","format":"standard","meta":{"footnotes":""},"categories":[4,2],"tags":[],"class_list":["post-11914","post","type-post","status-publish","format-standard","has-post-thumbnail","hentry","category-fotogalerije","category-vijesti"],"_links":{"self":[{"href":"https:\/\/katolicka-gimnazija.hr\/index.php\/wp-json\/wp\/v2\/posts\/11914","targetHints":{"allow":["GET"]}}],"collection":[{"href":"https:\/\/katolicka-gimnazija.hr\/index.php\/wp-json\/wp\/v2\/posts"}],"about":[{"href":"https:\/\/katolicka-gimnazija.hr\/index.php\/wp-json\/wp\/v2\/types\/post"}],"author":[{"embeddable":true,"href":"https:\/\/katolicka-gimnazija.hr\/index.php\/wp-json\/wp\/v2\/users\/59"}],"replies":[{"embeddable":true,"href":"https:\/\/katolicka-gimnazija.hr\/index.php\/wp-json\/wp\/v2\/comments?post=11914"}],"version-history":[{"count":8,"href":"https:\/\/katolicka-gimnazija.hr\/index.php\/wp-json\/wp\/v2\/posts\/11914\/revisions"}],"predecessor-version":[{"id":14721,"href":"https:\/\/katolicka-gimnazija.hr\/index.php\/wp-json\/wp\/v2\/posts\/11914\/revisions\/14721"}],"wp:featuredmedia":[{"embeddable":true,"href":"https:\/\/katolicka-gimnazija.hr\/index.php\/wp-json\/wp\/v2\/media\/11925"}],"wp:attachment":[{"href":"https:\/\/katolicka-gimnazija.hr\/index.php\/wp-json\/wp\/v2\/media?parent=11914"}],"wp:term":[{"taxonomy":"category","embeddable":true,"href":"https:\/\/katolicka-gimnazija.hr\/index.php\/wp-json\/wp\/v2\/categories?post=11914"},{"taxonomy":"post_tag","embeddable":true,"href":"https:\/\/katolicka-gimnazija.hr\/index.php\/wp-json\/wp\/v2\/tags?post=11914"}],"curies":[{"name":"wp","href":"https:\/\/api.w.org\/{rel}","templated":true}]}}