{"id":11936,"date":"2018-01-29T17:05:06","date_gmt":"2018-01-29T17:05:06","guid":{"rendered":"http:\/\/katolicka-gimnazija.hr\/?p=11936"},"modified":"2018-12-28T13:31:06","modified_gmt":"2018-12-28T13:31:06","slug":"skolsko-natjecanje-lik","status":"publish","type":"post","link":"https:\/\/katolicka-gimnazija.hr\/index.php\/2018\/01\/29\/skolsko-natjecanje-lik\/","title":{"rendered":"\u0160kolsko natjecanje LIK"},"content":{"rendered":"<p>Dana 29. sije\u010dnja 2018. odr\u017eano je \u0161kolsko natjecanje LIK. Sudjelovalo je petero u\u010denika s likovnim radom i jedan u\u010denik s filmom: Karlo Bleiziffer 1.a, Helena Kesi\u0107 1.b, Monika Maruki\u0107 2.a, Paulina Pili\u0107 2.b, Matea Franjeti\u0107, 2.b. i Ana \u0160imunovi\u0107, 3.b.<br \/>\nNa \u017eupanijsko natjecanje, koje \u0107e se odr\u017eati 26. velja\u010de 2018., na\u0161u \u0161kolu predstavljat \u0107e Matea Franjeti\u0107 sa likovnim radom i Karlo Bleiziffer s filmom. \u010cestitke pobjednicima!<\/p>\n<div id='gallery-1' class='gallery galleryid-11936 gallery-columns-3 gallery-size-medium'><figure class='gallery-item'>\n\t\t\t<div class='gallery-icon portrait'>\n\t\t\t\t<a href='https:\/\/katolicka-gimnazija.hr\/wp-content\/uploads\/2018\/01\/Ana-\u0160imunovi\u0107-KG-Vesna-Bo\u017eica-prolje\u0107a.jpg'><img loading=\"lazy\" decoding=\"async\" width=\"225\" height=\"300\" src=\"https:\/\/katolicka-gimnazija.hr\/wp-content\/uploads\/2018\/01\/Ana-\u0160imunovi\u0107-KG-Vesna-Bo\u017eica-prolje\u0107a-225x300.jpg\" class=\"attachment-medium size-medium\" alt=\"\" srcset=\"https:\/\/katolicka-gimnazija.hr\/wp-content\/uploads\/2018\/01\/Ana-\u0160imunovi\u0107-KG-Vesna-Bo\u017eica-prolje\u0107a-225x300.jpg 225w, https:\/\/katolicka-gimnazija.hr\/wp-content\/uploads\/2018\/01\/Ana-\u0160imunovi\u0107-KG-Vesna-Bo\u017eica-prolje\u0107a-768x1024.jpg 768w, https:\/\/katolicka-gimnazija.hr\/wp-content\/uploads\/2018\/01\/Ana-\u0160imunovi\u0107-KG-Vesna-Bo\u017eica-prolje\u0107a-360x480.jpg 360w, https:\/\/katolicka-gimnazija.hr\/wp-content\/uploads\/2018\/01\/Ana-\u0160imunovi\u0107-KG-Vesna-Bo\u017eica-prolje\u0107a-750x1000.jpg 750w, https:\/\/katolicka-gimnazija.hr\/wp-content\/uploads\/2018\/01\/Ana-\u0160imunovi\u0107-KG-Vesna-Bo\u017eica-prolje\u0107a-400x533.jpg 400w, https:\/\/katolicka-gimnazija.hr\/wp-content\/uploads\/2018\/01\/Ana-\u0160imunovi\u0107-KG-Vesna-Bo\u017eica-prolje\u0107a-430x573.jpg 430w, https:\/\/katolicka-gimnazija.hr\/wp-content\/uploads\/2018\/01\/Ana-\u0160imunovi\u0107-KG-Vesna-Bo\u017eica-prolje\u0107a-150x200.jpg 150w, https:\/\/katolicka-gimnazija.hr\/wp-content\/uploads\/2018\/01\/Ana-\u0160imunovi\u0107-KG-Vesna-Bo\u017eica-prolje\u0107a-100x133.jpg 100w, https:\/\/katolicka-gimnazija.hr\/wp-content\/uploads\/2018\/01\/Ana-\u0160imunovi\u0107-KG-Vesna-Bo\u017eica-prolje\u0107a.jpg 900w\" sizes=\"auto, (max-width: 225px) 100vw, 225px\" \/><\/a>\n\t\t\t<\/div><\/figure><figure class='gallery-item'>\n\t\t\t<div class='gallery-icon portrait'>\n\t\t\t\t<a href='https:\/\/katolicka-gimnazija.hr\/wp-content\/uploads\/2018\/01\/Helena-Kesi\u0107-KG.jpg'><img loading=\"lazy\" decoding=\"async\" width=\"225\" height=\"300\" src=\"https:\/\/katolicka-gimnazija.hr\/wp-content\/uploads\/2018\/01\/Helena-Kesi\u0107-KG-225x300.jpg\" class=\"attachment-medium size-medium\" alt=\"\" srcset=\"https:\/\/katolicka-gimnazija.hr\/wp-content\/uploads\/2018\/01\/Helena-Kesi\u0107-KG-225x300.jpg 225w, https:\/\/katolicka-gimnazija.hr\/wp-content\/uploads\/2018\/01\/Helena-Kesi\u0107-KG-768x1024.jpg 768w, https:\/\/katolicka-gimnazija.hr\/wp-content\/uploads\/2018\/01\/Helena-Kesi\u0107-KG-360x480.jpg 360w, https:\/\/katolicka-gimnazija.hr\/wp-content\/uploads\/2018\/01\/Helena-Kesi\u0107-KG-750x1000.jpg 750w, https:\/\/katolicka-gimnazija.hr\/wp-content\/uploads\/2018\/01\/Helena-Kesi\u0107-KG-400x533.jpg 400w, https:\/\/katolicka-gimnazija.hr\/wp-content\/uploads\/2018\/01\/Helena-Kesi\u0107-KG-430x573.jpg 430w, https:\/\/katolicka-gimnazija.hr\/wp-content\/uploads\/2018\/01\/Helena-Kesi\u0107-KG-150x200.jpg 150w, https:\/\/katolicka-gimnazija.hr\/wp-content\/uploads\/2018\/01\/Helena-Kesi\u0107-KG-100x133.jpg 100w, https:\/\/katolicka-gimnazija.hr\/wp-content\/uploads\/2018\/01\/Helena-Kesi\u0107-KG.jpg 900w\" sizes=\"auto, (max-width: 225px) 100vw, 225px\" \/><\/a>\n\t\t\t<\/div><\/figure><figure class='gallery-item'>\n\t\t\t<div class='gallery-icon landscape'>\n\t\t\t\t<a href='https:\/\/katolicka-gimnazija.hr\/wp-content\/uploads\/2018\/01\/Matea-Franjeti\u0107-KG.jpg'><img loading=\"lazy\" decoding=\"async\" width=\"300\" height=\"225\" src=\"https:\/\/katolicka-gimnazija.hr\/wp-content\/uploads\/2018\/01\/Matea-Franjeti\u0107-KG-300x225.jpg\" class=\"attachment-medium size-medium\" alt=\"\" srcset=\"https:\/\/katolicka-gimnazija.hr\/wp-content\/uploads\/2018\/01\/Matea-Franjeti\u0107-KG-300x225.jpg 300w, https:\/\/katolicka-gimnazija.hr\/wp-content\/uploads\/2018\/01\/Matea-Franjeti\u0107-KG-768x576.jpg 768w, https:\/\/katolicka-gimnazija.hr\/wp-content\/uploads\/2018\/01\/Matea-Franjeti\u0107-KG-1024x768.jpg 1024w, https:\/\/katolicka-gimnazija.hr\/wp-content\/uploads\/2018\/01\/Matea-Franjeti\u0107-KG-360x270.jpg 360w, https:\/\/katolicka-gimnazija.hr\/wp-content\/uploads\/2018\/01\/Matea-Franjeti\u0107-KG-750x563.jpg 750w, https:\/\/katolicka-gimnazija.hr\/wp-content\/uploads\/2018\/01\/Matea-Franjeti\u0107-KG-400x300.jpg 400w, https:\/\/katolicka-gimnazija.hr\/wp-content\/uploads\/2018\/01\/Matea-Franjeti\u0107-KG-430x323.jpg 430w, https:\/\/katolicka-gimnazija.hr\/wp-content\/uploads\/2018\/01\/Matea-Franjeti\u0107-KG-150x113.jpg 150w, https:\/\/katolicka-gimnazija.hr\/wp-content\/uploads\/2018\/01\/Matea-Franjeti\u0107-KG-100x75.jpg 100w, https:\/\/katolicka-gimnazija.hr\/wp-content\/uploads\/2018\/01\/Matea-Franjeti\u0107-KG.jpg 1600w\" sizes=\"auto, (max-width: 300px) 100vw, 300px\" \/><\/a>\n\t\t\t<\/div><\/figure><figure class='gallery-item'>\n\t\t\t<div class='gallery-icon landscape'>\n\t\t\t\t<a href='https:\/\/katolicka-gimnazija.hr\/wp-content\/uploads\/2018\/01\/Monika-Maruki\u0107-KG.jpg'><img loading=\"lazy\" decoding=\"async\" width=\"300\" height=\"225\" src=\"https:\/\/katolicka-gimnazija.hr\/wp-content\/uploads\/2018\/01\/Monika-Maruki\u0107-KG-300x225.jpg\" class=\"attachment-medium size-medium\" alt=\"\" srcset=\"https:\/\/katolicka-gimnazija.hr\/wp-content\/uploads\/2018\/01\/Monika-Maruki\u0107-KG-300x225.jpg 300w, https:\/\/katolicka-gimnazija.hr\/wp-content\/uploads\/2018\/01\/Monika-Maruki\u0107-KG-768x576.jpg 768w, https:\/\/katolicka-gimnazija.hr\/wp-content\/uploads\/2018\/01\/Monika-Maruki\u0107-KG-1024x768.jpg 1024w, https:\/\/katolicka-gimnazija.hr\/wp-content\/uploads\/2018\/01\/Monika-Maruki\u0107-KG-360x270.jpg 360w, https:\/\/katolicka-gimnazija.hr\/wp-content\/uploads\/2018\/01\/Monika-Maruki\u0107-KG-750x563.jpg 750w, https:\/\/katolicka-gimnazija.hr\/wp-content\/uploads\/2018\/01\/Monika-Maruki\u0107-KG-400x300.jpg 400w, https:\/\/katolicka-gimnazija.hr\/wp-content\/uploads\/2018\/01\/Monika-Maruki\u0107-KG-430x323.jpg 430w, https:\/\/katolicka-gimnazija.hr\/wp-content\/uploads\/2018\/01\/Monika-Maruki\u0107-KG-150x113.jpg 150w, https:\/\/katolicka-gimnazija.hr\/wp-content\/uploads\/2018\/01\/Monika-Maruki\u0107-KG-100x75.jpg 100w, https:\/\/katolicka-gimnazija.hr\/wp-content\/uploads\/2018\/01\/Monika-Maruki\u0107-KG.jpg 1600w\" sizes=\"auto, (max-width: 300px) 100vw, 300px\" \/><\/a>\n\t\t\t<\/div><\/figure><figure class='gallery-item'>\n\t\t\t<div class='gallery-icon landscape'>\n\t\t\t\t<a href='https:\/\/katolicka-gimnazija.hr\/wp-content\/uploads\/2018\/01\/Paulina-Pili\u0107-KG.jpg'><img loading=\"lazy\" decoding=\"async\" width=\"300\" height=\"225\" src=\"https:\/\/katolicka-gimnazija.hr\/wp-content\/uploads\/2018\/01\/Paulina-Pili\u0107-KG-300x225.jpg\" class=\"attachment-medium size-medium\" alt=\"\" srcset=\"https:\/\/katolicka-gimnazija.hr\/wp-content\/uploads\/2018\/01\/Paulina-Pili\u0107-KG-300x225.jpg 300w, https:\/\/katolicka-gimnazija.hr\/wp-content\/uploads\/2018\/01\/Paulina-Pili\u0107-KG-768x576.jpg 768w, https:\/\/katolicka-gimnazija.hr\/wp-content\/uploads\/2018\/01\/Paulina-Pili\u0107-KG-1024x768.jpg 1024w, https:\/\/katolicka-gimnazija.hr\/wp-content\/uploads\/2018\/01\/Paulina-Pili\u0107-KG-360x270.jpg 360w, https:\/\/katolicka-gimnazija.hr\/wp-content\/uploads\/2018\/01\/Paulina-Pili\u0107-KG-750x563.jpg 750w, https:\/\/katolicka-gimnazija.hr\/wp-content\/uploads\/2018\/01\/Paulina-Pili\u0107-KG-400x300.jpg 400w, https:\/\/katolicka-gimnazija.hr\/wp-content\/uploads\/2018\/01\/Paulina-Pili\u0107-KG-430x323.jpg 430w, https:\/\/katolicka-gimnazija.hr\/wp-content\/uploads\/2018\/01\/Paulina-Pili\u0107-KG-150x113.jpg 150w, https:\/\/katolicka-gimnazija.hr\/wp-content\/uploads\/2018\/01\/Paulina-Pili\u0107-KG-100x75.jpg 100w, https:\/\/katolicka-gimnazija.hr\/wp-content\/uploads\/2018\/01\/Paulina-Pili\u0107-KG.jpg 1600w\" sizes=\"auto, (max-width: 300px) 100vw, 300px\" \/><\/a>\n\t\t\t<\/div><\/figure>\n\t\t<\/div>\n\n","protected":false},"excerpt":{"rendered":"<p>Dana 29. sije\u010dnja 2018. odr\u017eano je \u0161kolsko natjecanje LIK. Sudjelovalo je petero u\u010denika s likovnim radom i jedan u\u010denik s filmom: Karlo Bleiziffer 1.a, Helena Kesi\u0107 1.b, Monika Maruki\u0107 2.a, Paulina Pili\u0107 2.b, Matea Franjeti\u0107, 2.b. i Ana \u0160imunovi\u0107, 3.b. Na \u017eupanijsko natjecanje, koje \u0107e se odr\u017eati 26. velja\u010de 2018., na\u0161u \u0161kolu predstavljat \u0107e Matea [&hellip;]<\/p>\n","protected":false},"author":1,"featured_media":11939,"comment_status":"closed","ping_status":"closed","sticky":false,"template":"","format":"standard","meta":{"footnotes":""},"categories":[4,2],"tags":[],"class_list":["post-11936","post","type-post","status-publish","format-standard","has-post-thumbnail","hentry","category-fotogalerije","category-vijesti"],"_links":{"self":[{"href":"https:\/\/katolicka-gimnazija.hr\/index.php\/wp-json\/wp\/v2\/posts\/11936","targetHints":{"allow":["GET"]}}],"collection":[{"href":"https:\/\/katolicka-gimnazija.hr\/index.php\/wp-json\/wp\/v2\/posts"}],"about":[{"href":"https:\/\/katolicka-gimnazija.hr\/index.php\/wp-json\/wp\/v2\/types\/post"}],"author":[{"embeddable":true,"href":"https:\/\/katolicka-gimnazija.hr\/index.php\/wp-json\/wp\/v2\/users\/1"}],"replies":[{"embeddable":true,"href":"https:\/\/katolicka-gimnazija.hr\/index.php\/wp-json\/wp\/v2\/comments?post=11936"}],"version-history":[{"count":2,"href":"https:\/\/katolicka-gimnazija.hr\/index.php\/wp-json\/wp\/v2\/posts\/11936\/revisions"}],"predecessor-version":[{"id":14720,"href":"https:\/\/katolicka-gimnazija.hr\/index.php\/wp-json\/wp\/v2\/posts\/11936\/revisions\/14720"}],"wp:featuredmedia":[{"embeddable":true,"href":"https:\/\/katolicka-gimnazija.hr\/index.php\/wp-json\/wp\/v2\/media\/11939"}],"wp:attachment":[{"href":"https:\/\/katolicka-gimnazija.hr\/index.php\/wp-json\/wp\/v2\/media?parent=11936"}],"wp:term":[{"taxonomy":"category","embeddable":true,"href":"https:\/\/katolicka-gimnazija.hr\/index.php\/wp-json\/wp\/v2\/categories?post=11936"},{"taxonomy":"post_tag","embeddable":true,"href":"https:\/\/katolicka-gimnazija.hr\/index.php\/wp-json\/wp\/v2\/tags?post=11936"}],"curies":[{"name":"wp","href":"https:\/\/api.w.org\/{rel}","templated":true}]}}