{"id":11959,"date":"2018-01-31T22:06:13","date_gmt":"2018-01-31T22:06:13","guid":{"rendered":"http:\/\/katolicka-gimnazija.hr\/?p=11959"},"modified":"2018-12-28T13:30:57","modified_gmt":"2018-12-28T13:30:57","slug":"informacije-o-radu-3-sjednice-razrednog-vijeca-2","status":"publish","type":"post","link":"https:\/\/katolicka-gimnazija.hr\/index.php\/2018\/01\/31\/informacije-o-radu-3-sjednice-razrednog-vijeca-2\/","title":{"rendered":"Informacije o radu 3. sjednice Razrednog vije\u0107a"},"content":{"rendered":"<p>3. sjednica Razrednog vije\u0107a razrednog odjela 3.b Katoli\u010dke gimnazije s pravom javnosti u \u0161kolskoj godini 2017.\/2018. dana 1. velja\u010de 2018. godine s po\u010detkom u 14:45 sati<\/p>\n<p>Dnevni red:<br \/>\n1. Usvajanje Zapisnika s prethodne sjednice Razrednog vije\u0107a Katoli\u010dke gimnazije s pravom javnosti<br \/>\n2. Izricanje pedago\u0161ke mjere ukora<br \/>\n3. Razno  <\/p>\n","protected":false},"excerpt":{"rendered":"<p>3. sjednica Razrednog vije\u0107a razrednog odjela 3.b Katoli\u010dke gimnazije s pravom javnosti u \u0161kolskoj godini 2017.\/2018. dana 1. velja\u010de 2018. godine s po\u010detkom u 14:45 sati Dnevni red: 1. Usvajanje Zapisnika s prethodne sjednice Razrednog vije\u0107a Katoli\u010dke gimnazije s pravom javnosti 2. Izricanje pedago\u0161ke mjere ukora 3. Razno<\/p>\n","protected":false},"author":39,"featured_media":0,"comment_status":"closed","ping_status":"closed","sticky":false,"template":"","format":"standard","meta":{"footnotes":""},"categories":[2],"tags":[],"class_list":["post-11959","post","type-post","status-publish","format-standard","hentry","category-vijesti"],"_links":{"self":[{"href":"https:\/\/katolicka-gimnazija.hr\/index.php\/wp-json\/wp\/v2\/posts\/11959","targetHints":{"allow":["GET"]}}],"collection":[{"href":"https:\/\/katolicka-gimnazija.hr\/index.php\/wp-json\/wp\/v2\/posts"}],"about":[{"href":"https:\/\/katolicka-gimnazija.hr\/index.php\/wp-json\/wp\/v2\/types\/post"}],"author":[{"embeddable":true,"href":"https:\/\/katolicka-gimnazija.hr\/index.php\/wp-json\/wp\/v2\/users\/39"}],"replies":[{"embeddable":true,"href":"https:\/\/katolicka-gimnazija.hr\/index.php\/wp-json\/wp\/v2\/comments?post=11959"}],"version-history":[{"count":2,"href":"https:\/\/katolicka-gimnazija.hr\/index.php\/wp-json\/wp\/v2\/posts\/11959\/revisions"}],"predecessor-version":[{"id":14719,"href":"https:\/\/katolicka-gimnazija.hr\/index.php\/wp-json\/wp\/v2\/posts\/11959\/revisions\/14719"}],"wp:attachment":[{"href":"https:\/\/katolicka-gimnazija.hr\/index.php\/wp-json\/wp\/v2\/media?parent=11959"}],"wp:term":[{"taxonomy":"category","embeddable":true,"href":"https:\/\/katolicka-gimnazija.hr\/index.php\/wp-json\/wp\/v2\/categories?post=11959"},{"taxonomy":"post_tag","embeddable":true,"href":"https:\/\/katolicka-gimnazija.hr\/index.php\/wp-json\/wp\/v2\/tags?post=11959"}],"curies":[{"name":"wp","href":"https:\/\/api.w.org\/{rel}","templated":true}]}}