{"id":11990,"date":"2018-02-04T21:08:12","date_gmt":"2018-02-04T21:08:12","guid":{"rendered":"http:\/\/katolicka-gimnazija.hr\/?p=11990"},"modified":"2018-12-28T13:30:29","modified_gmt":"2018-12-28T13:30:29","slug":"djevojke-trece-na-regionalnom-natjecanju-u-stolnom-tenisu","status":"publish","type":"post","link":"https:\/\/katolicka-gimnazija.hr\/index.php\/2018\/02\/04\/djevojke-trece-na-regionalnom-natjecanju-u-stolnom-tenisu\/","title":{"rendered":"DJEVOJKE TRE\u0106E NA REGIONALNOM NATJECANJU U STOLNOM TENISU"},"content":{"rendered":"<p><a href=\"http:\/\/katolicka-gimnazija.hr\/wp-content\/uploads\/2018\/02\/ST-REGIJA-2018-3-e1517778439156.jpg\"><img loading=\"lazy\" decoding=\"async\" class=\"alignleft wp-image-11993 size-medium\" src=\"http:\/\/katolicka-gimnazija.hr\/wp-content\/uploads\/2018\/02\/ST-REGIJA-2018-3-e1517778439156-300x225.jpg\" alt=\"ST REGIJA 2018 3\" width=\"300\" height=\"225\" srcset=\"https:\/\/katolicka-gimnazija.hr\/wp-content\/uploads\/2018\/02\/ST-REGIJA-2018-3-e1517778439156-300x225.jpg 300w, https:\/\/katolicka-gimnazija.hr\/wp-content\/uploads\/2018\/02\/ST-REGIJA-2018-3-e1517778439156-768x576.jpg 768w, https:\/\/katolicka-gimnazija.hr\/wp-content\/uploads\/2018\/02\/ST-REGIJA-2018-3-e1517778439156-360x270.jpg 360w, https:\/\/katolicka-gimnazija.hr\/wp-content\/uploads\/2018\/02\/ST-REGIJA-2018-3-e1517778439156-750x563.jpg 750w, https:\/\/katolicka-gimnazija.hr\/wp-content\/uploads\/2018\/02\/ST-REGIJA-2018-3-e1517778439156-400x300.jpg 400w, https:\/\/katolicka-gimnazija.hr\/wp-content\/uploads\/2018\/02\/ST-REGIJA-2018-3-e1517778439156-430x323.jpg 430w, https:\/\/katolicka-gimnazija.hr\/wp-content\/uploads\/2018\/02\/ST-REGIJA-2018-3-e1517778439156-150x113.jpg 150w, https:\/\/katolicka-gimnazija.hr\/wp-content\/uploads\/2018\/02\/ST-REGIJA-2018-3-e1517778439156-100x75.jpg 100w, https:\/\/katolicka-gimnazija.hr\/wp-content\/uploads\/2018\/02\/ST-REGIJA-2018-3-e1517778439156.jpg 784w\" sizes=\"auto, (max-width: 300px) 100vw, 300px\" \/><\/a>Na\u0161e u\u010denice su ostvarile jo\u0161 jedan odli\u010dan rezultat za na\u0161u \u0161kolu. Kao predstavnice Po\u017ee\u0161ko-slavonske \u017eupanije osvojile su tre\u0107e mjesto u stolnom tenisu na regiji Istok. Osim na\u0161ih djevojaka sudjelovale su najbolje ekipe iz Brodsko-posavske, Osje\u010dko-baranjske i Vukovarsko-srijemske \u017eupanije. Igrao se kup sistem, a na\u0161e su djevojke odmah kod izvla\u010denja dobile najbolju ekipu iz Vinkovaca koja na kraju i putuje na dr\u017eavnu zavr\u0161nicu. U utakmici za tre\u0107e mjesto na\u0161e su predstavnice pobijedile ekipu iz Brodsko-posavske \u017eupanije rezultatom 3:0. Za na\u0161u ekipu su nastupile: Tara Stipanovi\u0107 3.b, Marta Lon\u010dar 3.b, Ana Somunja 3.b i Veronika \u010cernu\u0161ak 2.a.<\/p>\n<p><a href=\"http:\/\/katolicka-gimnazija.hr\/wp-content\/uploads\/2018\/02\/ST-REGIJA-2018-5.jpg\"><img loading=\"lazy\" decoding=\"async\" class=\"alignright wp-image-11994 size-medium\" src=\"http:\/\/katolicka-gimnazija.hr\/wp-content\/uploads\/2018\/02\/ST-REGIJA-2018-5-225x300.jpg\" alt=\"ST REGIJA 2018 5\" width=\"225\" height=\"300\" srcset=\"https:\/\/katolicka-gimnazija.hr\/wp-content\/uploads\/2018\/02\/ST-REGIJA-2018-5-225x300.jpg 225w, https:\/\/katolicka-gimnazija.hr\/wp-content\/uploads\/2018\/02\/ST-REGIJA-2018-5-360x480.jpg 360w, https:\/\/katolicka-gimnazija.hr\/wp-content\/uploads\/2018\/02\/ST-REGIJA-2018-5-400x533.jpg 400w, https:\/\/katolicka-gimnazija.hr\/wp-content\/uploads\/2018\/02\/ST-REGIJA-2018-5-430x573.jpg 430w, https:\/\/katolicka-gimnazija.hr\/wp-content\/uploads\/2018\/02\/ST-REGIJA-2018-5-150x200.jpg 150w, https:\/\/katolicka-gimnazija.hr\/wp-content\/uploads\/2018\/02\/ST-REGIJA-2018-5-100x133.jpg 100w, https:\/\/katolicka-gimnazija.hr\/wp-content\/uploads\/2018\/02\/ST-REGIJA-2018-5.jpg 720w\" sizes=\"auto, (max-width: 225px) 100vw, 225px\" \/><\/a>Osim \u0161to smo ostvarili jo\u0161 jedan odli\u010dan rezultat, na\u0161e u\u010denice su sudjelovale u organizaciji natjecanja jer je upravo na\u0161a \u017eupanija bila organizator regionalnog natjecanja. Tako su po prvi puta brigu o zapisnicima i rezultatima cijelog natjecanja vodile na\u0161e u\u010denice Valentina Bunjevac 4.a, Martina Pand\u017ea Brni\u0107 4.b, Ela E\u0161egovi\u0107 3.b i Iva Budimir 3.b. Kako smo ponosni na na\u0161e igra\u010dice, tako smo i na na\u0161e djevojke koje su se dokazale u novim zada\u0107ama.  <\/p>\n","protected":false},"excerpt":{"rendered":"<p>Na\u0161e u\u010denice su ostvarile jo\u0161 jedan odli\u010dan rezultat za na\u0161u \u0161kolu. Kao predstavnice Po\u017ee\u0161ko-slavonske \u017eupanije osvojile su tre\u0107e mjesto u stolnom tenisu na regiji Istok. Osim na\u0161ih djevojaka sudjelovale su najbolje ekipe iz Brodsko-posavske, Osje\u010dko-baranjske i Vukovarsko-srijemske \u017eupanije. Igrao se kup sistem, a na\u0161e su djevojke odmah kod izvla\u010denja dobile najbolju ekipu iz Vinkovaca koja [&hellip;]<\/p>\n","protected":false},"author":1,"featured_media":11991,"comment_status":"closed","ping_status":"closed","sticky":false,"template":"","format":"standard","meta":{"footnotes":""},"categories":[2],"tags":[],"class_list":["post-11990","post","type-post","status-publish","format-standard","has-post-thumbnail","hentry","category-vijesti"],"_links":{"self":[{"href":"https:\/\/katolicka-gimnazija.hr\/index.php\/wp-json\/wp\/v2\/posts\/11990","targetHints":{"allow":["GET"]}}],"collection":[{"href":"https:\/\/katolicka-gimnazija.hr\/index.php\/wp-json\/wp\/v2\/posts"}],"about":[{"href":"https:\/\/katolicka-gimnazija.hr\/index.php\/wp-json\/wp\/v2\/types\/post"}],"author":[{"embeddable":true,"href":"https:\/\/katolicka-gimnazija.hr\/index.php\/wp-json\/wp\/v2\/users\/1"}],"replies":[{"embeddable":true,"href":"https:\/\/katolicka-gimnazija.hr\/index.php\/wp-json\/wp\/v2\/comments?post=11990"}],"version-history":[{"count":2,"href":"https:\/\/katolicka-gimnazija.hr\/index.php\/wp-json\/wp\/v2\/posts\/11990\/revisions"}],"predecessor-version":[{"id":14716,"href":"https:\/\/katolicka-gimnazija.hr\/index.php\/wp-json\/wp\/v2\/posts\/11990\/revisions\/14716"}],"wp:featuredmedia":[{"embeddable":true,"href":"https:\/\/katolicka-gimnazija.hr\/index.php\/wp-json\/wp\/v2\/media\/11991"}],"wp:attachment":[{"href":"https:\/\/katolicka-gimnazija.hr\/index.php\/wp-json\/wp\/v2\/media?parent=11990"}],"wp:term":[{"taxonomy":"category","embeddable":true,"href":"https:\/\/katolicka-gimnazija.hr\/index.php\/wp-json\/wp\/v2\/categories?post=11990"},{"taxonomy":"post_tag","embeddable":true,"href":"https:\/\/katolicka-gimnazija.hr\/index.php\/wp-json\/wp\/v2\/tags?post=11990"}],"curies":[{"name":"wp","href":"https:\/\/api.w.org\/{rel}","templated":true}]}}