{"id":12037,"date":"2018-02-09T10:26:05","date_gmt":"2018-02-09T10:26:05","guid":{"rendered":"http:\/\/katolicka-gimnazija.hr\/?p=12037"},"modified":"2018-12-28T13:30:09","modified_gmt":"2018-12-28T13:30:09","slug":"projekcija-dokumentarnog-filma-macelj-titovo-stratiste","status":"publish","type":"post","link":"https:\/\/katolicka-gimnazija.hr\/index.php\/2018\/02\/09\/projekcija-dokumentarnog-filma-macelj-titovo-stratiste\/","title":{"rendered":"Projekcija dokumentarnog filma Macelj, Titovo strati\u0161te"},"content":{"rendered":"<div>Ju\u010der je u Dvorani sv. Terezije Avilske u organizaciji Matice hrvatske Ogranka u Po\u017eegi u\u010denicima i djelatnicima \u0161kole prika<a href=\"http:\/\/katolicka-gimnazija.hr\/wp-content\/uploads\/2018\/02\/27629500_1841672502518478_6796645696069866660_o.jpg\"><img loading=\"lazy\" decoding=\"async\" class=\"alignright wp-image-12038 size-medium\" src=\"http:\/\/katolicka-gimnazija.hr\/wp-content\/uploads\/2018\/02\/27629500_1841672502518478_6796645696069866660_o-300x200.jpg\" alt=\"27629500_1841672502518478_6796645696069866660_o\" width=\"300\" height=\"200\" srcset=\"https:\/\/katolicka-gimnazija.hr\/wp-content\/uploads\/2018\/02\/27629500_1841672502518478_6796645696069866660_o-300x200.jpg 300w, https:\/\/katolicka-gimnazija.hr\/wp-content\/uploads\/2018\/02\/27629500_1841672502518478_6796645696069866660_o-768x512.jpg 768w, https:\/\/katolicka-gimnazija.hr\/wp-content\/uploads\/2018\/02\/27629500_1841672502518478_6796645696069866660_o-1024x683.jpg 1024w, https:\/\/katolicka-gimnazija.hr\/wp-content\/uploads\/2018\/02\/27629500_1841672502518478_6796645696069866660_o-360x240.jpg 360w, https:\/\/katolicka-gimnazija.hr\/wp-content\/uploads\/2018\/02\/27629500_1841672502518478_6796645696069866660_o-750x500.jpg 750w, https:\/\/katolicka-gimnazija.hr\/wp-content\/uploads\/2018\/02\/27629500_1841672502518478_6796645696069866660_o-400x267.jpg 400w, https:\/\/katolicka-gimnazija.hr\/wp-content\/uploads\/2018\/02\/27629500_1841672502518478_6796645696069866660_o-430x287.jpg 430w, https:\/\/katolicka-gimnazija.hr\/wp-content\/uploads\/2018\/02\/27629500_1841672502518478_6796645696069866660_o-150x100.jpg 150w, https:\/\/katolicka-gimnazija.hr\/wp-content\/uploads\/2018\/02\/27629500_1841672502518478_6796645696069866660_o-100x67.jpg 100w, https:\/\/katolicka-gimnazija.hr\/wp-content\/uploads\/2018\/02\/27629500_1841672502518478_6796645696069866660_o.jpg 1800w\" sizes=\"auto, (max-width: 300px) 100vw, 300px\" \/><\/a>zan dokumentarni film Nade Prka\u010din i Laudato televizije <strong><em>Macelj, Titovo strati\u0161te<\/em><\/strong>.<\/div>\n<div>O istome je svoj kratki komentar dao Josip Kati\u0107 prof. povijesti i geografije.<\/div>\n<div><em>&#8220;U filmu su obra\u0111eni doga\u0111aji koji su posljedica povla\u010denja hrvatske vojske i civila poslije predaje na Bleiburgu. Nakon povla\u010denja zapo\u010dinje &#8220;Kri\u017eni put&#8221; ljudi koji su se predali, a koje\u00a0 su Saveznici prepustili u ruke jugoslavenskih partizana ne mare\u0107i za primjenu \u017denevske konvencije.\u00a0<\/em><\/div>\n<div><em>Jedna od postaja bio je prostor Hrvatskoga zagorja te \u0161uma u blizini Maceljskog gorja. \u0160uma, odnosno jame, kako su prikazane u filmu, postala su popri\u0161ta stra\u0161nih zlo\u010dina i egzekucija sve\u0107enika, redovnika, ostataka usta\u0161a i domobrana\u00a0kao i civilnog stanovni\u0161tva.\u00a0<\/em><\/div>\n<div><em><a href=\"http:\/\/katolicka-gimnazija.hr\/wp-content\/uploads\/2018\/02\/27908115_1841672789185116_2828972483169057860_o.jpg\"><img loading=\"lazy\" decoding=\"async\" class=\"alignleft wp-image-12039 size-medium\" src=\"http:\/\/katolicka-gimnazija.hr\/wp-content\/uploads\/2018\/02\/27908115_1841672789185116_2828972483169057860_o-300x200.jpg\" alt=\"27908115_1841672789185116_2828972483169057860_o\" width=\"300\" height=\"200\" srcset=\"https:\/\/katolicka-gimnazija.hr\/wp-content\/uploads\/2018\/02\/27908115_1841672789185116_2828972483169057860_o-300x200.jpg 300w, https:\/\/katolicka-gimnazija.hr\/wp-content\/uploads\/2018\/02\/27908115_1841672789185116_2828972483169057860_o-768x512.jpg 768w, https:\/\/katolicka-gimnazija.hr\/wp-content\/uploads\/2018\/02\/27908115_1841672789185116_2828972483169057860_o-1024x683.jpg 1024w, https:\/\/katolicka-gimnazija.hr\/wp-content\/uploads\/2018\/02\/27908115_1841672789185116_2828972483169057860_o-360x240.jpg 360w, https:\/\/katolicka-gimnazija.hr\/wp-content\/uploads\/2018\/02\/27908115_1841672789185116_2828972483169057860_o-750x500.jpg 750w, https:\/\/katolicka-gimnazija.hr\/wp-content\/uploads\/2018\/02\/27908115_1841672789185116_2828972483169057860_o-400x267.jpg 400w, https:\/\/katolicka-gimnazija.hr\/wp-content\/uploads\/2018\/02\/27908115_1841672789185116_2828972483169057860_o-430x287.jpg 430w, https:\/\/katolicka-gimnazija.hr\/wp-content\/uploads\/2018\/02\/27908115_1841672789185116_2828972483169057860_o-150x100.jpg 150w, https:\/\/katolicka-gimnazija.hr\/wp-content\/uploads\/2018\/02\/27908115_1841672789185116_2828972483169057860_o-100x67.jpg 100w, https:\/\/katolicka-gimnazija.hr\/wp-content\/uploads\/2018\/02\/27908115_1841672789185116_2828972483169057860_o.jpg 1800w\" sizes=\"auto, (max-width: 300px) 100vw, 300px\" \/><\/a>U filmu se pozivaju na svjedo\u010danstva ljudi koji su bili sudionici tih doga\u0111aja, pisane zapise gvardijana franjeva\u010dkog samostana u Krapini, kao i doma\u0107eg stanovni\u0161tva iz \u0110urmanca, koje je bilo svjedok odvo\u0111enja ljudi prema \u0161umi i nestanka istih.<\/em><\/div>\n<div><em>U filmu se, me\u0111utim, prote\u017eu i neke politi\u010dke poruke i iskazi koji se ti\u010du najnovijeg razdoblja hrvatske povijesti za koje nije prigodno da budu dio relevantnih iskaza i povijesne autenti\u010dnosti vezanih za ovu temu.\u00a0\u00a0<\/em><\/div>\n<div><em>Pojedini iskazi i scene poti\u010du na duboko promi\u0161ljanje o na\u010dinu djelovanja, povijesnom kontekstu i uzrocima koji su doveli do takvih doga\u0111aja. U filmu se nagla\u0161ava kako je potrebno otkriti punu i to\u010dnu istinu, kako bi rasvijetlilo sve \u0161to se doga\u0111alo i dao objektivan prikaz na\u0161e pro\u0161losti bez mr\u017enje i predrasuda.&#8221;<\/em><\/div>\n","protected":false},"excerpt":{"rendered":"<p>Ju\u010der je u Dvorani sv. Terezije Avilske u organizaciji Matice hrvatske Ogranka u Po\u017eegi u\u010denicima i djelatnicima \u0161kole prikazan dokumentarni film Nade Prka\u010din i Laudato televizije Macelj, Titovo strati\u0161te. O istome je svoj kratki komentar dao Josip Kati\u0107 prof. povijesti i geografije. &#8220;U filmu su obra\u0111eni doga\u0111aji koji su posljedica povla\u010denja hrvatske vojske i civila [&hellip;]<\/p>\n","protected":false},"author":2,"featured_media":12040,"comment_status":"closed","ping_status":"closed","sticky":false,"template":"","format":"standard","meta":{"footnotes":""},"categories":[2],"tags":[],"class_list":["post-12037","post","type-post","status-publish","format-standard","has-post-thumbnail","hentry","category-vijesti"],"_links":{"self":[{"href":"https:\/\/katolicka-gimnazija.hr\/index.php\/wp-json\/wp\/v2\/posts\/12037","targetHints":{"allow":["GET"]}}],"collection":[{"href":"https:\/\/katolicka-gimnazija.hr\/index.php\/wp-json\/wp\/v2\/posts"}],"about":[{"href":"https:\/\/katolicka-gimnazija.hr\/index.php\/wp-json\/wp\/v2\/types\/post"}],"author":[{"embeddable":true,"href":"https:\/\/katolicka-gimnazija.hr\/index.php\/wp-json\/wp\/v2\/users\/2"}],"replies":[{"embeddable":true,"href":"https:\/\/katolicka-gimnazija.hr\/index.php\/wp-json\/wp\/v2\/comments?post=12037"}],"version-history":[{"count":3,"href":"https:\/\/katolicka-gimnazija.hr\/index.php\/wp-json\/wp\/v2\/posts\/12037\/revisions"}],"predecessor-version":[{"id":14713,"href":"https:\/\/katolicka-gimnazija.hr\/index.php\/wp-json\/wp\/v2\/posts\/12037\/revisions\/14713"}],"wp:featuredmedia":[{"embeddable":true,"href":"https:\/\/katolicka-gimnazija.hr\/index.php\/wp-json\/wp\/v2\/media\/12040"}],"wp:attachment":[{"href":"https:\/\/katolicka-gimnazija.hr\/index.php\/wp-json\/wp\/v2\/media?parent=12037"}],"wp:term":[{"taxonomy":"category","embeddable":true,"href":"https:\/\/katolicka-gimnazija.hr\/index.php\/wp-json\/wp\/v2\/categories?post=12037"},{"taxonomy":"post_tag","embeddable":true,"href":"https:\/\/katolicka-gimnazija.hr\/index.php\/wp-json\/wp\/v2\/tags?post=12037"}],"curies":[{"name":"wp","href":"https:\/\/api.w.org\/{rel}","templated":true}]}}