{"id":1216,"date":"2015-10-21T21:06:49","date_gmt":"2015-10-21T21:06:49","guid":{"rendered":"http:\/\/katolicka-gimnazija.hr\/?p=1216"},"modified":"2018-12-28T15:08:14","modified_gmt":"2018-12-28T15:08:14","slug":"sjednica-zupanijskog-vijeca-ucenika","status":"publish","type":"post","link":"https:\/\/katolicka-gimnazija.hr\/index.php\/2015\/10\/21\/sjednica-zupanijskog-vijeca-ucenika\/","title":{"rendered":"Sjednica \u017dupanijskog vije\u0107a u\u010denika"},"content":{"rendered":"<figure id=\"attachment_1181\" aria-describedby=\"caption-attachment-1181\" style=\"width: 300px\" class=\"wp-caption alignleft\"><a href=\"http:\/\/katolicka-gimnazija.hr\/wp-content\/uploads\/2015\/10\/Jana-Jularic.jpg\"><img loading=\"lazy\" decoding=\"async\" class=\"size-medium wp-image-1181\" src=\"http:\/\/katolicka-gimnazija.hr\/wp-content\/uploads\/2015\/10\/Jana-Jularic-300x200.jpg\" alt=\"Jana Julari\u0107\" width=\"300\" height=\"200\" srcset=\"https:\/\/katolicka-gimnazija.hr\/wp-content\/uploads\/2015\/10\/Jana-Jularic-300x200.jpg 300w, https:\/\/katolicka-gimnazija.hr\/wp-content\/uploads\/2015\/10\/Jana-Jularic-768x512.jpg 768w, https:\/\/katolicka-gimnazija.hr\/wp-content\/uploads\/2015\/10\/Jana-Jularic-400x267.jpg 400w, https:\/\/katolicka-gimnazija.hr\/wp-content\/uploads\/2015\/10\/Jana-Jularic-1024x683.jpg 1024w, https:\/\/katolicka-gimnazija.hr\/wp-content\/uploads\/2015\/10\/Jana-Jularic-360x240.jpg 360w, https:\/\/katolicka-gimnazija.hr\/wp-content\/uploads\/2015\/10\/Jana-Jularic-750x500.jpg 750w, https:\/\/katolicka-gimnazija.hr\/wp-content\/uploads\/2015\/10\/Jana-Jularic-430x287.jpg 430w, https:\/\/katolicka-gimnazija.hr\/wp-content\/uploads\/2015\/10\/Jana-Jularic-150x100.jpg 150w, https:\/\/katolicka-gimnazija.hr\/wp-content\/uploads\/2015\/10\/Jana-Jularic-100x67.jpg 100w\" sizes=\"auto, (max-width: 300px) 100vw, 300px\" \/><\/a><figcaption id=\"caption-attachment-1181\" class=\"wp-caption-text\">Jana Julari\u0107<\/figcaption><\/figure>\n<p>Ju\u010der, 20. 11. 2015. godine, u 10 sati odr\u017eana je sjednica \u017dupanijskoga vije\u0107a u\u010denika Po\u017ee\u0161ko-slavonske \u017eupanije. Sjednicu je sazvala Teodora Ragu\u017e, u\u010denica tre\u0107eg razreda Gimnazije, Po\u017eega. Na sjednici, odr\u017eanoj u prostorijama knji\u017enice i \u010ditaonice po\u017ee\u0161ke Gimnazije, okupili su se predstavnici svih osnovnih i srednjih \u0161kola na\u0161e \u017eupanije. Kao predstavnica Katoli\u010dke gimnazije sudjelovala je predsjednica Vije\u0107a u\u010denika na\u0161e \u0161kole Jana Julari\u0107.<\/p>\n<p>Glavna tema razgovora bila je razrada plana i programa obilje\u017eavanja Me\u0111unarodnog dana srednjo\u0161kolaca 17. studenoga koji se obilje\u017eava u \u010dast pra\u0161kih studenata i profesora koji su bili strijeljani bez ikakvoga su\u0111enja nakon mirnog prosvjeda protiv nacisti\u010dke okupacije njihove zemlje. Stoga ve\u0107 sad pozivamo srednjo\u0161kolce na proslavu njihovog dana 17. studenog koja \u0107e se bogatim prigodnim programom odr\u017eati u Glazbenoj \u0161koli Po\u017eega. <\/p>\n","protected":false},"excerpt":{"rendered":"<p>Ju\u010der, 20. 11. 2015. godine, u 10 sati odr\u017eana je sjednica \u017dupanijskoga vije\u0107a u\u010denika Po\u017ee\u0161ko-slavonske \u017eupanije. Sjednicu je sazvala Teodora Ragu\u017e, u\u010denica tre\u0107eg razreda Gimnazije, Po\u017eega. Na sjednici, odr\u017eanoj u prostorijama knji\u017enice i \u010ditaonice po\u017ee\u0161ke Gimnazije, okupili su se predstavnici svih osnovnih i srednjih \u0161kola na\u0161e \u017eupanije. Kao predstavnica Katoli\u010dke gimnazije sudjelovala je predsjednica Vije\u0107a [&hellip;]<\/p>\n","protected":false},"author":1,"featured_media":1217,"comment_status":"closed","ping_status":"closed","sticky":false,"template":"","format":"standard","meta":{"footnotes":""},"categories":[2],"tags":[158,159,157,155,156],"class_list":["post-1216","post","type-post","status-publish","format-standard","has-post-thumbnail","hentry","category-vijesti","tag-gimnazija-pozega","tag-jana","tag-medunarodni-dan-srednjoskolaca","tag-vijece-ucenika","tag-zupanija"],"_links":{"self":[{"href":"https:\/\/katolicka-gimnazija.hr\/index.php\/wp-json\/wp\/v2\/posts\/1216","targetHints":{"allow":["GET"]}}],"collection":[{"href":"https:\/\/katolicka-gimnazija.hr\/index.php\/wp-json\/wp\/v2\/posts"}],"about":[{"href":"https:\/\/katolicka-gimnazija.hr\/index.php\/wp-json\/wp\/v2\/types\/post"}],"author":[{"embeddable":true,"href":"https:\/\/katolicka-gimnazija.hr\/index.php\/wp-json\/wp\/v2\/users\/1"}],"replies":[{"embeddable":true,"href":"https:\/\/katolicka-gimnazija.hr\/index.php\/wp-json\/wp\/v2\/comments?post=1216"}],"version-history":[{"count":4,"href":"https:\/\/katolicka-gimnazija.hr\/index.php\/wp-json\/wp\/v2\/posts\/1216\/revisions"}],"predecessor-version":[{"id":15210,"href":"https:\/\/katolicka-gimnazija.hr\/index.php\/wp-json\/wp\/v2\/posts\/1216\/revisions\/15210"}],"wp:featuredmedia":[{"embeddable":true,"href":"https:\/\/katolicka-gimnazija.hr\/index.php\/wp-json\/wp\/v2\/media\/1217"}],"wp:attachment":[{"href":"https:\/\/katolicka-gimnazija.hr\/index.php\/wp-json\/wp\/v2\/media?parent=1216"}],"wp:term":[{"taxonomy":"category","embeddable":true,"href":"https:\/\/katolicka-gimnazija.hr\/index.php\/wp-json\/wp\/v2\/categories?post=1216"},{"taxonomy":"post_tag","embeddable":true,"href":"https:\/\/katolicka-gimnazija.hr\/index.php\/wp-json\/wp\/v2\/tags?post=1216"}],"curies":[{"name":"wp","href":"https:\/\/api.w.org\/{rel}","templated":true}]}}