{"id":12317,"date":"2018-03-04T14:38:11","date_gmt":"2018-03-04T14:38:11","guid":{"rendered":"http:\/\/katolicka-gimnazija.hr\/?p=12317"},"modified":"2018-12-28T13:26:12","modified_gmt":"2018-12-28T13:26:12","slug":"7-humanitarni-malonogometni-turnir-nisi-sam","status":"publish","type":"post","link":"https:\/\/katolicka-gimnazija.hr\/index.php\/2018\/03\/04\/7-humanitarni-malonogometni-turnir-nisi-sam\/","title":{"rendered":"7. humanitarni malonogometni turnir \u201eNisi sam\u201c"},"content":{"rendered":"<p>Korizma je povla\u0161teno vrijeme u godini kada bismo mogli, na Kristov poticaj, ali i poticaj \u017eive Crkve, pogled svrnuti sa sebe samih i uprijeti u one koji su oko nas, osloboditi se svojih sebi\u010dnosti i egoizma i biti bli\u017ei onima za koje smo mislili da im ba\u0161 netko drugi treba biti bli\u017ei. Svako vrijeme je vrijeme milosti i svako vrijeme je vrijeme spasa samo treba otvoriti o\u010di i u\u0161i i odazvati se pozivu na milosr\u0111e i bratoljublje. \u0160to nam vi\u0161e treba u ovomu vremenu?<\/p>\n<p><a href=\"http:\/\/katolicka-gimnazija.hr\/wp-content\/uploads\/2018\/03\/IMG_0153.jpg\"><img loading=\"lazy\" decoding=\"async\" class=\"alignright wp-image-12348 size-medium\" src=\"http:\/\/katolicka-gimnazija.hr\/wp-content\/uploads\/2018\/03\/IMG_0153-300x200.jpg\" alt=\"IMG_0153\" width=\"300\" height=\"200\" srcset=\"https:\/\/katolicka-gimnazija.hr\/wp-content\/uploads\/2018\/03\/IMG_0153-300x200.jpg 300w, https:\/\/katolicka-gimnazija.hr\/wp-content\/uploads\/2018\/03\/IMG_0153-768x512.jpg 768w, https:\/\/katolicka-gimnazija.hr\/wp-content\/uploads\/2018\/03\/IMG_0153-1024x683.jpg 1024w, https:\/\/katolicka-gimnazija.hr\/wp-content\/uploads\/2018\/03\/IMG_0153-360x240.jpg 360w, https:\/\/katolicka-gimnazija.hr\/wp-content\/uploads\/2018\/03\/IMG_0153-750x500.jpg 750w, https:\/\/katolicka-gimnazija.hr\/wp-content\/uploads\/2018\/03\/IMG_0153-400x267.jpg 400w, https:\/\/katolicka-gimnazija.hr\/wp-content\/uploads\/2018\/03\/IMG_0153-430x287.jpg 430w, https:\/\/katolicka-gimnazija.hr\/wp-content\/uploads\/2018\/03\/IMG_0153-150x100.jpg 150w, https:\/\/katolicka-gimnazija.hr\/wp-content\/uploads\/2018\/03\/IMG_0153-100x67.jpg 100w\" sizes=\"auto, (max-width: 300px) 100vw, 300px\" \/><\/a>Svatko je pozvan na svoj na\u010din nositi svoj kri\u017e svaki dan, ali smo pozvani i da jedni drugima pomognemo u raznim \u017eivotnim situacijama nositi kri\u017e onoga drugoga. Upravo je ju\u010der bila prilika da se odazovemo pozivu na\u0161e \u0161kole i biskupijskoga Caritasa i tako barem malo olak\u0161amo kri\u017e obitelji Kesi\u0107 koji su oni, kako je otac Ivan sino\u0107 rekao, objeru\u010dke i s ljubavlju prihvatili. A morali su objeru\u010dke jer im je Bog podario dva an\u0111ela, Klaru i Martu, koja \u0107e \u010ditav \u017eivot trebati njihove zdrave i uvijek pripravne ruke.<\/p>\n<p><strong>Za Martu i Klaru Kesi\u0107<\/strong><\/p>\n<p><a href=\"http:\/\/katolicka-gimnazija.hr\/wp-content\/uploads\/2018\/03\/DSC_5302.jpg\"><img loading=\"lazy\" decoding=\"async\" class=\"alignleft wp-image-12330 size-medium\" src=\"http:\/\/katolicka-gimnazija.hr\/wp-content\/uploads\/2018\/03\/DSC_5302-300x200.jpg\" alt=\"DSC_5302\" width=\"300\" height=\"200\" srcset=\"https:\/\/katolicka-gimnazija.hr\/wp-content\/uploads\/2018\/03\/DSC_5302-300x200.jpg 300w, https:\/\/katolicka-gimnazija.hr\/wp-content\/uploads\/2018\/03\/DSC_5302-768x512.jpg 768w, https:\/\/katolicka-gimnazija.hr\/wp-content\/uploads\/2018\/03\/DSC_5302-1024x683.jpg 1024w, https:\/\/katolicka-gimnazija.hr\/wp-content\/uploads\/2018\/03\/DSC_5302-360x240.jpg 360w, https:\/\/katolicka-gimnazija.hr\/wp-content\/uploads\/2018\/03\/DSC_5302-750x500.jpg 750w, https:\/\/katolicka-gimnazija.hr\/wp-content\/uploads\/2018\/03\/DSC_5302-400x267.jpg 400w, https:\/\/katolicka-gimnazija.hr\/wp-content\/uploads\/2018\/03\/DSC_5302-430x287.jpg 430w, https:\/\/katolicka-gimnazija.hr\/wp-content\/uploads\/2018\/03\/DSC_5302-150x100.jpg 150w, https:\/\/katolicka-gimnazija.hr\/wp-content\/uploads\/2018\/03\/DSC_5302-100x67.jpg 100w\" sizes=\"auto, (max-width: 300px) 100vw, 300px\" \/><\/a>Upravo za ovu obitelj, za Martu i Klaru i njihove roditelje Valentinu i Ivana, organiziran je sedmi po redu malonogometni turnir \u201eNisi sam\u201c koji je pod spretnom koordinacijom prof. Marija Ragu\u017ea i njegovih suradnika Emi Majin, Ane Grgi\u0107 i Ivana \u010culjka te svih ostalih koji su pomogli u realizaciji ovoga turnira sino\u0107 imao jo\u0161 jedan uspje\u0161an epilog. Doma\u0107in turniru bila je Op\u0107ina Velika na \u010delu s na\u010delnikom gosp. Vladom Bobanom i O\u0160 Ivana Gorana Kova\u010di\u0107a \u010diji je ravnatelj gosp. Zdravko Barun \u0161irom otvorio vrata kako mladim natjecateljima tako i svim dobronamjernim ljudima koji su do\u0161li popratiti ovaj doga\u0111aj.<\/p>\n<p><strong>Od Daruvara do Broda<\/strong><\/p>\n<p>Sportska dvorana O\u0160 I. G. Kova\u010di\u0107a tako je ju\u010der od 8 do 19 sati bila doma\u0107inom 11 ekipa malih nogometa\u0161a ro\u0111enih <a href=\"http:\/\/katolicka-gimnazija.hr\/wp-content\/uploads\/2018\/03\/DSC_5023.jpg\"><img loading=\"lazy\" decoding=\"async\" class=\"alignright wp-image-12321 size-medium\" src=\"http:\/\/katolicka-gimnazija.hr\/wp-content\/uploads\/2018\/03\/DSC_5023-300x200.jpg\" alt=\"DSC_5023\" width=\"300\" height=\"200\" srcset=\"https:\/\/katolicka-gimnazija.hr\/wp-content\/uploads\/2018\/03\/DSC_5023-300x200.jpg 300w, https:\/\/katolicka-gimnazija.hr\/wp-content\/uploads\/2018\/03\/DSC_5023-768x512.jpg 768w, https:\/\/katolicka-gimnazija.hr\/wp-content\/uploads\/2018\/03\/DSC_5023-1024x683.jpg 1024w, https:\/\/katolicka-gimnazija.hr\/wp-content\/uploads\/2018\/03\/DSC_5023-360x240.jpg 360w, https:\/\/katolicka-gimnazija.hr\/wp-content\/uploads\/2018\/03\/DSC_5023-750x500.jpg 750w, https:\/\/katolicka-gimnazija.hr\/wp-content\/uploads\/2018\/03\/DSC_5023-400x267.jpg 400w, https:\/\/katolicka-gimnazija.hr\/wp-content\/uploads\/2018\/03\/DSC_5023-430x287.jpg 430w, https:\/\/katolicka-gimnazija.hr\/wp-content\/uploads\/2018\/03\/DSC_5023-150x100.jpg 150w, https:\/\/katolicka-gimnazija.hr\/wp-content\/uploads\/2018\/03\/DSC_5023-100x67.jpg 100w\" sizes=\"auto, (max-width: 300px) 100vw, 300px\" \/><\/a>do 2009. godine, ali i \u010detirima ekipama koje su odigrale dvije revijalne utakmice. Ekipe lima\u010da koje su i ove godine svojim dolaskom, svojim sudjelovanjem, svojom fair-play igrom, ali i svojom kotizacijom pomogle roditeljima Marte i Klare jesu: \u0160N Legen Sl.Brod, \u0160N Batrina, HNK Daruvar 1, HNK Daruvar 2, NK Kaptol, NK Papuk Velika, NK Mladost Pavlovci, NK Budu\u0107nost Re\u0161etari, te doma\u0107e ekipe Slavonija Po\u017eega 1, Slavonija Po\u017eega 2 te Slavonija Po\u017eega 3. Na\u017ealost, dvije ekipe koje zbog lo\u0161eg vremena nisu uspjele sti\u0107i na turnir jesu lima\u010di Hajduka iz Pakraca i Jedinstva iz D. Miholjca. Revijalne pak utakmice odigrale su djevojke Katoli\u010dke gimnazije iz Po\u017eege i djevoj\u010dice NK Papuka te mladi\u0107i Katoli\u010dke gimnazije iz Po\u017eege i mladi\u0107i Gimnazije iz Po\u017eege. Ukupno je odigrano \u010dak 28 utakmica i to dvije revijalne i 26 u sustavu natjecanja.<\/p>\n<p><strong>Pehar humanitarnog turnira \u201eNisi sam\u201c ide u Po\u017eegu<\/strong><\/p>\n<p><a href=\"http:\/\/katolicka-gimnazija.hr\/wp-content\/uploads\/2018\/03\/IMG_0158.jpg\"><img loading=\"lazy\" decoding=\"async\" class=\"alignleft wp-image-12349 size-medium\" src=\"http:\/\/katolicka-gimnazija.hr\/wp-content\/uploads\/2018\/03\/IMG_0158-300x200.jpg\" alt=\"IMG_0158\" width=\"300\" height=\"200\" srcset=\"https:\/\/katolicka-gimnazija.hr\/wp-content\/uploads\/2018\/03\/IMG_0158-300x200.jpg 300w, https:\/\/katolicka-gimnazija.hr\/wp-content\/uploads\/2018\/03\/IMG_0158-768x512.jpg 768w, https:\/\/katolicka-gimnazija.hr\/wp-content\/uploads\/2018\/03\/IMG_0158-1024x683.jpg 1024w, https:\/\/katolicka-gimnazija.hr\/wp-content\/uploads\/2018\/03\/IMG_0158-360x240.jpg 360w, https:\/\/katolicka-gimnazija.hr\/wp-content\/uploads\/2018\/03\/IMG_0158-750x500.jpg 750w, https:\/\/katolicka-gimnazija.hr\/wp-content\/uploads\/2018\/03\/IMG_0158-400x267.jpg 400w, https:\/\/katolicka-gimnazija.hr\/wp-content\/uploads\/2018\/03\/IMG_0158-430x287.jpg 430w, https:\/\/katolicka-gimnazija.hr\/wp-content\/uploads\/2018\/03\/IMG_0158-150x100.jpg 150w, https:\/\/katolicka-gimnazija.hr\/wp-content\/uploads\/2018\/03\/IMG_0158-100x67.jpg 100w\" sizes=\"auto, (max-width: 300px) 100vw, 300px\" \/><\/a>Iako je \u010ditavo natjecanje prije svega imalo humanitarni i prijateljski karakter, i ono je iznjedrilo neke ekipe i neke igra\u010de koji su se ovaj put istaknuli kao najbolji. Tako je nakon finalne utakmice u kojoj su igrali ekipa lima\u010da NK Slavonije 1 Po\u017eega i lima\u010di HNK Daruvara 1 odigrali 4:0 pehar humanitarnog malonogometnog turnira \u201eNisi sam\u201c oti\u0161ao u Po\u017eegu. Tre\u0107e mjesto je pripalo ekipi Mladosti iz Pavlovaca, a \u010detvrto \u0160N Legen iz Sl. Broda. Najboljim igra\u010dem je progla\u0161en Jan Paukner iz pobjedni\u010dke ekipe NK Slavonija 1, dok je za najboljeg vratara progle\u0161en Matej Barto\u0161 iz drugoplasirane ekipe HNK Daruvara 1. Spomenimo da je i s 11 pogodaka najbolji strijeac turnira bio Karlo Milo\u0161 iz \u0160N Legena.<\/p>\n<p><strong>Svi su pobjednici<\/strong><\/p>\n<p><a href=\"http:\/\/katolicka-gimnazija.hr\/wp-content\/uploads\/2018\/03\/IMG_0052-e1520173910262.jpg\"><img loading=\"lazy\" decoding=\"async\" class=\"alignright wp-image-12340 size-medium\" src=\"http:\/\/katolicka-gimnazija.hr\/wp-content\/uploads\/2018\/03\/IMG_0052-e1520173910262-200x300.jpg\" alt=\"IMG_0052\" width=\"200\" height=\"300\" srcset=\"https:\/\/katolicka-gimnazija.hr\/wp-content\/uploads\/2018\/03\/IMG_0052-e1520173910262-200x300.jpg 200w, https:\/\/katolicka-gimnazija.hr\/wp-content\/uploads\/2018\/03\/IMG_0052-e1520173910262-768x1152.jpg 768w, https:\/\/katolicka-gimnazija.hr\/wp-content\/uploads\/2018\/03\/IMG_0052-e1520173910262-683x1024.jpg 683w, https:\/\/katolicka-gimnazija.hr\/wp-content\/uploads\/2018\/03\/IMG_0052-e1520173910262-360x540.jpg 360w, https:\/\/katolicka-gimnazija.hr\/wp-content\/uploads\/2018\/03\/IMG_0052-e1520173910262-750x1125.jpg 750w, https:\/\/katolicka-gimnazija.hr\/wp-content\/uploads\/2018\/03\/IMG_0052-e1520173910262-400x600.jpg 400w, https:\/\/katolicka-gimnazija.hr\/wp-content\/uploads\/2018\/03\/IMG_0052-e1520173910262-430x645.jpg 430w, https:\/\/katolicka-gimnazija.hr\/wp-content\/uploads\/2018\/03\/IMG_0052-e1520173910262-150x225.jpg 150w, https:\/\/katolicka-gimnazija.hr\/wp-content\/uploads\/2018\/03\/IMG_0052-e1520173910262-100x150.jpg 100w, https:\/\/katolicka-gimnazija.hr\/wp-content\/uploads\/2018\/03\/IMG_0052-e1520173910262.jpg 1500w\" sizes=\"auto, (max-width: 200px) 100vw, 200px\" \/><\/a>Pehar i medalje za prvo mjesto mladim je nogometa\u0161ima dodijelio ravnatelj Caritasa Po\u017ee\u0161ke biskupije vl\u010d. Ivan Popi\u0107, drugoplasiranoj ekipi iz Daruvara na\u010delnik op\u0107ine Velika gosp. Vlado Boban, tre\u0107eplasiranoj ekipi Mladosti iz Pavlovaca ravnatelj O\u0160 Ivana Gorana Kova\u010di\u0107a gosp. Zdravko Barun, a \u010detvrtoplasiranoj ekipi lima\u010da iz \u0160kole nogometa Legen tajnik Caritasa Po\u017ee\u0161ke biskupije gosp. Ivica Rajkova\u010da. Pojedina\u010dne nagrade za najboljeg igra\u010da, vratara i strijelca uru\u010dili su biv\u0161i u\u010denici Katoli\u010dke gimnazije i od samih po\u010detaka najbli\u017ei suradnici prof. Marija Ragu\u017ea Ivan \u010culjak, Emi Majin i Ana Grgi\u0107.<\/p>\n<p><a href=\"http:\/\/katolicka-gimnazija.hr\/wp-content\/uploads\/2018\/03\/IMG_0086.jpg\"><img loading=\"lazy\" decoding=\"async\" class=\"wp-image-12342 size-medium alignleft\" src=\"http:\/\/katolicka-gimnazija.hr\/wp-content\/uploads\/2018\/03\/IMG_0086-300x200.jpg\" alt=\"IMG_0086\" width=\"300\" height=\"200\" srcset=\"https:\/\/katolicka-gimnazija.hr\/wp-content\/uploads\/2018\/03\/IMG_0086-300x200.jpg 300w, https:\/\/katolicka-gimnazija.hr\/wp-content\/uploads\/2018\/03\/IMG_0086-768x512.jpg 768w, https:\/\/katolicka-gimnazija.hr\/wp-content\/uploads\/2018\/03\/IMG_0086-1024x683.jpg 1024w, https:\/\/katolicka-gimnazija.hr\/wp-content\/uploads\/2018\/03\/IMG_0086-360x240.jpg 360w, https:\/\/katolicka-gimnazija.hr\/wp-content\/uploads\/2018\/03\/IMG_0086-750x500.jpg 750w, https:\/\/katolicka-gimnazija.hr\/wp-content\/uploads\/2018\/03\/IMG_0086-400x267.jpg 400w, https:\/\/katolicka-gimnazija.hr\/wp-content\/uploads\/2018\/03\/IMG_0086-430x287.jpg 430w, https:\/\/katolicka-gimnazija.hr\/wp-content\/uploads\/2018\/03\/IMG_0086-150x100.jpg 150w, https:\/\/katolicka-gimnazija.hr\/wp-content\/uploads\/2018\/03\/IMG_0086-100x67.jpg 100w\" sizes=\"auto, (max-width: 300px) 100vw, 300px\" \/><\/a>Zahvalnice sudcima koji su i ove godine svoj anga\u017eman odradili u humanitarne svrhe, Tomislavu \u0160ipuri i Jozi Brezickom, dodijelio je sam organizator turnira prof. Ragu\u017e. Za svesrdnu pomo\u0107 i otvorenost u doma\u0107instvu i logistici zahvalnice su uru\u010dene i na\u010delniku Vladi Bobanu i ravnatelju Zdravku Barunu. Napomenimo da je turnir slu\u017ebeno otvorio tajnik Caritasa Po\u017ee\u0161ke biskupije Ivica Rajkova\u010da, a zatvorio ravnatelj Caritasa vl\u010d. Ivan Popi\u0107 koji je svima zahvalio na blizini u ljubavi za bli\u017enjega koja se nije mogla ljep\u0161e o\u010ditovati nego ovako kako smo svi skupa i sami pokazali. Vl\u010d. Popi\u0107 je prenio pozdrave biskupa Antuna \u0160kvor\u010devi\u0107a koji je ovaj put bio sprije\u010den i fizi\u010dki biti na samom zatvaranju turnira.<\/p>\n<p><strong>Blagoslovljeno neka je svima<\/strong><\/p>\n<p>Roditelji Marte i Klare pokazali su nam kako se i najte\u017ei \u017eivotni kri\u017eevi mogu i jedino mogu nositi s prihva\u0107anjem i ljubavlju, a svi koji su se uklju\u010dili u akciju posvjedo\u010dili su da u \u017eivotu ne moramo i ne smijemo te kri\u017eeve nositi sam. Sam Bog stostruko \u0107e blagosloviti sva na\u0161a djela milosr\u0111a i u\u010diniti da se po nama i drugi mijenjaju, kako je zaklju\u010dio vl\u010d. Popi\u0107.<\/p>\n<div id='gallery-1' class='gallery galleryid-12317 gallery-columns-3 gallery-size-medium'><figure class='gallery-item'>\n\t\t\t<div class='gallery-icon portrait'>\n\t\t\t\t<a href='https:\/\/katolicka-gimnazija.hr\/wp-content\/uploads\/2018\/03\/IMG_0030-e1520173925893.jpg'><img loading=\"lazy\" decoding=\"async\" width=\"200\" height=\"300\" src=\"https:\/\/katolicka-gimnazija.hr\/wp-content\/uploads\/2018\/03\/IMG_0030-e1520173925893-200x300.jpg\" class=\"attachment-medium size-medium\" alt=\"\" srcset=\"https:\/\/katolicka-gimnazija.hr\/wp-content\/uploads\/2018\/03\/IMG_0030-e1520173925893-200x300.jpg 200w, https:\/\/katolicka-gimnazija.hr\/wp-content\/uploads\/2018\/03\/IMG_0030-e1520173925893-768x1152.jpg 768w, https:\/\/katolicka-gimnazija.hr\/wp-content\/uploads\/2018\/03\/IMG_0030-e1520173925893-683x1024.jpg 683w, https:\/\/katolicka-gimnazija.hr\/wp-content\/uploads\/2018\/03\/IMG_0030-e1520173925893-360x540.jpg 360w, https:\/\/katolicka-gimnazija.hr\/wp-content\/uploads\/2018\/03\/IMG_0030-e1520173925893-750x1125.jpg 750w, https:\/\/katolicka-gimnazija.hr\/wp-content\/uploads\/2018\/03\/IMG_0030-e1520173925893-400x600.jpg 400w, https:\/\/katolicka-gimnazija.hr\/wp-content\/uploads\/2018\/03\/IMG_0030-e1520173925893-430x645.jpg 430w, https:\/\/katolicka-gimnazija.hr\/wp-content\/uploads\/2018\/03\/IMG_0030-e1520173925893-150x225.jpg 150w, https:\/\/katolicka-gimnazija.hr\/wp-content\/uploads\/2018\/03\/IMG_0030-e1520173925893-100x150.jpg 100w, https:\/\/katolicka-gimnazija.hr\/wp-content\/uploads\/2018\/03\/IMG_0030-e1520173925893.jpg 1500w\" sizes=\"auto, (max-width: 200px) 100vw, 200px\" \/><\/a>\n\t\t\t<\/div><\/figure><figure class='gallery-item'>\n\t\t\t<div class='gallery-icon landscape'>\n\t\t\t\t<a href='https:\/\/katolicka-gimnazija.hr\/wp-content\/uploads\/2018\/03\/IMG_0153.jpg'><img loading=\"lazy\" decoding=\"async\" width=\"300\" height=\"200\" src=\"https:\/\/katolicka-gimnazija.hr\/wp-content\/uploads\/2018\/03\/IMG_0153-300x200.jpg\" class=\"attachment-medium size-medium\" alt=\"\" srcset=\"https:\/\/katolicka-gimnazija.hr\/wp-content\/uploads\/2018\/03\/IMG_0153-300x200.jpg 300w, https:\/\/katolicka-gimnazija.hr\/wp-content\/uploads\/2018\/03\/IMG_0153-768x512.jpg 768w, https:\/\/katolicka-gimnazija.hr\/wp-content\/uploads\/2018\/03\/IMG_0153-1024x683.jpg 1024w, https:\/\/katolicka-gimnazija.hr\/wp-content\/uploads\/2018\/03\/IMG_0153-360x240.jpg 360w, https:\/\/katolicka-gimnazija.hr\/wp-content\/uploads\/2018\/03\/IMG_0153-750x500.jpg 750w, https:\/\/katolicka-gimnazija.hr\/wp-content\/uploads\/2018\/03\/IMG_0153-400x267.jpg 400w, https:\/\/katolicka-gimnazija.hr\/wp-content\/uploads\/2018\/03\/IMG_0153-430x287.jpg 430w, https:\/\/katolicka-gimnazija.hr\/wp-content\/uploads\/2018\/03\/IMG_0153-150x100.jpg 150w, https:\/\/katolicka-gimnazija.hr\/wp-content\/uploads\/2018\/03\/IMG_0153-100x67.jpg 100w\" sizes=\"auto, (max-width: 300px) 100vw, 300px\" \/><\/a>\n\t\t\t<\/div><\/figure><figure class='gallery-item'>\n\t\t\t<div class='gallery-icon landscape'>\n\t\t\t\t<a href='https:\/\/katolicka-gimnazija.hr\/wp-content\/uploads\/2018\/03\/DSC_4954.jpg'><img loading=\"lazy\" decoding=\"async\" width=\"300\" height=\"200\" src=\"https:\/\/katolicka-gimnazija.hr\/wp-content\/uploads\/2018\/03\/DSC_4954-300x200.jpg\" class=\"attachment-medium size-medium\" alt=\"\" srcset=\"https:\/\/katolicka-gimnazija.hr\/wp-content\/uploads\/2018\/03\/DSC_4954-300x200.jpg 300w, https:\/\/katolicka-gimnazija.hr\/wp-content\/uploads\/2018\/03\/DSC_4954-768x512.jpg 768w, https:\/\/katolicka-gimnazija.hr\/wp-content\/uploads\/2018\/03\/DSC_4954-1024x683.jpg 1024w, https:\/\/katolicka-gimnazija.hr\/wp-content\/uploads\/2018\/03\/DSC_4954-360x240.jpg 360w, https:\/\/katolicka-gimnazija.hr\/wp-content\/uploads\/2018\/03\/DSC_4954-750x500.jpg 750w, https:\/\/katolicka-gimnazija.hr\/wp-content\/uploads\/2018\/03\/DSC_4954-400x267.jpg 400w, https:\/\/katolicka-gimnazija.hr\/wp-content\/uploads\/2018\/03\/DSC_4954-430x287.jpg 430w, https:\/\/katolicka-gimnazija.hr\/wp-content\/uploads\/2018\/03\/DSC_4954-150x100.jpg 150w, https:\/\/katolicka-gimnazija.hr\/wp-content\/uploads\/2018\/03\/DSC_4954-100x67.jpg 100w\" sizes=\"auto, (max-width: 300px) 100vw, 300px\" \/><\/a>\n\t\t\t<\/div><\/figure><figure class='gallery-item'>\n\t\t\t<div class='gallery-icon landscape'>\n\t\t\t\t<a href='https:\/\/katolicka-gimnazija.hr\/wp-content\/uploads\/2018\/03\/DSC_5288.jpg'><img loading=\"lazy\" decoding=\"async\" width=\"300\" height=\"200\" src=\"https:\/\/katolicka-gimnazija.hr\/wp-content\/uploads\/2018\/03\/DSC_5288-300x200.jpg\" class=\"attachment-medium size-medium\" alt=\"\" srcset=\"https:\/\/katolicka-gimnazija.hr\/wp-content\/uploads\/2018\/03\/DSC_5288-300x200.jpg 300w, https:\/\/katolicka-gimnazija.hr\/wp-content\/uploads\/2018\/03\/DSC_5288-768x512.jpg 768w, https:\/\/katolicka-gimnazija.hr\/wp-content\/uploads\/2018\/03\/DSC_5288-1024x683.jpg 1024w, https:\/\/katolicka-gimnazija.hr\/wp-content\/uploads\/2018\/03\/DSC_5288-360x240.jpg 360w, https:\/\/katolicka-gimnazija.hr\/wp-content\/uploads\/2018\/03\/DSC_5288-750x500.jpg 750w, https:\/\/katolicka-gimnazija.hr\/wp-content\/uploads\/2018\/03\/DSC_5288-400x267.jpg 400w, https:\/\/katolicka-gimnazija.hr\/wp-content\/uploads\/2018\/03\/DSC_5288-430x287.jpg 430w, https:\/\/katolicka-gimnazija.hr\/wp-content\/uploads\/2018\/03\/DSC_5288-150x100.jpg 150w, https:\/\/katolicka-gimnazija.hr\/wp-content\/uploads\/2018\/03\/DSC_5288-100x67.jpg 100w\" sizes=\"auto, (max-width: 300px) 100vw, 300px\" \/><\/a>\n\t\t\t<\/div><\/figure><figure class='gallery-item'>\n\t\t\t<div class='gallery-icon portrait'>\n\t\t\t\t<a href='https:\/\/katolicka-gimnazija.hr\/wp-content\/uploads\/2018\/03\/IMG_0111-e1520173817748.jpg'><img loading=\"lazy\" decoding=\"async\" width=\"200\" height=\"300\" src=\"https:\/\/katolicka-gimnazija.hr\/wp-content\/uploads\/2018\/03\/IMG_0111-e1520173817748-200x300.jpg\" class=\"attachment-medium size-medium\" alt=\"\" srcset=\"https:\/\/katolicka-gimnazija.hr\/wp-content\/uploads\/2018\/03\/IMG_0111-e1520173817748-200x300.jpg 200w, https:\/\/katolicka-gimnazija.hr\/wp-content\/uploads\/2018\/03\/IMG_0111-e1520173817748-768x1152.jpg 768w, https:\/\/katolicka-gimnazija.hr\/wp-content\/uploads\/2018\/03\/IMG_0111-e1520173817748-683x1024.jpg 683w, https:\/\/katolicka-gimnazija.hr\/wp-content\/uploads\/2018\/03\/IMG_0111-e1520173817748-360x540.jpg 360w, https:\/\/katolicka-gimnazija.hr\/wp-content\/uploads\/2018\/03\/IMG_0111-e1520173817748-750x1125.jpg 750w, https:\/\/katolicka-gimnazija.hr\/wp-content\/uploads\/2018\/03\/IMG_0111-e1520173817748-400x600.jpg 400w, https:\/\/katolicka-gimnazija.hr\/wp-content\/uploads\/2018\/03\/IMG_0111-e1520173817748-430x645.jpg 430w, https:\/\/katolicka-gimnazija.hr\/wp-content\/uploads\/2018\/03\/IMG_0111-e1520173817748-150x225.jpg 150w, https:\/\/katolicka-gimnazija.hr\/wp-content\/uploads\/2018\/03\/IMG_0111-e1520173817748-100x150.jpg 100w, https:\/\/katolicka-gimnazija.hr\/wp-content\/uploads\/2018\/03\/IMG_0111-e1520173817748.jpg 1500w\" sizes=\"auto, (max-width: 200px) 100vw, 200px\" \/><\/a>\n\t\t\t<\/div><\/figure><figure class='gallery-item'>\n\t\t\t<div class='gallery-icon landscape'>\n\t\t\t\t<a href='https:\/\/katolicka-gimnazija.hr\/wp-content\/uploads\/2018\/03\/DSC_5311.jpg'><img loading=\"lazy\" decoding=\"async\" width=\"300\" height=\"200\" src=\"https:\/\/katolicka-gimnazija.hr\/wp-content\/uploads\/2018\/03\/DSC_5311-300x200.jpg\" class=\"attachment-medium size-medium\" alt=\"\" srcset=\"https:\/\/katolicka-gimnazija.hr\/wp-content\/uploads\/2018\/03\/DSC_5311-300x200.jpg 300w, https:\/\/katolicka-gimnazija.hr\/wp-content\/uploads\/2018\/03\/DSC_5311-768x512.jpg 768w, https:\/\/katolicka-gimnazija.hr\/wp-content\/uploads\/2018\/03\/DSC_5311-1024x683.jpg 1024w, https:\/\/katolicka-gimnazija.hr\/wp-content\/uploads\/2018\/03\/DSC_5311-360x240.jpg 360w, https:\/\/katolicka-gimnazija.hr\/wp-content\/uploads\/2018\/03\/DSC_5311-750x500.jpg 750w, https:\/\/katolicka-gimnazija.hr\/wp-content\/uploads\/2018\/03\/DSC_5311-400x267.jpg 400w, https:\/\/katolicka-gimnazija.hr\/wp-content\/uploads\/2018\/03\/DSC_5311-430x287.jpg 430w, https:\/\/katolicka-gimnazija.hr\/wp-content\/uploads\/2018\/03\/DSC_5311-150x100.jpg 150w, https:\/\/katolicka-gimnazija.hr\/wp-content\/uploads\/2018\/03\/DSC_5311-100x67.jpg 100w\" sizes=\"auto, (max-width: 300px) 100vw, 300px\" \/><\/a>\n\t\t\t<\/div><\/figure><figure class='gallery-item'>\n\t\t\t<div class='gallery-icon portrait'>\n\t\t\t\t<a href='https:\/\/katolicka-gimnazija.hr\/wp-content\/uploads\/2018\/03\/IMG_9993-e1520173637600.jpg'><img loading=\"lazy\" decoding=\"async\" width=\"200\" height=\"300\" src=\"https:\/\/katolicka-gimnazija.hr\/wp-content\/uploads\/2018\/03\/IMG_9993-e1520173637600-200x300.jpg\" class=\"attachment-medium size-medium\" alt=\"\" srcset=\"https:\/\/katolicka-gimnazija.hr\/wp-content\/uploads\/2018\/03\/IMG_9993-e1520173637600-200x300.jpg 200w, https:\/\/katolicka-gimnazija.hr\/wp-content\/uploads\/2018\/03\/IMG_9993-e1520173637600-768x1152.jpg 768w, https:\/\/katolicka-gimnazija.hr\/wp-content\/uploads\/2018\/03\/IMG_9993-e1520173637600-683x1024.jpg 683w, https:\/\/katolicka-gimnazija.hr\/wp-content\/uploads\/2018\/03\/IMG_9993-e1520173637600-360x540.jpg 360w, https:\/\/katolicka-gimnazija.hr\/wp-content\/uploads\/2018\/03\/IMG_9993-e1520173637600-750x1125.jpg 750w, https:\/\/katolicka-gimnazija.hr\/wp-content\/uploads\/2018\/03\/IMG_9993-e1520173637600-400x600.jpg 400w, https:\/\/katolicka-gimnazija.hr\/wp-content\/uploads\/2018\/03\/IMG_9993-e1520173637600-430x645.jpg 430w, https:\/\/katolicka-gimnazija.hr\/wp-content\/uploads\/2018\/03\/IMG_9993-e1520173637600-150x225.jpg 150w, https:\/\/katolicka-gimnazija.hr\/wp-content\/uploads\/2018\/03\/IMG_9993-e1520173637600-100x150.jpg 100w, https:\/\/katolicka-gimnazija.hr\/wp-content\/uploads\/2018\/03\/IMG_9993-e1520173637600.jpg 1500w\" sizes=\"auto, (max-width: 200px) 100vw, 200px\" \/><\/a>\n\t\t\t<\/div><\/figure><figure class='gallery-item'>\n\t\t\t<div class='gallery-icon landscape'>\n\t\t\t\t<a href='https:\/\/katolicka-gimnazija.hr\/wp-content\/uploads\/2018\/03\/DSC_5307.jpg'><img loading=\"lazy\" decoding=\"async\" width=\"300\" height=\"200\" src=\"https:\/\/katolicka-gimnazija.hr\/wp-content\/uploads\/2018\/03\/DSC_5307-300x200.jpg\" class=\"attachment-medium size-medium\" alt=\"\" srcset=\"https:\/\/katolicka-gimnazija.hr\/wp-content\/uploads\/2018\/03\/DSC_5307-300x200.jpg 300w, https:\/\/katolicka-gimnazija.hr\/wp-content\/uploads\/2018\/03\/DSC_5307-768x512.jpg 768w, https:\/\/katolicka-gimnazija.hr\/wp-content\/uploads\/2018\/03\/DSC_5307-1024x683.jpg 1024w, https:\/\/katolicka-gimnazija.hr\/wp-content\/uploads\/2018\/03\/DSC_5307-360x240.jpg 360w, https:\/\/katolicka-gimnazija.hr\/wp-content\/uploads\/2018\/03\/DSC_5307-750x500.jpg 750w, https:\/\/katolicka-gimnazija.hr\/wp-content\/uploads\/2018\/03\/DSC_5307-400x267.jpg 400w, https:\/\/katolicka-gimnazija.hr\/wp-content\/uploads\/2018\/03\/DSC_5307-430x287.jpg 430w, https:\/\/katolicka-gimnazija.hr\/wp-content\/uploads\/2018\/03\/DSC_5307-150x100.jpg 150w, https:\/\/katolicka-gimnazija.hr\/wp-content\/uploads\/2018\/03\/DSC_5307-100x67.jpg 100w\" sizes=\"auto, (max-width: 300px) 100vw, 300px\" \/><\/a>\n\t\t\t<\/div><\/figure><figure class='gallery-item'>\n\t\t\t<div class='gallery-icon landscape'>\n\t\t\t\t<a href='https:\/\/katolicka-gimnazija.hr\/wp-content\/uploads\/2018\/03\/DSC_5318.jpg'><img loading=\"lazy\" decoding=\"async\" width=\"300\" height=\"200\" src=\"https:\/\/katolicka-gimnazija.hr\/wp-content\/uploads\/2018\/03\/DSC_5318-300x200.jpg\" class=\"attachment-medium size-medium\" alt=\"\" srcset=\"https:\/\/katolicka-gimnazija.hr\/wp-content\/uploads\/2018\/03\/DSC_5318-300x200.jpg 300w, https:\/\/katolicka-gimnazija.hr\/wp-content\/uploads\/2018\/03\/DSC_5318-768x512.jpg 768w, https:\/\/katolicka-gimnazija.hr\/wp-content\/uploads\/2018\/03\/DSC_5318-1024x683.jpg 1024w, https:\/\/katolicka-gimnazija.hr\/wp-content\/uploads\/2018\/03\/DSC_5318-360x240.jpg 360w, https:\/\/katolicka-gimnazija.hr\/wp-content\/uploads\/2018\/03\/DSC_5318-750x500.jpg 750w, https:\/\/katolicka-gimnazija.hr\/wp-content\/uploads\/2018\/03\/DSC_5318-400x267.jpg 400w, https:\/\/katolicka-gimnazija.hr\/wp-content\/uploads\/2018\/03\/DSC_5318-430x287.jpg 430w, https:\/\/katolicka-gimnazija.hr\/wp-content\/uploads\/2018\/03\/DSC_5318-150x100.jpg 150w, https:\/\/katolicka-gimnazija.hr\/wp-content\/uploads\/2018\/03\/DSC_5318-100x67.jpg 100w\" sizes=\"auto, (max-width: 300px) 100vw, 300px\" \/><\/a>\n\t\t\t<\/div><\/figure><figure class='gallery-item'>\n\t\t\t<div class='gallery-icon portrait'>\n\t\t\t\t<a href='https:\/\/katolicka-gimnazija.hr\/wp-content\/uploads\/2018\/03\/DSC_5305-e1520173962658.jpg'><img loading=\"lazy\" decoding=\"async\" width=\"200\" height=\"300\" src=\"https:\/\/katolicka-gimnazija.hr\/wp-content\/uploads\/2018\/03\/DSC_5305-e1520173962658-200x300.jpg\" class=\"attachment-medium size-medium\" alt=\"\" srcset=\"https:\/\/katolicka-gimnazija.hr\/wp-content\/uploads\/2018\/03\/DSC_5305-e1520173962658-200x300.jpg 200w, https:\/\/katolicka-gimnazija.hr\/wp-content\/uploads\/2018\/03\/DSC_5305-e1520173962658-768x1152.jpg 768w, https:\/\/katolicka-gimnazija.hr\/wp-content\/uploads\/2018\/03\/DSC_5305-e1520173962658-683x1024.jpg 683w, https:\/\/katolicka-gimnazija.hr\/wp-content\/uploads\/2018\/03\/DSC_5305-e1520173962658-360x540.jpg 360w, https:\/\/katolicka-gimnazija.hr\/wp-content\/uploads\/2018\/03\/DSC_5305-e1520173962658-750x1125.jpg 750w, https:\/\/katolicka-gimnazija.hr\/wp-content\/uploads\/2018\/03\/DSC_5305-e1520173962658-400x600.jpg 400w, https:\/\/katolicka-gimnazija.hr\/wp-content\/uploads\/2018\/03\/DSC_5305-e1520173962658-430x645.jpg 430w, https:\/\/katolicka-gimnazija.hr\/wp-content\/uploads\/2018\/03\/DSC_5305-e1520173962658-150x225.jpg 150w, https:\/\/katolicka-gimnazija.hr\/wp-content\/uploads\/2018\/03\/DSC_5305-e1520173962658-100x150.jpg 100w, https:\/\/katolicka-gimnazija.hr\/wp-content\/uploads\/2018\/03\/DSC_5305-e1520173962658.jpg 1500w\" sizes=\"auto, (max-width: 200px) 100vw, 200px\" \/><\/a>\n\t\t\t<\/div><\/figure><figure class='gallery-item'>\n\t\t\t<div class='gallery-icon portrait'>\n\t\t\t\t<a href='https:\/\/katolicka-gimnazija.hr\/wp-content\/uploads\/2018\/03\/IMG_0067-e1520173893105.jpg'><img loading=\"lazy\" decoding=\"async\" width=\"200\" height=\"300\" src=\"https:\/\/katolicka-gimnazija.hr\/wp-content\/uploads\/2018\/03\/IMG_0067-e1520173893105-200x300.jpg\" class=\"attachment-medium size-medium\" alt=\"\" srcset=\"https:\/\/katolicka-gimnazija.hr\/wp-content\/uploads\/2018\/03\/IMG_0067-e1520173893105-200x300.jpg 200w, https:\/\/katolicka-gimnazija.hr\/wp-content\/uploads\/2018\/03\/IMG_0067-e1520173893105-768x1152.jpg 768w, https:\/\/katolicka-gimnazija.hr\/wp-content\/uploads\/2018\/03\/IMG_0067-e1520173893105-683x1024.jpg 683w, https:\/\/katolicka-gimnazija.hr\/wp-content\/uploads\/2018\/03\/IMG_0067-e1520173893105-360x540.jpg 360w, https:\/\/katolicka-gimnazija.hr\/wp-content\/uploads\/2018\/03\/IMG_0067-e1520173893105-750x1125.jpg 750w, https:\/\/katolicka-gimnazija.hr\/wp-content\/uploads\/2018\/03\/IMG_0067-e1520173893105-400x600.jpg 400w, https:\/\/katolicka-gimnazija.hr\/wp-content\/uploads\/2018\/03\/IMG_0067-e1520173893105-430x645.jpg 430w, https:\/\/katolicka-gimnazija.hr\/wp-content\/uploads\/2018\/03\/IMG_0067-e1520173893105-150x225.jpg 150w, https:\/\/katolicka-gimnazija.hr\/wp-content\/uploads\/2018\/03\/IMG_0067-e1520173893105-100x150.jpg 100w, https:\/\/katolicka-gimnazija.hr\/wp-content\/uploads\/2018\/03\/IMG_0067-e1520173893105.jpg 1500w\" sizes=\"auto, (max-width: 200px) 100vw, 200px\" \/><\/a>\n\t\t\t<\/div><\/figure><figure class='gallery-item'>\n\t\t\t<div class='gallery-icon portrait'>\n\t\t\t\t<a href='https:\/\/katolicka-gimnazija.hr\/wp-content\/uploads\/2018\/03\/IMG_0052-e1520173910262.jpg'><img loading=\"lazy\" decoding=\"async\" width=\"200\" height=\"300\" src=\"https:\/\/katolicka-gimnazija.hr\/wp-content\/uploads\/2018\/03\/IMG_0052-e1520173910262-200x300.jpg\" class=\"attachment-medium size-medium\" alt=\"\" srcset=\"https:\/\/katolicka-gimnazija.hr\/wp-content\/uploads\/2018\/03\/IMG_0052-e1520173910262-200x300.jpg 200w, https:\/\/katolicka-gimnazija.hr\/wp-content\/uploads\/2018\/03\/IMG_0052-e1520173910262-768x1152.jpg 768w, https:\/\/katolicka-gimnazija.hr\/wp-content\/uploads\/2018\/03\/IMG_0052-e1520173910262-683x1024.jpg 683w, https:\/\/katolicka-gimnazija.hr\/wp-content\/uploads\/2018\/03\/IMG_0052-e1520173910262-360x540.jpg 360w, https:\/\/katolicka-gimnazija.hr\/wp-content\/uploads\/2018\/03\/IMG_0052-e1520173910262-750x1125.jpg 750w, https:\/\/katolicka-gimnazija.hr\/wp-content\/uploads\/2018\/03\/IMG_0052-e1520173910262-400x600.jpg 400w, https:\/\/katolicka-gimnazija.hr\/wp-content\/uploads\/2018\/03\/IMG_0052-e1520173910262-430x645.jpg 430w, https:\/\/katolicka-gimnazija.hr\/wp-content\/uploads\/2018\/03\/IMG_0052-e1520173910262-150x225.jpg 150w, https:\/\/katolicka-gimnazija.hr\/wp-content\/uploads\/2018\/03\/IMG_0052-e1520173910262-100x150.jpg 100w, https:\/\/katolicka-gimnazija.hr\/wp-content\/uploads\/2018\/03\/IMG_0052-e1520173910262.jpg 1500w\" sizes=\"auto, (max-width: 200px) 100vw, 200px\" \/><\/a>\n\t\t\t<\/div><\/figure><figure class='gallery-item'>\n\t\t\t<div class='gallery-icon portrait'>\n\t\t\t\t<a href='https:\/\/katolicka-gimnazija.hr\/wp-content\/uploads\/2018\/03\/IMG_0106-e1520173855584.jpg'><img loading=\"lazy\" decoding=\"async\" width=\"200\" height=\"300\" src=\"https:\/\/katolicka-gimnazija.hr\/wp-content\/uploads\/2018\/03\/IMG_0106-e1520173855584-200x300.jpg\" class=\"attachment-medium size-medium\" alt=\"\" srcset=\"https:\/\/katolicka-gimnazija.hr\/wp-content\/uploads\/2018\/03\/IMG_0106-e1520173855584-200x300.jpg 200w, https:\/\/katolicka-gimnazija.hr\/wp-content\/uploads\/2018\/03\/IMG_0106-e1520173855584-768x1152.jpg 768w, https:\/\/katolicka-gimnazija.hr\/wp-content\/uploads\/2018\/03\/IMG_0106-e1520173855584-683x1024.jpg 683w, https:\/\/katolicka-gimnazija.hr\/wp-content\/uploads\/2018\/03\/IMG_0106-e1520173855584-360x540.jpg 360w, https:\/\/katolicka-gimnazija.hr\/wp-content\/uploads\/2018\/03\/IMG_0106-e1520173855584-750x1125.jpg 750w, https:\/\/katolicka-gimnazija.hr\/wp-content\/uploads\/2018\/03\/IMG_0106-e1520173855584-400x600.jpg 400w, https:\/\/katolicka-gimnazija.hr\/wp-content\/uploads\/2018\/03\/IMG_0106-e1520173855584-430x645.jpg 430w, https:\/\/katolicka-gimnazija.hr\/wp-content\/uploads\/2018\/03\/IMG_0106-e1520173855584-150x225.jpg 150w, https:\/\/katolicka-gimnazija.hr\/wp-content\/uploads\/2018\/03\/IMG_0106-e1520173855584-100x150.jpg 100w, https:\/\/katolicka-gimnazija.hr\/wp-content\/uploads\/2018\/03\/IMG_0106-e1520173855584.jpg 1500w\" sizes=\"auto, (max-width: 200px) 100vw, 200px\" \/><\/a>\n\t\t\t<\/div><\/figure><figure class='gallery-item'>\n\t\t\t<div class='gallery-icon landscape'>\n\t\t\t\t<a href='https:\/\/katolicka-gimnazija.hr\/wp-content\/uploads\/2018\/03\/DSC_5015.jpg'><img loading=\"lazy\" decoding=\"async\" width=\"300\" height=\"200\" src=\"https:\/\/katolicka-gimnazija.hr\/wp-content\/uploads\/2018\/03\/DSC_5015-300x200.jpg\" class=\"attachment-medium size-medium\" alt=\"\" srcset=\"https:\/\/katolicka-gimnazija.hr\/wp-content\/uploads\/2018\/03\/DSC_5015-300x200.jpg 300w, https:\/\/katolicka-gimnazija.hr\/wp-content\/uploads\/2018\/03\/DSC_5015-768x512.jpg 768w, https:\/\/katolicka-gimnazija.hr\/wp-content\/uploads\/2018\/03\/DSC_5015-1024x683.jpg 1024w, https:\/\/katolicka-gimnazija.hr\/wp-content\/uploads\/2018\/03\/DSC_5015-360x240.jpg 360w, https:\/\/katolicka-gimnazija.hr\/wp-content\/uploads\/2018\/03\/DSC_5015-750x500.jpg 750w, https:\/\/katolicka-gimnazija.hr\/wp-content\/uploads\/2018\/03\/DSC_5015-400x267.jpg 400w, https:\/\/katolicka-gimnazija.hr\/wp-content\/uploads\/2018\/03\/DSC_5015-430x287.jpg 430w, https:\/\/katolicka-gimnazija.hr\/wp-content\/uploads\/2018\/03\/DSC_5015-150x100.jpg 150w, https:\/\/katolicka-gimnazija.hr\/wp-content\/uploads\/2018\/03\/DSC_5015-100x67.jpg 100w\" sizes=\"auto, (max-width: 300px) 100vw, 300px\" \/><\/a>\n\t\t\t<\/div><\/figure><figure class='gallery-item'>\n\t\t\t<div class='gallery-icon landscape'>\n\t\t\t\t<a href='https:\/\/katolicka-gimnazija.hr\/wp-content\/uploads\/2018\/03\/DSC_5290-e1520174258465.jpg'><img loading=\"lazy\" decoding=\"async\" width=\"300\" height=\"166\" src=\"https:\/\/katolicka-gimnazija.hr\/wp-content\/uploads\/2018\/03\/DSC_5290-e1520174258465-300x166.jpg\" class=\"attachment-medium size-medium\" alt=\"\" srcset=\"https:\/\/katolicka-gimnazija.hr\/wp-content\/uploads\/2018\/03\/DSC_5290-e1520174258465-300x166.jpg 300w, https:\/\/katolicka-gimnazija.hr\/wp-content\/uploads\/2018\/03\/DSC_5290-e1520174258465-768x424.jpg 768w, https:\/\/katolicka-gimnazija.hr\/wp-content\/uploads\/2018\/03\/DSC_5290-e1520174258465-1024x566.jpg 1024w, https:\/\/katolicka-gimnazija.hr\/wp-content\/uploads\/2018\/03\/DSC_5290-e1520174258465-360x199.jpg 360w, https:\/\/katolicka-gimnazija.hr\/wp-content\/uploads\/2018\/03\/DSC_5290-e1520174258465-750x414.jpg 750w, https:\/\/katolicka-gimnazija.hr\/wp-content\/uploads\/2018\/03\/DSC_5290-e1520174258465-400x221.jpg 400w, https:\/\/katolicka-gimnazija.hr\/wp-content\/uploads\/2018\/03\/DSC_5290-e1520174258465-430x238.jpg 430w, https:\/\/katolicka-gimnazija.hr\/wp-content\/uploads\/2018\/03\/DSC_5290-e1520174258465-150x83.jpg 150w, https:\/\/katolicka-gimnazija.hr\/wp-content\/uploads\/2018\/03\/DSC_5290-e1520174258465-100x55.jpg 100w, https:\/\/katolicka-gimnazija.hr\/wp-content\/uploads\/2018\/03\/DSC_5290-e1520174258465.jpg 2036w\" sizes=\"auto, (max-width: 300px) 100vw, 300px\" \/><\/a>\n\t\t\t<\/div><\/figure><figure class='gallery-item'>\n\t\t\t<div class='gallery-icon landscape'>\n\t\t\t\t<a href='https:\/\/katolicka-gimnazija.hr\/wp-content\/uploads\/2018\/03\/IMG_0086.jpg'><img loading=\"lazy\" decoding=\"async\" width=\"300\" height=\"200\" src=\"https:\/\/katolicka-gimnazija.hr\/wp-content\/uploads\/2018\/03\/IMG_0086-300x200.jpg\" class=\"attachment-medium size-medium\" alt=\"\" srcset=\"https:\/\/katolicka-gimnazija.hr\/wp-content\/uploads\/2018\/03\/IMG_0086-300x200.jpg 300w, https:\/\/katolicka-gimnazija.hr\/wp-content\/uploads\/2018\/03\/IMG_0086-768x512.jpg 768w, https:\/\/katolicka-gimnazija.hr\/wp-content\/uploads\/2018\/03\/IMG_0086-1024x683.jpg 1024w, https:\/\/katolicka-gimnazija.hr\/wp-content\/uploads\/2018\/03\/IMG_0086-360x240.jpg 360w, https:\/\/katolicka-gimnazija.hr\/wp-content\/uploads\/2018\/03\/IMG_0086-750x500.jpg 750w, https:\/\/katolicka-gimnazija.hr\/wp-content\/uploads\/2018\/03\/IMG_0086-400x267.jpg 400w, https:\/\/katolicka-gimnazija.hr\/wp-content\/uploads\/2018\/03\/IMG_0086-430x287.jpg 430w, https:\/\/katolicka-gimnazija.hr\/wp-content\/uploads\/2018\/03\/IMG_0086-150x100.jpg 150w, https:\/\/katolicka-gimnazija.hr\/wp-content\/uploads\/2018\/03\/IMG_0086-100x67.jpg 100w\" sizes=\"auto, (max-width: 300px) 100vw, 300px\" \/><\/a>\n\t\t\t<\/div><\/figure><figure class='gallery-item'>\n\t\t\t<div class='gallery-icon landscape'>\n\t\t\t\t<a href='https:\/\/katolicka-gimnazija.hr\/wp-content\/uploads\/2018\/03\/DSC_5204.jpg'><img loading=\"lazy\" decoding=\"async\" width=\"300\" height=\"200\" src=\"https:\/\/katolicka-gimnazija.hr\/wp-content\/uploads\/2018\/03\/DSC_5204-300x200.jpg\" class=\"attachment-medium size-medium\" alt=\"\" srcset=\"https:\/\/katolicka-gimnazija.hr\/wp-content\/uploads\/2018\/03\/DSC_5204-300x200.jpg 300w, https:\/\/katolicka-gimnazija.hr\/wp-content\/uploads\/2018\/03\/DSC_5204-768x512.jpg 768w, https:\/\/katolicka-gimnazija.hr\/wp-content\/uploads\/2018\/03\/DSC_5204-1024x683.jpg 1024w, https:\/\/katolicka-gimnazija.hr\/wp-content\/uploads\/2018\/03\/DSC_5204-360x240.jpg 360w, https:\/\/katolicka-gimnazija.hr\/wp-content\/uploads\/2018\/03\/DSC_5204-750x500.jpg 750w, https:\/\/katolicka-gimnazija.hr\/wp-content\/uploads\/2018\/03\/DSC_5204-400x267.jpg 400w, https:\/\/katolicka-gimnazija.hr\/wp-content\/uploads\/2018\/03\/DSC_5204-430x287.jpg 430w, https:\/\/katolicka-gimnazija.hr\/wp-content\/uploads\/2018\/03\/DSC_5204-150x100.jpg 150w, https:\/\/katolicka-gimnazija.hr\/wp-content\/uploads\/2018\/03\/DSC_5204-100x67.jpg 100w\" sizes=\"auto, (max-width: 300px) 100vw, 300px\" \/><\/a>\n\t\t\t<\/div><\/figure><figure class='gallery-item'>\n\t\t\t<div class='gallery-icon landscape'>\n\t\t\t\t<a href='https:\/\/katolicka-gimnazija.hr\/wp-content\/uploads\/2018\/03\/DSC_5030.jpg'><img loading=\"lazy\" decoding=\"async\" width=\"300\" height=\"200\" src=\"https:\/\/katolicka-gimnazija.hr\/wp-content\/uploads\/2018\/03\/DSC_5030-300x200.jpg\" class=\"attachment-medium size-medium\" alt=\"\" srcset=\"https:\/\/katolicka-gimnazija.hr\/wp-content\/uploads\/2018\/03\/DSC_5030-300x200.jpg 300w, https:\/\/katolicka-gimnazija.hr\/wp-content\/uploads\/2018\/03\/DSC_5030-768x512.jpg 768w, https:\/\/katolicka-gimnazija.hr\/wp-content\/uploads\/2018\/03\/DSC_5030-1024x683.jpg 1024w, https:\/\/katolicka-gimnazija.hr\/wp-content\/uploads\/2018\/03\/DSC_5030-360x240.jpg 360w, https:\/\/katolicka-gimnazija.hr\/wp-content\/uploads\/2018\/03\/DSC_5030-750x500.jpg 750w, https:\/\/katolicka-gimnazija.hr\/wp-content\/uploads\/2018\/03\/DSC_5030-400x267.jpg 400w, https:\/\/katolicka-gimnazija.hr\/wp-content\/uploads\/2018\/03\/DSC_5030-430x287.jpg 430w, https:\/\/katolicka-gimnazija.hr\/wp-content\/uploads\/2018\/03\/DSC_5030-150x100.jpg 150w, https:\/\/katolicka-gimnazija.hr\/wp-content\/uploads\/2018\/03\/DSC_5030-100x67.jpg 100w\" sizes=\"auto, (max-width: 300px) 100vw, 300px\" \/><\/a>\n\t\t\t<\/div><\/figure><figure class='gallery-item'>\n\t\t\t<div class='gallery-icon landscape'>\n\t\t\t\t<a href='https:\/\/katolicka-gimnazija.hr\/wp-content\/uploads\/2018\/03\/IMG_0094.jpg'><img loading=\"lazy\" decoding=\"async\" width=\"300\" height=\"200\" src=\"https:\/\/katolicka-gimnazija.hr\/wp-content\/uploads\/2018\/03\/IMG_0094-300x200.jpg\" class=\"attachment-medium size-medium\" alt=\"\" srcset=\"https:\/\/katolicka-gimnazija.hr\/wp-content\/uploads\/2018\/03\/IMG_0094-300x200.jpg 300w, https:\/\/katolicka-gimnazija.hr\/wp-content\/uploads\/2018\/03\/IMG_0094-768x512.jpg 768w, https:\/\/katolicka-gimnazija.hr\/wp-content\/uploads\/2018\/03\/IMG_0094-1024x683.jpg 1024w, https:\/\/katolicka-gimnazija.hr\/wp-content\/uploads\/2018\/03\/IMG_0094-360x240.jpg 360w, https:\/\/katolicka-gimnazija.hr\/wp-content\/uploads\/2018\/03\/IMG_0094-750x500.jpg 750w, https:\/\/katolicka-gimnazija.hr\/wp-content\/uploads\/2018\/03\/IMG_0094-400x267.jpg 400w, https:\/\/katolicka-gimnazija.hr\/wp-content\/uploads\/2018\/03\/IMG_0094-430x287.jpg 430w, https:\/\/katolicka-gimnazija.hr\/wp-content\/uploads\/2018\/03\/IMG_0094-150x100.jpg 150w, https:\/\/katolicka-gimnazija.hr\/wp-content\/uploads\/2018\/03\/IMG_0094-100x67.jpg 100w\" sizes=\"auto, (max-width: 300px) 100vw, 300px\" \/><\/a>\n\t\t\t<\/div><\/figure><figure class='gallery-item'>\n\t\t\t<div class='gallery-icon landscape'>\n\t\t\t\t<a href='https:\/\/katolicka-gimnazija.hr\/wp-content\/uploads\/2018\/03\/DSC_5289.jpg'><img loading=\"lazy\" decoding=\"async\" width=\"300\" height=\"200\" src=\"https:\/\/katolicka-gimnazija.hr\/wp-content\/uploads\/2018\/03\/DSC_5289-300x200.jpg\" class=\"attachment-medium size-medium\" alt=\"\" srcset=\"https:\/\/katolicka-gimnazija.hr\/wp-content\/uploads\/2018\/03\/DSC_5289-300x200.jpg 300w, https:\/\/katolicka-gimnazija.hr\/wp-content\/uploads\/2018\/03\/DSC_5289-768x512.jpg 768w, https:\/\/katolicka-gimnazija.hr\/wp-content\/uploads\/2018\/03\/DSC_5289-1024x683.jpg 1024w, https:\/\/katolicka-gimnazija.hr\/wp-content\/uploads\/2018\/03\/DSC_5289-360x240.jpg 360w, https:\/\/katolicka-gimnazija.hr\/wp-content\/uploads\/2018\/03\/DSC_5289-750x500.jpg 750w, https:\/\/katolicka-gimnazija.hr\/wp-content\/uploads\/2018\/03\/DSC_5289-400x267.jpg 400w, https:\/\/katolicka-gimnazija.hr\/wp-content\/uploads\/2018\/03\/DSC_5289-430x287.jpg 430w, https:\/\/katolicka-gimnazija.hr\/wp-content\/uploads\/2018\/03\/DSC_5289-150x100.jpg 150w, https:\/\/katolicka-gimnazija.hr\/wp-content\/uploads\/2018\/03\/DSC_5289-100x67.jpg 100w\" sizes=\"auto, (max-width: 300px) 100vw, 300px\" \/><\/a>\n\t\t\t<\/div><\/figure><figure class='gallery-item'>\n\t\t\t<div class='gallery-icon portrait'>\n\t\t\t\t<a href='https:\/\/katolicka-gimnazija.hr\/wp-content\/uploads\/2018\/03\/IMG_0014-e1520173944332.jpg'><img loading=\"lazy\" decoding=\"async\" width=\"200\" height=\"300\" src=\"https:\/\/katolicka-gimnazija.hr\/wp-content\/uploads\/2018\/03\/IMG_0014-e1520173944332-200x300.jpg\" class=\"attachment-medium size-medium\" alt=\"\" srcset=\"https:\/\/katolicka-gimnazija.hr\/wp-content\/uploads\/2018\/03\/IMG_0014-e1520173944332-200x300.jpg 200w, https:\/\/katolicka-gimnazija.hr\/wp-content\/uploads\/2018\/03\/IMG_0014-e1520173944332-768x1152.jpg 768w, https:\/\/katolicka-gimnazija.hr\/wp-content\/uploads\/2018\/03\/IMG_0014-e1520173944332-683x1024.jpg 683w, https:\/\/katolicka-gimnazija.hr\/wp-content\/uploads\/2018\/03\/IMG_0014-e1520173944332-360x540.jpg 360w, https:\/\/katolicka-gimnazija.hr\/wp-content\/uploads\/2018\/03\/IMG_0014-e1520173944332-750x1125.jpg 750w, https:\/\/katolicka-gimnazija.hr\/wp-content\/uploads\/2018\/03\/IMG_0014-e1520173944332-400x600.jpg 400w, https:\/\/katolicka-gimnazija.hr\/wp-content\/uploads\/2018\/03\/IMG_0014-e1520173944332-430x645.jpg 430w, https:\/\/katolicka-gimnazija.hr\/wp-content\/uploads\/2018\/03\/IMG_0014-e1520173944332-150x225.jpg 150w, https:\/\/katolicka-gimnazija.hr\/wp-content\/uploads\/2018\/03\/IMG_0014-e1520173944332-100x150.jpg 100w, https:\/\/katolicka-gimnazija.hr\/wp-content\/uploads\/2018\/03\/IMG_0014-e1520173944332.jpg 1500w\" sizes=\"auto, (max-width: 200px) 100vw, 200px\" \/><\/a>\n\t\t\t<\/div><\/figure><figure class='gallery-item'>\n\t\t\t<div class='gallery-icon landscape'>\n\t\t\t\t<a href='https:\/\/katolicka-gimnazija.hr\/wp-content\/uploads\/2018\/03\/DSC_5302.jpg'><img loading=\"lazy\" decoding=\"async\" width=\"300\" height=\"200\" src=\"https:\/\/katolicka-gimnazija.hr\/wp-content\/uploads\/2018\/03\/DSC_5302-300x200.jpg\" class=\"attachment-medium size-medium\" alt=\"\" srcset=\"https:\/\/katolicka-gimnazija.hr\/wp-content\/uploads\/2018\/03\/DSC_5302-300x200.jpg 300w, https:\/\/katolicka-gimnazija.hr\/wp-content\/uploads\/2018\/03\/DSC_5302-768x512.jpg 768w, https:\/\/katolicka-gimnazija.hr\/wp-content\/uploads\/2018\/03\/DSC_5302-1024x683.jpg 1024w, https:\/\/katolicka-gimnazija.hr\/wp-content\/uploads\/2018\/03\/DSC_5302-360x240.jpg 360w, https:\/\/katolicka-gimnazija.hr\/wp-content\/uploads\/2018\/03\/DSC_5302-750x500.jpg 750w, https:\/\/katolicka-gimnazija.hr\/wp-content\/uploads\/2018\/03\/DSC_5302-400x267.jpg 400w, https:\/\/katolicka-gimnazija.hr\/wp-content\/uploads\/2018\/03\/DSC_5302-430x287.jpg 430w, https:\/\/katolicka-gimnazija.hr\/wp-content\/uploads\/2018\/03\/DSC_5302-150x100.jpg 150w, https:\/\/katolicka-gimnazija.hr\/wp-content\/uploads\/2018\/03\/DSC_5302-100x67.jpg 100w\" sizes=\"auto, (max-width: 300px) 100vw, 300px\" \/><\/a>\n\t\t\t<\/div><\/figure><figure class='gallery-item'>\n\t\t\t<div class='gallery-icon portrait'>\n\t\t\t\t<a href='https:\/\/katolicka-gimnazija.hr\/wp-content\/uploads\/2018\/03\/IMG_0115-e1520173839708.jpg'><img loading=\"lazy\" decoding=\"async\" width=\"200\" height=\"300\" src=\"https:\/\/katolicka-gimnazija.hr\/wp-content\/uploads\/2018\/03\/IMG_0115-e1520173839708-200x300.jpg\" class=\"attachment-medium size-medium\" alt=\"\" srcset=\"https:\/\/katolicka-gimnazija.hr\/wp-content\/uploads\/2018\/03\/IMG_0115-e1520173839708-200x300.jpg 200w, https:\/\/katolicka-gimnazija.hr\/wp-content\/uploads\/2018\/03\/IMG_0115-e1520173839708-768x1152.jpg 768w, https:\/\/katolicka-gimnazija.hr\/wp-content\/uploads\/2018\/03\/IMG_0115-e1520173839708-683x1024.jpg 683w, https:\/\/katolicka-gimnazija.hr\/wp-content\/uploads\/2018\/03\/IMG_0115-e1520173839708-360x540.jpg 360w, https:\/\/katolicka-gimnazija.hr\/wp-content\/uploads\/2018\/03\/IMG_0115-e1520173839708-750x1125.jpg 750w, https:\/\/katolicka-gimnazija.hr\/wp-content\/uploads\/2018\/03\/IMG_0115-e1520173839708-400x600.jpg 400w, https:\/\/katolicka-gimnazija.hr\/wp-content\/uploads\/2018\/03\/IMG_0115-e1520173839708-430x645.jpg 430w, https:\/\/katolicka-gimnazija.hr\/wp-content\/uploads\/2018\/03\/IMG_0115-e1520173839708-150x225.jpg 150w, https:\/\/katolicka-gimnazija.hr\/wp-content\/uploads\/2018\/03\/IMG_0115-e1520173839708-100x150.jpg 100w, https:\/\/katolicka-gimnazija.hr\/wp-content\/uploads\/2018\/03\/IMG_0115-e1520173839708.jpg 1500w\" sizes=\"auto, (max-width: 200px) 100vw, 200px\" \/><\/a>\n\t\t\t<\/div><\/figure><figure class='gallery-item'>\n\t\t\t<div class='gallery-icon landscape'>\n\t\t\t\t<a href='https:\/\/katolicka-gimnazija.hr\/wp-content\/uploads\/2018\/03\/DSC_5321.jpg'><img loading=\"lazy\" decoding=\"async\" width=\"300\" height=\"200\" src=\"https:\/\/katolicka-gimnazija.hr\/wp-content\/uploads\/2018\/03\/DSC_5321-300x200.jpg\" class=\"attachment-medium size-medium\" alt=\"\" srcset=\"https:\/\/katolicka-gimnazija.hr\/wp-content\/uploads\/2018\/03\/DSC_5321-300x200.jpg 300w, https:\/\/katolicka-gimnazija.hr\/wp-content\/uploads\/2018\/03\/DSC_5321-768x512.jpg 768w, https:\/\/katolicka-gimnazija.hr\/wp-content\/uploads\/2018\/03\/DSC_5321-1024x683.jpg 1024w, https:\/\/katolicka-gimnazija.hr\/wp-content\/uploads\/2018\/03\/DSC_5321-360x240.jpg 360w, https:\/\/katolicka-gimnazija.hr\/wp-content\/uploads\/2018\/03\/DSC_5321-750x500.jpg 750w, https:\/\/katolicka-gimnazija.hr\/wp-content\/uploads\/2018\/03\/DSC_5321-400x267.jpg 400w, https:\/\/katolicka-gimnazija.hr\/wp-content\/uploads\/2018\/03\/DSC_5321-430x287.jpg 430w, https:\/\/katolicka-gimnazija.hr\/wp-content\/uploads\/2018\/03\/DSC_5321-150x100.jpg 150w, https:\/\/katolicka-gimnazija.hr\/wp-content\/uploads\/2018\/03\/DSC_5321-100x67.jpg 100w\" sizes=\"auto, (max-width: 300px) 100vw, 300px\" \/><\/a>\n\t\t\t<\/div><\/figure><figure class='gallery-item'>\n\t\t\t<div class='gallery-icon landscape'>\n\t\t\t\t<a href='https:\/\/katolicka-gimnazija.hr\/wp-content\/uploads\/2018\/03\/DSC_5304.jpg'><img loading=\"lazy\" decoding=\"async\" width=\"300\" height=\"200\" src=\"https:\/\/katolicka-gimnazija.hr\/wp-content\/uploads\/2018\/03\/DSC_5304-300x200.jpg\" class=\"attachment-medium size-medium\" alt=\"\" srcset=\"https:\/\/katolicka-gimnazija.hr\/wp-content\/uploads\/2018\/03\/DSC_5304-300x200.jpg 300w, https:\/\/katolicka-gimnazija.hr\/wp-content\/uploads\/2018\/03\/DSC_5304-768x512.jpg 768w, https:\/\/katolicka-gimnazija.hr\/wp-content\/uploads\/2018\/03\/DSC_5304-1024x683.jpg 1024w, https:\/\/katolicka-gimnazija.hr\/wp-content\/uploads\/2018\/03\/DSC_5304-360x240.jpg 360w, https:\/\/katolicka-gimnazija.hr\/wp-content\/uploads\/2018\/03\/DSC_5304-750x500.jpg 750w, https:\/\/katolicka-gimnazija.hr\/wp-content\/uploads\/2018\/03\/DSC_5304-400x267.jpg 400w, https:\/\/katolicka-gimnazija.hr\/wp-content\/uploads\/2018\/03\/DSC_5304-430x287.jpg 430w, https:\/\/katolicka-gimnazija.hr\/wp-content\/uploads\/2018\/03\/DSC_5304-150x100.jpg 150w, https:\/\/katolicka-gimnazija.hr\/wp-content\/uploads\/2018\/03\/DSC_5304-100x67.jpg 100w\" sizes=\"auto, (max-width: 300px) 100vw, 300px\" \/><\/a>\n\t\t\t<\/div><\/figure><figure class='gallery-item'>\n\t\t\t<div class='gallery-icon portrait'>\n\t\t\t\t<a href='https:\/\/katolicka-gimnazija.hr\/wp-content\/uploads\/2018\/03\/DSC_5303-e1520173978632.jpg'><img loading=\"lazy\" decoding=\"async\" width=\"200\" height=\"300\" src=\"https:\/\/katolicka-gimnazija.hr\/wp-content\/uploads\/2018\/03\/DSC_5303-e1520173978632-200x300.jpg\" class=\"attachment-medium size-medium\" alt=\"\" srcset=\"https:\/\/katolicka-gimnazija.hr\/wp-content\/uploads\/2018\/03\/DSC_5303-e1520173978632-200x300.jpg 200w, https:\/\/katolicka-gimnazija.hr\/wp-content\/uploads\/2018\/03\/DSC_5303-e1520173978632-768x1152.jpg 768w, https:\/\/katolicka-gimnazija.hr\/wp-content\/uploads\/2018\/03\/DSC_5303-e1520173978632-683x1024.jpg 683w, https:\/\/katolicka-gimnazija.hr\/wp-content\/uploads\/2018\/03\/DSC_5303-e1520173978632-360x540.jpg 360w, https:\/\/katolicka-gimnazija.hr\/wp-content\/uploads\/2018\/03\/DSC_5303-e1520173978632-750x1125.jpg 750w, https:\/\/katolicka-gimnazija.hr\/wp-content\/uploads\/2018\/03\/DSC_5303-e1520173978632-400x600.jpg 400w, https:\/\/katolicka-gimnazija.hr\/wp-content\/uploads\/2018\/03\/DSC_5303-e1520173978632-430x645.jpg 430w, https:\/\/katolicka-gimnazija.hr\/wp-content\/uploads\/2018\/03\/DSC_5303-e1520173978632-150x225.jpg 150w, https:\/\/katolicka-gimnazija.hr\/wp-content\/uploads\/2018\/03\/DSC_5303-e1520173978632-100x150.jpg 100w, https:\/\/katolicka-gimnazija.hr\/wp-content\/uploads\/2018\/03\/DSC_5303-e1520173978632.jpg 1500w\" sizes=\"auto, (max-width: 200px) 100vw, 200px\" \/><\/a>\n\t\t\t<\/div><\/figure><figure class='gallery-item'>\n\t\t\t<div class='gallery-icon landscape'>\n\t\t\t\t<a href='https:\/\/katolicka-gimnazija.hr\/wp-content\/uploads\/2018\/03\/DSC_5000.jpg'><img loading=\"lazy\" decoding=\"async\" width=\"300\" height=\"200\" src=\"https:\/\/katolicka-gimnazija.hr\/wp-content\/uploads\/2018\/03\/DSC_5000-300x200.jpg\" class=\"attachment-medium size-medium\" alt=\"\" srcset=\"https:\/\/katolicka-gimnazija.hr\/wp-content\/uploads\/2018\/03\/DSC_5000-300x200.jpg 300w, https:\/\/katolicka-gimnazija.hr\/wp-content\/uploads\/2018\/03\/DSC_5000-768x512.jpg 768w, https:\/\/katolicka-gimnazija.hr\/wp-content\/uploads\/2018\/03\/DSC_5000-1024x683.jpg 1024w, https:\/\/katolicka-gimnazija.hr\/wp-content\/uploads\/2018\/03\/DSC_5000-360x240.jpg 360w, https:\/\/katolicka-gimnazija.hr\/wp-content\/uploads\/2018\/03\/DSC_5000-750x500.jpg 750w, https:\/\/katolicka-gimnazija.hr\/wp-content\/uploads\/2018\/03\/DSC_5000-400x267.jpg 400w, https:\/\/katolicka-gimnazija.hr\/wp-content\/uploads\/2018\/03\/DSC_5000-430x287.jpg 430w, https:\/\/katolicka-gimnazija.hr\/wp-content\/uploads\/2018\/03\/DSC_5000-150x100.jpg 150w, https:\/\/katolicka-gimnazija.hr\/wp-content\/uploads\/2018\/03\/DSC_5000-100x67.jpg 100w\" sizes=\"auto, (max-width: 300px) 100vw, 300px\" \/><\/a>\n\t\t\t<\/div><\/figure><figure class='gallery-item'>\n\t\t\t<div class='gallery-icon landscape'>\n\t\t\t\t<a href='https:\/\/katolicka-gimnazija.hr\/wp-content\/uploads\/2018\/03\/DSC_5023.jpg'><img loading=\"lazy\" decoding=\"async\" width=\"300\" height=\"200\" src=\"https:\/\/katolicka-gimnazija.hr\/wp-content\/uploads\/2018\/03\/DSC_5023-300x200.jpg\" class=\"attachment-medium size-medium\" alt=\"\" srcset=\"https:\/\/katolicka-gimnazija.hr\/wp-content\/uploads\/2018\/03\/DSC_5023-300x200.jpg 300w, https:\/\/katolicka-gimnazija.hr\/wp-content\/uploads\/2018\/03\/DSC_5023-768x512.jpg 768w, https:\/\/katolicka-gimnazija.hr\/wp-content\/uploads\/2018\/03\/DSC_5023-1024x683.jpg 1024w, https:\/\/katolicka-gimnazija.hr\/wp-content\/uploads\/2018\/03\/DSC_5023-360x240.jpg 360w, https:\/\/katolicka-gimnazija.hr\/wp-content\/uploads\/2018\/03\/DSC_5023-750x500.jpg 750w, https:\/\/katolicka-gimnazija.hr\/wp-content\/uploads\/2018\/03\/DSC_5023-400x267.jpg 400w, https:\/\/katolicka-gimnazija.hr\/wp-content\/uploads\/2018\/03\/DSC_5023-430x287.jpg 430w, https:\/\/katolicka-gimnazija.hr\/wp-content\/uploads\/2018\/03\/DSC_5023-150x100.jpg 150w, https:\/\/katolicka-gimnazija.hr\/wp-content\/uploads\/2018\/03\/DSC_5023-100x67.jpg 100w\" sizes=\"auto, (max-width: 300px) 100vw, 300px\" \/><\/a>\n\t\t\t<\/div><\/figure><figure class='gallery-item'>\n\t\t\t<div class='gallery-icon landscape'>\n\t\t\t\t<a href='https:\/\/katolicka-gimnazija.hr\/wp-content\/uploads\/2018\/03\/IMG_0121.jpg'><img loading=\"lazy\" decoding=\"async\" width=\"300\" height=\"200\" src=\"https:\/\/katolicka-gimnazija.hr\/wp-content\/uploads\/2018\/03\/IMG_0121-300x200.jpg\" class=\"attachment-medium size-medium\" alt=\"\" srcset=\"https:\/\/katolicka-gimnazija.hr\/wp-content\/uploads\/2018\/03\/IMG_0121-300x200.jpg 300w, https:\/\/katolicka-gimnazija.hr\/wp-content\/uploads\/2018\/03\/IMG_0121-768x512.jpg 768w, https:\/\/katolicka-gimnazija.hr\/wp-content\/uploads\/2018\/03\/IMG_0121-1024x683.jpg 1024w, https:\/\/katolicka-gimnazija.hr\/wp-content\/uploads\/2018\/03\/IMG_0121-360x240.jpg 360w, https:\/\/katolicka-gimnazija.hr\/wp-content\/uploads\/2018\/03\/IMG_0121-750x500.jpg 750w, https:\/\/katolicka-gimnazija.hr\/wp-content\/uploads\/2018\/03\/IMG_0121-400x267.jpg 400w, https:\/\/katolicka-gimnazija.hr\/wp-content\/uploads\/2018\/03\/IMG_0121-430x287.jpg 430w, https:\/\/katolicka-gimnazija.hr\/wp-content\/uploads\/2018\/03\/IMG_0121-150x100.jpg 150w, https:\/\/katolicka-gimnazija.hr\/wp-content\/uploads\/2018\/03\/IMG_0121-100x67.jpg 100w\" sizes=\"auto, (max-width: 300px) 100vw, 300px\" \/><\/a>\n\t\t\t<\/div><\/figure><figure class='gallery-item'>\n\t\t\t<div class='gallery-icon landscape'>\n\t\t\t\t<a href='https:\/\/katolicka-gimnazija.hr\/wp-content\/uploads\/2018\/03\/IMG_0158.jpg'><img loading=\"lazy\" decoding=\"async\" width=\"300\" height=\"200\" src=\"https:\/\/katolicka-gimnazija.hr\/wp-content\/uploads\/2018\/03\/IMG_0158-300x200.jpg\" class=\"attachment-medium size-medium\" alt=\"\" srcset=\"https:\/\/katolicka-gimnazija.hr\/wp-content\/uploads\/2018\/03\/IMG_0158-300x200.jpg 300w, https:\/\/katolicka-gimnazija.hr\/wp-content\/uploads\/2018\/03\/IMG_0158-768x512.jpg 768w, https:\/\/katolicka-gimnazija.hr\/wp-content\/uploads\/2018\/03\/IMG_0158-1024x683.jpg 1024w, https:\/\/katolicka-gimnazija.hr\/wp-content\/uploads\/2018\/03\/IMG_0158-360x240.jpg 360w, https:\/\/katolicka-gimnazija.hr\/wp-content\/uploads\/2018\/03\/IMG_0158-750x500.jpg 750w, https:\/\/katolicka-gimnazija.hr\/wp-content\/uploads\/2018\/03\/IMG_0158-400x267.jpg 400w, https:\/\/katolicka-gimnazija.hr\/wp-content\/uploads\/2018\/03\/IMG_0158-430x287.jpg 430w, https:\/\/katolicka-gimnazija.hr\/wp-content\/uploads\/2018\/03\/IMG_0158-150x100.jpg 150w, https:\/\/katolicka-gimnazija.hr\/wp-content\/uploads\/2018\/03\/IMG_0158-100x67.jpg 100w\" sizes=\"auto, (max-width: 300px) 100vw, 300px\" \/><\/a>\n\t\t\t<\/div><\/figure><figure class='gallery-item'>\n\t\t\t<div class='gallery-icon landscape'>\n\t\t\t\t<a href='https:\/\/katolicka-gimnazija.hr\/wp-content\/uploads\/2018\/03\/DSC_5233.jpg'><img loading=\"lazy\" decoding=\"async\" width=\"300\" height=\"200\" src=\"https:\/\/katolicka-gimnazija.hr\/wp-content\/uploads\/2018\/03\/DSC_5233-300x200.jpg\" class=\"attachment-medium size-medium\" alt=\"\" srcset=\"https:\/\/katolicka-gimnazija.hr\/wp-content\/uploads\/2018\/03\/DSC_5233-300x200.jpg 300w, https:\/\/katolicka-gimnazija.hr\/wp-content\/uploads\/2018\/03\/DSC_5233-768x512.jpg 768w, https:\/\/katolicka-gimnazija.hr\/wp-content\/uploads\/2018\/03\/DSC_5233-1024x683.jpg 1024w, https:\/\/katolicka-gimnazija.hr\/wp-content\/uploads\/2018\/03\/DSC_5233-360x240.jpg 360w, https:\/\/katolicka-gimnazija.hr\/wp-content\/uploads\/2018\/03\/DSC_5233-750x500.jpg 750w, https:\/\/katolicka-gimnazija.hr\/wp-content\/uploads\/2018\/03\/DSC_5233-400x267.jpg 400w, https:\/\/katolicka-gimnazija.hr\/wp-content\/uploads\/2018\/03\/DSC_5233-430x287.jpg 430w, https:\/\/katolicka-gimnazija.hr\/wp-content\/uploads\/2018\/03\/DSC_5233-150x100.jpg 150w, https:\/\/katolicka-gimnazija.hr\/wp-content\/uploads\/2018\/03\/DSC_5233-100x67.jpg 100w\" sizes=\"auto, (max-width: 300px) 100vw, 300px\" \/><\/a>\n\t\t\t<\/div><\/figure><figure class='gallery-item'>\n\t\t\t<div class='gallery-icon landscape'>\n\t\t\t\t<a href='https:\/\/katolicka-gimnazija.hr\/wp-content\/uploads\/2018\/03\/DSC_5285.jpg'><img loading=\"lazy\" decoding=\"async\" width=\"300\" height=\"200\" src=\"https:\/\/katolicka-gimnazija.hr\/wp-content\/uploads\/2018\/03\/DSC_5285-300x200.jpg\" class=\"attachment-medium size-medium\" alt=\"\" srcset=\"https:\/\/katolicka-gimnazija.hr\/wp-content\/uploads\/2018\/03\/DSC_5285-300x200.jpg 300w, https:\/\/katolicka-gimnazija.hr\/wp-content\/uploads\/2018\/03\/DSC_5285-768x512.jpg 768w, https:\/\/katolicka-gimnazija.hr\/wp-content\/uploads\/2018\/03\/DSC_5285-1024x683.jpg 1024w, https:\/\/katolicka-gimnazija.hr\/wp-content\/uploads\/2018\/03\/DSC_5285-360x240.jpg 360w, https:\/\/katolicka-gimnazija.hr\/wp-content\/uploads\/2018\/03\/DSC_5285-750x500.jpg 750w, https:\/\/katolicka-gimnazija.hr\/wp-content\/uploads\/2018\/03\/DSC_5285-400x267.jpg 400w, https:\/\/katolicka-gimnazija.hr\/wp-content\/uploads\/2018\/03\/DSC_5285-430x287.jpg 430w, https:\/\/katolicka-gimnazija.hr\/wp-content\/uploads\/2018\/03\/DSC_5285-150x100.jpg 150w, https:\/\/katolicka-gimnazija.hr\/wp-content\/uploads\/2018\/03\/DSC_5285-100x67.jpg 100w\" sizes=\"auto, (max-width: 300px) 100vw, 300px\" \/><\/a>\n\t\t\t<\/div><\/figure><figure class='gallery-item'>\n\t\t\t<div class='gallery-icon portrait'>\n\t\t\t\t<a href='https:\/\/katolicka-gimnazija.hr\/wp-content\/uploads\/2018\/03\/DSC_5286-e1520173998296.jpg'><img loading=\"lazy\" decoding=\"async\" width=\"200\" height=\"300\" src=\"https:\/\/katolicka-gimnazija.hr\/wp-content\/uploads\/2018\/03\/DSC_5286-e1520173998296-200x300.jpg\" class=\"attachment-medium size-medium\" alt=\"\" srcset=\"https:\/\/katolicka-gimnazija.hr\/wp-content\/uploads\/2018\/03\/DSC_5286-e1520173998296-200x300.jpg 200w, https:\/\/katolicka-gimnazija.hr\/wp-content\/uploads\/2018\/03\/DSC_5286-e1520173998296-768x1152.jpg 768w, https:\/\/katolicka-gimnazija.hr\/wp-content\/uploads\/2018\/03\/DSC_5286-e1520173998296-683x1024.jpg 683w, https:\/\/katolicka-gimnazija.hr\/wp-content\/uploads\/2018\/03\/DSC_5286-e1520173998296-360x540.jpg 360w, https:\/\/katolicka-gimnazija.hr\/wp-content\/uploads\/2018\/03\/DSC_5286-e1520173998296-750x1125.jpg 750w, https:\/\/katolicka-gimnazija.hr\/wp-content\/uploads\/2018\/03\/DSC_5286-e1520173998296-400x600.jpg 400w, https:\/\/katolicka-gimnazija.hr\/wp-content\/uploads\/2018\/03\/DSC_5286-e1520173998296-430x645.jpg 430w, https:\/\/katolicka-gimnazija.hr\/wp-content\/uploads\/2018\/03\/DSC_5286-e1520173998296-150x225.jpg 150w, https:\/\/katolicka-gimnazija.hr\/wp-content\/uploads\/2018\/03\/DSC_5286-e1520173998296-100x150.jpg 100w, https:\/\/katolicka-gimnazija.hr\/wp-content\/uploads\/2018\/03\/DSC_5286-e1520173998296.jpg 1500w\" sizes=\"auto, (max-width: 200px) 100vw, 200px\" \/><\/a>\n\t\t\t<\/div><\/figure>\n\t\t<\/div>\n\n","protected":false},"excerpt":{"rendered":"<p>Korizma je povla\u0161teno vrijeme u godini kada bismo mogli, na Kristov poticaj, ali i poticaj \u017eive Crkve, pogled svrnuti sa sebe samih i uprijeti u one koji su oko nas, osloboditi se svojih sebi\u010dnosti i egoizma i biti bli\u017ei onima za koje smo mislili da im ba\u0161 netko drugi treba biti bli\u017ei. Svako vrijeme je [&hellip;]<\/p>\n","protected":false},"author":2,"featured_media":12329,"comment_status":"closed","ping_status":"closed","sticky":false,"template":"","format":"standard","meta":{"footnotes":""},"categories":[4,2],"tags":[],"class_list":["post-12317","post","type-post","status-publish","format-standard","has-post-thumbnail","hentry","category-fotogalerije","category-vijesti"],"_links":{"self":[{"href":"https:\/\/katolicka-gimnazija.hr\/index.php\/wp-json\/wp\/v2\/posts\/12317","targetHints":{"allow":["GET"]}}],"collection":[{"href":"https:\/\/katolicka-gimnazija.hr\/index.php\/wp-json\/wp\/v2\/posts"}],"about":[{"href":"https:\/\/katolicka-gimnazija.hr\/index.php\/wp-json\/wp\/v2\/types\/post"}],"author":[{"embeddable":true,"href":"https:\/\/katolicka-gimnazija.hr\/index.php\/wp-json\/wp\/v2\/users\/2"}],"replies":[{"embeddable":true,"href":"https:\/\/katolicka-gimnazija.hr\/index.php\/wp-json\/wp\/v2\/comments?post=12317"}],"version-history":[{"count":2,"href":"https:\/\/katolicka-gimnazija.hr\/index.php\/wp-json\/wp\/v2\/posts\/12317\/revisions"}],"predecessor-version":[{"id":14700,"href":"https:\/\/katolicka-gimnazija.hr\/index.php\/wp-json\/wp\/v2\/posts\/12317\/revisions\/14700"}],"wp:featuredmedia":[{"embeddable":true,"href":"https:\/\/katolicka-gimnazija.hr\/index.php\/wp-json\/wp\/v2\/media\/12329"}],"wp:attachment":[{"href":"https:\/\/katolicka-gimnazija.hr\/index.php\/wp-json\/wp\/v2\/media?parent=12317"}],"wp:term":[{"taxonomy":"category","embeddable":true,"href":"https:\/\/katolicka-gimnazija.hr\/index.php\/wp-json\/wp\/v2\/categories?post=12317"},{"taxonomy":"post_tag","embeddable":true,"href":"https:\/\/katolicka-gimnazija.hr\/index.php\/wp-json\/wp\/v2\/tags?post=12317"}],"curies":[{"name":"wp","href":"https:\/\/api.w.org\/{rel}","templated":true}]}}