{"id":12353,"date":"2018-03-04T23:38:21","date_gmt":"2018-03-04T23:38:21","guid":{"rendered":"http:\/\/katolicka-gimnazija.hr\/?p=12353"},"modified":"2018-12-28T13:25:57","modified_gmt":"2018-12-28T13:25:57","slug":"9-zimska-skola-fizike","status":"publish","type":"post","link":"https:\/\/katolicka-gimnazija.hr\/index.php\/2018\/03\/04\/9-zimska-skola-fizike\/","title":{"rendered":"9. zimska \u0161kola fizike"},"content":{"rendered":"<p>S ciljem pove\u0107anja interesa za u\u010denje fizike, ali i ostalih predmeta iz tzv. STEM podru\u010dja, ve\u0107 se devetu godinu za redom organizira Zimska \u0161kola fizike kojoj je ove godine u Po\u017ee\u0161ko-slavonskoj \u017eupaniji doma\u0107inom bila na\u0161a \u0161kola, a pod pokroviteljstvom Po\u017ee\u0161ko-slavonske \u017eupanije te uz podr\u0161ku Agencije za odgoj i obrazovanje Podru\u017enica Osijek.<\/p>\n<p>Okupljanje 70-ak u\u010denika i 20-ak u\u010ditelja i nastavnika fizike iz razli\u010ditih osnovnih i srednjih \u0161kola Po\u017ee\u0161ko-slavonske <a href=\"http:\/\/katolicka-gimnazija.hr\/wp-content\/uploads\/2018\/03\/IMG_9843.jpg\"><img loading=\"lazy\" decoding=\"async\" class=\"alignleft wp-image-12356 size-medium\" src=\"http:\/\/katolicka-gimnazija.hr\/wp-content\/uploads\/2018\/03\/IMG_9843-300x200.jpg\" alt=\"IMG_9843\" width=\"300\" height=\"200\" srcset=\"https:\/\/katolicka-gimnazija.hr\/wp-content\/uploads\/2018\/03\/IMG_9843-300x200.jpg 300w, https:\/\/katolicka-gimnazija.hr\/wp-content\/uploads\/2018\/03\/IMG_9843-768x512.jpg 768w, https:\/\/katolicka-gimnazija.hr\/wp-content\/uploads\/2018\/03\/IMG_9843-1024x683.jpg 1024w, https:\/\/katolicka-gimnazija.hr\/wp-content\/uploads\/2018\/03\/IMG_9843-360x240.jpg 360w, https:\/\/katolicka-gimnazija.hr\/wp-content\/uploads\/2018\/03\/IMG_9843-750x500.jpg 750w, https:\/\/katolicka-gimnazija.hr\/wp-content\/uploads\/2018\/03\/IMG_9843-400x267.jpg 400w, https:\/\/katolicka-gimnazija.hr\/wp-content\/uploads\/2018\/03\/IMG_9843-430x287.jpg 430w, https:\/\/katolicka-gimnazija.hr\/wp-content\/uploads\/2018\/03\/IMG_9843-150x100.jpg 150w, https:\/\/katolicka-gimnazija.hr\/wp-content\/uploads\/2018\/03\/IMG_9843-100x67.jpg 100w\" sizes=\"auto, (max-width: 300px) 100vw, 300px\" \/><\/a>\u017eupanije i slu\u017ebeno otvorenje odr\u017eano je u Dvorani svete Terezije Avilske. Rije\u010dima kineskog filozofa Konfucija \u2013 <em>\u201eTri su puta do mudrosti. Prvi je razmi\u0161ljanje; taj je najplemenitiji. Drugi je opona\u0161anje; taj je najlak\u0161i. Tre\u0107i je iskustvo; taj je najte\u017ei.\u201c<\/em> i nekoliko pozdravnih rije\u010di profesora \u0110akovi\u0107a zapo\u010deo je slu\u017ebeni dio, a 9. zimsku \u0161kolu fizike otvorila je gospo\u0111a dr. sc. Vesna Vla\u0161i\u0107, pro\u010delnica Upravnog odjela za dru\u0161tvene djelatnosti Po\u017ee\u0161ko-slavonske \u017eupanije koja je prihvatila pokroviteljstvo nad ovim doga\u0111ajem te istaknula kako je \u017dupanija podr\u017eavala ovaj doga\u0111aj od samih po\u010detaka te da se veseli sljede\u0107oj jubilarnoj 10. zimskoj \u0161koli fizike. Prisutnima se potom u ime ravnatelja i ostalih kolega obratio profesor Frano Bari\u0161i\u0107 te kao doma\u0107in uputio rije\u010di dobrodo\u0161lice svima prisutnima. Uvodni dio uzveli\u010dala je maturantica Romana Ronta monologom <em>Susjed<\/em>, Marine Vuj\u010di\u0107 kojim se predstavila i na \u017eupanijskoj smotri LiDraNo.<\/p>\n<p>Na 2. katu na\u0161e \u0161kole odr\u017eavale su se tri radionice za u\u010denike osnovnih \u0161kola te tri za u\u010denike srednjih \u0161kola:<\/p>\n<ol>\n<li><em>Provjeravanje prvog zakona termodinamike, voditelj: Ivan \u0160ari\u0107,<\/em><\/li>\n<li><em> Problemski zadaci, voditelji: Antun Dokoza i Marko Svjetli\u010di\u0107,<\/em><\/li>\n<li><em> Laboratorij obnovljive energije, voditelji: Leo Frani\u0107 i Kre\u0161o Ham\u017eik,<\/em><\/li>\n<li><em> Primjena programa Robocell u nastavi robotike, voditelji: Darija Lovri\u0107 i Denis Smojvir,<\/em><\/li>\n<li><em> Kondenzatori u krugu izmjeni\u010dne struje, voditelj: Pavle Buci\u0107,<\/em><\/li>\n<li><em> Programiranje robota, voditeljica: dr.sc. Ljiljana Mileti\u0107.<\/em><\/li>\n<\/ol>\n<p><a href=\"http:\/\/katolicka-gimnazija.hr\/wp-content\/uploads\/2018\/03\/IMG_9872.jpg\"><img loading=\"lazy\" decoding=\"async\" class=\"alignright wp-image-12362 size-medium\" src=\"http:\/\/katolicka-gimnazija.hr\/wp-content\/uploads\/2018\/03\/IMG_9872-300x200.jpg\" alt=\"IMG_9872\" width=\"300\" height=\"200\" srcset=\"https:\/\/katolicka-gimnazija.hr\/wp-content\/uploads\/2018\/03\/IMG_9872-300x200.jpg 300w, https:\/\/katolicka-gimnazija.hr\/wp-content\/uploads\/2018\/03\/IMG_9872-768x512.jpg 768w, https:\/\/katolicka-gimnazija.hr\/wp-content\/uploads\/2018\/03\/IMG_9872-1024x683.jpg 1024w, https:\/\/katolicka-gimnazija.hr\/wp-content\/uploads\/2018\/03\/IMG_9872-360x240.jpg 360w, https:\/\/katolicka-gimnazija.hr\/wp-content\/uploads\/2018\/03\/IMG_9872-750x500.jpg 750w, https:\/\/katolicka-gimnazija.hr\/wp-content\/uploads\/2018\/03\/IMG_9872-400x267.jpg 400w, https:\/\/katolicka-gimnazija.hr\/wp-content\/uploads\/2018\/03\/IMG_9872-430x287.jpg 430w, https:\/\/katolicka-gimnazija.hr\/wp-content\/uploads\/2018\/03\/IMG_9872-150x100.jpg 150w, https:\/\/katolicka-gimnazija.hr\/wp-content\/uploads\/2018\/03\/IMG_9872-100x67.jpg 100w\" sizes=\"auto, (max-width: 300px) 100vw, 300px\" \/><\/a>U\u010denici su pro\u0161li kroz sve tri radionice predvi\u0111ene za osnovnu, odnosno srednju \u0161kolu \u0161to ih ipak nije umorilo jer su s odu\u0161evljenjem pratili i posljednji dio Zimske \u0161kole tzv. <em>Fizika Ekspres<\/em> za koji su zaslu\u017eni studenti zagreba\u010dkog PMF-a <em>Lucija Glavak, Oskar Stepen\u010di\u0107 i Matija Car. <\/em>Oni su u\u010denicima demonstrirali zanimljive pokuse s vakuumom, elektricitetom zbog kojega se hrabrijima podizala kosa na glavi, zvu\u010dnim stojnim valovima pomo\u0107u Rubensove cijevi, odre\u0111ivanjem brzine svjetlosti pomo\u0107u \u010dokolade i mikrovalne pe\u0107nice, dobivanja plazme i dr.<\/p>\n<p>Svim u\u010denicima pru\u017eena je izvrsna prilika za povezivanje i upoznavanje jednih s drugima, ali i povezivanje \u0161kola pa uz kvalitetno utro\u0161eno vrijeme i ulo\u017eeno u znanje svi skupa ovaj su dan u\u010dinili boljim i kvalitetnijim. Kako ne bi ostalo sve samo na obrazovanju, ve\u0107 vi\u0161e u duhu zajedni\u0161va, religije i odgoja koji se mogao osjetiti u na\u0161oj \u0161koli, Zimska \u0161kola je zatvorena rije\u010dima njema\u010dkog fizi\u010dara Maxa Plancka: <em>\u201eNauka ljudima daje znanje \u2013 koje predstavlja mo\u0107, dok religija ljudima daje mudrost \u2013 koja predstavlja kontrolu.\u201c<\/em><\/p>\n<div id='gallery-1' class='gallery galleryid-12353 gallery-columns-3 gallery-size-medium'><figure class='gallery-item'>\n\t\t\t<div class='gallery-icon landscape'>\n\t\t\t\t<a href='https:\/\/katolicka-gimnazija.hr\/wp-content\/uploads\/2018\/03\/IMG_9676.jpg'><img loading=\"lazy\" decoding=\"async\" width=\"300\" height=\"200\" src=\"https:\/\/katolicka-gimnazija.hr\/wp-content\/uploads\/2018\/03\/IMG_9676-300x200.jpg\" class=\"attachment-medium size-medium\" alt=\"\" srcset=\"https:\/\/katolicka-gimnazija.hr\/wp-content\/uploads\/2018\/03\/IMG_9676-300x200.jpg 300w, https:\/\/katolicka-gimnazija.hr\/wp-content\/uploads\/2018\/03\/IMG_9676-768x512.jpg 768w, https:\/\/katolicka-gimnazija.hr\/wp-content\/uploads\/2018\/03\/IMG_9676-1024x683.jpg 1024w, https:\/\/katolicka-gimnazija.hr\/wp-content\/uploads\/2018\/03\/IMG_9676-360x240.jpg 360w, https:\/\/katolicka-gimnazija.hr\/wp-content\/uploads\/2018\/03\/IMG_9676-750x500.jpg 750w, https:\/\/katolicka-gimnazija.hr\/wp-content\/uploads\/2018\/03\/IMG_9676-400x267.jpg 400w, https:\/\/katolicka-gimnazija.hr\/wp-content\/uploads\/2018\/03\/IMG_9676-430x287.jpg 430w, https:\/\/katolicka-gimnazija.hr\/wp-content\/uploads\/2018\/03\/IMG_9676-150x100.jpg 150w, https:\/\/katolicka-gimnazija.hr\/wp-content\/uploads\/2018\/03\/IMG_9676-100x67.jpg 100w\" sizes=\"auto, (max-width: 300px) 100vw, 300px\" \/><\/a>\n\t\t\t<\/div><\/figure><figure class='gallery-item'>\n\t\t\t<div class='gallery-icon portrait'>\n\t\t\t\t<a href='https:\/\/katolicka-gimnazija.hr\/wp-content\/uploads\/2018\/03\/IMG_9860-e1520206529326.jpg'><img loading=\"lazy\" decoding=\"async\" width=\"200\" height=\"300\" src=\"https:\/\/katolicka-gimnazija.hr\/wp-content\/uploads\/2018\/03\/IMG_9860-e1520206529326-200x300.jpg\" class=\"attachment-medium size-medium\" alt=\"\" srcset=\"https:\/\/katolicka-gimnazija.hr\/wp-content\/uploads\/2018\/03\/IMG_9860-e1520206529326-200x300.jpg 200w, https:\/\/katolicka-gimnazija.hr\/wp-content\/uploads\/2018\/03\/IMG_9860-e1520206529326-768x1152.jpg 768w, https:\/\/katolicka-gimnazija.hr\/wp-content\/uploads\/2018\/03\/IMG_9860-e1520206529326-683x1024.jpg 683w, https:\/\/katolicka-gimnazija.hr\/wp-content\/uploads\/2018\/03\/IMG_9860-e1520206529326-360x540.jpg 360w, https:\/\/katolicka-gimnazija.hr\/wp-content\/uploads\/2018\/03\/IMG_9860-e1520206529326-750x1125.jpg 750w, https:\/\/katolicka-gimnazija.hr\/wp-content\/uploads\/2018\/03\/IMG_9860-e1520206529326-400x600.jpg 400w, https:\/\/katolicka-gimnazija.hr\/wp-content\/uploads\/2018\/03\/IMG_9860-e1520206529326-430x645.jpg 430w, https:\/\/katolicka-gimnazija.hr\/wp-content\/uploads\/2018\/03\/IMG_9860-e1520206529326-150x225.jpg 150w, https:\/\/katolicka-gimnazija.hr\/wp-content\/uploads\/2018\/03\/IMG_9860-e1520206529326-100x150.jpg 100w, https:\/\/katolicka-gimnazija.hr\/wp-content\/uploads\/2018\/03\/IMG_9860-e1520206529326.jpg 1500w\" sizes=\"auto, (max-width: 200px) 100vw, 200px\" \/><\/a>\n\t\t\t<\/div><\/figure><figure class='gallery-item'>\n\t\t\t<div class='gallery-icon portrait'>\n\t\t\t\t<a href='https:\/\/katolicka-gimnazija.hr\/wp-content\/uploads\/2018\/03\/IMG_9850-e1520206559558.jpg'><img loading=\"lazy\" decoding=\"async\" width=\"200\" height=\"300\" src=\"https:\/\/katolicka-gimnazija.hr\/wp-content\/uploads\/2018\/03\/IMG_9850-e1520206559558-200x300.jpg\" class=\"attachment-medium size-medium\" alt=\"\" srcset=\"https:\/\/katolicka-gimnazija.hr\/wp-content\/uploads\/2018\/03\/IMG_9850-e1520206559558-200x300.jpg 200w, https:\/\/katolicka-gimnazija.hr\/wp-content\/uploads\/2018\/03\/IMG_9850-e1520206559558-768x1152.jpg 768w, https:\/\/katolicka-gimnazija.hr\/wp-content\/uploads\/2018\/03\/IMG_9850-e1520206559558-683x1024.jpg 683w, https:\/\/katolicka-gimnazija.hr\/wp-content\/uploads\/2018\/03\/IMG_9850-e1520206559558-360x540.jpg 360w, https:\/\/katolicka-gimnazija.hr\/wp-content\/uploads\/2018\/03\/IMG_9850-e1520206559558-750x1125.jpg 750w, https:\/\/katolicka-gimnazija.hr\/wp-content\/uploads\/2018\/03\/IMG_9850-e1520206559558-400x600.jpg 400w, https:\/\/katolicka-gimnazija.hr\/wp-content\/uploads\/2018\/03\/IMG_9850-e1520206559558-430x645.jpg 430w, https:\/\/katolicka-gimnazija.hr\/wp-content\/uploads\/2018\/03\/IMG_9850-e1520206559558-150x225.jpg 150w, https:\/\/katolicka-gimnazija.hr\/wp-content\/uploads\/2018\/03\/IMG_9850-e1520206559558-100x150.jpg 100w, https:\/\/katolicka-gimnazija.hr\/wp-content\/uploads\/2018\/03\/IMG_9850-e1520206559558.jpg 1500w\" sizes=\"auto, (max-width: 200px) 100vw, 200px\" \/><\/a>\n\t\t\t<\/div><\/figure><figure class='gallery-item'>\n\t\t\t<div class='gallery-icon landscape'>\n\t\t\t\t<a href='https:\/\/katolicka-gimnazija.hr\/wp-content\/uploads\/2018\/03\/IMG_9690.jpg'><img loading=\"lazy\" decoding=\"async\" width=\"300\" height=\"200\" src=\"https:\/\/katolicka-gimnazija.hr\/wp-content\/uploads\/2018\/03\/IMG_9690-300x200.jpg\" class=\"attachment-medium size-medium\" alt=\"\" srcset=\"https:\/\/katolicka-gimnazija.hr\/wp-content\/uploads\/2018\/03\/IMG_9690-300x200.jpg 300w, https:\/\/katolicka-gimnazija.hr\/wp-content\/uploads\/2018\/03\/IMG_9690-768x512.jpg 768w, https:\/\/katolicka-gimnazija.hr\/wp-content\/uploads\/2018\/03\/IMG_9690-1024x683.jpg 1024w, https:\/\/katolicka-gimnazija.hr\/wp-content\/uploads\/2018\/03\/IMG_9690-360x240.jpg 360w, https:\/\/katolicka-gimnazija.hr\/wp-content\/uploads\/2018\/03\/IMG_9690-750x500.jpg 750w, https:\/\/katolicka-gimnazija.hr\/wp-content\/uploads\/2018\/03\/IMG_9690-400x267.jpg 400w, https:\/\/katolicka-gimnazija.hr\/wp-content\/uploads\/2018\/03\/IMG_9690-430x287.jpg 430w, https:\/\/katolicka-gimnazija.hr\/wp-content\/uploads\/2018\/03\/IMG_9690-150x100.jpg 150w, https:\/\/katolicka-gimnazija.hr\/wp-content\/uploads\/2018\/03\/IMG_9690-100x67.jpg 100w\" sizes=\"auto, (max-width: 300px) 100vw, 300px\" \/><\/a>\n\t\t\t<\/div><\/figure><figure class='gallery-item'>\n\t\t\t<div class='gallery-icon landscape'>\n\t\t\t\t<a href='https:\/\/katolicka-gimnazija.hr\/wp-content\/uploads\/2018\/03\/IMG_9843.jpg'><img loading=\"lazy\" decoding=\"async\" width=\"300\" height=\"200\" src=\"https:\/\/katolicka-gimnazija.hr\/wp-content\/uploads\/2018\/03\/IMG_9843-300x200.jpg\" class=\"attachment-medium size-medium\" alt=\"\" srcset=\"https:\/\/katolicka-gimnazija.hr\/wp-content\/uploads\/2018\/03\/IMG_9843-300x200.jpg 300w, https:\/\/katolicka-gimnazija.hr\/wp-content\/uploads\/2018\/03\/IMG_9843-768x512.jpg 768w, https:\/\/katolicka-gimnazija.hr\/wp-content\/uploads\/2018\/03\/IMG_9843-1024x683.jpg 1024w, https:\/\/katolicka-gimnazija.hr\/wp-content\/uploads\/2018\/03\/IMG_9843-360x240.jpg 360w, https:\/\/katolicka-gimnazija.hr\/wp-content\/uploads\/2018\/03\/IMG_9843-750x500.jpg 750w, https:\/\/katolicka-gimnazija.hr\/wp-content\/uploads\/2018\/03\/IMG_9843-400x267.jpg 400w, https:\/\/katolicka-gimnazija.hr\/wp-content\/uploads\/2018\/03\/IMG_9843-430x287.jpg 430w, https:\/\/katolicka-gimnazija.hr\/wp-content\/uploads\/2018\/03\/IMG_9843-150x100.jpg 150w, https:\/\/katolicka-gimnazija.hr\/wp-content\/uploads\/2018\/03\/IMG_9843-100x67.jpg 100w\" sizes=\"auto, (max-width: 300px) 100vw, 300px\" \/><\/a>\n\t\t\t<\/div><\/figure><figure class='gallery-item'>\n\t\t\t<div class='gallery-icon landscape'>\n\t\t\t\t<a href='https:\/\/katolicka-gimnazija.hr\/wp-content\/uploads\/2018\/03\/IMG_9694.jpg'><img loading=\"lazy\" decoding=\"async\" width=\"300\" height=\"200\" src=\"https:\/\/katolicka-gimnazija.hr\/wp-content\/uploads\/2018\/03\/IMG_9694-300x200.jpg\" class=\"attachment-medium size-medium\" alt=\"\" srcset=\"https:\/\/katolicka-gimnazija.hr\/wp-content\/uploads\/2018\/03\/IMG_9694-300x200.jpg 300w, https:\/\/katolicka-gimnazija.hr\/wp-content\/uploads\/2018\/03\/IMG_9694-768x512.jpg 768w, https:\/\/katolicka-gimnazija.hr\/wp-content\/uploads\/2018\/03\/IMG_9694-1024x683.jpg 1024w, https:\/\/katolicka-gimnazija.hr\/wp-content\/uploads\/2018\/03\/IMG_9694-360x240.jpg 360w, https:\/\/katolicka-gimnazija.hr\/wp-content\/uploads\/2018\/03\/IMG_9694-750x500.jpg 750w, https:\/\/katolicka-gimnazija.hr\/wp-content\/uploads\/2018\/03\/IMG_9694-400x267.jpg 400w, https:\/\/katolicka-gimnazija.hr\/wp-content\/uploads\/2018\/03\/IMG_9694-430x287.jpg 430w, https:\/\/katolicka-gimnazija.hr\/wp-content\/uploads\/2018\/03\/IMG_9694-150x100.jpg 150w, https:\/\/katolicka-gimnazija.hr\/wp-content\/uploads\/2018\/03\/IMG_9694-100x67.jpg 100w\" sizes=\"auto, (max-width: 300px) 100vw, 300px\" \/><\/a>\n\t\t\t<\/div><\/figure><figure class='gallery-item'>\n\t\t\t<div class='gallery-icon landscape'>\n\t\t\t\t<a href='https:\/\/katolicka-gimnazija.hr\/wp-content\/uploads\/2018\/03\/IMG_9683.jpg'><img loading=\"lazy\" decoding=\"async\" width=\"300\" height=\"200\" src=\"https:\/\/katolicka-gimnazija.hr\/wp-content\/uploads\/2018\/03\/IMG_9683-300x200.jpg\" class=\"attachment-medium size-medium\" alt=\"\" srcset=\"https:\/\/katolicka-gimnazija.hr\/wp-content\/uploads\/2018\/03\/IMG_9683-300x200.jpg 300w, https:\/\/katolicka-gimnazija.hr\/wp-content\/uploads\/2018\/03\/IMG_9683-768x512.jpg 768w, https:\/\/katolicka-gimnazija.hr\/wp-content\/uploads\/2018\/03\/IMG_9683-1024x683.jpg 1024w, https:\/\/katolicka-gimnazija.hr\/wp-content\/uploads\/2018\/03\/IMG_9683-360x240.jpg 360w, https:\/\/katolicka-gimnazija.hr\/wp-content\/uploads\/2018\/03\/IMG_9683-750x500.jpg 750w, https:\/\/katolicka-gimnazija.hr\/wp-content\/uploads\/2018\/03\/IMG_9683-400x267.jpg 400w, https:\/\/katolicka-gimnazija.hr\/wp-content\/uploads\/2018\/03\/IMG_9683-430x287.jpg 430w, https:\/\/katolicka-gimnazija.hr\/wp-content\/uploads\/2018\/03\/IMG_9683-150x100.jpg 150w, https:\/\/katolicka-gimnazija.hr\/wp-content\/uploads\/2018\/03\/IMG_9683-100x67.jpg 100w\" sizes=\"auto, (max-width: 300px) 100vw, 300px\" \/><\/a>\n\t\t\t<\/div><\/figure><figure class='gallery-item'>\n\t\t\t<div class='gallery-icon portrait'>\n\t\t\t\t<a href='https:\/\/katolicka-gimnazija.hr\/wp-content\/uploads\/2018\/03\/IMG_9842-e1520206575453.jpg'><img loading=\"lazy\" decoding=\"async\" width=\"200\" height=\"300\" src=\"https:\/\/katolicka-gimnazija.hr\/wp-content\/uploads\/2018\/03\/IMG_9842-e1520206575453-200x300.jpg\" class=\"attachment-medium size-medium\" alt=\"\" srcset=\"https:\/\/katolicka-gimnazija.hr\/wp-content\/uploads\/2018\/03\/IMG_9842-e1520206575453-200x300.jpg 200w, https:\/\/katolicka-gimnazija.hr\/wp-content\/uploads\/2018\/03\/IMG_9842-e1520206575453-768x1152.jpg 768w, https:\/\/katolicka-gimnazija.hr\/wp-content\/uploads\/2018\/03\/IMG_9842-e1520206575453-683x1024.jpg 683w, https:\/\/katolicka-gimnazija.hr\/wp-content\/uploads\/2018\/03\/IMG_9842-e1520206575453-360x540.jpg 360w, https:\/\/katolicka-gimnazija.hr\/wp-content\/uploads\/2018\/03\/IMG_9842-e1520206575453-750x1125.jpg 750w, https:\/\/katolicka-gimnazija.hr\/wp-content\/uploads\/2018\/03\/IMG_9842-e1520206575453-400x600.jpg 400w, https:\/\/katolicka-gimnazija.hr\/wp-content\/uploads\/2018\/03\/IMG_9842-e1520206575453-430x645.jpg 430w, https:\/\/katolicka-gimnazija.hr\/wp-content\/uploads\/2018\/03\/IMG_9842-e1520206575453-150x225.jpg 150w, https:\/\/katolicka-gimnazija.hr\/wp-content\/uploads\/2018\/03\/IMG_9842-e1520206575453-100x150.jpg 100w, https:\/\/katolicka-gimnazija.hr\/wp-content\/uploads\/2018\/03\/IMG_9842-e1520206575453.jpg 1500w\" sizes=\"auto, (max-width: 200px) 100vw, 200px\" \/><\/a>\n\t\t\t<\/div><\/figure><figure class='gallery-item'>\n\t\t\t<div class='gallery-icon portrait'>\n\t\t\t\t<a href='https:\/\/katolicka-gimnazija.hr\/wp-content\/uploads\/2018\/03\/IMG_9768-e1520844684509.jpg'><img loading=\"lazy\" decoding=\"async\" width=\"200\" height=\"300\" src=\"https:\/\/katolicka-gimnazija.hr\/wp-content\/uploads\/2018\/03\/IMG_9768-e1520844684509-200x300.jpg\" class=\"attachment-medium size-medium\" alt=\"\" srcset=\"https:\/\/katolicka-gimnazija.hr\/wp-content\/uploads\/2018\/03\/IMG_9768-e1520844684509-200x300.jpg 200w, https:\/\/katolicka-gimnazija.hr\/wp-content\/uploads\/2018\/03\/IMG_9768-e1520844684509-768x1152.jpg 768w, https:\/\/katolicka-gimnazija.hr\/wp-content\/uploads\/2018\/03\/IMG_9768-e1520844684509-683x1024.jpg 683w, https:\/\/katolicka-gimnazija.hr\/wp-content\/uploads\/2018\/03\/IMG_9768-e1520844684509-360x540.jpg 360w, https:\/\/katolicka-gimnazija.hr\/wp-content\/uploads\/2018\/03\/IMG_9768-e1520844684509-750x1125.jpg 750w, https:\/\/katolicka-gimnazija.hr\/wp-content\/uploads\/2018\/03\/IMG_9768-e1520844684509-400x600.jpg 400w, https:\/\/katolicka-gimnazija.hr\/wp-content\/uploads\/2018\/03\/IMG_9768-e1520844684509-430x645.jpg 430w, https:\/\/katolicka-gimnazija.hr\/wp-content\/uploads\/2018\/03\/IMG_9768-e1520844684509-150x225.jpg 150w, https:\/\/katolicka-gimnazija.hr\/wp-content\/uploads\/2018\/03\/IMG_9768-e1520844684509-100x150.jpg 100w, https:\/\/katolicka-gimnazija.hr\/wp-content\/uploads\/2018\/03\/IMG_9768-e1520844684509.jpg 1400w\" sizes=\"auto, (max-width: 200px) 100vw, 200px\" \/><\/a>\n\t\t\t<\/div><\/figure><figure class='gallery-item'>\n\t\t\t<div class='gallery-icon landscape'>\n\t\t\t\t<a href='https:\/\/katolicka-gimnazija.hr\/wp-content\/uploads\/2018\/03\/IMG_9665.jpg'><img loading=\"lazy\" decoding=\"async\" width=\"300\" height=\"200\" src=\"https:\/\/katolicka-gimnazija.hr\/wp-content\/uploads\/2018\/03\/IMG_9665-300x200.jpg\" class=\"attachment-medium size-medium\" alt=\"\" srcset=\"https:\/\/katolicka-gimnazija.hr\/wp-content\/uploads\/2018\/03\/IMG_9665-300x200.jpg 300w, https:\/\/katolicka-gimnazija.hr\/wp-content\/uploads\/2018\/03\/IMG_9665-768x512.jpg 768w, https:\/\/katolicka-gimnazija.hr\/wp-content\/uploads\/2018\/03\/IMG_9665-1024x683.jpg 1024w, https:\/\/katolicka-gimnazija.hr\/wp-content\/uploads\/2018\/03\/IMG_9665-360x240.jpg 360w, https:\/\/katolicka-gimnazija.hr\/wp-content\/uploads\/2018\/03\/IMG_9665-750x500.jpg 750w, https:\/\/katolicka-gimnazija.hr\/wp-content\/uploads\/2018\/03\/IMG_9665-400x267.jpg 400w, https:\/\/katolicka-gimnazija.hr\/wp-content\/uploads\/2018\/03\/IMG_9665-430x287.jpg 430w, https:\/\/katolicka-gimnazija.hr\/wp-content\/uploads\/2018\/03\/IMG_9665-150x100.jpg 150w, https:\/\/katolicka-gimnazija.hr\/wp-content\/uploads\/2018\/03\/IMG_9665-100x67.jpg 100w\" sizes=\"auto, (max-width: 300px) 100vw, 300px\" \/><\/a>\n\t\t\t<\/div><\/figure><figure class='gallery-item'>\n\t\t\t<div class='gallery-icon landscape'>\n\t\t\t\t<a href='https:\/\/katolicka-gimnazija.hr\/wp-content\/uploads\/2018\/03\/IMG_9668.jpg'><img loading=\"lazy\" decoding=\"async\" width=\"300\" height=\"200\" src=\"https:\/\/katolicka-gimnazija.hr\/wp-content\/uploads\/2018\/03\/IMG_9668-300x200.jpg\" class=\"attachment-medium size-medium\" alt=\"\" srcset=\"https:\/\/katolicka-gimnazija.hr\/wp-content\/uploads\/2018\/03\/IMG_9668-300x200.jpg 300w, https:\/\/katolicka-gimnazija.hr\/wp-content\/uploads\/2018\/03\/IMG_9668-768x512.jpg 768w, https:\/\/katolicka-gimnazija.hr\/wp-content\/uploads\/2018\/03\/IMG_9668-1024x683.jpg 1024w, https:\/\/katolicka-gimnazija.hr\/wp-content\/uploads\/2018\/03\/IMG_9668-360x240.jpg 360w, https:\/\/katolicka-gimnazija.hr\/wp-content\/uploads\/2018\/03\/IMG_9668-750x500.jpg 750w, https:\/\/katolicka-gimnazija.hr\/wp-content\/uploads\/2018\/03\/IMG_9668-400x267.jpg 400w, https:\/\/katolicka-gimnazija.hr\/wp-content\/uploads\/2018\/03\/IMG_9668-430x287.jpg 430w, https:\/\/katolicka-gimnazija.hr\/wp-content\/uploads\/2018\/03\/IMG_9668-150x100.jpg 150w, https:\/\/katolicka-gimnazija.hr\/wp-content\/uploads\/2018\/03\/IMG_9668-100x67.jpg 100w\" sizes=\"auto, (max-width: 300px) 100vw, 300px\" \/><\/a>\n\t\t\t<\/div><\/figure><figure class='gallery-item'>\n\t\t\t<div class='gallery-icon landscape'>\n\t\t\t\t<a href='https:\/\/katolicka-gimnazija.hr\/wp-content\/uploads\/2018\/03\/IMG_9747.jpg'><img loading=\"lazy\" decoding=\"async\" width=\"300\" height=\"200\" src=\"https:\/\/katolicka-gimnazija.hr\/wp-content\/uploads\/2018\/03\/IMG_9747-300x200.jpg\" class=\"attachment-medium size-medium\" alt=\"\" srcset=\"https:\/\/katolicka-gimnazija.hr\/wp-content\/uploads\/2018\/03\/IMG_9747-300x200.jpg 300w, https:\/\/katolicka-gimnazija.hr\/wp-content\/uploads\/2018\/03\/IMG_9747-768x512.jpg 768w, https:\/\/katolicka-gimnazija.hr\/wp-content\/uploads\/2018\/03\/IMG_9747-1024x683.jpg 1024w, https:\/\/katolicka-gimnazija.hr\/wp-content\/uploads\/2018\/03\/IMG_9747-360x240.jpg 360w, https:\/\/katolicka-gimnazija.hr\/wp-content\/uploads\/2018\/03\/IMG_9747-750x500.jpg 750w, https:\/\/katolicka-gimnazija.hr\/wp-content\/uploads\/2018\/03\/IMG_9747-400x267.jpg 400w, https:\/\/katolicka-gimnazija.hr\/wp-content\/uploads\/2018\/03\/IMG_9747-430x287.jpg 430w, https:\/\/katolicka-gimnazija.hr\/wp-content\/uploads\/2018\/03\/IMG_9747-150x100.jpg 150w, https:\/\/katolicka-gimnazija.hr\/wp-content\/uploads\/2018\/03\/IMG_9747-100x67.jpg 100w\" sizes=\"auto, (max-width: 300px) 100vw, 300px\" \/><\/a>\n\t\t\t<\/div><\/figure><figure class='gallery-item'>\n\t\t\t<div class='gallery-icon portrait'>\n\t\t\t\t<a href='https:\/\/katolicka-gimnazija.hr\/wp-content\/uploads\/2018\/03\/IMG_9770-e1520844664827.jpg'><img loading=\"lazy\" decoding=\"async\" width=\"200\" height=\"300\" src=\"https:\/\/katolicka-gimnazija.hr\/wp-content\/uploads\/2018\/03\/IMG_9770-e1520844664827-200x300.jpg\" class=\"attachment-medium size-medium\" alt=\"\" srcset=\"https:\/\/katolicka-gimnazija.hr\/wp-content\/uploads\/2018\/03\/IMG_9770-e1520844664827-200x300.jpg 200w, https:\/\/katolicka-gimnazija.hr\/wp-content\/uploads\/2018\/03\/IMG_9770-e1520844664827-768x1152.jpg 768w, https:\/\/katolicka-gimnazija.hr\/wp-content\/uploads\/2018\/03\/IMG_9770-e1520844664827-683x1024.jpg 683w, https:\/\/katolicka-gimnazija.hr\/wp-content\/uploads\/2018\/03\/IMG_9770-e1520844664827-360x540.jpg 360w, https:\/\/katolicka-gimnazija.hr\/wp-content\/uploads\/2018\/03\/IMG_9770-e1520844664827-750x1125.jpg 750w, https:\/\/katolicka-gimnazija.hr\/wp-content\/uploads\/2018\/03\/IMG_9770-e1520844664827-400x600.jpg 400w, https:\/\/katolicka-gimnazija.hr\/wp-content\/uploads\/2018\/03\/IMG_9770-e1520844664827-430x645.jpg 430w, https:\/\/katolicka-gimnazija.hr\/wp-content\/uploads\/2018\/03\/IMG_9770-e1520844664827-150x225.jpg 150w, https:\/\/katolicka-gimnazija.hr\/wp-content\/uploads\/2018\/03\/IMG_9770-e1520844664827-100x150.jpg 100w, https:\/\/katolicka-gimnazija.hr\/wp-content\/uploads\/2018\/03\/IMG_9770-e1520844664827.jpg 1400w\" sizes=\"auto, (max-width: 200px) 100vw, 200px\" \/><\/a>\n\t\t\t<\/div><\/figure><figure class='gallery-item'>\n\t\t\t<div class='gallery-icon landscape'>\n\t\t\t\t<a href='https:\/\/katolicka-gimnazija.hr\/wp-content\/uploads\/2018\/03\/IMG_9653.jpg'><img loading=\"lazy\" decoding=\"async\" width=\"300\" height=\"200\" src=\"https:\/\/katolicka-gimnazija.hr\/wp-content\/uploads\/2018\/03\/IMG_9653-300x200.jpg\" class=\"attachment-medium size-medium\" alt=\"\" srcset=\"https:\/\/katolicka-gimnazija.hr\/wp-content\/uploads\/2018\/03\/IMG_9653-300x200.jpg 300w, https:\/\/katolicka-gimnazija.hr\/wp-content\/uploads\/2018\/03\/IMG_9653-768x512.jpg 768w, https:\/\/katolicka-gimnazija.hr\/wp-content\/uploads\/2018\/03\/IMG_9653-1024x683.jpg 1024w, https:\/\/katolicka-gimnazija.hr\/wp-content\/uploads\/2018\/03\/IMG_9653-360x240.jpg 360w, https:\/\/katolicka-gimnazija.hr\/wp-content\/uploads\/2018\/03\/IMG_9653-750x500.jpg 750w, https:\/\/katolicka-gimnazija.hr\/wp-content\/uploads\/2018\/03\/IMG_9653-400x267.jpg 400w, https:\/\/katolicka-gimnazija.hr\/wp-content\/uploads\/2018\/03\/IMG_9653-430x287.jpg 430w, https:\/\/katolicka-gimnazija.hr\/wp-content\/uploads\/2018\/03\/IMG_9653-150x100.jpg 150w, https:\/\/katolicka-gimnazija.hr\/wp-content\/uploads\/2018\/03\/IMG_9653-100x67.jpg 100w\" sizes=\"auto, (max-width: 300px) 100vw, 300px\" \/><\/a>\n\t\t\t<\/div><\/figure><figure class='gallery-item'>\n\t\t\t<div class='gallery-icon landscape'>\n\t\t\t\t<a href='https:\/\/katolicka-gimnazija.hr\/wp-content\/uploads\/2018\/03\/IMG_9792.jpg'><img loading=\"lazy\" decoding=\"async\" width=\"300\" height=\"200\" src=\"https:\/\/katolicka-gimnazija.hr\/wp-content\/uploads\/2018\/03\/IMG_9792-300x200.jpg\" class=\"attachment-medium size-medium\" alt=\"\" srcset=\"https:\/\/katolicka-gimnazija.hr\/wp-content\/uploads\/2018\/03\/IMG_9792-300x200.jpg 300w, https:\/\/katolicka-gimnazija.hr\/wp-content\/uploads\/2018\/03\/IMG_9792-768x512.jpg 768w, https:\/\/katolicka-gimnazija.hr\/wp-content\/uploads\/2018\/03\/IMG_9792-1024x683.jpg 1024w, https:\/\/katolicka-gimnazija.hr\/wp-content\/uploads\/2018\/03\/IMG_9792-360x240.jpg 360w, https:\/\/katolicka-gimnazija.hr\/wp-content\/uploads\/2018\/03\/IMG_9792-750x500.jpg 750w, https:\/\/katolicka-gimnazija.hr\/wp-content\/uploads\/2018\/03\/IMG_9792-400x267.jpg 400w, https:\/\/katolicka-gimnazija.hr\/wp-content\/uploads\/2018\/03\/IMG_9792-430x287.jpg 430w, https:\/\/katolicka-gimnazija.hr\/wp-content\/uploads\/2018\/03\/IMG_9792-150x100.jpg 150w, https:\/\/katolicka-gimnazija.hr\/wp-content\/uploads\/2018\/03\/IMG_9792-100x67.jpg 100w\" sizes=\"auto, (max-width: 300px) 100vw, 300px\" \/><\/a>\n\t\t\t<\/div><\/figure><figure class='gallery-item'>\n\t\t\t<div class='gallery-icon landscape'>\n\t\t\t\t<a href='https:\/\/katolicka-gimnazija.hr\/wp-content\/uploads\/2018\/03\/IMG_9782.jpg'><img loading=\"lazy\" decoding=\"async\" width=\"300\" height=\"200\" src=\"https:\/\/katolicka-gimnazija.hr\/wp-content\/uploads\/2018\/03\/IMG_9782-300x200.jpg\" class=\"attachment-medium size-medium\" alt=\"\" srcset=\"https:\/\/katolicka-gimnazija.hr\/wp-content\/uploads\/2018\/03\/IMG_9782-300x200.jpg 300w, https:\/\/katolicka-gimnazija.hr\/wp-content\/uploads\/2018\/03\/IMG_9782-768x512.jpg 768w, https:\/\/katolicka-gimnazija.hr\/wp-content\/uploads\/2018\/03\/IMG_9782-1024x683.jpg 1024w, https:\/\/katolicka-gimnazija.hr\/wp-content\/uploads\/2018\/03\/IMG_9782-360x240.jpg 360w, https:\/\/katolicka-gimnazija.hr\/wp-content\/uploads\/2018\/03\/IMG_9782-750x500.jpg 750w, https:\/\/katolicka-gimnazija.hr\/wp-content\/uploads\/2018\/03\/IMG_9782-400x267.jpg 400w, https:\/\/katolicka-gimnazija.hr\/wp-content\/uploads\/2018\/03\/IMG_9782-430x287.jpg 430w, https:\/\/katolicka-gimnazija.hr\/wp-content\/uploads\/2018\/03\/IMG_9782-150x100.jpg 150w, https:\/\/katolicka-gimnazija.hr\/wp-content\/uploads\/2018\/03\/IMG_9782-100x67.jpg 100w\" sizes=\"auto, (max-width: 300px) 100vw, 300px\" \/><\/a>\n\t\t\t<\/div><\/figure><figure class='gallery-item'>\n\t\t\t<div class='gallery-icon landscape'>\n\t\t\t\t<a href='https:\/\/katolicka-gimnazija.hr\/wp-content\/uploads\/2018\/03\/IMG_9675.jpg'><img loading=\"lazy\" decoding=\"async\" width=\"300\" height=\"200\" src=\"https:\/\/katolicka-gimnazija.hr\/wp-content\/uploads\/2018\/03\/IMG_9675-300x200.jpg\" class=\"attachment-medium size-medium\" alt=\"\" srcset=\"https:\/\/katolicka-gimnazija.hr\/wp-content\/uploads\/2018\/03\/IMG_9675-300x200.jpg 300w, https:\/\/katolicka-gimnazija.hr\/wp-content\/uploads\/2018\/03\/IMG_9675-768x512.jpg 768w, https:\/\/katolicka-gimnazija.hr\/wp-content\/uploads\/2018\/03\/IMG_9675-1024x683.jpg 1024w, https:\/\/katolicka-gimnazija.hr\/wp-content\/uploads\/2018\/03\/IMG_9675-360x240.jpg 360w, https:\/\/katolicka-gimnazija.hr\/wp-content\/uploads\/2018\/03\/IMG_9675-750x500.jpg 750w, https:\/\/katolicka-gimnazija.hr\/wp-content\/uploads\/2018\/03\/IMG_9675-400x267.jpg 400w, https:\/\/katolicka-gimnazija.hr\/wp-content\/uploads\/2018\/03\/IMG_9675-430x287.jpg 430w, https:\/\/katolicka-gimnazija.hr\/wp-content\/uploads\/2018\/03\/IMG_9675-150x100.jpg 150w, https:\/\/katolicka-gimnazija.hr\/wp-content\/uploads\/2018\/03\/IMG_9675-100x67.jpg 100w\" sizes=\"auto, (max-width: 300px) 100vw, 300px\" \/><\/a>\n\t\t\t<\/div><\/figure><figure class='gallery-item'>\n\t\t\t<div class='gallery-icon landscape'>\n\t\t\t\t<a href='https:\/\/katolicka-gimnazija.hr\/wp-content\/uploads\/2018\/03\/IMG_9669.jpg'><img loading=\"lazy\" decoding=\"async\" width=\"300\" height=\"200\" src=\"https:\/\/katolicka-gimnazija.hr\/wp-content\/uploads\/2018\/03\/IMG_9669-300x200.jpg\" class=\"attachment-medium size-medium\" alt=\"\" srcset=\"https:\/\/katolicka-gimnazija.hr\/wp-content\/uploads\/2018\/03\/IMG_9669-300x200.jpg 300w, https:\/\/katolicka-gimnazija.hr\/wp-content\/uploads\/2018\/03\/IMG_9669-768x512.jpg 768w, https:\/\/katolicka-gimnazija.hr\/wp-content\/uploads\/2018\/03\/IMG_9669-1024x683.jpg 1024w, https:\/\/katolicka-gimnazija.hr\/wp-content\/uploads\/2018\/03\/IMG_9669-360x240.jpg 360w, https:\/\/katolicka-gimnazija.hr\/wp-content\/uploads\/2018\/03\/IMG_9669-750x500.jpg 750w, https:\/\/katolicka-gimnazija.hr\/wp-content\/uploads\/2018\/03\/IMG_9669-400x267.jpg 400w, https:\/\/katolicka-gimnazija.hr\/wp-content\/uploads\/2018\/03\/IMG_9669-430x287.jpg 430w, https:\/\/katolicka-gimnazija.hr\/wp-content\/uploads\/2018\/03\/IMG_9669-150x100.jpg 150w, https:\/\/katolicka-gimnazija.hr\/wp-content\/uploads\/2018\/03\/IMG_9669-100x67.jpg 100w\" sizes=\"auto, (max-width: 300px) 100vw, 300px\" \/><\/a>\n\t\t\t<\/div><\/figure><figure class='gallery-item'>\n\t\t\t<div class='gallery-icon landscape'>\n\t\t\t\t<a href='https:\/\/katolicka-gimnazija.hr\/wp-content\/uploads\/2018\/03\/IMG_9706.jpg'><img loading=\"lazy\" decoding=\"async\" width=\"300\" height=\"200\" src=\"https:\/\/katolicka-gimnazija.hr\/wp-content\/uploads\/2018\/03\/IMG_9706-300x200.jpg\" class=\"attachment-medium size-medium\" alt=\"\" srcset=\"https:\/\/katolicka-gimnazija.hr\/wp-content\/uploads\/2018\/03\/IMG_9706-300x200.jpg 300w, https:\/\/katolicka-gimnazija.hr\/wp-content\/uploads\/2018\/03\/IMG_9706-768x512.jpg 768w, https:\/\/katolicka-gimnazija.hr\/wp-content\/uploads\/2018\/03\/IMG_9706-1024x683.jpg 1024w, https:\/\/katolicka-gimnazija.hr\/wp-content\/uploads\/2018\/03\/IMG_9706-360x240.jpg 360w, https:\/\/katolicka-gimnazija.hr\/wp-content\/uploads\/2018\/03\/IMG_9706-750x500.jpg 750w, https:\/\/katolicka-gimnazija.hr\/wp-content\/uploads\/2018\/03\/IMG_9706-400x267.jpg 400w, https:\/\/katolicka-gimnazija.hr\/wp-content\/uploads\/2018\/03\/IMG_9706-430x287.jpg 430w, https:\/\/katolicka-gimnazija.hr\/wp-content\/uploads\/2018\/03\/IMG_9706-150x100.jpg 150w, https:\/\/katolicka-gimnazija.hr\/wp-content\/uploads\/2018\/03\/IMG_9706-100x67.jpg 100w\" sizes=\"auto, (max-width: 300px) 100vw, 300px\" \/><\/a>\n\t\t\t<\/div><\/figure><figure class='gallery-item'>\n\t\t\t<div class='gallery-icon portrait'>\n\t\t\t\t<a href='https:\/\/katolicka-gimnazija.hr\/wp-content\/uploads\/2018\/03\/IMG_9836-e1520206591934.jpg'><img loading=\"lazy\" decoding=\"async\" width=\"200\" height=\"300\" src=\"https:\/\/katolicka-gimnazija.hr\/wp-content\/uploads\/2018\/03\/IMG_9836-e1520206591934-200x300.jpg\" class=\"attachment-medium size-medium\" alt=\"\" srcset=\"https:\/\/katolicka-gimnazija.hr\/wp-content\/uploads\/2018\/03\/IMG_9836-e1520206591934-200x300.jpg 200w, https:\/\/katolicka-gimnazija.hr\/wp-content\/uploads\/2018\/03\/IMG_9836-e1520206591934-768x1152.jpg 768w, https:\/\/katolicka-gimnazija.hr\/wp-content\/uploads\/2018\/03\/IMG_9836-e1520206591934-683x1024.jpg 683w, https:\/\/katolicka-gimnazija.hr\/wp-content\/uploads\/2018\/03\/IMG_9836-e1520206591934-360x540.jpg 360w, https:\/\/katolicka-gimnazija.hr\/wp-content\/uploads\/2018\/03\/IMG_9836-e1520206591934-750x1125.jpg 750w, https:\/\/katolicka-gimnazija.hr\/wp-content\/uploads\/2018\/03\/IMG_9836-e1520206591934-400x600.jpg 400w, https:\/\/katolicka-gimnazija.hr\/wp-content\/uploads\/2018\/03\/IMG_9836-e1520206591934-430x645.jpg 430w, https:\/\/katolicka-gimnazija.hr\/wp-content\/uploads\/2018\/03\/IMG_9836-e1520206591934-150x225.jpg 150w, https:\/\/katolicka-gimnazija.hr\/wp-content\/uploads\/2018\/03\/IMG_9836-e1520206591934-100x150.jpg 100w, https:\/\/katolicka-gimnazija.hr\/wp-content\/uploads\/2018\/03\/IMG_9836-e1520206591934.jpg 1500w\" sizes=\"auto, (max-width: 200px) 100vw, 200px\" \/><\/a>\n\t\t\t<\/div><\/figure><figure class='gallery-item'>\n\t\t\t<div class='gallery-icon portrait'>\n\t\t\t\t<a href='https:\/\/katolicka-gimnazija.hr\/wp-content\/uploads\/2018\/03\/IMG_9864-e1520206515811.jpg'><img loading=\"lazy\" decoding=\"async\" width=\"200\" height=\"300\" src=\"https:\/\/katolicka-gimnazija.hr\/wp-content\/uploads\/2018\/03\/IMG_9864-e1520206515811-200x300.jpg\" class=\"attachment-medium size-medium\" alt=\"\" srcset=\"https:\/\/katolicka-gimnazija.hr\/wp-content\/uploads\/2018\/03\/IMG_9864-e1520206515811-200x300.jpg 200w, https:\/\/katolicka-gimnazija.hr\/wp-content\/uploads\/2018\/03\/IMG_9864-e1520206515811-768x1152.jpg 768w, https:\/\/katolicka-gimnazija.hr\/wp-content\/uploads\/2018\/03\/IMG_9864-e1520206515811-683x1024.jpg 683w, https:\/\/katolicka-gimnazija.hr\/wp-content\/uploads\/2018\/03\/IMG_9864-e1520206515811-360x540.jpg 360w, https:\/\/katolicka-gimnazija.hr\/wp-content\/uploads\/2018\/03\/IMG_9864-e1520206515811-750x1125.jpg 750w, https:\/\/katolicka-gimnazija.hr\/wp-content\/uploads\/2018\/03\/IMG_9864-e1520206515811-400x600.jpg 400w, https:\/\/katolicka-gimnazija.hr\/wp-content\/uploads\/2018\/03\/IMG_9864-e1520206515811-430x645.jpg 430w, https:\/\/katolicka-gimnazija.hr\/wp-content\/uploads\/2018\/03\/IMG_9864-e1520206515811-150x225.jpg 150w, https:\/\/katolicka-gimnazija.hr\/wp-content\/uploads\/2018\/03\/IMG_9864-e1520206515811-100x150.jpg 100w, https:\/\/katolicka-gimnazija.hr\/wp-content\/uploads\/2018\/03\/IMG_9864-e1520206515811.jpg 1500w\" sizes=\"auto, (max-width: 200px) 100vw, 200px\" \/><\/a>\n\t\t\t<\/div><\/figure><figure class='gallery-item'>\n\t\t\t<div class='gallery-icon portrait'>\n\t\t\t\t<a href='https:\/\/katolicka-gimnazija.hr\/wp-content\/uploads\/2018\/03\/IMG_9760-e1520844763315.jpg'><img loading=\"lazy\" decoding=\"async\" width=\"200\" height=\"300\" src=\"https:\/\/katolicka-gimnazija.hr\/wp-content\/uploads\/2018\/03\/IMG_9760-e1520844763315-200x300.jpg\" class=\"attachment-medium size-medium\" alt=\"\" srcset=\"https:\/\/katolicka-gimnazija.hr\/wp-content\/uploads\/2018\/03\/IMG_9760-e1520844763315-200x300.jpg 200w, https:\/\/katolicka-gimnazija.hr\/wp-content\/uploads\/2018\/03\/IMG_9760-e1520844763315-768x1152.jpg 768w, https:\/\/katolicka-gimnazija.hr\/wp-content\/uploads\/2018\/03\/IMG_9760-e1520844763315-683x1024.jpg 683w, https:\/\/katolicka-gimnazija.hr\/wp-content\/uploads\/2018\/03\/IMG_9760-e1520844763315-360x540.jpg 360w, https:\/\/katolicka-gimnazija.hr\/wp-content\/uploads\/2018\/03\/IMG_9760-e1520844763315-750x1125.jpg 750w, https:\/\/katolicka-gimnazija.hr\/wp-content\/uploads\/2018\/03\/IMG_9760-e1520844763315-400x600.jpg 400w, https:\/\/katolicka-gimnazija.hr\/wp-content\/uploads\/2018\/03\/IMG_9760-e1520844763315-430x645.jpg 430w, https:\/\/katolicka-gimnazija.hr\/wp-content\/uploads\/2018\/03\/IMG_9760-e1520844763315-150x225.jpg 150w, https:\/\/katolicka-gimnazija.hr\/wp-content\/uploads\/2018\/03\/IMG_9760-e1520844763315-100x150.jpg 100w, https:\/\/katolicka-gimnazija.hr\/wp-content\/uploads\/2018\/03\/IMG_9760-e1520844763315.jpg 1400w\" sizes=\"auto, (max-width: 200px) 100vw, 200px\" \/><\/a>\n\t\t\t<\/div><\/figure><figure class='gallery-item'>\n\t\t\t<div class='gallery-icon portrait'>\n\t\t\t\t<a href='https:\/\/katolicka-gimnazija.hr\/wp-content\/uploads\/2018\/03\/IMG_9764-e1520844731904.jpg'><img loading=\"lazy\" decoding=\"async\" width=\"200\" height=\"300\" src=\"https:\/\/katolicka-gimnazija.hr\/wp-content\/uploads\/2018\/03\/IMG_9764-e1520844731904-200x300.jpg\" class=\"attachment-medium size-medium\" alt=\"\" srcset=\"https:\/\/katolicka-gimnazija.hr\/wp-content\/uploads\/2018\/03\/IMG_9764-e1520844731904-200x300.jpg 200w, https:\/\/katolicka-gimnazija.hr\/wp-content\/uploads\/2018\/03\/IMG_9764-e1520844731904-768x1152.jpg 768w, https:\/\/katolicka-gimnazija.hr\/wp-content\/uploads\/2018\/03\/IMG_9764-e1520844731904-683x1024.jpg 683w, https:\/\/katolicka-gimnazija.hr\/wp-content\/uploads\/2018\/03\/IMG_9764-e1520844731904-360x540.jpg 360w, https:\/\/katolicka-gimnazija.hr\/wp-content\/uploads\/2018\/03\/IMG_9764-e1520844731904-750x1125.jpg 750w, https:\/\/katolicka-gimnazija.hr\/wp-content\/uploads\/2018\/03\/IMG_9764-e1520844731904-400x600.jpg 400w, https:\/\/katolicka-gimnazija.hr\/wp-content\/uploads\/2018\/03\/IMG_9764-e1520844731904-430x645.jpg 430w, https:\/\/katolicka-gimnazija.hr\/wp-content\/uploads\/2018\/03\/IMG_9764-e1520844731904-150x225.jpg 150w, https:\/\/katolicka-gimnazija.hr\/wp-content\/uploads\/2018\/03\/IMG_9764-e1520844731904-100x150.jpg 100w, https:\/\/katolicka-gimnazija.hr\/wp-content\/uploads\/2018\/03\/IMG_9764-e1520844731904.jpg 1400w\" sizes=\"auto, (max-width: 200px) 100vw, 200px\" \/><\/a>\n\t\t\t<\/div><\/figure><figure class='gallery-item'>\n\t\t\t<div class='gallery-icon landscape'>\n\t\t\t\t<a href='https:\/\/katolicka-gimnazija.hr\/wp-content\/uploads\/2018\/03\/IMG_9677.jpg'><img loading=\"lazy\" decoding=\"async\" width=\"300\" height=\"200\" src=\"https:\/\/katolicka-gimnazija.hr\/wp-content\/uploads\/2018\/03\/IMG_9677-300x200.jpg\" class=\"attachment-medium size-medium\" alt=\"\" srcset=\"https:\/\/katolicka-gimnazija.hr\/wp-content\/uploads\/2018\/03\/IMG_9677-300x200.jpg 300w, https:\/\/katolicka-gimnazija.hr\/wp-content\/uploads\/2018\/03\/IMG_9677-768x512.jpg 768w, https:\/\/katolicka-gimnazija.hr\/wp-content\/uploads\/2018\/03\/IMG_9677-1024x683.jpg 1024w, https:\/\/katolicka-gimnazija.hr\/wp-content\/uploads\/2018\/03\/IMG_9677-360x240.jpg 360w, https:\/\/katolicka-gimnazija.hr\/wp-content\/uploads\/2018\/03\/IMG_9677-750x500.jpg 750w, https:\/\/katolicka-gimnazija.hr\/wp-content\/uploads\/2018\/03\/IMG_9677-400x267.jpg 400w, https:\/\/katolicka-gimnazija.hr\/wp-content\/uploads\/2018\/03\/IMG_9677-430x287.jpg 430w, https:\/\/katolicka-gimnazija.hr\/wp-content\/uploads\/2018\/03\/IMG_9677-150x100.jpg 150w, https:\/\/katolicka-gimnazija.hr\/wp-content\/uploads\/2018\/03\/IMG_9677-100x67.jpg 100w\" sizes=\"auto, (max-width: 300px) 100vw, 300px\" \/><\/a>\n\t\t\t<\/div><\/figure><figure class='gallery-item'>\n\t\t\t<div class='gallery-icon landscape'>\n\t\t\t\t<a href='https:\/\/katolicka-gimnazija.hr\/wp-content\/uploads\/2018\/03\/IMG_9795.jpg'><img loading=\"lazy\" decoding=\"async\" width=\"300\" height=\"200\" src=\"https:\/\/katolicka-gimnazija.hr\/wp-content\/uploads\/2018\/03\/IMG_9795-300x200.jpg\" class=\"attachment-medium size-medium\" alt=\"\" srcset=\"https:\/\/katolicka-gimnazija.hr\/wp-content\/uploads\/2018\/03\/IMG_9795-300x200.jpg 300w, https:\/\/katolicka-gimnazija.hr\/wp-content\/uploads\/2018\/03\/IMG_9795-768x512.jpg 768w, https:\/\/katolicka-gimnazija.hr\/wp-content\/uploads\/2018\/03\/IMG_9795-1024x683.jpg 1024w, https:\/\/katolicka-gimnazija.hr\/wp-content\/uploads\/2018\/03\/IMG_9795-360x240.jpg 360w, https:\/\/katolicka-gimnazija.hr\/wp-content\/uploads\/2018\/03\/IMG_9795-750x500.jpg 750w, https:\/\/katolicka-gimnazija.hr\/wp-content\/uploads\/2018\/03\/IMG_9795-400x267.jpg 400w, https:\/\/katolicka-gimnazija.hr\/wp-content\/uploads\/2018\/03\/IMG_9795-430x287.jpg 430w, https:\/\/katolicka-gimnazija.hr\/wp-content\/uploads\/2018\/03\/IMG_9795-150x100.jpg 150w, https:\/\/katolicka-gimnazija.hr\/wp-content\/uploads\/2018\/03\/IMG_9795-100x67.jpg 100w\" sizes=\"auto, (max-width: 300px) 100vw, 300px\" \/><\/a>\n\t\t\t<\/div><\/figure><figure class='gallery-item'>\n\t\t\t<div class='gallery-icon landscape'>\n\t\t\t\t<a href='https:\/\/katolicka-gimnazija.hr\/wp-content\/uploads\/2018\/03\/IMG_9684.jpg'><img loading=\"lazy\" decoding=\"async\" width=\"300\" height=\"200\" src=\"https:\/\/katolicka-gimnazija.hr\/wp-content\/uploads\/2018\/03\/IMG_9684-300x200.jpg\" class=\"attachment-medium size-medium\" alt=\"\" srcset=\"https:\/\/katolicka-gimnazija.hr\/wp-content\/uploads\/2018\/03\/IMG_9684-300x200.jpg 300w, https:\/\/katolicka-gimnazija.hr\/wp-content\/uploads\/2018\/03\/IMG_9684-768x512.jpg 768w, https:\/\/katolicka-gimnazija.hr\/wp-content\/uploads\/2018\/03\/IMG_9684-1024x683.jpg 1024w, https:\/\/katolicka-gimnazija.hr\/wp-content\/uploads\/2018\/03\/IMG_9684-360x240.jpg 360w, https:\/\/katolicka-gimnazija.hr\/wp-content\/uploads\/2018\/03\/IMG_9684-750x500.jpg 750w, https:\/\/katolicka-gimnazija.hr\/wp-content\/uploads\/2018\/03\/IMG_9684-400x267.jpg 400w, https:\/\/katolicka-gimnazija.hr\/wp-content\/uploads\/2018\/03\/IMG_9684-430x287.jpg 430w, https:\/\/katolicka-gimnazija.hr\/wp-content\/uploads\/2018\/03\/IMG_9684-150x100.jpg 150w, https:\/\/katolicka-gimnazija.hr\/wp-content\/uploads\/2018\/03\/IMG_9684-100x67.jpg 100w\" sizes=\"auto, (max-width: 300px) 100vw, 300px\" \/><\/a>\n\t\t\t<\/div><\/figure><figure class='gallery-item'>\n\t\t\t<div class='gallery-icon landscape'>\n\t\t\t\t<a href='https:\/\/katolicka-gimnazija.hr\/wp-content\/uploads\/2018\/03\/IMG_9632.jpg'><img loading=\"lazy\" decoding=\"async\" width=\"300\" height=\"200\" src=\"https:\/\/katolicka-gimnazija.hr\/wp-content\/uploads\/2018\/03\/IMG_9632-300x200.jpg\" class=\"attachment-medium size-medium\" alt=\"\" srcset=\"https:\/\/katolicka-gimnazija.hr\/wp-content\/uploads\/2018\/03\/IMG_9632-300x200.jpg 300w, https:\/\/katolicka-gimnazija.hr\/wp-content\/uploads\/2018\/03\/IMG_9632-768x512.jpg 768w, https:\/\/katolicka-gimnazija.hr\/wp-content\/uploads\/2018\/03\/IMG_9632-1024x683.jpg 1024w, https:\/\/katolicka-gimnazija.hr\/wp-content\/uploads\/2018\/03\/IMG_9632-360x240.jpg 360w, https:\/\/katolicka-gimnazija.hr\/wp-content\/uploads\/2018\/03\/IMG_9632-750x500.jpg 750w, https:\/\/katolicka-gimnazija.hr\/wp-content\/uploads\/2018\/03\/IMG_9632-400x267.jpg 400w, https:\/\/katolicka-gimnazija.hr\/wp-content\/uploads\/2018\/03\/IMG_9632-430x287.jpg 430w, https:\/\/katolicka-gimnazija.hr\/wp-content\/uploads\/2018\/03\/IMG_9632-150x100.jpg 150w, https:\/\/katolicka-gimnazija.hr\/wp-content\/uploads\/2018\/03\/IMG_9632-100x67.jpg 100w\" sizes=\"auto, (max-width: 300px) 100vw, 300px\" \/><\/a>\n\t\t\t<\/div><\/figure><figure class='gallery-item'>\n\t\t\t<div class='gallery-icon landscape'>\n\t\t\t\t<a href='https:\/\/katolicka-gimnazija.hr\/wp-content\/uploads\/2018\/03\/IMG_9751.jpg'><img loading=\"lazy\" decoding=\"async\" width=\"300\" height=\"200\" src=\"https:\/\/katolicka-gimnazija.hr\/wp-content\/uploads\/2018\/03\/IMG_9751-300x200.jpg\" class=\"attachment-medium size-medium\" alt=\"\" srcset=\"https:\/\/katolicka-gimnazija.hr\/wp-content\/uploads\/2018\/03\/IMG_9751-300x200.jpg 300w, https:\/\/katolicka-gimnazija.hr\/wp-content\/uploads\/2018\/03\/IMG_9751-768x512.jpg 768w, https:\/\/katolicka-gimnazija.hr\/wp-content\/uploads\/2018\/03\/IMG_9751-1024x683.jpg 1024w, https:\/\/katolicka-gimnazija.hr\/wp-content\/uploads\/2018\/03\/IMG_9751-360x240.jpg 360w, https:\/\/katolicka-gimnazija.hr\/wp-content\/uploads\/2018\/03\/IMG_9751-750x500.jpg 750w, https:\/\/katolicka-gimnazija.hr\/wp-content\/uploads\/2018\/03\/IMG_9751-400x267.jpg 400w, https:\/\/katolicka-gimnazija.hr\/wp-content\/uploads\/2018\/03\/IMG_9751-430x287.jpg 430w, https:\/\/katolicka-gimnazija.hr\/wp-content\/uploads\/2018\/03\/IMG_9751-150x100.jpg 150w, https:\/\/katolicka-gimnazija.hr\/wp-content\/uploads\/2018\/03\/IMG_9751-100x67.jpg 100w\" sizes=\"auto, (max-width: 300px) 100vw, 300px\" \/><\/a>\n\t\t\t<\/div><\/figure><figure class='gallery-item'>\n\t\t\t<div class='gallery-icon portrait'>\n\t\t\t\t<a href='https:\/\/katolicka-gimnazija.hr\/wp-content\/uploads\/2018\/03\/IMG_9771-e1520844598382.jpg'><img loading=\"lazy\" decoding=\"async\" width=\"200\" height=\"300\" src=\"https:\/\/katolicka-gimnazija.hr\/wp-content\/uploads\/2018\/03\/IMG_9771-e1520844598382-200x300.jpg\" class=\"attachment-medium size-medium\" alt=\"\" srcset=\"https:\/\/katolicka-gimnazija.hr\/wp-content\/uploads\/2018\/03\/IMG_9771-e1520844598382-200x300.jpg 200w, https:\/\/katolicka-gimnazija.hr\/wp-content\/uploads\/2018\/03\/IMG_9771-e1520844598382-768x1152.jpg 768w, https:\/\/katolicka-gimnazija.hr\/wp-content\/uploads\/2018\/03\/IMG_9771-e1520844598382-683x1024.jpg 683w, https:\/\/katolicka-gimnazija.hr\/wp-content\/uploads\/2018\/03\/IMG_9771-e1520844598382-360x540.jpg 360w, https:\/\/katolicka-gimnazija.hr\/wp-content\/uploads\/2018\/03\/IMG_9771-e1520844598382-750x1125.jpg 750w, https:\/\/katolicka-gimnazija.hr\/wp-content\/uploads\/2018\/03\/IMG_9771-e1520844598382-400x600.jpg 400w, https:\/\/katolicka-gimnazija.hr\/wp-content\/uploads\/2018\/03\/IMG_9771-e1520844598382-430x645.jpg 430w, https:\/\/katolicka-gimnazija.hr\/wp-content\/uploads\/2018\/03\/IMG_9771-e1520844598382-150x225.jpg 150w, https:\/\/katolicka-gimnazija.hr\/wp-content\/uploads\/2018\/03\/IMG_9771-e1520844598382-100x150.jpg 100w, https:\/\/katolicka-gimnazija.hr\/wp-content\/uploads\/2018\/03\/IMG_9771-e1520844598382.jpg 1400w\" sizes=\"auto, (max-width: 200px) 100vw, 200px\" \/><\/a>\n\t\t\t<\/div><\/figure><figure class='gallery-item'>\n\t\t\t<div class='gallery-icon landscape'>\n\t\t\t\t<a href='https:\/\/katolicka-gimnazija.hr\/wp-content\/uploads\/2018\/03\/IMG_9656.jpg'><img loading=\"lazy\" decoding=\"async\" width=\"300\" height=\"200\" src=\"https:\/\/katolicka-gimnazija.hr\/wp-content\/uploads\/2018\/03\/IMG_9656-300x200.jpg\" class=\"attachment-medium size-medium\" alt=\"\" srcset=\"https:\/\/katolicka-gimnazija.hr\/wp-content\/uploads\/2018\/03\/IMG_9656-300x200.jpg 300w, https:\/\/katolicka-gimnazija.hr\/wp-content\/uploads\/2018\/03\/IMG_9656-768x512.jpg 768w, https:\/\/katolicka-gimnazija.hr\/wp-content\/uploads\/2018\/03\/IMG_9656-1024x683.jpg 1024w, https:\/\/katolicka-gimnazija.hr\/wp-content\/uploads\/2018\/03\/IMG_9656-360x240.jpg 360w, https:\/\/katolicka-gimnazija.hr\/wp-content\/uploads\/2018\/03\/IMG_9656-750x500.jpg 750w, https:\/\/katolicka-gimnazija.hr\/wp-content\/uploads\/2018\/03\/IMG_9656-400x267.jpg 400w, https:\/\/katolicka-gimnazija.hr\/wp-content\/uploads\/2018\/03\/IMG_9656-430x287.jpg 430w, https:\/\/katolicka-gimnazija.hr\/wp-content\/uploads\/2018\/03\/IMG_9656-150x100.jpg 150w, https:\/\/katolicka-gimnazija.hr\/wp-content\/uploads\/2018\/03\/IMG_9656-100x67.jpg 100w\" sizes=\"auto, (max-width: 300px) 100vw, 300px\" \/><\/a>\n\t\t\t<\/div><\/figure><figure class='gallery-item'>\n\t\t\t<div class='gallery-icon landscape'>\n\t\t\t\t<a href='https:\/\/katolicka-gimnazija.hr\/wp-content\/uploads\/2018\/03\/IMG_9754.jpg'><img loading=\"lazy\" decoding=\"async\" width=\"300\" height=\"200\" src=\"https:\/\/katolicka-gimnazija.hr\/wp-content\/uploads\/2018\/03\/IMG_9754-300x200.jpg\" class=\"attachment-medium size-medium\" alt=\"\" srcset=\"https:\/\/katolicka-gimnazija.hr\/wp-content\/uploads\/2018\/03\/IMG_9754-300x200.jpg 300w, https:\/\/katolicka-gimnazija.hr\/wp-content\/uploads\/2018\/03\/IMG_9754-768x512.jpg 768w, https:\/\/katolicka-gimnazija.hr\/wp-content\/uploads\/2018\/03\/IMG_9754-1024x683.jpg 1024w, https:\/\/katolicka-gimnazija.hr\/wp-content\/uploads\/2018\/03\/IMG_9754-360x240.jpg 360w, https:\/\/katolicka-gimnazija.hr\/wp-content\/uploads\/2018\/03\/IMG_9754-750x500.jpg 750w, https:\/\/katolicka-gimnazija.hr\/wp-content\/uploads\/2018\/03\/IMG_9754-400x267.jpg 400w, https:\/\/katolicka-gimnazija.hr\/wp-content\/uploads\/2018\/03\/IMG_9754-430x287.jpg 430w, https:\/\/katolicka-gimnazija.hr\/wp-content\/uploads\/2018\/03\/IMG_9754-150x100.jpg 150w, https:\/\/katolicka-gimnazija.hr\/wp-content\/uploads\/2018\/03\/IMG_9754-100x67.jpg 100w\" sizes=\"auto, (max-width: 300px) 100vw, 300px\" \/><\/a>\n\t\t\t<\/div><\/figure><figure class='gallery-item'>\n\t\t\t<div class='gallery-icon portrait'>\n\t\t\t\t<a href='https:\/\/katolicka-gimnazija.hr\/wp-content\/uploads\/2018\/03\/IMG_9756-e1520844799600.jpg'><img loading=\"lazy\" decoding=\"async\" width=\"200\" height=\"300\" src=\"https:\/\/katolicka-gimnazija.hr\/wp-content\/uploads\/2018\/03\/IMG_9756-e1520844799600-200x300.jpg\" class=\"attachment-medium size-medium\" alt=\"\" srcset=\"https:\/\/katolicka-gimnazija.hr\/wp-content\/uploads\/2018\/03\/IMG_9756-e1520844799600-200x300.jpg 200w, https:\/\/katolicka-gimnazija.hr\/wp-content\/uploads\/2018\/03\/IMG_9756-e1520844799600-768x1152.jpg 768w, https:\/\/katolicka-gimnazija.hr\/wp-content\/uploads\/2018\/03\/IMG_9756-e1520844799600-683x1024.jpg 683w, https:\/\/katolicka-gimnazija.hr\/wp-content\/uploads\/2018\/03\/IMG_9756-e1520844799600-360x540.jpg 360w, https:\/\/katolicka-gimnazija.hr\/wp-content\/uploads\/2018\/03\/IMG_9756-e1520844799600-750x1125.jpg 750w, https:\/\/katolicka-gimnazija.hr\/wp-content\/uploads\/2018\/03\/IMG_9756-e1520844799600-400x600.jpg 400w, https:\/\/katolicka-gimnazija.hr\/wp-content\/uploads\/2018\/03\/IMG_9756-e1520844799600-430x645.jpg 430w, https:\/\/katolicka-gimnazija.hr\/wp-content\/uploads\/2018\/03\/IMG_9756-e1520844799600-150x225.jpg 150w, https:\/\/katolicka-gimnazija.hr\/wp-content\/uploads\/2018\/03\/IMG_9756-e1520844799600-100x150.jpg 100w, https:\/\/katolicka-gimnazija.hr\/wp-content\/uploads\/2018\/03\/IMG_9756-e1520844799600.jpg 1400w\" sizes=\"auto, (max-width: 200px) 100vw, 200px\" \/><\/a>\n\t\t\t<\/div><\/figure><figure class='gallery-item'>\n\t\t\t<div class='gallery-icon landscape'>\n\t\t\t\t<a href='https:\/\/katolicka-gimnazija.hr\/wp-content\/uploads\/2018\/03\/IMG_9672.jpg'><img loading=\"lazy\" decoding=\"async\" width=\"300\" height=\"200\" src=\"https:\/\/katolicka-gimnazija.hr\/wp-content\/uploads\/2018\/03\/IMG_9672-300x200.jpg\" class=\"attachment-medium size-medium\" alt=\"\" srcset=\"https:\/\/katolicka-gimnazija.hr\/wp-content\/uploads\/2018\/03\/IMG_9672-300x200.jpg 300w, https:\/\/katolicka-gimnazija.hr\/wp-content\/uploads\/2018\/03\/IMG_9672-768x512.jpg 768w, https:\/\/katolicka-gimnazija.hr\/wp-content\/uploads\/2018\/03\/IMG_9672-1024x683.jpg 1024w, https:\/\/katolicka-gimnazija.hr\/wp-content\/uploads\/2018\/03\/IMG_9672-360x240.jpg 360w, https:\/\/katolicka-gimnazija.hr\/wp-content\/uploads\/2018\/03\/IMG_9672-750x500.jpg 750w, https:\/\/katolicka-gimnazija.hr\/wp-content\/uploads\/2018\/03\/IMG_9672-400x267.jpg 400w, https:\/\/katolicka-gimnazija.hr\/wp-content\/uploads\/2018\/03\/IMG_9672-430x287.jpg 430w, https:\/\/katolicka-gimnazija.hr\/wp-content\/uploads\/2018\/03\/IMG_9672-150x100.jpg 150w, https:\/\/katolicka-gimnazija.hr\/wp-content\/uploads\/2018\/03\/IMG_9672-100x67.jpg 100w\" sizes=\"auto, (max-width: 300px) 100vw, 300px\" \/><\/a>\n\t\t\t<\/div><\/figure><figure class='gallery-item'>\n\t\t\t<div class='gallery-icon portrait'>\n\t\t\t\t<a href='https:\/\/katolicka-gimnazija.hr\/wp-content\/uploads\/2018\/03\/IMG_9854-e1520206543873.jpg'><img loading=\"lazy\" decoding=\"async\" width=\"200\" height=\"300\" src=\"https:\/\/katolicka-gimnazija.hr\/wp-content\/uploads\/2018\/03\/IMG_9854-e1520206543873-200x300.jpg\" class=\"attachment-medium size-medium\" alt=\"\" srcset=\"https:\/\/katolicka-gimnazija.hr\/wp-content\/uploads\/2018\/03\/IMG_9854-e1520206543873-200x300.jpg 200w, https:\/\/katolicka-gimnazija.hr\/wp-content\/uploads\/2018\/03\/IMG_9854-e1520206543873-768x1152.jpg 768w, https:\/\/katolicka-gimnazija.hr\/wp-content\/uploads\/2018\/03\/IMG_9854-e1520206543873-683x1024.jpg 683w, https:\/\/katolicka-gimnazija.hr\/wp-content\/uploads\/2018\/03\/IMG_9854-e1520206543873-360x540.jpg 360w, https:\/\/katolicka-gimnazija.hr\/wp-content\/uploads\/2018\/03\/IMG_9854-e1520206543873-750x1125.jpg 750w, https:\/\/katolicka-gimnazija.hr\/wp-content\/uploads\/2018\/03\/IMG_9854-e1520206543873-400x600.jpg 400w, https:\/\/katolicka-gimnazija.hr\/wp-content\/uploads\/2018\/03\/IMG_9854-e1520206543873-430x645.jpg 430w, https:\/\/katolicka-gimnazija.hr\/wp-content\/uploads\/2018\/03\/IMG_9854-e1520206543873-150x225.jpg 150w, https:\/\/katolicka-gimnazija.hr\/wp-content\/uploads\/2018\/03\/IMG_9854-e1520206543873-100x150.jpg 100w, https:\/\/katolicka-gimnazija.hr\/wp-content\/uploads\/2018\/03\/IMG_9854-e1520206543873.jpg 1500w\" sizes=\"auto, (max-width: 200px) 100vw, 200px\" \/><\/a>\n\t\t\t<\/div><\/figure><figure class='gallery-item'>\n\t\t\t<div class='gallery-icon landscape'>\n\t\t\t\t<a href='https:\/\/katolicka-gimnazija.hr\/wp-content\/uploads\/2018\/03\/IMG_9647.jpg'><img loading=\"lazy\" decoding=\"async\" width=\"300\" height=\"200\" src=\"https:\/\/katolicka-gimnazija.hr\/wp-content\/uploads\/2018\/03\/IMG_9647-300x200.jpg\" class=\"attachment-medium size-medium\" alt=\"\" srcset=\"https:\/\/katolicka-gimnazija.hr\/wp-content\/uploads\/2018\/03\/IMG_9647-300x200.jpg 300w, https:\/\/katolicka-gimnazija.hr\/wp-content\/uploads\/2018\/03\/IMG_9647-768x512.jpg 768w, https:\/\/katolicka-gimnazija.hr\/wp-content\/uploads\/2018\/03\/IMG_9647-1024x683.jpg 1024w, https:\/\/katolicka-gimnazija.hr\/wp-content\/uploads\/2018\/03\/IMG_9647-360x240.jpg 360w, https:\/\/katolicka-gimnazija.hr\/wp-content\/uploads\/2018\/03\/IMG_9647-750x500.jpg 750w, https:\/\/katolicka-gimnazija.hr\/wp-content\/uploads\/2018\/03\/IMG_9647-400x267.jpg 400w, https:\/\/katolicka-gimnazija.hr\/wp-content\/uploads\/2018\/03\/IMG_9647-430x287.jpg 430w, https:\/\/katolicka-gimnazija.hr\/wp-content\/uploads\/2018\/03\/IMG_9647-150x100.jpg 150w, https:\/\/katolicka-gimnazija.hr\/wp-content\/uploads\/2018\/03\/IMG_9647-100x67.jpg 100w\" sizes=\"auto, (max-width: 300px) 100vw, 300px\" \/><\/a>\n\t\t\t<\/div><\/figure><figure class='gallery-item'>\n\t\t\t<div class='gallery-icon landscape'>\n\t\t\t\t<a href='https:\/\/katolicka-gimnazija.hr\/wp-content\/uploads\/2018\/03\/IMG_9659.jpg'><img loading=\"lazy\" decoding=\"async\" width=\"300\" height=\"200\" src=\"https:\/\/katolicka-gimnazija.hr\/wp-content\/uploads\/2018\/03\/IMG_9659-300x200.jpg\" class=\"attachment-medium size-medium\" alt=\"\" srcset=\"https:\/\/katolicka-gimnazija.hr\/wp-content\/uploads\/2018\/03\/IMG_9659-300x200.jpg 300w, https:\/\/katolicka-gimnazija.hr\/wp-content\/uploads\/2018\/03\/IMG_9659-768x512.jpg 768w, https:\/\/katolicka-gimnazija.hr\/wp-content\/uploads\/2018\/03\/IMG_9659-1024x683.jpg 1024w, https:\/\/katolicka-gimnazija.hr\/wp-content\/uploads\/2018\/03\/IMG_9659-360x240.jpg 360w, https:\/\/katolicka-gimnazija.hr\/wp-content\/uploads\/2018\/03\/IMG_9659-750x500.jpg 750w, https:\/\/katolicka-gimnazija.hr\/wp-content\/uploads\/2018\/03\/IMG_9659-400x267.jpg 400w, https:\/\/katolicka-gimnazija.hr\/wp-content\/uploads\/2018\/03\/IMG_9659-430x287.jpg 430w, https:\/\/katolicka-gimnazija.hr\/wp-content\/uploads\/2018\/03\/IMG_9659-150x100.jpg 150w, https:\/\/katolicka-gimnazija.hr\/wp-content\/uploads\/2018\/03\/IMG_9659-100x67.jpg 100w\" sizes=\"auto, (max-width: 300px) 100vw, 300px\" \/><\/a>\n\t\t\t<\/div><\/figure><figure class='gallery-item'>\n\t\t\t<div class='gallery-icon landscape'>\n\t\t\t\t<a href='https:\/\/katolicka-gimnazija.hr\/wp-content\/uploads\/2018\/03\/IMG_9631.jpg'><img loading=\"lazy\" decoding=\"async\" width=\"300\" height=\"200\" src=\"https:\/\/katolicka-gimnazija.hr\/wp-content\/uploads\/2018\/03\/IMG_9631-300x200.jpg\" class=\"attachment-medium size-medium\" alt=\"\" srcset=\"https:\/\/katolicka-gimnazija.hr\/wp-content\/uploads\/2018\/03\/IMG_9631-300x200.jpg 300w, https:\/\/katolicka-gimnazija.hr\/wp-content\/uploads\/2018\/03\/IMG_9631-768x512.jpg 768w, https:\/\/katolicka-gimnazija.hr\/wp-content\/uploads\/2018\/03\/IMG_9631-1024x683.jpg 1024w, https:\/\/katolicka-gimnazija.hr\/wp-content\/uploads\/2018\/03\/IMG_9631-360x240.jpg 360w, https:\/\/katolicka-gimnazija.hr\/wp-content\/uploads\/2018\/03\/IMG_9631-750x500.jpg 750w, https:\/\/katolicka-gimnazija.hr\/wp-content\/uploads\/2018\/03\/IMG_9631-400x267.jpg 400w, https:\/\/katolicka-gimnazija.hr\/wp-content\/uploads\/2018\/03\/IMG_9631-430x287.jpg 430w, https:\/\/katolicka-gimnazija.hr\/wp-content\/uploads\/2018\/03\/IMG_9631-150x100.jpg 150w, https:\/\/katolicka-gimnazija.hr\/wp-content\/uploads\/2018\/03\/IMG_9631-100x67.jpg 100w\" sizes=\"auto, (max-width: 300px) 100vw, 300px\" \/><\/a>\n\t\t\t<\/div><\/figure><figure class='gallery-item'>\n\t\t\t<div class='gallery-icon landscape'>\n\t\t\t\t<a href='https:\/\/katolicka-gimnazija.hr\/wp-content\/uploads\/2018\/03\/IMG_9798.jpg'><img loading=\"lazy\" decoding=\"async\" width=\"300\" height=\"200\" src=\"https:\/\/katolicka-gimnazija.hr\/wp-content\/uploads\/2018\/03\/IMG_9798-300x200.jpg\" class=\"attachment-medium size-medium\" alt=\"\" srcset=\"https:\/\/katolicka-gimnazija.hr\/wp-content\/uploads\/2018\/03\/IMG_9798-300x200.jpg 300w, https:\/\/katolicka-gimnazija.hr\/wp-content\/uploads\/2018\/03\/IMG_9798-768x512.jpg 768w, https:\/\/katolicka-gimnazija.hr\/wp-content\/uploads\/2018\/03\/IMG_9798-1024x683.jpg 1024w, https:\/\/katolicka-gimnazija.hr\/wp-content\/uploads\/2018\/03\/IMG_9798-360x240.jpg 360w, https:\/\/katolicka-gimnazija.hr\/wp-content\/uploads\/2018\/03\/IMG_9798-750x500.jpg 750w, https:\/\/katolicka-gimnazija.hr\/wp-content\/uploads\/2018\/03\/IMG_9798-400x267.jpg 400w, https:\/\/katolicka-gimnazija.hr\/wp-content\/uploads\/2018\/03\/IMG_9798-430x287.jpg 430w, https:\/\/katolicka-gimnazija.hr\/wp-content\/uploads\/2018\/03\/IMG_9798-150x100.jpg 150w, https:\/\/katolicka-gimnazija.hr\/wp-content\/uploads\/2018\/03\/IMG_9798-100x67.jpg 100w\" sizes=\"auto, (max-width: 300px) 100vw, 300px\" \/><\/a>\n\t\t\t<\/div><\/figure><figure class='gallery-item'>\n\t\t\t<div class='gallery-icon landscape'>\n\t\t\t\t<a href='https:\/\/katolicka-gimnazija.hr\/wp-content\/uploads\/2018\/03\/IMG_9779.jpg'><img loading=\"lazy\" decoding=\"async\" width=\"300\" height=\"200\" src=\"https:\/\/katolicka-gimnazija.hr\/wp-content\/uploads\/2018\/03\/IMG_9779-300x200.jpg\" class=\"attachment-medium size-medium\" alt=\"\" srcset=\"https:\/\/katolicka-gimnazija.hr\/wp-content\/uploads\/2018\/03\/IMG_9779-300x200.jpg 300w, https:\/\/katolicka-gimnazija.hr\/wp-content\/uploads\/2018\/03\/IMG_9779-768x512.jpg 768w, https:\/\/katolicka-gimnazija.hr\/wp-content\/uploads\/2018\/03\/IMG_9779-1024x683.jpg 1024w, https:\/\/katolicka-gimnazija.hr\/wp-content\/uploads\/2018\/03\/IMG_9779-360x240.jpg 360w, https:\/\/katolicka-gimnazija.hr\/wp-content\/uploads\/2018\/03\/IMG_9779-750x500.jpg 750w, https:\/\/katolicka-gimnazija.hr\/wp-content\/uploads\/2018\/03\/IMG_9779-400x267.jpg 400w, https:\/\/katolicka-gimnazija.hr\/wp-content\/uploads\/2018\/03\/IMG_9779-430x287.jpg 430w, https:\/\/katolicka-gimnazija.hr\/wp-content\/uploads\/2018\/03\/IMG_9779-150x100.jpg 150w, https:\/\/katolicka-gimnazija.hr\/wp-content\/uploads\/2018\/03\/IMG_9779-100x67.jpg 100w\" sizes=\"auto, (max-width: 300px) 100vw, 300px\" \/><\/a>\n\t\t\t<\/div><\/figure><figure class='gallery-item'>\n\t\t\t<div class='gallery-icon portrait'>\n\t\t\t\t<a href='https:\/\/katolicka-gimnazija.hr\/wp-content\/uploads\/2018\/03\/IMG_9869-e1520206500177.jpg'><img loading=\"lazy\" decoding=\"async\" width=\"200\" height=\"300\" src=\"https:\/\/katolicka-gimnazija.hr\/wp-content\/uploads\/2018\/03\/IMG_9869-e1520206500177-200x300.jpg\" class=\"attachment-medium size-medium\" alt=\"\" srcset=\"https:\/\/katolicka-gimnazija.hr\/wp-content\/uploads\/2018\/03\/IMG_9869-e1520206500177-200x300.jpg 200w, https:\/\/katolicka-gimnazija.hr\/wp-content\/uploads\/2018\/03\/IMG_9869-e1520206500177-768x1152.jpg 768w, https:\/\/katolicka-gimnazija.hr\/wp-content\/uploads\/2018\/03\/IMG_9869-e1520206500177-683x1024.jpg 683w, https:\/\/katolicka-gimnazija.hr\/wp-content\/uploads\/2018\/03\/IMG_9869-e1520206500177-360x540.jpg 360w, https:\/\/katolicka-gimnazija.hr\/wp-content\/uploads\/2018\/03\/IMG_9869-e1520206500177-750x1125.jpg 750w, https:\/\/katolicka-gimnazija.hr\/wp-content\/uploads\/2018\/03\/IMG_9869-e1520206500177-400x600.jpg 400w, https:\/\/katolicka-gimnazija.hr\/wp-content\/uploads\/2018\/03\/IMG_9869-e1520206500177-430x645.jpg 430w, https:\/\/katolicka-gimnazija.hr\/wp-content\/uploads\/2018\/03\/IMG_9869-e1520206500177-150x225.jpg 150w, https:\/\/katolicka-gimnazija.hr\/wp-content\/uploads\/2018\/03\/IMG_9869-e1520206500177-100x150.jpg 100w, https:\/\/katolicka-gimnazija.hr\/wp-content\/uploads\/2018\/03\/IMG_9869-e1520206500177.jpg 1500w\" sizes=\"auto, (max-width: 200px) 100vw, 200px\" \/><\/a>\n\t\t\t<\/div><\/figure><figure class='gallery-item'>\n\t\t\t<div class='gallery-icon landscape'>\n\t\t\t\t<a href='https:\/\/katolicka-gimnazija.hr\/wp-content\/uploads\/2018\/03\/IMG_9872.jpg'><img loading=\"lazy\" decoding=\"async\" width=\"300\" height=\"200\" src=\"https:\/\/katolicka-gimnazija.hr\/wp-content\/uploads\/2018\/03\/IMG_9872-300x200.jpg\" class=\"attachment-medium size-medium\" alt=\"\" srcset=\"https:\/\/katolicka-gimnazija.hr\/wp-content\/uploads\/2018\/03\/IMG_9872-300x200.jpg 300w, https:\/\/katolicka-gimnazija.hr\/wp-content\/uploads\/2018\/03\/IMG_9872-768x512.jpg 768w, https:\/\/katolicka-gimnazija.hr\/wp-content\/uploads\/2018\/03\/IMG_9872-1024x683.jpg 1024w, https:\/\/katolicka-gimnazija.hr\/wp-content\/uploads\/2018\/03\/IMG_9872-360x240.jpg 360w, https:\/\/katolicka-gimnazija.hr\/wp-content\/uploads\/2018\/03\/IMG_9872-750x500.jpg 750w, https:\/\/katolicka-gimnazija.hr\/wp-content\/uploads\/2018\/03\/IMG_9872-400x267.jpg 400w, https:\/\/katolicka-gimnazija.hr\/wp-content\/uploads\/2018\/03\/IMG_9872-430x287.jpg 430w, https:\/\/katolicka-gimnazija.hr\/wp-content\/uploads\/2018\/03\/IMG_9872-150x100.jpg 150w, https:\/\/katolicka-gimnazija.hr\/wp-content\/uploads\/2018\/03\/IMG_9872-100x67.jpg 100w\" sizes=\"auto, (max-width: 300px) 100vw, 300px\" \/><\/a>\n\t\t\t<\/div><\/figure><figure class='gallery-item'>\n\t\t\t<div class='gallery-icon landscape'>\n\t\t\t\t<a href='https:\/\/katolicka-gimnazija.hr\/wp-content\/uploads\/2018\/03\/IMG_9662.jpg'><img loading=\"lazy\" decoding=\"async\" width=\"300\" height=\"200\" src=\"https:\/\/katolicka-gimnazija.hr\/wp-content\/uploads\/2018\/03\/IMG_9662-300x200.jpg\" class=\"attachment-medium size-medium\" alt=\"\" srcset=\"https:\/\/katolicka-gimnazija.hr\/wp-content\/uploads\/2018\/03\/IMG_9662-300x200.jpg 300w, https:\/\/katolicka-gimnazija.hr\/wp-content\/uploads\/2018\/03\/IMG_9662-768x512.jpg 768w, https:\/\/katolicka-gimnazija.hr\/wp-content\/uploads\/2018\/03\/IMG_9662-1024x683.jpg 1024w, https:\/\/katolicka-gimnazija.hr\/wp-content\/uploads\/2018\/03\/IMG_9662-360x240.jpg 360w, https:\/\/katolicka-gimnazija.hr\/wp-content\/uploads\/2018\/03\/IMG_9662-750x500.jpg 750w, https:\/\/katolicka-gimnazija.hr\/wp-content\/uploads\/2018\/03\/IMG_9662-400x267.jpg 400w, https:\/\/katolicka-gimnazija.hr\/wp-content\/uploads\/2018\/03\/IMG_9662-430x287.jpg 430w, https:\/\/katolicka-gimnazija.hr\/wp-content\/uploads\/2018\/03\/IMG_9662-150x100.jpg 150w, https:\/\/katolicka-gimnazija.hr\/wp-content\/uploads\/2018\/03\/IMG_9662-100x67.jpg 100w\" sizes=\"auto, (max-width: 300px) 100vw, 300px\" \/><\/a>\n\t\t\t<\/div><\/figure><figure class='gallery-item'>\n\t\t\t<div class='gallery-icon landscape'>\n\t\t\t\t<a href='https:\/\/katolicka-gimnazija.hr\/wp-content\/uploads\/2018\/03\/IMG_9649.jpg'><img loading=\"lazy\" decoding=\"async\" width=\"300\" height=\"200\" src=\"https:\/\/katolicka-gimnazija.hr\/wp-content\/uploads\/2018\/03\/IMG_9649-300x200.jpg\" class=\"attachment-medium size-medium\" alt=\"\" srcset=\"https:\/\/katolicka-gimnazija.hr\/wp-content\/uploads\/2018\/03\/IMG_9649-300x200.jpg 300w, https:\/\/katolicka-gimnazija.hr\/wp-content\/uploads\/2018\/03\/IMG_9649-768x512.jpg 768w, https:\/\/katolicka-gimnazija.hr\/wp-content\/uploads\/2018\/03\/IMG_9649-1024x683.jpg 1024w, https:\/\/katolicka-gimnazija.hr\/wp-content\/uploads\/2018\/03\/IMG_9649-360x240.jpg 360w, https:\/\/katolicka-gimnazija.hr\/wp-content\/uploads\/2018\/03\/IMG_9649-750x500.jpg 750w, https:\/\/katolicka-gimnazija.hr\/wp-content\/uploads\/2018\/03\/IMG_9649-400x267.jpg 400w, https:\/\/katolicka-gimnazija.hr\/wp-content\/uploads\/2018\/03\/IMG_9649-430x287.jpg 430w, https:\/\/katolicka-gimnazija.hr\/wp-content\/uploads\/2018\/03\/IMG_9649-150x100.jpg 150w, https:\/\/katolicka-gimnazija.hr\/wp-content\/uploads\/2018\/03\/IMG_9649-100x67.jpg 100w\" sizes=\"auto, (max-width: 300px) 100vw, 300px\" \/><\/a>\n\t\t\t<\/div><\/figure><figure class='gallery-item'>\n\t\t\t<div class='gallery-icon landscape'>\n\t\t\t\t<a href='https:\/\/katolicka-gimnazija.hr\/wp-content\/uploads\/2018\/03\/IMG_9680.jpg'><img loading=\"lazy\" decoding=\"async\" width=\"300\" height=\"200\" src=\"https:\/\/katolicka-gimnazija.hr\/wp-content\/uploads\/2018\/03\/IMG_9680-300x200.jpg\" class=\"attachment-medium size-medium\" alt=\"\" srcset=\"https:\/\/katolicka-gimnazija.hr\/wp-content\/uploads\/2018\/03\/IMG_9680-300x200.jpg 300w, https:\/\/katolicka-gimnazija.hr\/wp-content\/uploads\/2018\/03\/IMG_9680-768x512.jpg 768w, https:\/\/katolicka-gimnazija.hr\/wp-content\/uploads\/2018\/03\/IMG_9680-1024x683.jpg 1024w, https:\/\/katolicka-gimnazija.hr\/wp-content\/uploads\/2018\/03\/IMG_9680-360x240.jpg 360w, https:\/\/katolicka-gimnazija.hr\/wp-content\/uploads\/2018\/03\/IMG_9680-750x500.jpg 750w, https:\/\/katolicka-gimnazija.hr\/wp-content\/uploads\/2018\/03\/IMG_9680-400x267.jpg 400w, https:\/\/katolicka-gimnazija.hr\/wp-content\/uploads\/2018\/03\/IMG_9680-430x287.jpg 430w, https:\/\/katolicka-gimnazija.hr\/wp-content\/uploads\/2018\/03\/IMG_9680-150x100.jpg 150w, https:\/\/katolicka-gimnazija.hr\/wp-content\/uploads\/2018\/03\/IMG_9680-100x67.jpg 100w\" sizes=\"auto, (max-width: 300px) 100vw, 300px\" \/><\/a>\n\t\t\t<\/div><\/figure>\n\t\t<\/div>\n\n<p>&nbsp;<\/p>\n<p>&nbsp;<\/p>\n<p>&nbsp;<\/p>\n<p>&nbsp;  <\/p>\n","protected":false},"excerpt":{"rendered":"<p>S ciljem pove\u0107anja interesa za u\u010denje fizike, ali i ostalih predmeta iz tzv. STEM podru\u010dja, ve\u0107 se devetu godinu za redom organizira Zimska \u0161kola fizike kojoj je ove godine u Po\u017ee\u0161ko-slavonskoj \u017eupaniji doma\u0107inom bila na\u0161a \u0161kola, a pod pokroviteljstvom Po\u017ee\u0161ko-slavonske \u017eupanije te uz podr\u0161ku Agencije za odgoj i obrazovanje Podru\u017enica Osijek. Okupljanje 70-ak u\u010denika i [&hellip;]<\/p>\n","protected":false},"author":20,"featured_media":12362,"comment_status":"closed","ping_status":"closed","sticky":false,"template":"","format":"standard","meta":{"footnotes":""},"categories":[4,2],"tags":[],"class_list":["post-12353","post","type-post","status-publish","format-standard","has-post-thumbnail","hentry","category-fotogalerije","category-vijesti"],"_links":{"self":[{"href":"https:\/\/katolicka-gimnazija.hr\/index.php\/wp-json\/wp\/v2\/posts\/12353","targetHints":{"allow":["GET"]}}],"collection":[{"href":"https:\/\/katolicka-gimnazija.hr\/index.php\/wp-json\/wp\/v2\/posts"}],"about":[{"href":"https:\/\/katolicka-gimnazija.hr\/index.php\/wp-json\/wp\/v2\/types\/post"}],"author":[{"embeddable":true,"href":"https:\/\/katolicka-gimnazija.hr\/index.php\/wp-json\/wp\/v2\/users\/20"}],"replies":[{"embeddable":true,"href":"https:\/\/katolicka-gimnazija.hr\/index.php\/wp-json\/wp\/v2\/comments?post=12353"}],"version-history":[{"count":4,"href":"https:\/\/katolicka-gimnazija.hr\/index.php\/wp-json\/wp\/v2\/posts\/12353\/revisions"}],"predecessor-version":[{"id":14699,"href":"https:\/\/katolicka-gimnazija.hr\/index.php\/wp-json\/wp\/v2\/posts\/12353\/revisions\/14699"}],"wp:featuredmedia":[{"embeddable":true,"href":"https:\/\/katolicka-gimnazija.hr\/index.php\/wp-json\/wp\/v2\/media\/12362"}],"wp:attachment":[{"href":"https:\/\/katolicka-gimnazija.hr\/index.php\/wp-json\/wp\/v2\/media?parent=12353"}],"wp:term":[{"taxonomy":"category","embeddable":true,"href":"https:\/\/katolicka-gimnazija.hr\/index.php\/wp-json\/wp\/v2\/categories?post=12353"},{"taxonomy":"post_tag","embeddable":true,"href":"https:\/\/katolicka-gimnazija.hr\/index.php\/wp-json\/wp\/v2\/tags?post=12353"}],"curies":[{"name":"wp","href":"https:\/\/api.w.org\/{rel}","templated":true}]}}