{"id":12365,"date":"2018-03-06T09:28:19","date_gmt":"2018-03-06T09:28:19","guid":{"rendered":"http:\/\/katolicka-gimnazija.hr\/?p=12365"},"modified":"2018-12-28T13:25:49","modified_gmt":"2018-12-28T13:25:49","slug":"o-materinskom-jeziku-na-zupanijskoj-razini","status":"publish","type":"post","link":"https:\/\/katolicka-gimnazija.hr\/index.php\/2018\/03\/06\/o-materinskom-jeziku-na-zupanijskoj-razini\/","title":{"rendered":"O MATERINSKOM JEZIKU NA \u017dUPANIJSKOJ RAZINI"},"content":{"rendered":"<div class=\"\" data-block=\"true\" data-editor=\"3eeao\" data-offset-key=\"77f3b-0-0\">\n<div class=\"_1mf _1mj\" style=\"text-align: left;\" data-offset-key=\"77f3b-0-0\"><a href=\"http:\/\/katolicka-gimnazija.hr\/wp-content\/uploads\/2018\/03\/P1020468.jpg\"><img loading=\"lazy\" decoding=\"async\" class=\"alignleft wp-image-12367 size-medium\" src=\"http:\/\/katolicka-gimnazija.hr\/wp-content\/uploads\/2018\/03\/P1020468-300x200.jpg\" alt=\"P1020468\" width=\"300\" height=\"200\" srcset=\"https:\/\/katolicka-gimnazija.hr\/wp-content\/uploads\/2018\/03\/P1020468-300x200.jpg 300w, https:\/\/katolicka-gimnazija.hr\/wp-content\/uploads\/2018\/03\/P1020468-768x512.jpg 768w, https:\/\/katolicka-gimnazija.hr\/wp-content\/uploads\/2018\/03\/P1020468-1024x683.jpg 1024w, https:\/\/katolicka-gimnazija.hr\/wp-content\/uploads\/2018\/03\/P1020468-360x240.jpg 360w, https:\/\/katolicka-gimnazija.hr\/wp-content\/uploads\/2018\/03\/P1020468-750x500.jpg 750w, https:\/\/katolicka-gimnazija.hr\/wp-content\/uploads\/2018\/03\/P1020468-400x267.jpg 400w, https:\/\/katolicka-gimnazija.hr\/wp-content\/uploads\/2018\/03\/P1020468-430x287.jpg 430w, https:\/\/katolicka-gimnazija.hr\/wp-content\/uploads\/2018\/03\/P1020468-150x100.jpg 150w, https:\/\/katolicka-gimnazija.hr\/wp-content\/uploads\/2018\/03\/P1020468-100x67.jpg 100w\" sizes=\"auto, (max-width: 300px) 100vw, 300px\" \/><\/a>U danima kada obilje\u017eavamo dane hrvatskoga jezika odr\u017eana su natjecanja na \u017eupanijskoj razini diljem Hrvatske. Jak\u0161i\u0107 je ve\u0107 petu godinu zaredom doma\u0107in natjecanja u poznavanju gramati\u010dkih, pravopisnih i jezi\u010dnopovijesnih zakonitosti hrvatskoga jezika u Po\u017ee\u0161ko-slavonskoj \u017eupaniji. Predstavnici na\u0161e \u0161kole i ove su se godine vratili s izvrsnim rezultatima u svim kategorijama.<\/div>\n<\/div>\n<div class=\"\" data-block=\"true\" data-editor=\"3eeao\" data-offset-key=\"e5jnr-0-0\">\n<div class=\"_1mf _1mj\" data-offset-key=\"e5jnr-0-0\"><span data-offset-key=\"e5jnr-0-0\"><span data-text=\"true\">U kategoriji prvih razreda odli\u010dno drugo mjesto ostvarila je Lucija Morvaj, a jednako dobar rezultat imala je i Leonarda Zelenika koja je zauzela tre\u0107e mjesto.<\/span><\/span><\/div>\n<\/div>\n<div class=\"\" data-block=\"true\" data-editor=\"3eeao\" data-offset-key=\"4ev70-0-0\">\n<div class=\"_1mf _1mj\" data-offset-key=\"4ev70-0-0\"><span data-offset-key=\"4ev70-0-0\"><span data-text=\"true\">U kategoriji drugih razreda tre\u0107e je mjesto ostvarila Marta Mate\u0161i\u0107.<\/span><\/span><\/div>\n<\/div>\n<div class=\"\" data-block=\"true\" data-editor=\"3eeao\" data-offset-key=\"ft724-0-0\">\n<div class=\"_1mf _1mj\" data-offset-key=\"ft724-0-0\"><span data-offset-key=\"ft724-0-0\"><span data-text=\"true\">Drugo mjesto u kategoriji tre\u0107ih razreda osvojila je Ana \u0160imunovi\u0107, a Valentina Stoj\u010devi\u0107 tre\u0107e mjesto.<\/span><\/span><\/div>\n<\/div>\n<div class=\"\" data-block=\"true\" data-editor=\"3eeao\" data-offset-key=\"b65mm-0-0\">\n<div class=\"_1mf _1mj\" data-offset-key=\"b65mm-0-0\"><span data-offset-key=\"b65mm-0-0\"><span data-text=\"true\">Tre\u0107e mjesto je osvojila i Lea \u0160ulc u kategoriji \u010detvrtih razreda.<\/span><\/span><\/div>\n<\/div>\n<div class=\"\" data-block=\"true\" data-editor=\"3eeao\" data-offset-key=\"148vb-0-0\">\n<div class=\"_1mf _1mj\" data-offset-key=\"148vb-0-0\"><span data-offset-key=\"148vb-0-0\"><span data-text=\"true\">Mentori na\u0161ih 13 predstavnica bili su prof. Marijana \u0106orluka i prof. Miroslav Pauli\u0107.<\/span><\/span><\/div>\n<div class=\"_1mf _1mj\" data-offset-key=\"148vb-0-0\"><a href=\"http:\/\/katolicka-gimnazija.hr\/wp-content\/uploads\/2018\/03\/DSC_5330.jpg\"><img loading=\"lazy\" decoding=\"async\" class=\"alignnone wp-image-12366 size-medium\" src=\"http:\/\/katolicka-gimnazija.hr\/wp-content\/uploads\/2018\/03\/DSC_5330-300x200.jpg\" alt=\"DSC_5330\" width=\"300\" height=\"200\" srcset=\"https:\/\/katolicka-gimnazija.hr\/wp-content\/uploads\/2018\/03\/DSC_5330-300x200.jpg 300w, https:\/\/katolicka-gimnazija.hr\/wp-content\/uploads\/2018\/03\/DSC_5330-768x512.jpg 768w, https:\/\/katolicka-gimnazija.hr\/wp-content\/uploads\/2018\/03\/DSC_5330-1024x683.jpg 1024w, https:\/\/katolicka-gimnazija.hr\/wp-content\/uploads\/2018\/03\/DSC_5330-360x240.jpg 360w, https:\/\/katolicka-gimnazija.hr\/wp-content\/uploads\/2018\/03\/DSC_5330-750x500.jpg 750w, https:\/\/katolicka-gimnazija.hr\/wp-content\/uploads\/2018\/03\/DSC_5330-400x267.jpg 400w, https:\/\/katolicka-gimnazija.hr\/wp-content\/uploads\/2018\/03\/DSC_5330-430x287.jpg 430w, https:\/\/katolicka-gimnazija.hr\/wp-content\/uploads\/2018\/03\/DSC_5330-150x100.jpg 150w, https:\/\/katolicka-gimnazija.hr\/wp-content\/uploads\/2018\/03\/DSC_5330-100x67.jpg 100w\" sizes=\"auto, (max-width: 300px) 100vw, 300px\" \/><\/a><\/div>\n<\/div>\n","protected":false},"excerpt":{"rendered":"<p>U danima kada obilje\u017eavamo dane hrvatskoga jezika odr\u017eana su natjecanja na \u017eupanijskoj razini diljem Hrvatske. Jak\u0161i\u0107 je ve\u0107 petu godinu zaredom doma\u0107in natjecanja u poznavanju gramati\u010dkih, pravopisnih i jezi\u010dnopovijesnih zakonitosti hrvatskoga jezika u Po\u017ee\u0161ko-slavonskoj \u017eupaniji. Predstavnici na\u0161e \u0161kole i ove su se godine vratili s izvrsnim rezultatima u svim kategorijama. U kategoriji prvih razreda odli\u010dno [&hellip;]<\/p>\n","protected":false},"author":2,"featured_media":12367,"comment_status":"closed","ping_status":"closed","sticky":false,"template":"","format":"standard","meta":{"footnotes":""},"categories":[2],"tags":[],"class_list":["post-12365","post","type-post","status-publish","format-standard","has-post-thumbnail","hentry","category-vijesti"],"_links":{"self":[{"href":"https:\/\/katolicka-gimnazija.hr\/index.php\/wp-json\/wp\/v2\/posts\/12365","targetHints":{"allow":["GET"]}}],"collection":[{"href":"https:\/\/katolicka-gimnazija.hr\/index.php\/wp-json\/wp\/v2\/posts"}],"about":[{"href":"https:\/\/katolicka-gimnazija.hr\/index.php\/wp-json\/wp\/v2\/types\/post"}],"author":[{"embeddable":true,"href":"https:\/\/katolicka-gimnazija.hr\/index.php\/wp-json\/wp\/v2\/users\/2"}],"replies":[{"embeddable":true,"href":"https:\/\/katolicka-gimnazija.hr\/index.php\/wp-json\/wp\/v2\/comments?post=12365"}],"version-history":[{"count":3,"href":"https:\/\/katolicka-gimnazija.hr\/index.php\/wp-json\/wp\/v2\/posts\/12365\/revisions"}],"predecessor-version":[{"id":14698,"href":"https:\/\/katolicka-gimnazija.hr\/index.php\/wp-json\/wp\/v2\/posts\/12365\/revisions\/14698"}],"wp:featuredmedia":[{"embeddable":true,"href":"https:\/\/katolicka-gimnazija.hr\/index.php\/wp-json\/wp\/v2\/media\/12367"}],"wp:attachment":[{"href":"https:\/\/katolicka-gimnazija.hr\/index.php\/wp-json\/wp\/v2\/media?parent=12365"}],"wp:term":[{"taxonomy":"category","embeddable":true,"href":"https:\/\/katolicka-gimnazija.hr\/index.php\/wp-json\/wp\/v2\/categories?post=12365"},{"taxonomy":"post_tag","embeddable":true,"href":"https:\/\/katolicka-gimnazija.hr\/index.php\/wp-json\/wp\/v2\/tags?post=12365"}],"curies":[{"name":"wp","href":"https:\/\/api.w.org\/{rel}","templated":true}]}}