{"id":12460,"date":"2018-03-12T15:55:25","date_gmt":"2018-03-12T15:55:25","guid":{"rendered":"http:\/\/katolicka-gimnazija.hr\/?p=12460"},"modified":"2018-12-28T13:24:34","modified_gmt":"2018-12-28T13:24:34","slug":"330-spomen-bitke-na-sokolovcu","status":"publish","type":"post","link":"https:\/\/katolicka-gimnazija.hr\/index.php\/2018\/03\/12\/330-spomen-bitke-na-sokolovcu\/","title":{"rendered":"330. spomen bitke na Sokolovcu"},"content":{"rendered":"<p><a href=\"http:\/\/katolicka-gimnazija.hr\/wp-content\/uploads\/2018\/03\/0b1ad7a7b79268a1f4558db78e092446_XL.jpg\" rel=\"attachment wp-att-12461\"><img loading=\"lazy\" decoding=\"async\" class=\"alignleft size-medium wp-image-12461\" src=\"http:\/\/katolicka-gimnazija.hr\/wp-content\/uploads\/2018\/03\/0b1ad7a7b79268a1f4558db78e092446_XL-300x187.jpg\" alt=\"0b1ad7a7b79268a1f4558db78e092446_XL\" width=\"300\" height=\"187\" srcset=\"https:\/\/katolicka-gimnazija.hr\/wp-content\/uploads\/2018\/03\/0b1ad7a7b79268a1f4558db78e092446_XL-300x187.jpg 300w, https:\/\/katolicka-gimnazija.hr\/wp-content\/uploads\/2018\/03\/0b1ad7a7b79268a1f4558db78e092446_XL-768x478.jpg 768w, https:\/\/katolicka-gimnazija.hr\/wp-content\/uploads\/2018\/03\/0b1ad7a7b79268a1f4558db78e092446_XL-360x224.jpg 360w, https:\/\/katolicka-gimnazija.hr\/wp-content\/uploads\/2018\/03\/0b1ad7a7b79268a1f4558db78e092446_XL-750x467.jpg 750w, https:\/\/katolicka-gimnazija.hr\/wp-content\/uploads\/2018\/03\/0b1ad7a7b79268a1f4558db78e092446_XL-400x249.jpg 400w, https:\/\/katolicka-gimnazija.hr\/wp-content\/uploads\/2018\/03\/0b1ad7a7b79268a1f4558db78e092446_XL-430x268.jpg 430w, https:\/\/katolicka-gimnazija.hr\/wp-content\/uploads\/2018\/03\/0b1ad7a7b79268a1f4558db78e092446_XL-150x93.jpg 150w, https:\/\/katolicka-gimnazija.hr\/wp-content\/uploads\/2018\/03\/0b1ad7a7b79268a1f4558db78e092446_XL-100x62.jpg 100w, https:\/\/katolicka-gimnazija.hr\/wp-content\/uploads\/2018\/03\/0b1ad7a7b79268a1f4558db78e092446_XL.jpg 800w\" sizes=\"auto, (max-width: 300px) 100vw, 300px\" \/><\/a>NA\u0160EM STAROM GRADU \u010cESTITAMO 330. OBLJETNICU OSLOBO\u0110ENJA OD TURAKA POD VODSTVOM fravLUKE IBRI\u0160IMOVI\u0106A 16. o\u017eujka 1688., A SVIM GRA\u0110ANIMA \u010cESTITAMO DAN GRADA!  <\/p>\n","protected":false},"excerpt":{"rendered":"<p>NA\u0160EM STAROM GRADU \u010cESTITAMO 330. OBLJETNICU OSLOBO\u0110ENJA OD TURAKA POD VODSTVOM fravLUKE IBRI\u0160IMOVI\u0106A 16. o\u017eujka 1688., A SVIM GRA\u0110ANIMA \u010cESTITAMO DAN GRADA!<\/p>\n","protected":false},"author":2,"featured_media":12461,"comment_status":"closed","ping_status":"closed","sticky":false,"template":"","format":"standard","meta":{"footnotes":""},"categories":[2],"tags":[],"class_list":["post-12460","post","type-post","status-publish","format-standard","has-post-thumbnail","hentry","category-vijesti"],"_links":{"self":[{"href":"https:\/\/katolicka-gimnazija.hr\/index.php\/wp-json\/wp\/v2\/posts\/12460","targetHints":{"allow":["GET"]}}],"collection":[{"href":"https:\/\/katolicka-gimnazija.hr\/index.php\/wp-json\/wp\/v2\/posts"}],"about":[{"href":"https:\/\/katolicka-gimnazija.hr\/index.php\/wp-json\/wp\/v2\/types\/post"}],"author":[{"embeddable":true,"href":"https:\/\/katolicka-gimnazija.hr\/index.php\/wp-json\/wp\/v2\/users\/2"}],"replies":[{"embeddable":true,"href":"https:\/\/katolicka-gimnazija.hr\/index.php\/wp-json\/wp\/v2\/comments?post=12460"}],"version-history":[{"count":4,"href":"https:\/\/katolicka-gimnazija.hr\/index.php\/wp-json\/wp\/v2\/posts\/12460\/revisions"}],"predecessor-version":[{"id":14693,"href":"https:\/\/katolicka-gimnazija.hr\/index.php\/wp-json\/wp\/v2\/posts\/12460\/revisions\/14693"}],"wp:featuredmedia":[{"embeddable":true,"href":"https:\/\/katolicka-gimnazija.hr\/index.php\/wp-json\/wp\/v2\/media\/12461"}],"wp:attachment":[{"href":"https:\/\/katolicka-gimnazija.hr\/index.php\/wp-json\/wp\/v2\/media?parent=12460"}],"wp:term":[{"taxonomy":"category","embeddable":true,"href":"https:\/\/katolicka-gimnazija.hr\/index.php\/wp-json\/wp\/v2\/categories?post=12460"},{"taxonomy":"post_tag","embeddable":true,"href":"https:\/\/katolicka-gimnazija.hr\/index.php\/wp-json\/wp\/v2\/tags?post=12460"}],"curies":[{"name":"wp","href":"https:\/\/api.w.org\/{rel}","templated":true}]}}