{"id":12509,"date":"2018-03-13T21:37:04","date_gmt":"2018-03-13T21:37:04","guid":{"rendered":"http:\/\/katolicka-gimnazija.hr\/?p=12509"},"modified":"2018-12-28T13:24:01","modified_gmt":"2018-12-28T13:24:01","slug":"papin-dan","status":"publish","type":"post","link":"https:\/\/katolicka-gimnazija.hr\/index.php\/2018\/03\/13\/papin-dan\/","title":{"rendered":"Papin dan"},"content":{"rendered":"<p><a href=\"http:\/\/katolicka-gimnazija.hr\/wp-content\/uploads\/2018\/03\/DSC_7695.jpg\"><img loading=\"lazy\" decoding=\"async\" class=\"alignleft wp-image-12513 size-medium\" src=\"http:\/\/katolicka-gimnazija.hr\/wp-content\/uploads\/2018\/03\/DSC_7695-300x200.jpg\" alt=\"DSC_7695\" width=\"300\" height=\"200\" srcset=\"https:\/\/katolicka-gimnazija.hr\/wp-content\/uploads\/2018\/03\/DSC_7695-300x200.jpg 300w, https:\/\/katolicka-gimnazija.hr\/wp-content\/uploads\/2018\/03\/DSC_7695-768x512.jpg 768w, https:\/\/katolicka-gimnazija.hr\/wp-content\/uploads\/2018\/03\/DSC_7695-1024x683.jpg 1024w, https:\/\/katolicka-gimnazija.hr\/wp-content\/uploads\/2018\/03\/DSC_7695-360x240.jpg 360w, https:\/\/katolicka-gimnazija.hr\/wp-content\/uploads\/2018\/03\/DSC_7695-750x500.jpg 750w, https:\/\/katolicka-gimnazija.hr\/wp-content\/uploads\/2018\/03\/DSC_7695-400x267.jpg 400w, https:\/\/katolicka-gimnazija.hr\/wp-content\/uploads\/2018\/03\/DSC_7695-430x287.jpg 430w, https:\/\/katolicka-gimnazija.hr\/wp-content\/uploads\/2018\/03\/DSC_7695-150x100.jpg 150w, https:\/\/katolicka-gimnazija.hr\/wp-content\/uploads\/2018\/03\/DSC_7695-100x67.jpg 100w\" sizes=\"auto, (max-width: 300px) 100vw, 300px\" \/><\/a>Na dana\u0161nji dam, 13. o\u017eujka, u \u010ditavom katoli\u010dkom svijetu obilje\u017eava se Papin dan. Ujedno se veselimo i petoj godini pontifikata pape Franje. Tim su povodom u\u010denici Leon Romi\u0107, Paula Kosac, Gabrijel Marovi\u0107 i Iva Budimir, u suradnji s prof. Josipom Kati\u0107em, prezentacijom s temama o prvom papi &#8211; sv. Petru, papi Franji i obilje\u017ejima Vatikana u\u010denicima Katoli\u010dke gimnazije \u017eeljeli pribli\u017eiti instituciju i osobu pastira \u010ditave Katoli\u010dke Crkve na zemlji.<\/p>\n<p>Pi\u0161e: Iva Budimir  <\/p>\n","protected":false},"excerpt":{"rendered":"<p>Na dana\u0161nji dam, 13. o\u017eujka, u \u010ditavom katoli\u010dkom svijetu obilje\u017eava se Papin dan. Ujedno se veselimo i petoj godini pontifikata pape Franje. Tim su povodom u\u010denici Leon Romi\u0107, Paula Kosac, Gabrijel Marovi\u0107 i Iva Budimir, u suradnji s prof. Josipom Kati\u0107em, prezentacijom s temama o prvom papi &#8211; sv. Petru, papi Franji i obilje\u017ejima Vatikana [&hellip;]<\/p>\n","protected":false},"author":1,"featured_media":12512,"comment_status":"closed","ping_status":"closed","sticky":false,"template":"","format":"standard","meta":{"footnotes":""},"categories":[2],"tags":[],"class_list":["post-12509","post","type-post","status-publish","format-standard","has-post-thumbnail","hentry","category-vijesti"],"_links":{"self":[{"href":"https:\/\/katolicka-gimnazija.hr\/index.php\/wp-json\/wp\/v2\/posts\/12509","targetHints":{"allow":["GET"]}}],"collection":[{"href":"https:\/\/katolicka-gimnazija.hr\/index.php\/wp-json\/wp\/v2\/posts"}],"about":[{"href":"https:\/\/katolicka-gimnazija.hr\/index.php\/wp-json\/wp\/v2\/types\/post"}],"author":[{"embeddable":true,"href":"https:\/\/katolicka-gimnazija.hr\/index.php\/wp-json\/wp\/v2\/users\/1"}],"replies":[{"embeddable":true,"href":"https:\/\/katolicka-gimnazija.hr\/index.php\/wp-json\/wp\/v2\/comments?post=12509"}],"version-history":[{"count":2,"href":"https:\/\/katolicka-gimnazija.hr\/index.php\/wp-json\/wp\/v2\/posts\/12509\/revisions"}],"predecessor-version":[{"id":14691,"href":"https:\/\/katolicka-gimnazija.hr\/index.php\/wp-json\/wp\/v2\/posts\/12509\/revisions\/14691"}],"wp:featuredmedia":[{"embeddable":true,"href":"https:\/\/katolicka-gimnazija.hr\/index.php\/wp-json\/wp\/v2\/media\/12512"}],"wp:attachment":[{"href":"https:\/\/katolicka-gimnazija.hr\/index.php\/wp-json\/wp\/v2\/media?parent=12509"}],"wp:term":[{"taxonomy":"category","embeddable":true,"href":"https:\/\/katolicka-gimnazija.hr\/index.php\/wp-json\/wp\/v2\/categories?post=12509"},{"taxonomy":"post_tag","embeddable":true,"href":"https:\/\/katolicka-gimnazija.hr\/index.php\/wp-json\/wp\/v2\/tags?post=12509"}],"curies":[{"name":"wp","href":"https:\/\/api.w.org\/{rel}","templated":true}]}}