{"id":12526,"date":"2018-03-20T09:19:13","date_gmt":"2018-03-20T09:19:13","guid":{"rendered":"http:\/\/katolicka-gimnazija.hr\/?p=12526"},"modified":"2018-12-28T13:23:11","modified_gmt":"2018-12-28T13:23:11","slug":"statisticka-olimpijada-u-nasoj-skoli","status":"publish","type":"post","link":"https:\/\/katolicka-gimnazija.hr\/index.php\/2018\/03\/20\/statisticka-olimpijada-u-nasoj-skoli\/","title":{"rendered":"Statisti\u010dka olimpijada u na\u0161oj \u0161koli"},"content":{"rendered":"<p>Europsko statisti\u010dko natjecanje je natjecanje u organizaciji Eurostata i Dr\u017eavnog zavoda za statistiku sa svrhom promicanja statisti\u010dke pismenosti me\u0111u srednjo\u0161kolcima.<\/p>\n<p>Prvi puta se ovakva vrsta natjecanja provodi u na\u0161oj dr\u017eavi. Natjecanje se sastoji od dvije faze, nacionalne i europske, koje se odr\u017eavaju tijekom teku\u0107e \u0161kolske godine, a provodi se u dvjema kategorijama: kategorija B za u\u010denike 1. i 2. razreda srednje \u0161kole i kategorija A za u\u010denike 3. i 4. razreda srednje \u0161kole.<\/p>\n<p>Na\u0161a \u0161kola sudjeluje na olimpijadi s dvije ekipe u kategoriji A. Ekipu <em>Heureka<\/em> \u010dine u\u010denici Leon Fogadi\u0107, Anita Rotar i Domagaj Zubovi\u0107, a u ekipi <em>Vitae<\/em> su u\u010denici Antonio Kljaji\u0107 i Mijo Radi\u0107. Mentorica obiju ekipa je profesorica Katarina Soldo Obu\u0107ina.<\/p>\n<p><a href=\"http:\/\/katolicka-gimnazija.hr\/wp-content\/uploads\/2018\/03\/DSC_8732.jpg\"><img loading=\"lazy\" decoding=\"async\" class=\"alignright wp-image-12528 size-medium\" src=\"http:\/\/katolicka-gimnazija.hr\/wp-content\/uploads\/2018\/03\/DSC_8732-300x200.jpg\" alt=\"DSC_8732\" width=\"300\" height=\"200\" srcset=\"https:\/\/katolicka-gimnazija.hr\/wp-content\/uploads\/2018\/03\/DSC_8732-300x200.jpg 300w, https:\/\/katolicka-gimnazija.hr\/wp-content\/uploads\/2018\/03\/DSC_8732-768x512.jpg 768w, https:\/\/katolicka-gimnazija.hr\/wp-content\/uploads\/2018\/03\/DSC_8732-1024x683.jpg 1024w, https:\/\/katolicka-gimnazija.hr\/wp-content\/uploads\/2018\/03\/DSC_8732-360x240.jpg 360w, https:\/\/katolicka-gimnazija.hr\/wp-content\/uploads\/2018\/03\/DSC_8732-750x500.jpg 750w, https:\/\/katolicka-gimnazija.hr\/wp-content\/uploads\/2018\/03\/DSC_8732-400x267.jpg 400w, https:\/\/katolicka-gimnazija.hr\/wp-content\/uploads\/2018\/03\/DSC_8732-430x287.jpg 430w, https:\/\/katolicka-gimnazija.hr\/wp-content\/uploads\/2018\/03\/DSC_8732-150x100.jpg 150w, https:\/\/katolicka-gimnazija.hr\/wp-content\/uploads\/2018\/03\/DSC_8732-100x67.jpg 100w\" sizes=\"auto, (max-width: 300px) 100vw, 300px\" \/><\/a>Trenuta\u010dno je zavr\u0161ila nacionalna faza natjecanja koja se odvijala u dva kruga.<br \/>\nU prvom krugu natjecanja trebalo je rije\u0161iti tri ispita (ispit op\u0107eg znanja, ispit iz kori\u0161tenja izvora slu\u017ebenih statisti\u010dkih podataka i ispit razumijevanja statisti\u010dkog teksta). Ekipa <em>Vitae<\/em> je uspje\u0161no zavr\u0161ila prvi krug te stekla uvjete za drugi krug natjecanja. U drugom krugu trebalo je analizirati podatke iz jednog statisti\u010dkog istra\u017eivanja i izraditi prezentaciju u skladu s definiranim pravilima. Ekipa je predala svoj uradak, a progla\u0161enje nacionalnog pobjednika bit \u0107e 6. travnja 2018. i tada \u0107emo saznati tko \u0107e u\u0107i u europsku fazu natjecanja.<\/p>\n<p>U europskoj fazi <em>Statisti\u010dke olimpijade<\/em> mogu sudjelovati pobjedni\u010dke ekipe i dvoje finalista iz obje kategorije nacionalne faze. Zadatak u europskoj fazi priprema je videa na temu <em>\u201eZa\u0161to je slu\u017ebena statistika va\u017ena u na\u0161em dru\u0161tvu?\u201c<\/em>.<\/p>\n<p>Europsko statisti\u010dko natjecanje zavr\u0161ava sve\u010danom dodjelom nagrada na <em>Europskoj konferenciji o kvaliteti slu\u017ebene statistike<\/em> koja \u0107e se odr\u017eati u Krakovu (Poljska) od 26. do 29. lipnja 2018.<\/p>\n<p>Na kraju s ponosom mo\u017eemo \u010destitati na\u0161im u\u010denicima koji su se odva\u017eili sudjelovati na <em>Statisti\u010dkoj olimpijadi<\/em> i tako promovirati na\u0161u \u0161kolu!  <\/p>\n","protected":false},"excerpt":{"rendered":"<p>Europsko statisti\u010dko natjecanje je natjecanje u organizaciji Eurostata i Dr\u017eavnog zavoda za statistiku sa svrhom promicanja statisti\u010dke pismenosti me\u0111u srednjo\u0161kolcima. Prvi puta se ovakva vrsta natjecanja provodi u na\u0161oj dr\u017eavi. Natjecanje se sastoji od dvije faze, nacionalne i europske, koje se odr\u017eavaju tijekom teku\u0107e \u0161kolske godine, a provodi se u dvjema kategorijama: kategorija B za [&hellip;]<\/p>\n","protected":false},"author":5,"featured_media":12527,"comment_status":"closed","ping_status":"closed","sticky":false,"template":"","format":"standard","meta":{"footnotes":""},"categories":[2],"tags":[],"class_list":["post-12526","post","type-post","status-publish","format-standard","has-post-thumbnail","hentry","category-vijesti"],"_links":{"self":[{"href":"https:\/\/katolicka-gimnazija.hr\/index.php\/wp-json\/wp\/v2\/posts\/12526","targetHints":{"allow":["GET"]}}],"collection":[{"href":"https:\/\/katolicka-gimnazija.hr\/index.php\/wp-json\/wp\/v2\/posts"}],"about":[{"href":"https:\/\/katolicka-gimnazija.hr\/index.php\/wp-json\/wp\/v2\/types\/post"}],"author":[{"embeddable":true,"href":"https:\/\/katolicka-gimnazija.hr\/index.php\/wp-json\/wp\/v2\/users\/5"}],"replies":[{"embeddable":true,"href":"https:\/\/katolicka-gimnazija.hr\/index.php\/wp-json\/wp\/v2\/comments?post=12526"}],"version-history":[{"count":2,"href":"https:\/\/katolicka-gimnazija.hr\/index.php\/wp-json\/wp\/v2\/posts\/12526\/revisions"}],"predecessor-version":[{"id":14688,"href":"https:\/\/katolicka-gimnazija.hr\/index.php\/wp-json\/wp\/v2\/posts\/12526\/revisions\/14688"}],"wp:featuredmedia":[{"embeddable":true,"href":"https:\/\/katolicka-gimnazija.hr\/index.php\/wp-json\/wp\/v2\/media\/12527"}],"wp:attachment":[{"href":"https:\/\/katolicka-gimnazija.hr\/index.php\/wp-json\/wp\/v2\/media?parent=12526"}],"wp:term":[{"taxonomy":"category","embeddable":true,"href":"https:\/\/katolicka-gimnazija.hr\/index.php\/wp-json\/wp\/v2\/categories?post=12526"},{"taxonomy":"post_tag","embeddable":true,"href":"https:\/\/katolicka-gimnazija.hr\/index.php\/wp-json\/wp\/v2\/tags?post=12526"}],"curies":[{"name":"wp","href":"https:\/\/api.w.org\/{rel}","templated":true}]}}