{"id":12531,"date":"2018-03-22T11:18:49","date_gmt":"2018-03-22T11:18:49","guid":{"rendered":"http:\/\/katolicka-gimnazija.hr\/?p=12531"},"modified":"2018-12-28T13:22:14","modified_gmt":"2018-12-28T13:22:14","slug":"filozofija-o-ljubavi-i-prijateljstvu","status":"publish","type":"post","link":"https:\/\/katolicka-gimnazija.hr\/index.php\/2018\/03\/22\/filozofija-o-ljubavi-i-prijateljstvu\/","title":{"rendered":"Filozofija o ljubavi i prijateljstvu"},"content":{"rendered":"<p><a href=\"http:\/\/katolicka-gimnazija.hr\/wp-content\/uploads\/2018\/03\/29511301_1488931474567189_7332209107912359936_n.jpg\"><img loading=\"lazy\" decoding=\"async\" class=\"alignright wp-image-12532 size-medium\" src=\"http:\/\/katolicka-gimnazija.hr\/wp-content\/uploads\/2018\/03\/29511301_1488931474567189_7332209107912359936_n-e1521717455806-220x300.jpg\" alt=\"29511301_1488931474567189_7332209107912359936_n\" width=\"220\" height=\"300\" srcset=\"https:\/\/katolicka-gimnazija.hr\/wp-content\/uploads\/2018\/03\/29511301_1488931474567189_7332209107912359936_n-e1521717455806-220x300.jpg 220w, https:\/\/katolicka-gimnazija.hr\/wp-content\/uploads\/2018\/03\/29511301_1488931474567189_7332209107912359936_n-e1521717455806-360x491.jpg 360w, https:\/\/katolicka-gimnazija.hr\/wp-content\/uploads\/2018\/03\/29511301_1488931474567189_7332209107912359936_n-e1521717455806-150x204.jpg 150w, https:\/\/katolicka-gimnazija.hr\/wp-content\/uploads\/2018\/03\/29511301_1488931474567189_7332209107912359936_n-e1521717455806-100x136.jpg 100w, https:\/\/katolicka-gimnazija.hr\/wp-content\/uploads\/2018\/03\/29511301_1488931474567189_7332209107912359936_n-e1521717455806.jpg 391w\" sizes=\"auto, (max-width: 220px) 100vw, 220px\" \/><\/a>Maturanti Katoli\u010dke gimnazije Bruno \u010ci\u010dek i Anita Rotar sudjelovali su na Me\u0111u\u017eupanijskom natjecanju iz filozofije koje se odr\u017ealo u II. gimnaziji u Osijeku. Na\u0161i su filozofi na temu <em>Ljubav i prijateljstvo<\/em> pisali test u kojemu su pokazali poznavanje povijesti filozofije od srednjega vijeka do Kanta i poznavanje pojmova koji su se odnosili na filozofske tekstove koje su ranije sa svojim mentorom prof. Stefanom Bunjevcem prou\u010davali. Drugi dio natjecanja sastojao se od pisanja filozofskog eseja kojim su u\u010denici pokazali svoje poznavanje i razumijevanje filozofskih tekstova Karla Marxa, Michela de Montaignea, Barucha de Spinoze, Immanuela Kanta, S\u00f6rena Kierkegaarda i Friedricha Nietzchea. U \u017eestokoj konkurenciji od 39 u\u010denika, na\u0161i su u\u010denici ostvarili odli\u010dno 8. i 26. mjesto.  <\/p>\n","protected":false},"excerpt":{"rendered":"<p>Maturanti Katoli\u010dke gimnazije Bruno \u010ci\u010dek i Anita Rotar sudjelovali su na Me\u0111u\u017eupanijskom natjecanju iz filozofije koje se odr\u017ealo u II. gimnaziji u Osijeku. Na\u0161i su filozofi na temu Ljubav i prijateljstvo pisali test u kojemu su pokazali poznavanje povijesti filozofije od srednjega vijeka do Kanta i poznavanje pojmova koji su se odnosili na filozofske tekstove [&hellip;]<\/p>\n","protected":false},"author":2,"featured_media":12533,"comment_status":"closed","ping_status":"closed","sticky":false,"template":"","format":"standard","meta":{"footnotes":""},"categories":[2],"tags":[],"class_list":["post-12531","post","type-post","status-publish","format-standard","has-post-thumbnail","hentry","category-vijesti"],"_links":{"self":[{"href":"https:\/\/katolicka-gimnazija.hr\/index.php\/wp-json\/wp\/v2\/posts\/12531","targetHints":{"allow":["GET"]}}],"collection":[{"href":"https:\/\/katolicka-gimnazija.hr\/index.php\/wp-json\/wp\/v2\/posts"}],"about":[{"href":"https:\/\/katolicka-gimnazija.hr\/index.php\/wp-json\/wp\/v2\/types\/post"}],"author":[{"embeddable":true,"href":"https:\/\/katolicka-gimnazija.hr\/index.php\/wp-json\/wp\/v2\/users\/2"}],"replies":[{"embeddable":true,"href":"https:\/\/katolicka-gimnazija.hr\/index.php\/wp-json\/wp\/v2\/comments?post=12531"}],"version-history":[{"count":2,"href":"https:\/\/katolicka-gimnazija.hr\/index.php\/wp-json\/wp\/v2\/posts\/12531\/revisions"}],"predecessor-version":[{"id":14687,"href":"https:\/\/katolicka-gimnazija.hr\/index.php\/wp-json\/wp\/v2\/posts\/12531\/revisions\/14687"}],"wp:featuredmedia":[{"embeddable":true,"href":"https:\/\/katolicka-gimnazija.hr\/index.php\/wp-json\/wp\/v2\/media\/12533"}],"wp:attachment":[{"href":"https:\/\/katolicka-gimnazija.hr\/index.php\/wp-json\/wp\/v2\/media?parent=12531"}],"wp:term":[{"taxonomy":"category","embeddable":true,"href":"https:\/\/katolicka-gimnazija.hr\/index.php\/wp-json\/wp\/v2\/categories?post=12531"},{"taxonomy":"post_tag","embeddable":true,"href":"https:\/\/katolicka-gimnazija.hr\/index.php\/wp-json\/wp\/v2\/tags?post=12531"}],"curies":[{"name":"wp","href":"https:\/\/api.w.org\/{rel}","templated":true}]}}