{"id":12536,"date":"2018-03-22T20:09:17","date_gmt":"2018-03-22T20:09:17","guid":{"rendered":"http:\/\/katolicka-gimnazija.hr\/?p=12536"},"modified":"2018-12-28T13:19:46","modified_gmt":"2018-12-28T13:19:46","slug":"i-to-je-pozega-big-band-pozega","status":"publish","type":"post","link":"https:\/\/katolicka-gimnazija.hr\/index.php\/2018\/03\/22\/i-to-je-pozega-big-band-pozega\/","title":{"rendered":"I to je Po\u017eega &#8211; Big Band Po\u017eega"},"content":{"rendered":"<p>&nbsp;<\/p>\n<p style=\"text-align: center;\"><strong>I to je Po\u017eega<\/strong><\/p>\n<p style=\"text-align: center;\"><strong>Big Band Po\u017eega<\/strong><\/p>\n<p style=\"text-align: center;\"><strong>Intervju sa Zvjezdanom Zvekijem Marjanovi\u0107em<\/strong><\/p>\n<p style=\"text-align: left;\">Razgovarale: Lucija Morvaj i Leonarda Zelenika<\/p>\n<p style=\"text-align: left;\">Foto: Karlo Bleiziffer i fotke s mre\u017ee<\/p>\n<p style=\"text-align: left;\">Populisti\u010dki mediji, lokalni ili dr\u017eavni, prepuni populisti\u010dkih i banalnih vijesti, optu\u017eivanja i prepucavanja, prepotentnih izjava i bizarnih likova umaraju i najdobronamjernijeg \u010ditatelja, a zasigurno ne privla\u010de, ne zadr\u017eavaju i odgajaju prosje\u010dno (obrazovano i odgojno) zahtjevnog \u010ditatelja. Da Po\u017eegu ne\u0161to mo\u017ee predstavljati i u ljep\u0161em svjetlu, dokaz su ovi entuzijasti koji ve\u0107 \u0161estu godinu\u00a0diljem Hrvatske i regije na\u0161 grad predstavljaju i to u najljep\u0161em i k tome najveselijem svjetlu.\u00a0Radi se, naravno, o Big Bandu Po\u017eega koji ve\u0107 tradicionalno organizira ro\u0111endanski koncert kojim svoj rad predstavlja po\u017ee\u0161koj publici. Zanimalo nas je kakav je to doga\u0111aj za koji se tra\u017ei karta vi\u0161e, pa smo odgovore odlu\u010dili potra\u017eiti kod jednog od osniva\u010da i voditelja Big Banda Po\u017eega Zvjezdana Zvekija Marjanovi\u0107a.<\/p>\n<ul>\n<li><a href=\"http:\/\/katolicka-gimnazija.hr\/wp-content\/uploads\/2018\/03\/DSC_8601.jpg\"><img loading=\"lazy\" decoding=\"async\" class=\"alignright wp-image-12537 size-medium\" src=\"http:\/\/katolicka-gimnazija.hr\/wp-content\/uploads\/2018\/03\/DSC_8601-300x200.jpg\" alt=\"DSC_8601\" width=\"300\" height=\"200\" srcset=\"https:\/\/katolicka-gimnazija.hr\/wp-content\/uploads\/2018\/03\/DSC_8601-300x200.jpg 300w, https:\/\/katolicka-gimnazija.hr\/wp-content\/uploads\/2018\/03\/DSC_8601-768x512.jpg 768w, https:\/\/katolicka-gimnazija.hr\/wp-content\/uploads\/2018\/03\/DSC_8601-1024x683.jpg 1024w, https:\/\/katolicka-gimnazija.hr\/wp-content\/uploads\/2018\/03\/DSC_8601-360x240.jpg 360w, https:\/\/katolicka-gimnazija.hr\/wp-content\/uploads\/2018\/03\/DSC_8601-750x500.jpg 750w, https:\/\/katolicka-gimnazija.hr\/wp-content\/uploads\/2018\/03\/DSC_8601-400x267.jpg 400w, https:\/\/katolicka-gimnazija.hr\/wp-content\/uploads\/2018\/03\/DSC_8601-430x287.jpg 430w, https:\/\/katolicka-gimnazija.hr\/wp-content\/uploads\/2018\/03\/DSC_8601-150x100.jpg 150w, https:\/\/katolicka-gimnazija.hr\/wp-content\/uploads\/2018\/03\/DSC_8601-100x67.jpg 100w\" sizes=\"auto, (max-width: 300px) 100vw, 300px\" \/><\/a>Gospodine Marjanovi\u0107, u subotu je pred po\u017ee\u0161kom publikom u ve\u0107 odavno rasprodanom kazali\u0161tu novi koncert Big Banda Po\u017eega koji organizirate kao svoj ro\u0111endanski koncert, ali i svojevrsni poklon povodom Dana Grada. Budu\u0107i da su na\u0161i \u010ditatelji uglavnom ne\u0161to mla\u0111i nara\u0161taji, htjeli smo im pribli\u017eiti o kakvom se doga\u0111aju radi. Pa mo\u017eete li nam ukratko re\u0107i o kakvom se to doga\u0111aju radi za koji se tra\u017ei karta vi\u0161e?<\/li>\n<\/ul>\n<p>Bila je opcija da se koncert odr\u017ei u petak, me\u0111utim, zbog gostiju koji dolaze sa strane najjednostavnije nam je to napraviti u subotu jer su taj dan zapravo svi slobodni. Dolaze nam ljudi iz \u010ditave Hrvatske, a imamo jo\u0161 i nekoliko izvo\u0111a\u010da koji \u0107e u subotu biti ovdje, a koji su na Porinu 23. u Splitu, pa bi to bilo nemogu\u0107e organizirati. Ina\u010de, to je ve\u0107 jedan tradicionalni koncert koji se bio odr\u017eavao u raznim terminima, ali smo tijekom godina shvatili da je o\u017eujak najbolji.\u00a0 Taj mjesec slavimo Dana grada Po\u017eege, a koncert Big Banda je zapravo i najkvalitetniji kulturni proizvod koji se dogodio u zadnjem desetlje\u0107u.<\/p>\n<ul>\n<li>Big Band Po\u017eega je, o\u010dito, dobro poznat po\u017ee\u0161koj publici, osobito onima ne\u0161to starijima, pa kako biste nama rekli po \u010demu ste vi to poznati?<\/li>\n<\/ul>\n<p>Pa, te\u0161ko je govoriti o orkestru u kojem djeluje\u0161, ali to je zapravo jedan jazz sastav koji je sastavljen od \u010detiri sekcije \u2013 sekcije saksofona, truba, trombona i ritam sekcije. Big Band \u010dine uglavnom Po\u017ee\u017eani i mislim da smo poznati ponajvi\u0161e zbog kvalitete jer zapravo ljudi ne bi dolazili na na\u0161e koncerte da je to neka prijevara i da je to lo\u0161e. Jednom netko mo\u017ee biti razo\u010daran i onda vi\u0161e ne\u0107e do\u0107i, a ljudima je na na\u0161im koncertima dobro i zato dolaze.<\/p>\n<ul>\n<li>Ako u prijevodu Big Band zna\u010di veliki bend ili veliki orkestar, za\u0161to svaki veliki orkestar nije ujedno i Big Band? Koja je specifi\u010dnost big bendova?<\/li>\n<\/ul>\n<p><a href=\"http:\/\/katolicka-gimnazija.hr\/wp-content\/uploads\/2018\/03\/11.jpg\"><img loading=\"lazy\" decoding=\"async\" class=\"alignleft wp-image-12549 size-medium\" src=\"http:\/\/katolicka-gimnazija.hr\/wp-content\/uploads\/2018\/03\/11-300x169.jpg\" alt=\"11\" width=\"300\" height=\"169\" srcset=\"https:\/\/katolicka-gimnazija.hr\/wp-content\/uploads\/2018\/03\/11-300x169.jpg 300w, https:\/\/katolicka-gimnazija.hr\/wp-content\/uploads\/2018\/03\/11-768x432.jpg 768w, https:\/\/katolicka-gimnazija.hr\/wp-content\/uploads\/2018\/03\/11-1024x576.jpg 1024w, https:\/\/katolicka-gimnazija.hr\/wp-content\/uploads\/2018\/03\/11-360x203.jpg 360w, https:\/\/katolicka-gimnazija.hr\/wp-content\/uploads\/2018\/03\/11-750x422.jpg 750w, https:\/\/katolicka-gimnazija.hr\/wp-content\/uploads\/2018\/03\/11-400x225.jpg 400w, https:\/\/katolicka-gimnazija.hr\/wp-content\/uploads\/2018\/03\/11-430x242.jpg 430w, https:\/\/katolicka-gimnazija.hr\/wp-content\/uploads\/2018\/03\/11-150x84.jpg 150w, https:\/\/katolicka-gimnazija.hr\/wp-content\/uploads\/2018\/03\/11-100x56.jpg 100w, https:\/\/katolicka-gimnazija.hr\/wp-content\/uploads\/2018\/03\/11.jpg 1920w\" sizes=\"auto, (max-width: 300px) 100vw, 300px\" \/><\/a>Specifi\u010dnost je to \u0161to je big band isklju\u010divo jazz sastav i \u0161to je sastavljen od 5 saksofona, 4 trombona, 4 trube i ritam sekcije. U povijesti ameri\u010dke i svjetske glazbe ovakav sastav nastao je izme\u0111u dva svjetska rata kada nije bilo struje, a bila je potrebna velika glasno\u0107a, a ona dolazi samo od velikog sastava. U to vrijeme vladala je zabavna glazba uz koju su ljudi plesali plesove kao \u0161to su swing, charleston itd.<\/p>\n<p>&nbsp;<\/p>\n<ul>\n<li>Koja je posebnost po\u017ee\u0161kog big benda?<\/li>\n<\/ul>\n<p>\u0160to smo najbolji! Zezam se, naravno. Posebnost je ta \u0161to je jako te\u0161ko iz jednog malog grada napraviti ne\u0161to tako dovoljno kvalitetno. Big Band Po\u017eega je orkestar koji najvi\u0161e od ostalih big bendova i svira okolo, imamo slobodu raditi program kakav god ho\u0107emo. Posebnost je i to \u0161to djelujemo iz Slavonije, regije koja je mo\u017eda i najvi\u0161e opusto\u0161ena novonastalom demografskom situacijom, mnogo ljudi se i odselilo, pa mo\u017eda i iz nekog inata dr\u017eimo ovo na\u0161panano da bude \u0161to bolje i da poka\u017eemo da se ovdje mo\u017ee dobro \u017eivjeti i kvalitetno raditi.<\/p>\n<ul>\n<li>Koliko zapravo big bendova postoji u Hrvatskoj?<\/li>\n<\/ul>\n<p>Mi smo uz Big Band HRT-a i Big Band HV-a jedini takav orkestar u Hrvatskoj.<\/p>\n<ul>\n<li>Koliko znamo Vi ste idejni za\u010detnik, pokreta\u010d ovog velikog sastava. Iako nije bilo davno sje\u0107ate li se kada se i gdje rodila ideja da okupite po\u017ee\u0161ke i druge glazbenike u ni manje ni vi\u0161e nego jedan big bend?<\/li>\n<\/ul>\n<p>Naravno da se sje\u0107am. Ina\u010de sviram bas gitaru i svirao sam kao basist u osje\u010dkom Big Bandu prije osam godina. I\u0161ao sam svirati tamo i bio sam jako uzbu\u0111en jer su takvi orkestri rijetkost. Svirao sam nekoliko mjeseci, ali taj Big Band <a href=\"http:\/\/katolicka-gimnazija.hr\/wp-content\/uploads\/2018\/03\/DSC_8704.jpg\"><img loading=\"lazy\" decoding=\"async\" class=\"alignright wp-image-12546 size-medium\" src=\"http:\/\/katolicka-gimnazija.hr\/wp-content\/uploads\/2018\/03\/DSC_8704-300x200.jpg\" alt=\"DSC_8704\" width=\"300\" height=\"200\" srcset=\"https:\/\/katolicka-gimnazija.hr\/wp-content\/uploads\/2018\/03\/DSC_8704-300x200.jpg 300w, https:\/\/katolicka-gimnazija.hr\/wp-content\/uploads\/2018\/03\/DSC_8704-768x512.jpg 768w, https:\/\/katolicka-gimnazija.hr\/wp-content\/uploads\/2018\/03\/DSC_8704-1024x683.jpg 1024w, https:\/\/katolicka-gimnazija.hr\/wp-content\/uploads\/2018\/03\/DSC_8704-360x240.jpg 360w, https:\/\/katolicka-gimnazija.hr\/wp-content\/uploads\/2018\/03\/DSC_8704-750x500.jpg 750w, https:\/\/katolicka-gimnazija.hr\/wp-content\/uploads\/2018\/03\/DSC_8704-400x267.jpg 400w, https:\/\/katolicka-gimnazija.hr\/wp-content\/uploads\/2018\/03\/DSC_8704-430x287.jpg 430w, https:\/\/katolicka-gimnazija.hr\/wp-content\/uploads\/2018\/03\/DSC_8704-150x100.jpg 150w, https:\/\/katolicka-gimnazija.hr\/wp-content\/uploads\/2018\/03\/DSC_8704-100x67.jpg 100w\" sizes=\"auto, (max-width: 300px) 100vw, 300px\" \/><\/a>se brzo raspao. Tada sam vidio da je bilo jako te\u0161ko skupiti tako velik broj glazbenika. \u010cak sedam puha\u010da je dolazilo iz Ma\u0111arske, pa sam shvatio da u Osijeku uop\u0107e nemaju dovoljno limenih puha\u010da koji su potrebni, zna\u010di trombona i truba. Kako se bavim i snimanjem u tonskom studiju imali smo jedno terensko snimanje u tada\u0161njem vatrogasnom domu, a dana\u0161njoj glazbenoj \u0161koli. Bila je smotra amaterskih puha\u010dkih ansambala Slavonije i Baranje na kojoj je nastupilo 16 orkestara. Onda smo mi to miksali, nisam to previ\u0161e ni slu\u0161ao, ali kad sam \u010duo kako zvu\u010di gradska glazba Trenkovi panduri, koji je to bio nivo u odnosu na sve druge orkestre, odmah sam nazvao njihovog voditelja Mirka \u010ca\u0107i\u0107a i rekao mu: \u201eMirko, ajmo radit big bend!\u201c Godinu dana nakon toga oni su osvojili nagradu na dr\u017eavnoj smotri u Novom Vinodolskom \u0161to je najve\u0107i uspjeh koji mo\u017ee posti\u0107i jedan takav orkestar. To je bilo na ljeto, a u jesen smo slo\u017eili orkestar i nakon tri mjeseca rada iza\u0161li smo pred publiku, poprili\u010dno hrabro i, eto, od tad kre\u0107e ta euforija.<\/p>\n<ul>\n<li>Tko su Va\u0161i suputnici, Va\u0161i kolege svira\u010di? Mi smo prepoznali dosta po\u017ee\u0161kih lica, no jesu li svi Po\u017ee\u017eani? Radi li se o stalnom sastavu? Odlaze li neki mla\u0111i svira\u010di na studij i kako onda krpate te rupe?<\/li>\n<\/ul>\n<p><a href=\"http:\/\/katolicka-gimnazija.hr\/wp-content\/uploads\/2018\/03\/DSC_7904.jpg\"><img loading=\"lazy\" decoding=\"async\" class=\"wp-image-12552 size-medium alignright\" src=\"http:\/\/katolicka-gimnazija.hr\/wp-content\/uploads\/2018\/03\/DSC_7904-300x197.jpg\" alt=\"DSC_7904\" width=\"300\" height=\"197\" srcset=\"https:\/\/katolicka-gimnazija.hr\/wp-content\/uploads\/2018\/03\/DSC_7904-300x197.jpg 300w, https:\/\/katolicka-gimnazija.hr\/wp-content\/uploads\/2018\/03\/DSC_7904-360x237.jpg 360w, https:\/\/katolicka-gimnazija.hr\/wp-content\/uploads\/2018\/03\/DSC_7904-400x263.jpg 400w, https:\/\/katolicka-gimnazija.hr\/wp-content\/uploads\/2018\/03\/DSC_7904-430x283.jpg 430w, https:\/\/katolicka-gimnazija.hr\/wp-content\/uploads\/2018\/03\/DSC_7904-150x99.jpg 150w, https:\/\/katolicka-gimnazija.hr\/wp-content\/uploads\/2018\/03\/DSC_7904-100x66.jpg 100w, https:\/\/katolicka-gimnazija.hr\/wp-content\/uploads\/2018\/03\/DSC_7904.jpg 634w\" sizes=\"auto, (max-width: 300px) 100vw, 300px\" \/><\/a>To zapravo i je bit \u010ditave pri\u010de. Kada smo krenuli svirati Leona \u0160unjo, na\u0161a trombonistica, bila je \u0161esti razred osnovne. Ona je sada maturantica Glazbene gimnazije. Mnogi su oti\u0161li studirati, a dolaze svirati kad mogu i kako mogu. Ve\u0107 je dosta ljudi pro\u0161lo kroz orkestar, program kojim se radi je jasan. Ve\u0107ina nas smo profesori i u\u010denici glazbenih \u0161kola, neki stariji \u010dlanovi su i \u010dlanovi gradske glazbe Trenkovi panduri, a orkestar popunjavamo novim snagama iz glazbene \u0161kole. Upravo su nam do\u0161le dvije saksofonistice koje su osmi razred \u0161to je jako fora. Kad si osmi razred zapravo si dijete i ne ku\u017ei\u0161 \u0161to se zapravo doga\u0111a, tek kasnije shvati\u0161 kakvu korist ima\u0161 od sudjelovanja u jednom takvom ozbiljnom glazbenom projektu.<\/p>\n<ul>\n<li>Mo\u017eete li pojasniti?<\/li>\n<\/ul>\n<p>Pokazalo se da su mnogi na\u0161i biv\u0161i \u010dlanovi, koji su ve\u0107 zavr\u0161ili akademije, na\u0161li poslove zbog poznanstava iz ovog posla. Naravno da zovemo i neke goste da oplemene i da jo\u0161 vi\u0161e daju na zna\u010daju samom orkestru. Ti gosti su uglavnom najbolji instrumentalisti i pjeva\u010di iz Hrvatske, Big Banda HRT-a ili HV-a. Sad je nekako sve manja potreba za takvim gostima zato \u0161to su na\u0161i \u010dlanovi ve\u0107 dovoljno napredovali da ne samo da mogu sjediti u nekoj sekciji, orkestru ili ne\u010demu sli\u010dnom, nego mogu biti i solisti, a to i je bit solista \u2013 imati apsolutnu slobodu, uz note koje svira\u0161 ima\u0161 priliku pokazati koliko si dobar i biti u centru pozornosti.<\/p>\n<ul>\n<li>Big Band Po\u017eega ove godine slavi 6. ro\u0111endan. \u0160to ste dosada ostvarili od onoga \u0161to ste si na po\u010detku zacrtali kao ciljeve?<\/li>\n<\/ul>\n<p>Ostvarili smo sto puta vi\u0161e. Ciljevi su bili samo da se zezamo i sviramo kvalitetnu &#8216;mjuzu&#8217;, a zapravo smo u ovih \u0161est <a href=\"http:\/\/katolicka-gimnazija.hr\/wp-content\/uploads\/2018\/03\/29138251_1860632537568241_247732776_n.jpg\"><img loading=\"lazy\" decoding=\"async\" class=\"alignright wp-image-12557 size-medium\" src=\"http:\/\/katolicka-gimnazija.hr\/wp-content\/uploads\/2018\/03\/29138251_1860632537568241_247732776_n-300x200.jpg\" alt=\"29138251_1860632537568241_247732776_n\" width=\"300\" height=\"200\" srcset=\"https:\/\/katolicka-gimnazija.hr\/wp-content\/uploads\/2018\/03\/29138251_1860632537568241_247732776_n-300x200.jpg 300w, https:\/\/katolicka-gimnazija.hr\/wp-content\/uploads\/2018\/03\/29138251_1860632537568241_247732776_n-360x240.jpg 360w, https:\/\/katolicka-gimnazija.hr\/wp-content\/uploads\/2018\/03\/29138251_1860632537568241_247732776_n-400x266.jpg 400w, https:\/\/katolicka-gimnazija.hr\/wp-content\/uploads\/2018\/03\/29138251_1860632537568241_247732776_n-430x286.jpg 430w, https:\/\/katolicka-gimnazija.hr\/wp-content\/uploads\/2018\/03\/29138251_1860632537568241_247732776_n-150x100.jpg 150w, https:\/\/katolicka-gimnazija.hr\/wp-content\/uploads\/2018\/03\/29138251_1860632537568241_247732776_n-100x67.jpg 100w, https:\/\/katolicka-gimnazija.hr\/wp-content\/uploads\/2018\/03\/29138251_1860632537568241_247732776_n.jpg 720w\" sizes=\"auto, (max-width: 300px) 100vw, 300px\" \/><\/a>godina svirali po \u010ditavoj Hrvatskoj i regiji. Svirali smo najzna\u010dajnije jazz festivale u Hrvatskoj, imali smo i samostalni koncert u najboljoj i najpoznatijoj na\u0161oj koncertnoj dvorani \u2013 Vatroslavu Lisinskom. Svirali smo na svim glavnim gradskim trgovima u sklopu kampanje <em>\u201eZagrli \u017eivot\u201c<\/em> jednog mobilnog operatera, svirali smo korporativne evente za na\u0161e najve\u0107e banke\u2026 Na kraju krajeva, nositelji smo i jedne ve\u010deri na Aurea Festivalu, tj. Aurea Festu Jazza \u0161to je super za jedan mali grad, a pokazalo se da ima interesa. Ja to ne mogu sam, mora postojati orkestar koji \u0107e biti nositelj tako nekog zbivanja. Puno smo vi\u0161e ostvarili nego \u0161to smo zapravo planirali.<\/p>\n<ul>\n<li>Prona\u0161li smo neke podatke koji govore da ste odr\u017eali preko 80 koncerata u Hrvatskoj i BiH. Je li to istina i je li to puno?<\/li>\n<\/ul>\n<p>Ne znam je li ih bilo 80, ali preko 60 ih je bilo sigurno. To je super. Najve\u0107i problem je zapravo uskladiti 20 ljudi koji imaju svoje obveze, idu u \u0161kolu, rade ili se profesionalno bave glazbom. To je najve\u0107i problem. Programski nam nikada nije bilo problem, pogotovo sada kad je u na\u0161em repertoaru preko 100 kvalitetnih skladbi koje mo\u017eemo samo kombinirati prema doga\u0111aju na kojem sviramo. S tim da za Po\u017eegu svake godine radimo novi program koji onda izvodimo \u010ditavu godinu.<\/p>\n<ul>\n<li>Mo\u017eete li izdvojiti neke glazbenike s kojima ste nastupali i pjeva\u010de koji su uz vas pjevali, a na \u0161to ste osobito ponosni?<\/li>\n<\/ul>\n<p>Nekoliko puta je orkestrom ravnao na\u0161 najbolji dirigent Alan Bjelinski, s nama \u010desto sviraju Ante Gelo, jedan od najboljih gitarista, producenata i aran\u017eera u dr\u017eavi. Andreas Marinello, koji je zadnje tri godine voditelj Big Banda HRT-a, ina\u010de Talijan koji <a href=\"http:\/\/katolicka-gimnazija.hr\/wp-content\/uploads\/2018\/03\/maxresdefault-1-1.jpg\"><img loading=\"lazy\" decoding=\"async\" class=\"alignleft wp-image-12554 size-medium\" src=\"http:\/\/katolicka-gimnazija.hr\/wp-content\/uploads\/2018\/03\/maxresdefault-1-1-300x169.jpg\" alt=\"maxresdefault (1)\" width=\"300\" height=\"169\" srcset=\"https:\/\/katolicka-gimnazija.hr\/wp-content\/uploads\/2018\/03\/maxresdefault-1-1-300x169.jpg 300w, https:\/\/katolicka-gimnazija.hr\/wp-content\/uploads\/2018\/03\/maxresdefault-1-1-768x432.jpg 768w, https:\/\/katolicka-gimnazija.hr\/wp-content\/uploads\/2018\/03\/maxresdefault-1-1-1024x576.jpg 1024w, https:\/\/katolicka-gimnazija.hr\/wp-content\/uploads\/2018\/03\/maxresdefault-1-1-360x203.jpg 360w, https:\/\/katolicka-gimnazija.hr\/wp-content\/uploads\/2018\/03\/maxresdefault-1-1-750x422.jpg 750w, https:\/\/katolicka-gimnazija.hr\/wp-content\/uploads\/2018\/03\/maxresdefault-1-1-400x225.jpg 400w, https:\/\/katolicka-gimnazija.hr\/wp-content\/uploads\/2018\/03\/maxresdefault-1-1-430x242.jpg 430w, https:\/\/katolicka-gimnazija.hr\/wp-content\/uploads\/2018\/03\/maxresdefault-1-1-150x84.jpg 150w, https:\/\/katolicka-gimnazija.hr\/wp-content\/uploads\/2018\/03\/maxresdefault-1-1-100x56.jpg 100w, https:\/\/katolicka-gimnazija.hr\/wp-content\/uploads\/2018\/03\/maxresdefault-1-1.jpg 1280w\" sizes=\"auto, (max-width: 300px) 100vw, 300px\" \/><\/a>trenutno \u017eivi u Hrvatskoj, tako\u0111er je ravnao na\u0161im orkestrom. S nama je svirao Arsen Ere\u0161, koji je trenutno u mirovini, a svira u Big Bandu radiotelevizije Sarajevo i Big Bandu HRT-a. On je zapravo jedna legenda u toj &#8216;mjuzi&#8217;. Svirali smo i s Antonijom Ge\u010dekom, on je prva truba Big Banda HRT-a, Zvonimirom Bajevi\u0107em, druga truba Big Banda HRT-a, Borna\u00a0 \u0160ercar, bubnjar, Marko Mato\u0161evi\u0107 i mnogi drugi. Od pjeva\u010da su to uglavnom oni koji se bave jazz glazbom. Jako nam je draga suradnja s Markom Toljom, kao i njemu s nama. S nama dosta nastupaju i na\u0161i Damjan Pirovi\u0107 te Bruna Oberan.<\/p>\n<ul>\n<li>Poznato je da big bendovi naj\u010de\u0161\u0107e, zbog mno\u0161tva instrumenata i brojnih genijalnih glazbenika, svira jazz glazbu. Ne znam jesmo li u pravu, ali nas zanima razumije li publika koja vas slu\u0161a va\u0161u glazbu? Ili se ona do\u017eivljava, a ne razumije.<\/li>\n<\/ul>\n<p>Kad smo krenuli s ovim orkestrom<a href=\"http:\/\/katolicka-gimnazija.hr\/wp-content\/uploads\/2018\/03\/DSC_8629-e1521748952763.jpg\"><img loading=\"lazy\" decoding=\"async\" class=\"alignleft wp-image-12539 size-medium\" src=\"http:\/\/katolicka-gimnazija.hr\/wp-content\/uploads\/2018\/03\/DSC_8629-e1521748952763-200x300.jpg\" alt=\"DSC_8629\" width=\"200\" height=\"300\" srcset=\"https:\/\/katolicka-gimnazija.hr\/wp-content\/uploads\/2018\/03\/DSC_8629-e1521748952763-200x300.jpg 200w, https:\/\/katolicka-gimnazija.hr\/wp-content\/uploads\/2018\/03\/DSC_8629-e1521748952763-768x1152.jpg 768w, https:\/\/katolicka-gimnazija.hr\/wp-content\/uploads\/2018\/03\/DSC_8629-e1521748952763-683x1024.jpg 683w, https:\/\/katolicka-gimnazija.hr\/wp-content\/uploads\/2018\/03\/DSC_8629-e1521748952763-360x540.jpg 360w, https:\/\/katolicka-gimnazija.hr\/wp-content\/uploads\/2018\/03\/DSC_8629-e1521748952763-750x1125.jpg 750w, https:\/\/katolicka-gimnazija.hr\/wp-content\/uploads\/2018\/03\/DSC_8629-e1521748952763-400x600.jpg 400w, https:\/\/katolicka-gimnazija.hr\/wp-content\/uploads\/2018\/03\/DSC_8629-e1521748952763-430x645.jpg 430w, https:\/\/katolicka-gimnazija.hr\/wp-content\/uploads\/2018\/03\/DSC_8629-e1521748952763-150x225.jpg 150w, https:\/\/katolicka-gimnazija.hr\/wp-content\/uploads\/2018\/03\/DSC_8629-e1521748952763-100x150.jpg 100w, https:\/\/katolicka-gimnazija.hr\/wp-content\/uploads\/2018\/03\/DSC_8629-e1521748952763.jpg 1400w\" sizes=\"auto, (max-width: 200px) 100vw, 200px\" \/><\/a>, \u010dlanovi orkestra uop\u0107e nisu znali u \u0161to se upu\u0161taju i koji je to glazbeni \u017eanr. Neki\u00a0od nas su to znali, mi koji smo se glazbom bavili prije, ali ve\u0107ina ne. Naravno da publika ne razumije sve niti se to o\u010dekuje, ali publika osjeti je li ne\u0161to dobro ili lo\u0161e, osjeti energiju i na\u0161e ushi\u0107enje. Na kraju krajeva, ako djeluje\u0161 u jednoj maloj sredini \u0161est godina, onda se odgoji orkestar, ali i publika. Jednom smo vje\u017ebali izuzetno slo\u017eenu kompoziciju Pat Methenyja, to je jazz gitarist, pjesma je bila aran\u017eirana za big bend, mi smo ju spremali tri godine. Po\u010detak kompozicije je jedan ritmi\u010dki pattern koji se trebao izvesti pljeskanjem, a bio je dosta kompliciran. Orkestar je kretao skladbu pljeskanjem. Bila je subota, ekipa koja je svirala u orkestru, a bili su srednjo\u0161kolci, bila je u parku iza katedrale. Ja sam prolazio pokraj i \u010duo klince da vje\u017ebaju taj pattern i to subotom i to u svoje slobodno vrijeme. Bilo mi jako drago da to slobodno vrijeme koje mogu iskoristiti za dru\u017eenje zapravo koriste za napredovanje.<\/p>\n<ul>\n<li>Na svojim koncertima izvodite i prerade popularnih glazbenih komada. Ra<a href=\"http:\/\/katolicka-gimnazija.hr\/wp-content\/uploads\/2018\/03\/flox_300_300.jpg\"><img loading=\"lazy\" decoding=\"async\" class=\"alignright wp-image-12558 size-full\" src=\"http:\/\/katolicka-gimnazija.hr\/wp-content\/uploads\/2018\/03\/flox_300_300.jpg\" alt=\"flox_300_300\" width=\"300\" height=\"300\" srcset=\"https:\/\/katolicka-gimnazija.hr\/wp-content\/uploads\/2018\/03\/flox_300_300.jpg 300w, https:\/\/katolicka-gimnazija.hr\/wp-content\/uploads\/2018\/03\/flox_300_300-150x150.jpg 150w, https:\/\/katolicka-gimnazija.hr\/wp-content\/uploads\/2018\/03\/flox_300_300-100x100.jpg 100w\" sizes=\"auto, (max-width: 300px) 100vw, 300px\" \/><\/a>di li se tu o podila\u017eenju publici ili?<\/li>\n<\/ul>\n<p>Ne, to je oduvijek bio trend u svijetu. Nikada ne smijemo zaboraviti da\u00a0je big bend glazba zabavna glazba koja je i\u00a0nekad bila zabavna. To \u0161to su glazbeni kriteriji u svijetu toliko pali i \u0161to se ta zabavna glazba toliko pokvarila da vi\u0161e nije kvalitetna, to nije na\u0161a krivnja. Ja znam za barem 50 projekata obrade popularnih skladbi u jazz aran\u017emanima i to za big band. Na kraju krajeva Marko Tolja je s Big Bandom HRT-a napravio CD na kojemu se nalaze obrade popularnih pjesama u jazz varijantama. Dio toga \u0107emo u subotu izvesti na koncertu. To nije nikakvo podila\u017eenje jer uop\u0107e nema razloga za tim. Da smo mi publici podilazili od po\u010detka, najvjerojatnije ne bi vi\u0161e ni postojali.<\/p>\n<ul>\n<li>Nije najzanimljivije pitanje, ali nas zanima kako se financirate. Uspijevate li prikupiti dovoljno sredstava za sve \u0161to si isplanirate? Ima li odricanja?<\/li>\n<\/ul>\n<p>Naravno. Najve\u0107e je odricanje vremensko. Do prije dvije godine nismo \u010dak bili ni udruga. Kada smo postali udruga u na\u0161e su se financiranje uklju\u010dili grad Po\u017eega i Po\u017ee\u0161ko-slavonska \u017eupanija. To nisu neka znatna sredstva, ali nam poma\u017eu u funkcioniranju. Uglavnom smo se financirali iz osobnih sredstava, tj. novca zara\u0111enog na koncertima. Ako svira\u0161 za jednog od najboljih teleoperatera, ne\u0107e\u0161 svirati besplatno, svira\u0161 za novac koji ba\u0161 i nije malen. Znalo se doga\u0111ati i doga\u0111a se da na\u0161i \u010dlanovi \u010desto dobiju i honorar za svoj nastup.<\/p>\n<ul>\n<li>Ne\u0161to smo mla\u0111i pa slabije znamo o Va\u0161oj ranijoj glazbenoj karijeri. Jeste li imali iskustvo sviranja u nekom sli\u010dnom sastavu? Kako je izgledao Va\u0161 umjetni\u010dki put?<\/li>\n<\/ul>\n<p>\u0160to se big bendova ti\u010de svirao sam samo u osje\u010dkom Big Bandu tijekom tog kratkog vijeka njihovog postojanja. \u010citav \u017eivot sviram u raznim <a href=\"http:\/\/katolicka-gimnazija.hr\/wp-content\/uploads\/2018\/03\/fotka119476.jpg\"><img loading=\"lazy\" decoding=\"async\" class=\"wp-image-12553 size-medium alignright\" src=\"http:\/\/katolicka-gimnazija.hr\/wp-content\/uploads\/2018\/03\/fotka119476-300x199.jpg\" alt=\"fotka119476\" width=\"300\" height=\"199\" srcset=\"https:\/\/katolicka-gimnazija.hr\/wp-content\/uploads\/2018\/03\/fotka119476-300x199.jpg 300w, https:\/\/katolicka-gimnazija.hr\/wp-content\/uploads\/2018\/03\/fotka119476-150x100.jpg 150w, https:\/\/katolicka-gimnazija.hr\/wp-content\/uploads\/2018\/03\/fotka119476-100x66.jpg 100w, https:\/\/katolicka-gimnazija.hr\/wp-content\/uploads\/2018\/03\/fotka119476.jpg 325w\" sizes=\"auto, (max-width: 300px) 100vw, 300px\" \/><\/a>varijantama. Profesor sam glazbene kulture, radim u osnovnoj \u0161koli u Trenkovu. Svirao sam sa svim zna\u010dajnijim orkestrima u Hrvatskoj, zna\u010di sa Zagreba\u010dkom filharmonijom, Simfonijskim orkestrom\u2026 Svirao sam na svim poznatijim festivalima u Hrvatskoj i jo\u0161 uvijek to radim kao intrumentalist basist. Produkcijski se bavim jo\u0161 snimanjem. Snimao sam dosta toga \u0161to \u010dujete na radiju, mo\u017eda \u010dak i volite, a i ne znate da je to nastalo u Po\u017eegi. Sura\u0111ujem s poznatim pjeva\u010dima na na\u010din da sviram na njihovim koncertima, neki od njih su Nina Badri\u0107, Massimo Savi\u0107, u zadnje vrijeme \u010desto sura\u0111ujem s Lete\u0107im odredom\u2026 Ima dosta toga, da ne pri\u010dam previ\u0161e.<\/p>\n<ul>\n<li>Znamo da ste ljetos nastupili s Matijom Dedi\u0107em na Krki. Mo\u017eete li nam re\u0107i ne\u0161to vi\u0161e o toj suradnji?<\/li>\n<\/ul>\n<p>Jako volim nastupati s Matijom i Gabi Novak, pogotovo s njom. Ona je posebna dama hrvatske glazbene scene, diva i u \u017eivotu i kao umjetnica, to je ludilo. O Matiji da ne govorim, on je genijalac.<\/p>\n<ul>\n<li>Postoji li neki instrument koji obavezno mora biti zastupljen u big bend orkestru i postoji li neki koji nikako ne ide s karizmom big bend orkestra?<\/li>\n<\/ul>\n<p>Naravno da da. Drvena puha\u0107a sekcija podrazumijeva da je u njoj obavezno 5 saksofona, a mi to imamo jo\u0161 poja\u010dano s jednom flautom koja tako\u0111er spada u drvena puha\u0107a glazbala. Ta sekcija sastoji se od bariton saksofona, dva tenor <a href=\"http:\/\/katolicka-gimnazija.hr\/wp-content\/uploads\/2018\/03\/DSC_8718.jpg\"><img loading=\"lazy\" decoding=\"async\" class=\"alignleft wp-image-12548 size-medium\" src=\"http:\/\/katolicka-gimnazija.hr\/wp-content\/uploads\/2018\/03\/DSC_8718-300x200.jpg\" alt=\"DSC_8718\" width=\"300\" height=\"200\" srcset=\"https:\/\/katolicka-gimnazija.hr\/wp-content\/uploads\/2018\/03\/DSC_8718-300x200.jpg 300w, https:\/\/katolicka-gimnazija.hr\/wp-content\/uploads\/2018\/03\/DSC_8718-768x512.jpg 768w, https:\/\/katolicka-gimnazija.hr\/wp-content\/uploads\/2018\/03\/DSC_8718-1024x683.jpg 1024w, https:\/\/katolicka-gimnazija.hr\/wp-content\/uploads\/2018\/03\/DSC_8718-360x240.jpg 360w, https:\/\/katolicka-gimnazija.hr\/wp-content\/uploads\/2018\/03\/DSC_8718-750x500.jpg 750w, https:\/\/katolicka-gimnazija.hr\/wp-content\/uploads\/2018\/03\/DSC_8718-400x267.jpg 400w, https:\/\/katolicka-gimnazija.hr\/wp-content\/uploads\/2018\/03\/DSC_8718-430x287.jpg 430w, https:\/\/katolicka-gimnazija.hr\/wp-content\/uploads\/2018\/03\/DSC_8718-150x100.jpg 150w, https:\/\/katolicka-gimnazija.hr\/wp-content\/uploads\/2018\/03\/DSC_8718-100x67.jpg 100w\" sizes=\"auto, (max-width: 300px) 100vw, 300px\" \/><\/a>saksofona i dva alt saksofona, kod nas jo\u0161 jedna flauta. Limeni puha\u010di su 4 trube i trombona, a ritam sekcija se sastoji od bubnja, bas gitare, gitare i klavira, plus udaraljke. Na koncertu u subotu imat \u0107emo dvojicu udaraljka\u0161a koji \u0107e svirati uz bubanj. U big bendu ne mogu zamisliti harfu ili neko takvo glazbalo. Super bi bilo da Alen Kova\u010devi\u0107 koji je sada postao ravnatelj Glazbene \u0161kole uspije realizirati svoj plan, a to je da u na\u0161u glazbenu \u0161kolu uspije uvesti i guda\u010de instrumente koji \u0107e sudjelovati u guda\u010dkom orkestru. Onda \u0107emo imati sve da iz Po\u017eege mo\u017eemo ponuditi jedan pravi holivudski proizvod s kvalitetnim soundom. To bi onda bio Big Band plus guda\u010dki orkestar. Dok se to ne dogodi, kombinirat \u0107emo na\u0161 Big Band s Osje\u010danima koji imaju super guda\u010dki orkestar. Tu suradnju planiramo ovo ljeto i jesen, mo\u017eda i realizaciju nekog CD-a.<\/p>\n<ul>\n<li>Na va\u0161im ste koncertima uglavnom Vi sami i u ulozi voditelja programa i svojevrsni \u0161oumen. Pripremate li se i za tu funkciju prije samoga koncerta?<\/li>\n<\/ul>\n<p>E, tu nema pripreme, to je trenutak potpune improvizacije. Osjetim kakva je atmosfera i poku\u0161avam se dobro zabavljati. Kad si na pozornici mo\u017ee\u0161 sva\u0161ta re\u0107i javno, a da ti nitko ne mo\u017ee odgovoriti, ali se trudim da se ljudi opuste i da se zabave i da im ta ve\u010der ostane \u0161to du\u017ee u sje\u0107anju.<\/p>\n<ul>\n<li>Nedavno se Po\u017eegi Vesna Pisarovi\u0107, Po\u017ee\u017eanka, predstavila kao jazz pjeva\u010dica. Je li ona po vama jazz pjeva\u010dica?<\/li>\n<\/ul>\n<p>Ja to ne znam, to nju morate pitati. Meni je bila dra\u017ea u svojoj pop varijanti koju je imala. Ona je izuzetno marljiva osoba. A valjda je jazz pjeva\u010dica ako \u017eivi od toga.<\/p>\n<ul>\n<li>Biste li se slo\u017eili s nama ako ka\u017eemo da je Va\u0161 Big Band postao pravi po\u017ee\u0161ki brend i jedan od pozitivnih promotora na\u0161ega grada u koji treba nastaviti ulagati?<\/li>\n<\/ul>\n<p>Ako vi to tako mislite, meni je onda izuzetno drago. To govorim u svoje ime i u ime \u010ditavog orkestra. To se tako jednostavno dogodilo, drago mi je zbog toga. Mislim da \u0107emo morati i preko gradskih institucija, TZ grada Po\u017eege i samog grada poraditi na tome da to jo\u0161 vi\u0161e izbrendiramo, jer sve \u0161to smo mi brendirali, napravili smo sami, a ne sustavno.<\/p>\n<ul>\n<li>Mo\u017eete li nam ukratko predstaviti i svog najveselijeg \u010dlana, nakon Vas, naravno, Brzog Vinka?<\/li>\n<\/ul>\n<p><a href=\"http:\/\/katolicka-gimnazija.hr\/wp-content\/uploads\/2018\/03\/bbp1.jpg\"><img loading=\"lazy\" decoding=\"async\" class=\"alignright wp-image-12551 size-medium\" src=\"http:\/\/katolicka-gimnazija.hr\/wp-content\/uploads\/2018\/03\/bbp1-300x223.jpg\" alt=\"bbp1\" width=\"300\" height=\"223\" srcset=\"https:\/\/katolicka-gimnazija.hr\/wp-content\/uploads\/2018\/03\/bbp1-300x223.jpg 300w, https:\/\/katolicka-gimnazija.hr\/wp-content\/uploads\/2018\/03\/bbp1-768x570.jpg 768w, https:\/\/katolicka-gimnazija.hr\/wp-content\/uploads\/2018\/03\/bbp1-360x267.jpg 360w, https:\/\/katolicka-gimnazija.hr\/wp-content\/uploads\/2018\/03\/bbp1-750x557.jpg 750w, https:\/\/katolicka-gimnazija.hr\/wp-content\/uploads\/2018\/03\/bbp1-400x297.jpg 400w, https:\/\/katolicka-gimnazija.hr\/wp-content\/uploads\/2018\/03\/bbp1-430x319.jpg 430w, https:\/\/katolicka-gimnazija.hr\/wp-content\/uploads\/2018\/03\/bbp1-150x111.jpg 150w, https:\/\/katolicka-gimnazija.hr\/wp-content\/uploads\/2018\/03\/bbp1-100x74.jpg 100w, https:\/\/katolicka-gimnazija.hr\/wp-content\/uploads\/2018\/03\/bbp1.jpg 799w\" sizes=\"auto, (max-width: 300px) 100vw, 300px\" \/><\/a>To je bila fora na po\u010detku, taj neki bus s po\u010detka 60-ih godina kojeg je jedan kolega uspio restaurirati, pa smo se onda vozili u njemu. I danas se nekad vozimo u njemu kad je bli\u017ee. Kada bi se spomenuli opet tog brendiranja i Brzi Vinko bi svakako bio uklju\u010den u \u010ditavu pri\u010du, ali onda bi morali dosta ulo\u017eiti u njega da vo\u017enja bude ugodna i ispravna. Malo je nesigurno, ali fora, gdje god smo se pojavili s njim, bio je najve\u0107a atrakcija.Zasad je sve to nalik onom filmu <em>Ko to tamo peva<\/em>.<\/p>\n<div id='gallery-1' class='gallery galleryid-12536 gallery-columns-3 gallery-size-medium'><figure class='gallery-item'>\n\t\t\t<div class='gallery-icon landscape'>\n\t\t\t\t<a href='https:\/\/katolicka-gimnazija.hr\/wp-content\/uploads\/2018\/03\/DSC_8718.jpg'><img loading=\"lazy\" decoding=\"async\" width=\"300\" height=\"200\" src=\"https:\/\/katolicka-gimnazija.hr\/wp-content\/uploads\/2018\/03\/DSC_8718-300x200.jpg\" class=\"attachment-medium size-medium\" alt=\"\" srcset=\"https:\/\/katolicka-gimnazija.hr\/wp-content\/uploads\/2018\/03\/DSC_8718-300x200.jpg 300w, https:\/\/katolicka-gimnazija.hr\/wp-content\/uploads\/2018\/03\/DSC_8718-768x512.jpg 768w, https:\/\/katolicka-gimnazija.hr\/wp-content\/uploads\/2018\/03\/DSC_8718-1024x683.jpg 1024w, https:\/\/katolicka-gimnazija.hr\/wp-content\/uploads\/2018\/03\/DSC_8718-360x240.jpg 360w, https:\/\/katolicka-gimnazija.hr\/wp-content\/uploads\/2018\/03\/DSC_8718-750x500.jpg 750w, https:\/\/katolicka-gimnazija.hr\/wp-content\/uploads\/2018\/03\/DSC_8718-400x267.jpg 400w, https:\/\/katolicka-gimnazija.hr\/wp-content\/uploads\/2018\/03\/DSC_8718-430x287.jpg 430w, https:\/\/katolicka-gimnazija.hr\/wp-content\/uploads\/2018\/03\/DSC_8718-150x100.jpg 150w, https:\/\/katolicka-gimnazija.hr\/wp-content\/uploads\/2018\/03\/DSC_8718-100x67.jpg 100w\" sizes=\"auto, (max-width: 300px) 100vw, 300px\" \/><\/a>\n\t\t\t<\/div><\/figure><figure class='gallery-item'>\n\t\t\t<div class='gallery-icon landscape'>\n\t\t\t\t<a href='https:\/\/katolicka-gimnazija.hr\/wp-content\/uploads\/2018\/03\/DSC_8671.jpg'><img loading=\"lazy\" decoding=\"async\" width=\"300\" height=\"200\" src=\"https:\/\/katolicka-gimnazija.hr\/wp-content\/uploads\/2018\/03\/DSC_8671-300x200.jpg\" class=\"attachment-medium size-medium\" alt=\"\" srcset=\"https:\/\/katolicka-gimnazija.hr\/wp-content\/uploads\/2018\/03\/DSC_8671-300x200.jpg 300w, https:\/\/katolicka-gimnazija.hr\/wp-content\/uploads\/2018\/03\/DSC_8671-768x512.jpg 768w, https:\/\/katolicka-gimnazija.hr\/wp-content\/uploads\/2018\/03\/DSC_8671-1024x683.jpg 1024w, https:\/\/katolicka-gimnazija.hr\/wp-content\/uploads\/2018\/03\/DSC_8671-360x240.jpg 360w, https:\/\/katolicka-gimnazija.hr\/wp-content\/uploads\/2018\/03\/DSC_8671-750x500.jpg 750w, https:\/\/katolicka-gimnazija.hr\/wp-content\/uploads\/2018\/03\/DSC_8671-400x267.jpg 400w, https:\/\/katolicka-gimnazija.hr\/wp-content\/uploads\/2018\/03\/DSC_8671-430x287.jpg 430w, https:\/\/katolicka-gimnazija.hr\/wp-content\/uploads\/2018\/03\/DSC_8671-150x100.jpg 150w, https:\/\/katolicka-gimnazija.hr\/wp-content\/uploads\/2018\/03\/DSC_8671-100x67.jpg 100w\" sizes=\"auto, (max-width: 300px) 100vw, 300px\" \/><\/a>\n\t\t\t<\/div><\/figure><figure class='gallery-item'>\n\t\t\t<div class='gallery-icon landscape'>\n\t\t\t\t<a href='https:\/\/katolicka-gimnazija.hr\/wp-content\/uploads\/2018\/03\/DSC_8624.jpg'><img loading=\"lazy\" decoding=\"async\" width=\"300\" height=\"200\" src=\"https:\/\/katolicka-gimnazija.hr\/wp-content\/uploads\/2018\/03\/DSC_8624-300x200.jpg\" class=\"attachment-medium size-medium\" alt=\"\" srcset=\"https:\/\/katolicka-gimnazija.hr\/wp-content\/uploads\/2018\/03\/DSC_8624-300x200.jpg 300w, https:\/\/katolicka-gimnazija.hr\/wp-content\/uploads\/2018\/03\/DSC_8624-768x512.jpg 768w, https:\/\/katolicka-gimnazija.hr\/wp-content\/uploads\/2018\/03\/DSC_8624-1024x683.jpg 1024w, https:\/\/katolicka-gimnazija.hr\/wp-content\/uploads\/2018\/03\/DSC_8624-360x240.jpg 360w, https:\/\/katolicka-gimnazija.hr\/wp-content\/uploads\/2018\/03\/DSC_8624-750x500.jpg 750w, https:\/\/katolicka-gimnazija.hr\/wp-content\/uploads\/2018\/03\/DSC_8624-400x267.jpg 400w, https:\/\/katolicka-gimnazija.hr\/wp-content\/uploads\/2018\/03\/DSC_8624-430x287.jpg 430w, https:\/\/katolicka-gimnazija.hr\/wp-content\/uploads\/2018\/03\/DSC_8624-150x100.jpg 150w, https:\/\/katolicka-gimnazija.hr\/wp-content\/uploads\/2018\/03\/DSC_8624-100x67.jpg 100w\" sizes=\"auto, (max-width: 300px) 100vw, 300px\" \/><\/a>\n\t\t\t<\/div><\/figure><figure class='gallery-item'>\n\t\t\t<div class='gallery-icon landscape'>\n\t\t\t\t<a href='https:\/\/katolicka-gimnazija.hr\/wp-content\/uploads\/2018\/03\/bbp1.jpg'><img loading=\"lazy\" decoding=\"async\" width=\"300\" height=\"223\" src=\"https:\/\/katolicka-gimnazija.hr\/wp-content\/uploads\/2018\/03\/bbp1-300x223.jpg\" class=\"attachment-medium size-medium\" alt=\"\" srcset=\"https:\/\/katolicka-gimnazija.hr\/wp-content\/uploads\/2018\/03\/bbp1-300x223.jpg 300w, https:\/\/katolicka-gimnazija.hr\/wp-content\/uploads\/2018\/03\/bbp1-768x570.jpg 768w, https:\/\/katolicka-gimnazija.hr\/wp-content\/uploads\/2018\/03\/bbp1-360x267.jpg 360w, https:\/\/katolicka-gimnazija.hr\/wp-content\/uploads\/2018\/03\/bbp1-750x557.jpg 750w, https:\/\/katolicka-gimnazija.hr\/wp-content\/uploads\/2018\/03\/bbp1-400x297.jpg 400w, https:\/\/katolicka-gimnazija.hr\/wp-content\/uploads\/2018\/03\/bbp1-430x319.jpg 430w, https:\/\/katolicka-gimnazija.hr\/wp-content\/uploads\/2018\/03\/bbp1-150x111.jpg 150w, https:\/\/katolicka-gimnazija.hr\/wp-content\/uploads\/2018\/03\/bbp1-100x74.jpg 100w, https:\/\/katolicka-gimnazija.hr\/wp-content\/uploads\/2018\/03\/bbp1.jpg 799w\" sizes=\"auto, (max-width: 300px) 100vw, 300px\" \/><\/a>\n\t\t\t<\/div><\/figure><figure class='gallery-item'>\n\t\t\t<div class='gallery-icon landscape'>\n\t\t\t\t<a href='https:\/\/katolicka-gimnazija.hr\/wp-content\/uploads\/2018\/03\/DSC_8712.jpg'><img loading=\"lazy\" decoding=\"async\" width=\"300\" height=\"200\" src=\"https:\/\/katolicka-gimnazija.hr\/wp-content\/uploads\/2018\/03\/DSC_8712-300x200.jpg\" class=\"attachment-medium size-medium\" alt=\"\" srcset=\"https:\/\/katolicka-gimnazija.hr\/wp-content\/uploads\/2018\/03\/DSC_8712-300x200.jpg 300w, https:\/\/katolicka-gimnazija.hr\/wp-content\/uploads\/2018\/03\/DSC_8712-768x512.jpg 768w, https:\/\/katolicka-gimnazija.hr\/wp-content\/uploads\/2018\/03\/DSC_8712-1024x683.jpg 1024w, https:\/\/katolicka-gimnazija.hr\/wp-content\/uploads\/2018\/03\/DSC_8712-360x240.jpg 360w, https:\/\/katolicka-gimnazija.hr\/wp-content\/uploads\/2018\/03\/DSC_8712-750x500.jpg 750w, https:\/\/katolicka-gimnazija.hr\/wp-content\/uploads\/2018\/03\/DSC_8712-400x267.jpg 400w, https:\/\/katolicka-gimnazija.hr\/wp-content\/uploads\/2018\/03\/DSC_8712-430x287.jpg 430w, https:\/\/katolicka-gimnazija.hr\/wp-content\/uploads\/2018\/03\/DSC_8712-150x100.jpg 150w, https:\/\/katolicka-gimnazija.hr\/wp-content\/uploads\/2018\/03\/DSC_8712-100x67.jpg 100w\" sizes=\"auto, (max-width: 300px) 100vw, 300px\" \/><\/a>\n\t\t\t<\/div><\/figure><figure class='gallery-item'>\n\t\t\t<div class='gallery-icon landscape'>\n\t\t\t\t<a href='https:\/\/katolicka-gimnazija.hr\/wp-content\/uploads\/2018\/03\/DSC_8637.jpg'><img loading=\"lazy\" decoding=\"async\" width=\"300\" height=\"200\" src=\"https:\/\/katolicka-gimnazija.hr\/wp-content\/uploads\/2018\/03\/DSC_8637-300x200.jpg\" class=\"attachment-medium size-medium\" alt=\"\" srcset=\"https:\/\/katolicka-gimnazija.hr\/wp-content\/uploads\/2018\/03\/DSC_8637-300x200.jpg 300w, https:\/\/katolicka-gimnazija.hr\/wp-content\/uploads\/2018\/03\/DSC_8637-768x512.jpg 768w, https:\/\/katolicka-gimnazija.hr\/wp-content\/uploads\/2018\/03\/DSC_8637-1024x683.jpg 1024w, https:\/\/katolicka-gimnazija.hr\/wp-content\/uploads\/2018\/03\/DSC_8637-360x240.jpg 360w, https:\/\/katolicka-gimnazija.hr\/wp-content\/uploads\/2018\/03\/DSC_8637-750x500.jpg 750w, https:\/\/katolicka-gimnazija.hr\/wp-content\/uploads\/2018\/03\/DSC_8637-400x267.jpg 400w, https:\/\/katolicka-gimnazija.hr\/wp-content\/uploads\/2018\/03\/DSC_8637-430x287.jpg 430w, https:\/\/katolicka-gimnazija.hr\/wp-content\/uploads\/2018\/03\/DSC_8637-150x100.jpg 150w, https:\/\/katolicka-gimnazija.hr\/wp-content\/uploads\/2018\/03\/DSC_8637-100x67.jpg 100w\" sizes=\"auto, (max-width: 300px) 100vw, 300px\" \/><\/a>\n\t\t\t<\/div><\/figure><figure class='gallery-item'>\n\t\t\t<div class='gallery-icon portrait'>\n\t\t\t\t<a href='https:\/\/katolicka-gimnazija.hr\/wp-content\/uploads\/2018\/03\/DSC_8629-e1521748952763.jpg'><img loading=\"lazy\" decoding=\"async\" width=\"200\" height=\"300\" src=\"https:\/\/katolicka-gimnazija.hr\/wp-content\/uploads\/2018\/03\/DSC_8629-e1521748952763-200x300.jpg\" class=\"attachment-medium size-medium\" alt=\"\" srcset=\"https:\/\/katolicka-gimnazija.hr\/wp-content\/uploads\/2018\/03\/DSC_8629-e1521748952763-200x300.jpg 200w, https:\/\/katolicka-gimnazija.hr\/wp-content\/uploads\/2018\/03\/DSC_8629-e1521748952763-768x1152.jpg 768w, https:\/\/katolicka-gimnazija.hr\/wp-content\/uploads\/2018\/03\/DSC_8629-e1521748952763-683x1024.jpg 683w, https:\/\/katolicka-gimnazija.hr\/wp-content\/uploads\/2018\/03\/DSC_8629-e1521748952763-360x540.jpg 360w, https:\/\/katolicka-gimnazija.hr\/wp-content\/uploads\/2018\/03\/DSC_8629-e1521748952763-750x1125.jpg 750w, https:\/\/katolicka-gimnazija.hr\/wp-content\/uploads\/2018\/03\/DSC_8629-e1521748952763-400x600.jpg 400w, https:\/\/katolicka-gimnazija.hr\/wp-content\/uploads\/2018\/03\/DSC_8629-e1521748952763-430x645.jpg 430w, https:\/\/katolicka-gimnazija.hr\/wp-content\/uploads\/2018\/03\/DSC_8629-e1521748952763-150x225.jpg 150w, https:\/\/katolicka-gimnazija.hr\/wp-content\/uploads\/2018\/03\/DSC_8629-e1521748952763-100x150.jpg 100w, https:\/\/katolicka-gimnazija.hr\/wp-content\/uploads\/2018\/03\/DSC_8629-e1521748952763.jpg 1400w\" sizes=\"auto, (max-width: 200px) 100vw, 200px\" \/><\/a>\n\t\t\t<\/div><\/figure><figure class='gallery-item'>\n\t\t\t<div class='gallery-icon landscape'>\n\t\t\t\t<a href='https:\/\/katolicka-gimnazija.hr\/wp-content\/uploads\/2018\/03\/DSC_7904.jpg'><img loading=\"lazy\" decoding=\"async\" width=\"300\" height=\"197\" src=\"https:\/\/katolicka-gimnazija.hr\/wp-content\/uploads\/2018\/03\/DSC_7904-300x197.jpg\" class=\"attachment-medium size-medium\" alt=\"\" srcset=\"https:\/\/katolicka-gimnazija.hr\/wp-content\/uploads\/2018\/03\/DSC_7904-300x197.jpg 300w, https:\/\/katolicka-gimnazija.hr\/wp-content\/uploads\/2018\/03\/DSC_7904-360x237.jpg 360w, https:\/\/katolicka-gimnazija.hr\/wp-content\/uploads\/2018\/03\/DSC_7904-400x263.jpg 400w, https:\/\/katolicka-gimnazija.hr\/wp-content\/uploads\/2018\/03\/DSC_7904-430x283.jpg 430w, https:\/\/katolicka-gimnazija.hr\/wp-content\/uploads\/2018\/03\/DSC_7904-150x99.jpg 150w, https:\/\/katolicka-gimnazija.hr\/wp-content\/uploads\/2018\/03\/DSC_7904-100x66.jpg 100w, https:\/\/katolicka-gimnazija.hr\/wp-content\/uploads\/2018\/03\/DSC_7904.jpg 634w\" sizes=\"auto, (max-width: 300px) 100vw, 300px\" \/><\/a>\n\t\t\t<\/div><\/figure><figure class='gallery-item'>\n\t\t\t<div class='gallery-icon landscape'>\n\t\t\t\t<a href='https:\/\/katolicka-gimnazija.hr\/wp-content\/uploads\/2018\/03\/29138102_1860632510901577_457130193_n.jpg'><img loading=\"lazy\" decoding=\"async\" width=\"300\" height=\"200\" src=\"https:\/\/katolicka-gimnazija.hr\/wp-content\/uploads\/2018\/03\/29138102_1860632510901577_457130193_n-300x200.jpg\" class=\"attachment-medium size-medium\" alt=\"\" srcset=\"https:\/\/katolicka-gimnazija.hr\/wp-content\/uploads\/2018\/03\/29138102_1860632510901577_457130193_n-300x200.jpg 300w, https:\/\/katolicka-gimnazija.hr\/wp-content\/uploads\/2018\/03\/29138102_1860632510901577_457130193_n-360x240.jpg 360w, https:\/\/katolicka-gimnazija.hr\/wp-content\/uploads\/2018\/03\/29138102_1860632510901577_457130193_n-400x267.jpg 400w, https:\/\/katolicka-gimnazija.hr\/wp-content\/uploads\/2018\/03\/29138102_1860632510901577_457130193_n-430x287.jpg 430w, https:\/\/katolicka-gimnazija.hr\/wp-content\/uploads\/2018\/03\/29138102_1860632510901577_457130193_n-150x100.jpg 150w, https:\/\/katolicka-gimnazija.hr\/wp-content\/uploads\/2018\/03\/29138102_1860632510901577_457130193_n-100x67.jpg 100w, https:\/\/katolicka-gimnazija.hr\/wp-content\/uploads\/2018\/03\/29138102_1860632510901577_457130193_n.jpg 720w\" sizes=\"auto, (max-width: 300px) 100vw, 300px\" \/><\/a>\n\t\t\t<\/div><\/figure><figure class='gallery-item'>\n\t\t\t<div class='gallery-icon landscape'>\n\t\t\t\t<a href='https:\/\/katolicka-gimnazija.hr\/wp-content\/uploads\/2018\/03\/DSC_8601.jpg'><img loading=\"lazy\" decoding=\"async\" width=\"300\" height=\"200\" src=\"https:\/\/katolicka-gimnazija.hr\/wp-content\/uploads\/2018\/03\/DSC_8601-300x200.jpg\" class=\"attachment-medium size-medium\" alt=\"\" srcset=\"https:\/\/katolicka-gimnazija.hr\/wp-content\/uploads\/2018\/03\/DSC_8601-300x200.jpg 300w, https:\/\/katolicka-gimnazija.hr\/wp-content\/uploads\/2018\/03\/DSC_8601-768x512.jpg 768w, https:\/\/katolicka-gimnazija.hr\/wp-content\/uploads\/2018\/03\/DSC_8601-1024x683.jpg 1024w, https:\/\/katolicka-gimnazija.hr\/wp-content\/uploads\/2018\/03\/DSC_8601-360x240.jpg 360w, https:\/\/katolicka-gimnazija.hr\/wp-content\/uploads\/2018\/03\/DSC_8601-750x500.jpg 750w, https:\/\/katolicka-gimnazija.hr\/wp-content\/uploads\/2018\/03\/DSC_8601-400x267.jpg 400w, https:\/\/katolicka-gimnazija.hr\/wp-content\/uploads\/2018\/03\/DSC_8601-430x287.jpg 430w, https:\/\/katolicka-gimnazija.hr\/wp-content\/uploads\/2018\/03\/DSC_8601-150x100.jpg 150w, https:\/\/katolicka-gimnazija.hr\/wp-content\/uploads\/2018\/03\/DSC_8601-100x67.jpg 100w\" sizes=\"auto, (max-width: 300px) 100vw, 300px\" \/><\/a>\n\t\t\t<\/div><\/figure><figure class='gallery-item'>\n\t\t\t<div class='gallery-icon landscape'>\n\t\t\t\t<a href='https:\/\/katolicka-gimnazija.hr\/wp-content\/uploads\/2018\/03\/DSC_8693.jpg'><img loading=\"lazy\" decoding=\"async\" width=\"300\" height=\"200\" src=\"https:\/\/katolicka-gimnazija.hr\/wp-content\/uploads\/2018\/03\/DSC_8693-300x200.jpg\" class=\"attachment-medium size-medium\" alt=\"\" srcset=\"https:\/\/katolicka-gimnazija.hr\/wp-content\/uploads\/2018\/03\/DSC_8693-300x200.jpg 300w, https:\/\/katolicka-gimnazija.hr\/wp-content\/uploads\/2018\/03\/DSC_8693-768x512.jpg 768w, https:\/\/katolicka-gimnazija.hr\/wp-content\/uploads\/2018\/03\/DSC_8693-1024x683.jpg 1024w, https:\/\/katolicka-gimnazija.hr\/wp-content\/uploads\/2018\/03\/DSC_8693-360x240.jpg 360w, https:\/\/katolicka-gimnazija.hr\/wp-content\/uploads\/2018\/03\/DSC_8693-750x500.jpg 750w, https:\/\/katolicka-gimnazija.hr\/wp-content\/uploads\/2018\/03\/DSC_8693-400x267.jpg 400w, https:\/\/katolicka-gimnazija.hr\/wp-content\/uploads\/2018\/03\/DSC_8693-430x287.jpg 430w, https:\/\/katolicka-gimnazija.hr\/wp-content\/uploads\/2018\/03\/DSC_8693-150x100.jpg 150w, https:\/\/katolicka-gimnazija.hr\/wp-content\/uploads\/2018\/03\/DSC_8693-100x67.jpg 100w\" sizes=\"auto, (max-width: 300px) 100vw, 300px\" \/><\/a>\n\t\t\t<\/div><\/figure><figure class='gallery-item'>\n\t\t\t<div class='gallery-icon landscape'>\n\t\t\t\t<a href='https:\/\/katolicka-gimnazija.hr\/wp-content\/uploads\/2018\/03\/DSC_8692.jpg'><img loading=\"lazy\" decoding=\"async\" width=\"300\" height=\"200\" src=\"https:\/\/katolicka-gimnazija.hr\/wp-content\/uploads\/2018\/03\/DSC_8692-300x200.jpg\" class=\"attachment-medium size-medium\" alt=\"\" srcset=\"https:\/\/katolicka-gimnazija.hr\/wp-content\/uploads\/2018\/03\/DSC_8692-300x200.jpg 300w, https:\/\/katolicka-gimnazija.hr\/wp-content\/uploads\/2018\/03\/DSC_8692-768x512.jpg 768w, https:\/\/katolicka-gimnazija.hr\/wp-content\/uploads\/2018\/03\/DSC_8692-1024x683.jpg 1024w, https:\/\/katolicka-gimnazija.hr\/wp-content\/uploads\/2018\/03\/DSC_8692-360x240.jpg 360w, https:\/\/katolicka-gimnazija.hr\/wp-content\/uploads\/2018\/03\/DSC_8692-750x500.jpg 750w, https:\/\/katolicka-gimnazija.hr\/wp-content\/uploads\/2018\/03\/DSC_8692-400x267.jpg 400w, https:\/\/katolicka-gimnazija.hr\/wp-content\/uploads\/2018\/03\/DSC_8692-430x287.jpg 430w, https:\/\/katolicka-gimnazija.hr\/wp-content\/uploads\/2018\/03\/DSC_8692-150x100.jpg 150w, https:\/\/katolicka-gimnazija.hr\/wp-content\/uploads\/2018\/03\/DSC_8692-100x67.jpg 100w\" sizes=\"auto, (max-width: 300px) 100vw, 300px\" \/><\/a>\n\t\t\t<\/div><\/figure><figure class='gallery-item'>\n\t\t\t<div class='gallery-icon landscape'>\n\t\t\t\t<a href='https:\/\/katolicka-gimnazija.hr\/wp-content\/uploads\/2018\/03\/fotka119476.jpg'><img loading=\"lazy\" decoding=\"async\" width=\"300\" height=\"199\" src=\"https:\/\/katolicka-gimnazija.hr\/wp-content\/uploads\/2018\/03\/fotka119476-300x199.jpg\" class=\"attachment-medium size-medium\" alt=\"\" srcset=\"https:\/\/katolicka-gimnazija.hr\/wp-content\/uploads\/2018\/03\/fotka119476-300x199.jpg 300w, https:\/\/katolicka-gimnazija.hr\/wp-content\/uploads\/2018\/03\/fotka119476-150x100.jpg 150w, https:\/\/katolicka-gimnazija.hr\/wp-content\/uploads\/2018\/03\/fotka119476-100x66.jpg 100w, https:\/\/katolicka-gimnazija.hr\/wp-content\/uploads\/2018\/03\/fotka119476.jpg 325w\" sizes=\"auto, (max-width: 300px) 100vw, 300px\" \/><\/a>\n\t\t\t<\/div><\/figure><figure class='gallery-item'>\n\t\t\t<div class='gallery-icon landscape'>\n\t\t\t\t<a href='https:\/\/katolicka-gimnazija.hr\/wp-content\/uploads\/2018\/03\/29138251_1860632537568241_247732776_n.jpg'><img loading=\"lazy\" decoding=\"async\" width=\"300\" height=\"200\" src=\"https:\/\/katolicka-gimnazija.hr\/wp-content\/uploads\/2018\/03\/29138251_1860632537568241_247732776_n-300x200.jpg\" class=\"attachment-medium size-medium\" alt=\"\" srcset=\"https:\/\/katolicka-gimnazija.hr\/wp-content\/uploads\/2018\/03\/29138251_1860632537568241_247732776_n-300x200.jpg 300w, https:\/\/katolicka-gimnazija.hr\/wp-content\/uploads\/2018\/03\/29138251_1860632537568241_247732776_n-360x240.jpg 360w, https:\/\/katolicka-gimnazija.hr\/wp-content\/uploads\/2018\/03\/29138251_1860632537568241_247732776_n-400x266.jpg 400w, https:\/\/katolicka-gimnazija.hr\/wp-content\/uploads\/2018\/03\/29138251_1860632537568241_247732776_n-430x286.jpg 430w, https:\/\/katolicka-gimnazija.hr\/wp-content\/uploads\/2018\/03\/29138251_1860632537568241_247732776_n-150x100.jpg 150w, https:\/\/katolicka-gimnazija.hr\/wp-content\/uploads\/2018\/03\/29138251_1860632537568241_247732776_n-100x67.jpg 100w, https:\/\/katolicka-gimnazija.hr\/wp-content\/uploads\/2018\/03\/29138251_1860632537568241_247732776_n.jpg 720w\" sizes=\"auto, (max-width: 300px) 100vw, 300px\" \/><\/a>\n\t\t\t<\/div><\/figure><figure class='gallery-item'>\n\t\t\t<div class='gallery-icon landscape'>\n\t\t\t\t<a href='https:\/\/katolicka-gimnazija.hr\/wp-content\/uploads\/2018\/03\/11.jpg'><img loading=\"lazy\" decoding=\"async\" width=\"300\" height=\"169\" src=\"https:\/\/katolicka-gimnazija.hr\/wp-content\/uploads\/2018\/03\/11-300x169.jpg\" class=\"attachment-medium size-medium\" alt=\"\" srcset=\"https:\/\/katolicka-gimnazija.hr\/wp-content\/uploads\/2018\/03\/11-300x169.jpg 300w, https:\/\/katolicka-gimnazija.hr\/wp-content\/uploads\/2018\/03\/11-768x432.jpg 768w, https:\/\/katolicka-gimnazija.hr\/wp-content\/uploads\/2018\/03\/11-1024x576.jpg 1024w, https:\/\/katolicka-gimnazija.hr\/wp-content\/uploads\/2018\/03\/11-360x203.jpg 360w, https:\/\/katolicka-gimnazija.hr\/wp-content\/uploads\/2018\/03\/11-750x422.jpg 750w, https:\/\/katolicka-gimnazija.hr\/wp-content\/uploads\/2018\/03\/11-400x225.jpg 400w, https:\/\/katolicka-gimnazija.hr\/wp-content\/uploads\/2018\/03\/11-430x242.jpg 430w, https:\/\/katolicka-gimnazija.hr\/wp-content\/uploads\/2018\/03\/11-150x84.jpg 150w, https:\/\/katolicka-gimnazija.hr\/wp-content\/uploads\/2018\/03\/11-100x56.jpg 100w, https:\/\/katolicka-gimnazija.hr\/wp-content\/uploads\/2018\/03\/11.jpg 1920w\" sizes=\"auto, (max-width: 300px) 100vw, 300px\" \/><\/a>\n\t\t\t<\/div><\/figure><figure class='gallery-item'>\n\t\t\t<div class='gallery-icon landscape'>\n\t\t\t\t<a href='https:\/\/katolicka-gimnazija.hr\/wp-content\/uploads\/2018\/03\/DSC_8646.jpg'><img loading=\"lazy\" decoding=\"async\" width=\"300\" height=\"200\" src=\"https:\/\/katolicka-gimnazija.hr\/wp-content\/uploads\/2018\/03\/DSC_8646-300x200.jpg\" class=\"attachment-medium size-medium\" alt=\"\" srcset=\"https:\/\/katolicka-gimnazija.hr\/wp-content\/uploads\/2018\/03\/DSC_8646-300x200.jpg 300w, https:\/\/katolicka-gimnazija.hr\/wp-content\/uploads\/2018\/03\/DSC_8646-768x512.jpg 768w, https:\/\/katolicka-gimnazija.hr\/wp-content\/uploads\/2018\/03\/DSC_8646-1024x683.jpg 1024w, https:\/\/katolicka-gimnazija.hr\/wp-content\/uploads\/2018\/03\/DSC_8646-360x240.jpg 360w, https:\/\/katolicka-gimnazija.hr\/wp-content\/uploads\/2018\/03\/DSC_8646-750x500.jpg 750w, https:\/\/katolicka-gimnazija.hr\/wp-content\/uploads\/2018\/03\/DSC_8646-400x267.jpg 400w, https:\/\/katolicka-gimnazija.hr\/wp-content\/uploads\/2018\/03\/DSC_8646-430x287.jpg 430w, https:\/\/katolicka-gimnazija.hr\/wp-content\/uploads\/2018\/03\/DSC_8646-150x100.jpg 150w, https:\/\/katolicka-gimnazija.hr\/wp-content\/uploads\/2018\/03\/DSC_8646-100x67.jpg 100w\" sizes=\"auto, (max-width: 300px) 100vw, 300px\" \/><\/a>\n\t\t\t<\/div><\/figure><figure class='gallery-item'>\n\t\t\t<div class='gallery-icon landscape'>\n\t\t\t\t<a href='https:\/\/katolicka-gimnazija.hr\/wp-content\/uploads\/2018\/03\/P1180234.jpg'><img loading=\"lazy\" decoding=\"async\" width=\"300\" height=\"215\" src=\"https:\/\/katolicka-gimnazija.hr\/wp-content\/uploads\/2018\/03\/P1180234-300x215.jpg\" class=\"attachment-medium size-medium\" alt=\"\" srcset=\"https:\/\/katolicka-gimnazija.hr\/wp-content\/uploads\/2018\/03\/P1180234-300x215.jpg 300w, https:\/\/katolicka-gimnazija.hr\/wp-content\/uploads\/2018\/03\/P1180234-360x258.jpg 360w, https:\/\/katolicka-gimnazija.hr\/wp-content\/uploads\/2018\/03\/P1180234-350x250.jpg 350w, https:\/\/katolicka-gimnazija.hr\/wp-content\/uploads\/2018\/03\/P1180234-400x286.jpg 400w, https:\/\/katolicka-gimnazija.hr\/wp-content\/uploads\/2018\/03\/P1180234-430x308.jpg 430w, https:\/\/katolicka-gimnazija.hr\/wp-content\/uploads\/2018\/03\/P1180234-150x107.jpg 150w, https:\/\/katolicka-gimnazija.hr\/wp-content\/uploads\/2018\/03\/P1180234-100x72.jpg 100w, https:\/\/katolicka-gimnazija.hr\/wp-content\/uploads\/2018\/03\/P1180234.jpg 640w\" sizes=\"auto, (max-width: 300px) 100vw, 300px\" \/><\/a>\n\t\t\t<\/div><\/figure><figure class='gallery-item'>\n\t\t\t<div class='gallery-icon landscape'>\n\t\t\t\t<a href='https:\/\/katolicka-gimnazija.hr\/wp-content\/uploads\/2018\/03\/DSC_8704.jpg'><img loading=\"lazy\" decoding=\"async\" width=\"300\" height=\"200\" src=\"https:\/\/katolicka-gimnazija.hr\/wp-content\/uploads\/2018\/03\/DSC_8704-300x200.jpg\" class=\"attachment-medium size-medium\" alt=\"\" srcset=\"https:\/\/katolicka-gimnazija.hr\/wp-content\/uploads\/2018\/03\/DSC_8704-300x200.jpg 300w, https:\/\/katolicka-gimnazija.hr\/wp-content\/uploads\/2018\/03\/DSC_8704-768x512.jpg 768w, https:\/\/katolicka-gimnazija.hr\/wp-content\/uploads\/2018\/03\/DSC_8704-1024x683.jpg 1024w, https:\/\/katolicka-gimnazija.hr\/wp-content\/uploads\/2018\/03\/DSC_8704-360x240.jpg 360w, https:\/\/katolicka-gimnazija.hr\/wp-content\/uploads\/2018\/03\/DSC_8704-750x500.jpg 750w, https:\/\/katolicka-gimnazija.hr\/wp-content\/uploads\/2018\/03\/DSC_8704-400x267.jpg 400w, https:\/\/katolicka-gimnazija.hr\/wp-content\/uploads\/2018\/03\/DSC_8704-430x287.jpg 430w, https:\/\/katolicka-gimnazija.hr\/wp-content\/uploads\/2018\/03\/DSC_8704-150x100.jpg 150w, https:\/\/katolicka-gimnazija.hr\/wp-content\/uploads\/2018\/03\/DSC_8704-100x67.jpg 100w\" sizes=\"auto, (max-width: 300px) 100vw, 300px\" \/><\/a>\n\t\t\t<\/div><\/figure><figure class='gallery-item'>\n\t\t\t<div class='gallery-icon landscape'>\n\t\t\t\t<a href='https:\/\/katolicka-gimnazija.hr\/wp-content\/uploads\/2018\/03\/DSC_8647.jpg'><img loading=\"lazy\" decoding=\"async\" width=\"300\" height=\"200\" src=\"https:\/\/katolicka-gimnazija.hr\/wp-content\/uploads\/2018\/03\/DSC_8647-300x200.jpg\" class=\"attachment-medium size-medium\" alt=\"\" srcset=\"https:\/\/katolicka-gimnazija.hr\/wp-content\/uploads\/2018\/03\/DSC_8647-300x200.jpg 300w, https:\/\/katolicka-gimnazija.hr\/wp-content\/uploads\/2018\/03\/DSC_8647-768x512.jpg 768w, https:\/\/katolicka-gimnazija.hr\/wp-content\/uploads\/2018\/03\/DSC_8647-1024x683.jpg 1024w, https:\/\/katolicka-gimnazija.hr\/wp-content\/uploads\/2018\/03\/DSC_8647-360x240.jpg 360w, https:\/\/katolicka-gimnazija.hr\/wp-content\/uploads\/2018\/03\/DSC_8647-750x500.jpg 750w, https:\/\/katolicka-gimnazija.hr\/wp-content\/uploads\/2018\/03\/DSC_8647-400x267.jpg 400w, https:\/\/katolicka-gimnazija.hr\/wp-content\/uploads\/2018\/03\/DSC_8647-430x287.jpg 430w, https:\/\/katolicka-gimnazija.hr\/wp-content\/uploads\/2018\/03\/DSC_8647-150x100.jpg 150w, https:\/\/katolicka-gimnazija.hr\/wp-content\/uploads\/2018\/03\/DSC_8647-100x67.jpg 100w\" sizes=\"auto, (max-width: 300px) 100vw, 300px\" \/><\/a>\n\t\t\t<\/div><\/figure><figure class='gallery-item'>\n\t\t\t<div class='gallery-icon landscape'>\n\t\t\t\t<a href='https:\/\/katolicka-gimnazija.hr\/wp-content\/uploads\/2018\/03\/maxresdefault-3.jpg'><img loading=\"lazy\" decoding=\"async\" width=\"300\" height=\"169\" src=\"https:\/\/katolicka-gimnazija.hr\/wp-content\/uploads\/2018\/03\/maxresdefault-3-300x169.jpg\" class=\"attachment-medium size-medium\" alt=\"\" srcset=\"https:\/\/katolicka-gimnazija.hr\/wp-content\/uploads\/2018\/03\/maxresdefault-3-300x169.jpg 300w, https:\/\/katolicka-gimnazija.hr\/wp-content\/uploads\/2018\/03\/maxresdefault-3-768x432.jpg 768w, https:\/\/katolicka-gimnazija.hr\/wp-content\/uploads\/2018\/03\/maxresdefault-3-1024x576.jpg 1024w, https:\/\/katolicka-gimnazija.hr\/wp-content\/uploads\/2018\/03\/maxresdefault-3-360x203.jpg 360w, https:\/\/katolicka-gimnazija.hr\/wp-content\/uploads\/2018\/03\/maxresdefault-3-750x422.jpg 750w, https:\/\/katolicka-gimnazija.hr\/wp-content\/uploads\/2018\/03\/maxresdefault-3-400x225.jpg 400w, https:\/\/katolicka-gimnazija.hr\/wp-content\/uploads\/2018\/03\/maxresdefault-3-430x242.jpg 430w, https:\/\/katolicka-gimnazija.hr\/wp-content\/uploads\/2018\/03\/maxresdefault-3-150x84.jpg 150w, https:\/\/katolicka-gimnazija.hr\/wp-content\/uploads\/2018\/03\/maxresdefault-3-100x56.jpg 100w, https:\/\/katolicka-gimnazija.hr\/wp-content\/uploads\/2018\/03\/maxresdefault-3.jpg 1920w\" sizes=\"auto, (max-width: 300px) 100vw, 300px\" \/><\/a>\n\t\t\t<\/div><\/figure><figure class='gallery-item'>\n\t\t\t<div class='gallery-icon landscape'>\n\t\t\t\t<a href='https:\/\/katolicka-gimnazija.hr\/wp-content\/uploads\/2018\/03\/maxresdefault-1-1.jpg'><img loading=\"lazy\" decoding=\"async\" width=\"300\" height=\"169\" src=\"https:\/\/katolicka-gimnazija.hr\/wp-content\/uploads\/2018\/03\/maxresdefault-1-1-300x169.jpg\" class=\"attachment-medium size-medium\" alt=\"\" srcset=\"https:\/\/katolicka-gimnazija.hr\/wp-content\/uploads\/2018\/03\/maxresdefault-1-1-300x169.jpg 300w, https:\/\/katolicka-gimnazija.hr\/wp-content\/uploads\/2018\/03\/maxresdefault-1-1-768x432.jpg 768w, https:\/\/katolicka-gimnazija.hr\/wp-content\/uploads\/2018\/03\/maxresdefault-1-1-1024x576.jpg 1024w, https:\/\/katolicka-gimnazija.hr\/wp-content\/uploads\/2018\/03\/maxresdefault-1-1-360x203.jpg 360w, https:\/\/katolicka-gimnazija.hr\/wp-content\/uploads\/2018\/03\/maxresdefault-1-1-750x422.jpg 750w, https:\/\/katolicka-gimnazija.hr\/wp-content\/uploads\/2018\/03\/maxresdefault-1-1-400x225.jpg 400w, https:\/\/katolicka-gimnazija.hr\/wp-content\/uploads\/2018\/03\/maxresdefault-1-1-430x242.jpg 430w, https:\/\/katolicka-gimnazija.hr\/wp-content\/uploads\/2018\/03\/maxresdefault-1-1-150x84.jpg 150w, https:\/\/katolicka-gimnazija.hr\/wp-content\/uploads\/2018\/03\/maxresdefault-1-1-100x56.jpg 100w, https:\/\/katolicka-gimnazija.hr\/wp-content\/uploads\/2018\/03\/maxresdefault-1-1.jpg 1280w\" sizes=\"auto, (max-width: 300px) 100vw, 300px\" \/><\/a>\n\t\t\t<\/div><\/figure>\n\t\t<\/div>\n\n<p>&nbsp;  <\/p>\n","protected":false},"excerpt":{"rendered":"<p>&nbsp; I to je Po\u017eega Big Band Po\u017eega Intervju sa Zvjezdanom Zvekijem Marjanovi\u0107em Razgovarale: Lucija Morvaj i Leonarda Zelenika Foto: Karlo Bleiziffer i fotke s mre\u017ee Populisti\u010dki mediji, lokalni ili dr\u017eavni, prepuni populisti\u010dkih i banalnih vijesti, optu\u017eivanja i prepucavanja, prepotentnih izjava i bizarnih likova umaraju i najdobronamjernijeg \u010ditatelja, a zasigurno ne privla\u010de, ne zadr\u017eavaju i [&hellip;]<\/p>\n","protected":false},"author":2,"featured_media":12551,"comment_status":"closed","ping_status":"closed","sticky":false,"template":"","format":"standard","meta":{"footnotes":""},"categories":[4,2],"tags":[],"class_list":["post-12536","post","type-post","status-publish","format-standard","has-post-thumbnail","hentry","category-fotogalerije","category-vijesti"],"_links":{"self":[{"href":"https:\/\/katolicka-gimnazija.hr\/index.php\/wp-json\/wp\/v2\/posts\/12536","targetHints":{"allow":["GET"]}}],"collection":[{"href":"https:\/\/katolicka-gimnazija.hr\/index.php\/wp-json\/wp\/v2\/posts"}],"about":[{"href":"https:\/\/katolicka-gimnazija.hr\/index.php\/wp-json\/wp\/v2\/types\/post"}],"author":[{"embeddable":true,"href":"https:\/\/katolicka-gimnazija.hr\/index.php\/wp-json\/wp\/v2\/users\/2"}],"replies":[{"embeddable":true,"href":"https:\/\/katolicka-gimnazija.hr\/index.php\/wp-json\/wp\/v2\/comments?post=12536"}],"version-history":[{"count":6,"href":"https:\/\/katolicka-gimnazija.hr\/index.php\/wp-json\/wp\/v2\/posts\/12536\/revisions"}],"predecessor-version":[{"id":14686,"href":"https:\/\/katolicka-gimnazija.hr\/index.php\/wp-json\/wp\/v2\/posts\/12536\/revisions\/14686"}],"wp:featuredmedia":[{"embeddable":true,"href":"https:\/\/katolicka-gimnazija.hr\/index.php\/wp-json\/wp\/v2\/media\/12551"}],"wp:attachment":[{"href":"https:\/\/katolicka-gimnazija.hr\/index.php\/wp-json\/wp\/v2\/media?parent=12536"}],"wp:term":[{"taxonomy":"category","embeddable":true,"href":"https:\/\/katolicka-gimnazija.hr\/index.php\/wp-json\/wp\/v2\/categories?post=12536"},{"taxonomy":"post_tag","embeddable":true,"href":"https:\/\/katolicka-gimnazija.hr\/index.php\/wp-json\/wp\/v2\/tags?post=12536"}],"curies":[{"name":"wp","href":"https:\/\/api.w.org\/{rel}","templated":true}]}}