{"id":12633,"date":"2018-04-11T10:36:34","date_gmt":"2018-04-11T10:36:34","guid":{"rendered":"http:\/\/katolicka-gimnazija.hr\/?p=12633"},"modified":"2018-12-28T13:17:33","modified_gmt":"2018-12-28T13:17:33","slug":"grckijezik","status":"publish","type":"post","link":"https:\/\/katolicka-gimnazija.hr\/index.php\/2018\/04\/11\/grckijezik\/","title":{"rendered":"\u03a3\u03c5\u03b3\u03c7\u03b1\u03c1\u03b7\u03c4\u03ae\u03c1\u03b9\u03b1!"},"content":{"rendered":"<p><a href=\"http:\/\/katolicka-gimnazija.hr\/wp-content\/uploads\/2018\/04\/30572159_1911164278902633_1874209430304718848_n.jpg\"><img loading=\"lazy\" decoding=\"async\" class=\"alignleft wp-image-12635 size-medium\" src=\"http:\/\/katolicka-gimnazija.hr\/wp-content\/uploads\/2018\/04\/30572159_1911164278902633_1874209430304718848_n-225x300.jpg\" alt=\"30572159_1911164278902633_1874209430304718848_n\" width=\"225\" height=\"300\" srcset=\"https:\/\/katolicka-gimnazija.hr\/wp-content\/uploads\/2018\/04\/30572159_1911164278902633_1874209430304718848_n-225x300.jpg 225w, https:\/\/katolicka-gimnazija.hr\/wp-content\/uploads\/2018\/04\/30572159_1911164278902633_1874209430304718848_n-360x480.jpg 360w, https:\/\/katolicka-gimnazija.hr\/wp-content\/uploads\/2018\/04\/30572159_1911164278902633_1874209430304718848_n-400x533.jpg 400w, https:\/\/katolicka-gimnazija.hr\/wp-content\/uploads\/2018\/04\/30572159_1911164278902633_1874209430304718848_n-430x573.jpg 430w, https:\/\/katolicka-gimnazija.hr\/wp-content\/uploads\/2018\/04\/30572159_1911164278902633_1874209430304718848_n-150x200.jpg 150w, https:\/\/katolicka-gimnazija.hr\/wp-content\/uploads\/2018\/04\/30572159_1911164278902633_1874209430304718848_n-100x133.jpg 100w, https:\/\/katolicka-gimnazija.hr\/wp-content\/uploads\/2018\/04\/30572159_1911164278902633_1874209430304718848_n.jpg 720w\" sizes=\"auto, (max-width: 225px) 100vw, 225px\" \/><\/a>Od 26. do 28. o\u017eujka u Zadru je odr\u017eano XXXI. Dr\u017eavno natjecanje u poznavanju klasi\u010dnih jezika, na koje je i ove godine pozvan na\u0161 maturant Bruno \u010ci\u010dek u pratnji profesorice Ivane Drmi\u0107. Natjecanje je bilo podijeljeno u \u0161est kategorija u kojima se natjecalo 84 u\u010denika iz svih krajeva Hrvatske. Doma\u0107in natjecanja bila je katoli\u010dka Klasi\u010dna gimnazija pape Ivana Pavla II., koja se zbilja potrudila da svojim do\u010dekom i gostoprimstvom uljep\u0161a veli\u010dinu doga\u0111aja. U kategoriji latinskog jezika za klasi\u010dne gimnazije Bruno je izborio sedmo mjesto me\u0111u jakom konkurencijom od 16 u\u010denika.<br \/>\nSun\u010dani Zadar, Morske orgulje, Pozdrav Suncu, crkva sv. Donata, Muzej anti\u010dkog stakla, posjet Ninu, sve nas je to odu\u0161evljavalo, ali kako su mudri ljudi rekli <em>\u201eomnia rara praeclara\u201c<\/em> (sve \u0161to je dragocjeno, rijetko je), do\u0161ao je kraj i ovoj avanturi i predivnom iskustvu. A na\u0161em Bruni \u010destitamo i \u017eelimo mu sre\u0107u na skora\u0161njem studiju \u2013 tko zna, mo\u017eda i latinskog?  <\/p>\n","protected":false},"excerpt":{"rendered":"<p>Od 26. do 28. o\u017eujka u Zadru je odr\u017eano XXXI. Dr\u017eavno natjecanje u poznavanju klasi\u010dnih jezika, na koje je i ove godine pozvan na\u0161 maturant Bruno \u010ci\u010dek u pratnji profesorice Ivane Drmi\u0107. Natjecanje je bilo podijeljeno u \u0161est kategorija u kojima se natjecalo 84 u\u010denika iz svih krajeva Hrvatske. Doma\u0107in natjecanja bila je katoli\u010dka Klasi\u010dna [&hellip;]<\/p>\n","protected":false},"author":56,"featured_media":12636,"comment_status":"closed","ping_status":"closed","sticky":false,"template":"","format":"standard","meta":{"footnotes":""},"categories":[2],"tags":[],"class_list":["post-12633","post","type-post","status-publish","format-standard","has-post-thumbnail","hentry","category-vijesti"],"_links":{"self":[{"href":"https:\/\/katolicka-gimnazija.hr\/index.php\/wp-json\/wp\/v2\/posts\/12633","targetHints":{"allow":["GET"]}}],"collection":[{"href":"https:\/\/katolicka-gimnazija.hr\/index.php\/wp-json\/wp\/v2\/posts"}],"about":[{"href":"https:\/\/katolicka-gimnazija.hr\/index.php\/wp-json\/wp\/v2\/types\/post"}],"author":[{"embeddable":true,"href":"https:\/\/katolicka-gimnazija.hr\/index.php\/wp-json\/wp\/v2\/users\/56"}],"replies":[{"embeddable":true,"href":"https:\/\/katolicka-gimnazija.hr\/index.php\/wp-json\/wp\/v2\/comments?post=12633"}],"version-history":[{"count":3,"href":"https:\/\/katolicka-gimnazija.hr\/index.php\/wp-json\/wp\/v2\/posts\/12633\/revisions"}],"predecessor-version":[{"id":14677,"href":"https:\/\/katolicka-gimnazija.hr\/index.php\/wp-json\/wp\/v2\/posts\/12633\/revisions\/14677"}],"wp:featuredmedia":[{"embeddable":true,"href":"https:\/\/katolicka-gimnazija.hr\/index.php\/wp-json\/wp\/v2\/media\/12636"}],"wp:attachment":[{"href":"https:\/\/katolicka-gimnazija.hr\/index.php\/wp-json\/wp\/v2\/media?parent=12633"}],"wp:term":[{"taxonomy":"category","embeddable":true,"href":"https:\/\/katolicka-gimnazija.hr\/index.php\/wp-json\/wp\/v2\/categories?post=12633"},{"taxonomy":"post_tag","embeddable":true,"href":"https:\/\/katolicka-gimnazija.hr\/index.php\/wp-json\/wp\/v2\/tags?post=12633"}],"curies":[{"name":"wp","href":"https:\/\/api.w.org\/{rel}","templated":true}]}}