{"id":12894,"date":"2018-05-08T21:07:45","date_gmt":"2018-05-08T21:07:45","guid":{"rendered":"http:\/\/katolicka-gimnazija.hr\/?p=12894"},"modified":"2018-12-28T13:14:26","modified_gmt":"2018-12-28T13:14:26","slug":"zakljucci-sa-6-sjednice-nastavnickog-vijeca-2","status":"publish","type":"post","link":"https:\/\/katolicka-gimnazija.hr\/index.php\/2018\/05\/08\/zakljucci-sa-6-sjednice-nastavnickog-vijeca-2\/","title":{"rendered":"Zaklju\u010dci sa 6. sjednice Nastavni\u010dkog vije\u0107a"},"content":{"rendered":"<p>Na 6. sjednici Nastavni\u010dkog vije\u0107a Katoli\u010dke gimnazije s pravom javnosti odr\u017eanoj dana 1. velja\u010de 2018. godine:<\/p>\n<p>1. Usvojen je Zapisnik s prethodne sjednice Nastavni\u010dkog vije\u0107a Katoli\u010dke gimnazije s pravom javnosti odr\u017eane dana 24. studenoga 2017. godine bez primjedbi.<\/p>\n<p>2. Ispravljena je neto\u010dnost u donesenom Rje\u0161enju o polaganju razlikovnih ispita (informacija ograni\u010dena), u\u010denika 2.b razrednog odjela Katoli\u010dke gimnazije s pravom javnosti.<\/p>\n<p>3. Odre\u0111ena su nova povjerenstva za polaganje razlikovnih ispita u nastavnoj godini 2017.\/2018. zbog prestanka radnog odnosa pojedinih \u010dlanova povjerenstava.<\/p>\n<p>4. Odlu\u010deno je da se osloba\u0111a od poha\u0111anja nastave nastavnog predmeta u \u0161kolskoj godini 2017.\/2018. (informacija ograni\u010dena), u\u010denica 3.a razrednog odjela Katoli\u010dke gimnazije s pravom javnosti.<\/p>\n<p>5. Dana je suglasnost na ocjenu rada nastavnice Katoli\u010dke gimnazije s pravom javnosti Marijane \u0106orluke prema elementima vrednovanja koju je dao ravnatelj Katoli\u010dke gimnazije s pravom javnosti u svrhu napredovanja u srednjem \u0161kolstvu.<\/p>\n<p>6. Nije bilo rasprave o temama koje nisu na dnevnom redu.  <\/p>\n","protected":false},"excerpt":{"rendered":"<p>Na 6. sjednici Nastavni\u010dkog vije\u0107a Katoli\u010dke gimnazije s pravom javnosti odr\u017eanoj dana 1. velja\u010de 2018. godine: 1. Usvojen je Zapisnik s prethodne sjednice Nastavni\u010dkog vije\u0107a Katoli\u010dke gimnazije s pravom javnosti odr\u017eane dana 24. studenoga 2017. godine bez primjedbi. 2. Ispravljena je neto\u010dnost u donesenom Rje\u0161enju o polaganju razlikovnih ispita (informacija ograni\u010dena), u\u010denika 2.b razrednog odjela [&hellip;]<\/p>\n","protected":false},"author":39,"featured_media":0,"comment_status":"closed","ping_status":"closed","sticky":false,"template":"","format":"standard","meta":{"footnotes":""},"categories":[2],"tags":[],"class_list":["post-12894","post","type-post","status-publish","format-standard","hentry","category-vijesti"],"_links":{"self":[{"href":"https:\/\/katolicka-gimnazija.hr\/index.php\/wp-json\/wp\/v2\/posts\/12894","targetHints":{"allow":["GET"]}}],"collection":[{"href":"https:\/\/katolicka-gimnazija.hr\/index.php\/wp-json\/wp\/v2\/posts"}],"about":[{"href":"https:\/\/katolicka-gimnazija.hr\/index.php\/wp-json\/wp\/v2\/types\/post"}],"author":[{"embeddable":true,"href":"https:\/\/katolicka-gimnazija.hr\/index.php\/wp-json\/wp\/v2\/users\/39"}],"replies":[{"embeddable":true,"href":"https:\/\/katolicka-gimnazija.hr\/index.php\/wp-json\/wp\/v2\/comments?post=12894"}],"version-history":[{"count":2,"href":"https:\/\/katolicka-gimnazija.hr\/index.php\/wp-json\/wp\/v2\/posts\/12894\/revisions"}],"predecessor-version":[{"id":14660,"href":"https:\/\/katolicka-gimnazija.hr\/index.php\/wp-json\/wp\/v2\/posts\/12894\/revisions\/14660"}],"wp:attachment":[{"href":"https:\/\/katolicka-gimnazija.hr\/index.php\/wp-json\/wp\/v2\/media?parent=12894"}],"wp:term":[{"taxonomy":"category","embeddable":true,"href":"https:\/\/katolicka-gimnazija.hr\/index.php\/wp-json\/wp\/v2\/categories?post=12894"},{"taxonomy":"post_tag","embeddable":true,"href":"https:\/\/katolicka-gimnazija.hr\/index.php\/wp-json\/wp\/v2\/tags?post=12894"}],"curies":[{"name":"wp","href":"https:\/\/api.w.org\/{rel}","templated":true}]}}