{"id":13001,"date":"2018-05-28T08:05:41","date_gmt":"2018-05-28T08:05:41","guid":{"rendered":"http:\/\/katolicka-gimnazija.hr\/?p=13001"},"modified":"2018-12-28T13:12:41","modified_gmt":"2018-12-28T13:12:41","slug":"orahovacki-majales","status":"publish","type":"post","link":"https:\/\/katolicka-gimnazija.hr\/index.php\/2018\/05\/28\/orahovacki-majales\/","title":{"rendered":"Orahova\u010dki majales"},"content":{"rendered":"<p class=\"m1577567183031533596ydp944b28c6msonormal\" style=\"text-align: justify; line-height: 150%; background: white;\">Tekst: Domagoj Zubovi\u0107<\/p>\n<p class=\"m1577567183031533596ydp944b28c6msonormal\" style=\"text-align: justify; line-height: 150%; background: white;\">Foto:\u00a0Karlo Bleiziffer, Marijan Paveli\u0107, prof.<\/p>\n<p class=\"m1577567183031533596ydp944b28c6msonormal\" style=\"text-align: justify; line-height: 150%; background: white;\"><span style=\"color: #222222;\">U petak 25. svibnja odr\u017ean je tre\u0107i KG-ovski majales, zajedni\u010dki izlet u\u010denika i profesora Katoli\u010dke gimnazije u Po\u017eegi, ovoga puta u Orahovici. Nastaviv\u0161i tradiciju koju je zapo\u010dela jo\u0161 prije dvije godine u Kaptolu, pa se sadr\u017eajno pro\u0161irila pro\u0161le godine u Pakracu, te kona\u010dno finalizirala i jo\u0161 vi\u0161e obogatila ove godine u Orahovici, Katoli\u010dka je gimnazija jo\u0161 jednom pokazala svoju otvorenost i posebnost koja najvi\u0161e dolazi do izra\u017eaja upravo kroz ovakve aktivnosti i programe.<\/span><\/p>\n<p class=\"m1577567183031533596ydp944b28c6msonormal\" style=\"text-align: start; line-height: 150%; background: white; font-variant-ligatures: normal; font-variant-caps: normal; orphans: 2; widows: 2; -webkit-text-stroke-width: 0px; text-decoration-style: initial; text-decoration-color: initial; word-spacing: 0px;\"><span style=\"color: #222222;\"><a href=\"http:\/\/katolicka-gimnazija.hr\/wp-content\/uploads\/2018\/05\/33674523_1962905577061836_608422674854576128_o.jpg\"><img loading=\"lazy\" decoding=\"async\" class=\"alignleft wp-image-13055 size-medium\" src=\"http:\/\/katolicka-gimnazija.hr\/wp-content\/uploads\/2018\/05\/33674523_1962905577061836_608422674854576128_o-300x200.jpg\" alt=\"33674523_1962905577061836_608422674854576128_o\" width=\"300\" height=\"200\" srcset=\"https:\/\/katolicka-gimnazija.hr\/wp-content\/uploads\/2018\/05\/33674523_1962905577061836_608422674854576128_o-300x200.jpg 300w, https:\/\/katolicka-gimnazija.hr\/wp-content\/uploads\/2018\/05\/33674523_1962905577061836_608422674854576128_o-400x267.jpg 400w, https:\/\/katolicka-gimnazija.hr\/wp-content\/uploads\/2018\/05\/33674523_1962905577061836_608422674854576128_o-768x512.jpg 768w, https:\/\/katolicka-gimnazija.hr\/wp-content\/uploads\/2018\/05\/33674523_1962905577061836_608422674854576128_o-1024x683.jpg 1024w, https:\/\/katolicka-gimnazija.hr\/wp-content\/uploads\/2018\/05\/33674523_1962905577061836_608422674854576128_o.jpg 1969w\" sizes=\"auto, (max-width: 300px) 100vw, 300px\" \/><\/a>Po samom dolasku u Orahovicu u\u010denike i djelatnike Katoli\u010dke gimnazije ugostio je doma\u0107in, \u017eupnik \u017eupe Na\u0161a\u0161\u0107a sv. Kri\u017ea vl\u010d. \u017deljko Strnak,\u00a0\u00a0koji je tom prilikom gostima iz Po\u017eege ukratko predstavio djelovanje i povijest svoje \u017eupe. Nakon pozdrava doma\u0107eg \u017eupnika uslijedilo je misno slavlje koje je predvodio \u0161kolski vjerou\u010ditelj i prefekt u po\u017ee\u0161kom Kolegiju vl\u010d. Marijan Paveli\u0107. Iznena\u0111enje za sve nazo\u010dne bio je domjenak koji su poslije mise pripremili \u017eupljani orahova\u010dke \u017eupe, a kojim su na sve nas ostavili jako dobar dojam na samom po\u010detku izleta.<\/span><\/p>\n<p class=\"m1577567183031533596ydp944b28c6msonormal\" style=\"text-align: start; line-height: 150%; background: white; font-variant-ligatures: normal; font-variant-caps: normal; orphans: 2; widows: 2; -webkit-text-stroke-width: 0px; text-decoration-style: initial; text-decoration-color: initial; word-spacing: 0px;\"><span style=\"color: #222222;\">Nakon kratke okrjepe u dvori\u0161tu \u017eupne ku\u0107e zaputili smo se u obilazak Orahovice koja nas je i po drugi put\u00a0jako iznenadila. Malo tko bi vjerovao da je na tako maloj kvadraturi smje\u0161teno toliko zanimljivih i nevjerojatnih stvari. Obi\u0161li smo lokomotivu \u201e\u0106iro\u201c u sredi\u0161njem gradskom parku, pro\u0161etali avenijom ru\u017ea, pogledali smo i stalni postav u gradskoj knji\u017enici koji svjedo\u010di o povijesnoj va\u017enosti ovoga grada i prostora kroz mnoga stolje\u0107a. Obi\u0161li smo i staru vodenicu, pro\u0161etali glavnim ulicama te naposljetku zasjeli u orahova\u010dke kafi\u0107e i u\u017eivali u mirno\u0107i i le\u017eernosti koju ovaj grad zasigurno ima, a koja je za kraj radnog tjedna idealan na\u010din za opu\u0161tanje i odmor.<\/span><\/p>\n<p class=\"m1577567183031533596ydp944b28c6msonormal\" style=\"text-align: start; line-height: 150%; background: white; font-variant-ligatures: normal; font-variant-caps: normal; orphans: 2; widows: 2; -webkit-text-stroke-width: 0px; text-decoration-style: initial; text-decoration-color: initial; word-spacing: 0px;\"><span style=\"color: #222222;\">Nakon ispijenih kava zaputili smo se na ru\u010dak u hotel Dukat. Ondje smo ponovno bili lijepo ugo\u0161\u0107eni, a okrjepu smo ponovno prona\u0161li, ovaj <a href=\"http:\/\/katolicka-gimnazija.hr\/wp-content\/uploads\/2018\/05\/33614875_1962690517083342_4324726428609282048_o.jpg\"><img loading=\"lazy\" decoding=\"async\" class=\"alignright wp-image-13039 size-medium\" src=\"http:\/\/katolicka-gimnazija.hr\/wp-content\/uploads\/2018\/05\/33614875_1962690517083342_4324726428609282048_o-300x200.jpg\" alt=\"33614875_1962690517083342_4324726428609282048_o\" width=\"300\" height=\"200\" srcset=\"https:\/\/katolicka-gimnazija.hr\/wp-content\/uploads\/2018\/05\/33614875_1962690517083342_4324726428609282048_o-300x200.jpg 300w, https:\/\/katolicka-gimnazija.hr\/wp-content\/uploads\/2018\/05\/33614875_1962690517083342_4324726428609282048_o-768x512.jpg 768w, https:\/\/katolicka-gimnazija.hr\/wp-content\/uploads\/2018\/05\/33614875_1962690517083342_4324726428609282048_o-1024x683.jpg 1024w, https:\/\/katolicka-gimnazija.hr\/wp-content\/uploads\/2018\/05\/33614875_1962690517083342_4324726428609282048_o-360x240.jpg 360w, https:\/\/katolicka-gimnazija.hr\/wp-content\/uploads\/2018\/05\/33614875_1962690517083342_4324726428609282048_o-750x500.jpg 750w, https:\/\/katolicka-gimnazija.hr\/wp-content\/uploads\/2018\/05\/33614875_1962690517083342_4324726428609282048_o-400x267.jpg 400w, https:\/\/katolicka-gimnazija.hr\/wp-content\/uploads\/2018\/05\/33614875_1962690517083342_4324726428609282048_o-430x287.jpg 430w, https:\/\/katolicka-gimnazija.hr\/wp-content\/uploads\/2018\/05\/33614875_1962690517083342_4324726428609282048_o-150x100.jpg 150w, https:\/\/katolicka-gimnazija.hr\/wp-content\/uploads\/2018\/05\/33614875_1962690517083342_4324726428609282048_o-100x67.jpg 100w, https:\/\/katolicka-gimnazija.hr\/wp-content\/uploads\/2018\/05\/33614875_1962690517083342_4324726428609282048_o.jpg 1969w\" sizes=\"auto, (max-width: 300px) 100vw, 300px\" \/><\/a>puta u obliku graha. Dovoljno je samo re\u0107i da su ga jeli i oni koji ga ina\u010de ne vole. Nakon ru\u010dka napustili smo gradske ulice i krenuli prema izleti\u0161tu Orah, to\u010dnije prema orahova\u010dkom jezeru, najprepoznatljivijem simbolu grada. Oni malo hrabriji, koji su doslovno shvatili geslo na\u0161e \u0161kole \u201eDuc in altum\u201c, nisu mogli odoljeti kupanju u jezeru. Krenulo je s jednim, nastavilo s dvoje, a zavr\u0161ilo desecima gimanzijalaca kojima temperature vode i zraka nisu predstavljale nikakav problem. Oni ne\u0161to manje odva\u017eni opu\u0161tali su se igraju\u0107i dru\u0161tvene igre ili su jednostavno podupirali svoje razredne kolege koji su svoja umije\u0107a mogli iskazati kroz razne sportske discipline, skakanje u vre\u0107i, bacanje medicinke, povla\u010denje u\u017eeta ili tr\u010danje, a u okviru drugoga dijela me\u0111urazrednog natjecanja Anti\u010dkoga kviza gimnazijalaca.<\/span><\/p>\n<p class=\"m1577567183031533596ydp944b28c6msonormal\" style=\"text-align: start; line-height: 150%; background: white; font-variant-ligatures: normal; font-variant-caps: normal; orphans: 2; widows: 2; -webkit-text-stroke-width: 0px; text-decoration-style: initial; text-decoration-color: initial; word-spacing: 0px;\"><span style=\"color: #222222;\">Na povratku ku\u0107i posjetiti\u00a0smo\u00a0manastir sv. Nikole koji se nalazi nedaleko od Orahovice. Ondje su nas ugostili monasi koji se brinu za manastir i koji ga svojom molitvom i radom izgra\u0111uju, kako materijalno tako i duhovno. Po prvi puta imali smo priliku \u010duti kako zvu\u010di liturgijsko pojanje, bolje upoznati pravoslavlje te razgledati prostore manastira koji nas je odu\u0161evio svojom jednostavno\u0161\u0107u.<\/span><\/p>\n<div id='gallery-1' class='gallery galleryid-13001 gallery-columns-3 gallery-size-medium'><figure class='gallery-item'>\n\t\t\t<div class='gallery-icon landscape'>\n\t\t\t\t<a href='https:\/\/katolicka-gimnazija.hr\/wp-content\/uploads\/2018\/05\/33553620_1962699523749108_5404051808878329856_o.jpg'><img loading=\"lazy\" decoding=\"async\" width=\"300\" height=\"200\" src=\"https:\/\/katolicka-gimnazija.hr\/wp-content\/uploads\/2018\/05\/33553620_1962699523749108_5404051808878329856_o-300x200.jpg\" class=\"attachment-medium size-medium\" alt=\"\" srcset=\"https:\/\/katolicka-gimnazija.hr\/wp-content\/uploads\/2018\/05\/33553620_1962699523749108_5404051808878329856_o-300x200.jpg 300w, https:\/\/katolicka-gimnazija.hr\/wp-content\/uploads\/2018\/05\/33553620_1962699523749108_5404051808878329856_o-768x512.jpg 768w, https:\/\/katolicka-gimnazija.hr\/wp-content\/uploads\/2018\/05\/33553620_1962699523749108_5404051808878329856_o-1024x683.jpg 1024w, https:\/\/katolicka-gimnazija.hr\/wp-content\/uploads\/2018\/05\/33553620_1962699523749108_5404051808878329856_o-360x240.jpg 360w, https:\/\/katolicka-gimnazija.hr\/wp-content\/uploads\/2018\/05\/33553620_1962699523749108_5404051808878329856_o-750x500.jpg 750w, https:\/\/katolicka-gimnazija.hr\/wp-content\/uploads\/2018\/05\/33553620_1962699523749108_5404051808878329856_o-400x267.jpg 400w, https:\/\/katolicka-gimnazija.hr\/wp-content\/uploads\/2018\/05\/33553620_1962699523749108_5404051808878329856_o-430x287.jpg 430w, https:\/\/katolicka-gimnazija.hr\/wp-content\/uploads\/2018\/05\/33553620_1962699523749108_5404051808878329856_o-150x100.jpg 150w, https:\/\/katolicka-gimnazija.hr\/wp-content\/uploads\/2018\/05\/33553620_1962699523749108_5404051808878329856_o-100x67.jpg 100w, https:\/\/katolicka-gimnazija.hr\/wp-content\/uploads\/2018\/05\/33553620_1962699523749108_5404051808878329856_o.jpg 1969w\" sizes=\"auto, (max-width: 300px) 100vw, 300px\" \/><\/a>\n\t\t\t<\/div><\/figure><figure class='gallery-item'>\n\t\t\t<div class='gallery-icon landscape'>\n\t\t\t\t<a href='https:\/\/katolicka-gimnazija.hr\/wp-content\/uploads\/2018\/05\/33623591_1962694793749581_7994998913318780928_o.jpg'><img loading=\"lazy\" decoding=\"async\" width=\"300\" height=\"200\" src=\"https:\/\/katolicka-gimnazija.hr\/wp-content\/uploads\/2018\/05\/33623591_1962694793749581_7994998913318780928_o-300x200.jpg\" class=\"attachment-medium size-medium\" alt=\"\" srcset=\"https:\/\/katolicka-gimnazija.hr\/wp-content\/uploads\/2018\/05\/33623591_1962694793749581_7994998913318780928_o-300x200.jpg 300w, https:\/\/katolicka-gimnazija.hr\/wp-content\/uploads\/2018\/05\/33623591_1962694793749581_7994998913318780928_o-1024x683.jpg 1024w, https:\/\/katolicka-gimnazija.hr\/wp-content\/uploads\/2018\/05\/33623591_1962694793749581_7994998913318780928_o-400x267.jpg 400w, https:\/\/katolicka-gimnazija.hr\/wp-content\/uploads\/2018\/05\/33623591_1962694793749581_7994998913318780928_o-768x512.jpg 768w, https:\/\/katolicka-gimnazija.hr\/wp-content\/uploads\/2018\/05\/33623591_1962694793749581_7994998913318780928_o.jpg 1969w\" sizes=\"auto, (max-width: 300px) 100vw, 300px\" \/><\/a>\n\t\t\t<\/div><\/figure><figure class='gallery-item'>\n\t\t\t<div class='gallery-icon landscape'>\n\t\t\t\t<a href='https:\/\/katolicka-gimnazija.hr\/wp-content\/uploads\/2018\/05\/33540727_1962696780416049_8512788071601668096_o.jpg'><img loading=\"lazy\" decoding=\"async\" width=\"300\" height=\"200\" src=\"https:\/\/katolicka-gimnazija.hr\/wp-content\/uploads\/2018\/05\/33540727_1962696780416049_8512788071601668096_o-300x200.jpg\" class=\"attachment-medium size-medium\" alt=\"\" srcset=\"https:\/\/katolicka-gimnazija.hr\/wp-content\/uploads\/2018\/05\/33540727_1962696780416049_8512788071601668096_o-300x200.jpg 300w, https:\/\/katolicka-gimnazija.hr\/wp-content\/uploads\/2018\/05\/33540727_1962696780416049_8512788071601668096_o-768x512.jpg 768w, https:\/\/katolicka-gimnazija.hr\/wp-content\/uploads\/2018\/05\/33540727_1962696780416049_8512788071601668096_o-1024x683.jpg 1024w, https:\/\/katolicka-gimnazija.hr\/wp-content\/uploads\/2018\/05\/33540727_1962696780416049_8512788071601668096_o-360x240.jpg 360w, https:\/\/katolicka-gimnazija.hr\/wp-content\/uploads\/2018\/05\/33540727_1962696780416049_8512788071601668096_o-750x500.jpg 750w, https:\/\/katolicka-gimnazija.hr\/wp-content\/uploads\/2018\/05\/33540727_1962696780416049_8512788071601668096_o-400x267.jpg 400w, https:\/\/katolicka-gimnazija.hr\/wp-content\/uploads\/2018\/05\/33540727_1962696780416049_8512788071601668096_o-430x287.jpg 430w, https:\/\/katolicka-gimnazija.hr\/wp-content\/uploads\/2018\/05\/33540727_1962696780416049_8512788071601668096_o-150x100.jpg 150w, https:\/\/katolicka-gimnazija.hr\/wp-content\/uploads\/2018\/05\/33540727_1962696780416049_8512788071601668096_o-100x67.jpg 100w, https:\/\/katolicka-gimnazija.hr\/wp-content\/uploads\/2018\/05\/33540727_1962696780416049_8512788071601668096_o.jpg 1969w\" sizes=\"auto, (max-width: 300px) 100vw, 300px\" \/><\/a>\n\t\t\t<\/div><\/figure><figure class='gallery-item'>\n\t\t\t<div class='gallery-icon landscape'>\n\t\t\t\t<a href='https:\/\/katolicka-gimnazija.hr\/wp-content\/uploads\/2018\/05\/33519302_1962697470415980_8465607628221841408_o.jpg'><img loading=\"lazy\" decoding=\"async\" width=\"300\" height=\"200\" src=\"https:\/\/katolicka-gimnazija.hr\/wp-content\/uploads\/2018\/05\/33519302_1962697470415980_8465607628221841408_o-300x200.jpg\" class=\"attachment-medium size-medium\" alt=\"\" srcset=\"https:\/\/katolicka-gimnazija.hr\/wp-content\/uploads\/2018\/05\/33519302_1962697470415980_8465607628221841408_o-300x200.jpg 300w, https:\/\/katolicka-gimnazija.hr\/wp-content\/uploads\/2018\/05\/33519302_1962697470415980_8465607628221841408_o-768x512.jpg 768w, https:\/\/katolicka-gimnazija.hr\/wp-content\/uploads\/2018\/05\/33519302_1962697470415980_8465607628221841408_o-1024x683.jpg 1024w, https:\/\/katolicka-gimnazija.hr\/wp-content\/uploads\/2018\/05\/33519302_1962697470415980_8465607628221841408_o-360x240.jpg 360w, https:\/\/katolicka-gimnazija.hr\/wp-content\/uploads\/2018\/05\/33519302_1962697470415980_8465607628221841408_o-750x500.jpg 750w, https:\/\/katolicka-gimnazija.hr\/wp-content\/uploads\/2018\/05\/33519302_1962697470415980_8465607628221841408_o-400x267.jpg 400w, https:\/\/katolicka-gimnazija.hr\/wp-content\/uploads\/2018\/05\/33519302_1962697470415980_8465607628221841408_o-430x287.jpg 430w, https:\/\/katolicka-gimnazija.hr\/wp-content\/uploads\/2018\/05\/33519302_1962697470415980_8465607628221841408_o-150x100.jpg 150w, https:\/\/katolicka-gimnazija.hr\/wp-content\/uploads\/2018\/05\/33519302_1962697470415980_8465607628221841408_o-100x67.jpg 100w, https:\/\/katolicka-gimnazija.hr\/wp-content\/uploads\/2018\/05\/33519302_1962697470415980_8465607628221841408_o.jpg 1969w\" sizes=\"auto, (max-width: 300px) 100vw, 300px\" \/><\/a>\n\t\t\t<\/div><\/figure><figure class='gallery-item'>\n\t\t\t<div class='gallery-icon landscape'>\n\t\t\t\t<a href='https:\/\/katolicka-gimnazija.hr\/wp-content\/uploads\/2018\/05\/33685115_1962692470416480_8668614454377709568_o.jpg'><img loading=\"lazy\" decoding=\"async\" width=\"300\" height=\"200\" src=\"https:\/\/katolicka-gimnazija.hr\/wp-content\/uploads\/2018\/05\/33685115_1962692470416480_8668614454377709568_o-300x200.jpg\" class=\"attachment-medium size-medium\" alt=\"\" srcset=\"https:\/\/katolicka-gimnazija.hr\/wp-content\/uploads\/2018\/05\/33685115_1962692470416480_8668614454377709568_o-300x200.jpg 300w, https:\/\/katolicka-gimnazija.hr\/wp-content\/uploads\/2018\/05\/33685115_1962692470416480_8668614454377709568_o-400x267.jpg 400w, https:\/\/katolicka-gimnazija.hr\/wp-content\/uploads\/2018\/05\/33685115_1962692470416480_8668614454377709568_o-768x512.jpg 768w, https:\/\/katolicka-gimnazija.hr\/wp-content\/uploads\/2018\/05\/33685115_1962692470416480_8668614454377709568_o-1024x683.jpg 1024w, https:\/\/katolicka-gimnazija.hr\/wp-content\/uploads\/2018\/05\/33685115_1962692470416480_8668614454377709568_o.jpg 1969w\" sizes=\"auto, (max-width: 300px) 100vw, 300px\" \/><\/a>\n\t\t\t<\/div><\/figure><figure class='gallery-item'>\n\t\t\t<div class='gallery-icon landscape'>\n\t\t\t\t<a href='https:\/\/katolicka-gimnazija.hr\/wp-content\/uploads\/2018\/05\/33663056_1962698350415892_7267100916988248064_o.jpg'><img loading=\"lazy\" decoding=\"async\" width=\"300\" height=\"200\" src=\"https:\/\/katolicka-gimnazija.hr\/wp-content\/uploads\/2018\/05\/33663056_1962698350415892_7267100916988248064_o-300x200.jpg\" class=\"attachment-medium size-medium\" alt=\"\" srcset=\"https:\/\/katolicka-gimnazija.hr\/wp-content\/uploads\/2018\/05\/33663056_1962698350415892_7267100916988248064_o-300x200.jpg 300w, https:\/\/katolicka-gimnazija.hr\/wp-content\/uploads\/2018\/05\/33663056_1962698350415892_7267100916988248064_o-400x267.jpg 400w, https:\/\/katolicka-gimnazija.hr\/wp-content\/uploads\/2018\/05\/33663056_1962698350415892_7267100916988248064_o-768x512.jpg 768w, https:\/\/katolicka-gimnazija.hr\/wp-content\/uploads\/2018\/05\/33663056_1962698350415892_7267100916988248064_o-1024x683.jpg 1024w, https:\/\/katolicka-gimnazija.hr\/wp-content\/uploads\/2018\/05\/33663056_1962698350415892_7267100916988248064_o.jpg 1969w\" sizes=\"auto, (max-width: 300px) 100vw, 300px\" \/><\/a>\n\t\t\t<\/div><\/figure><figure class='gallery-item'>\n\t\t\t<div class='gallery-icon landscape'>\n\t\t\t\t<a href='https:\/\/katolicka-gimnazija.hr\/wp-content\/uploads\/2018\/05\/33601938_1962903077062086_2849469608417558528_o.jpg'><img loading=\"lazy\" decoding=\"async\" width=\"300\" height=\"200\" src=\"https:\/\/katolicka-gimnazija.hr\/wp-content\/uploads\/2018\/05\/33601938_1962903077062086_2849469608417558528_o-300x200.jpg\" class=\"attachment-medium size-medium\" alt=\"\" srcset=\"https:\/\/katolicka-gimnazija.hr\/wp-content\/uploads\/2018\/05\/33601938_1962903077062086_2849469608417558528_o-300x200.jpg 300w, https:\/\/katolicka-gimnazija.hr\/wp-content\/uploads\/2018\/05\/33601938_1962903077062086_2849469608417558528_o-768x512.jpg 768w, https:\/\/katolicka-gimnazija.hr\/wp-content\/uploads\/2018\/05\/33601938_1962903077062086_2849469608417558528_o-1024x683.jpg 1024w, https:\/\/katolicka-gimnazija.hr\/wp-content\/uploads\/2018\/05\/33601938_1962903077062086_2849469608417558528_o-360x240.jpg 360w, https:\/\/katolicka-gimnazija.hr\/wp-content\/uploads\/2018\/05\/33601938_1962903077062086_2849469608417558528_o-750x500.jpg 750w, https:\/\/katolicka-gimnazija.hr\/wp-content\/uploads\/2018\/05\/33601938_1962903077062086_2849469608417558528_o-400x267.jpg 400w, https:\/\/katolicka-gimnazija.hr\/wp-content\/uploads\/2018\/05\/33601938_1962903077062086_2849469608417558528_o-430x287.jpg 430w, https:\/\/katolicka-gimnazija.hr\/wp-content\/uploads\/2018\/05\/33601938_1962903077062086_2849469608417558528_o-150x100.jpg 150w, https:\/\/katolicka-gimnazija.hr\/wp-content\/uploads\/2018\/05\/33601938_1962903077062086_2849469608417558528_o-100x67.jpg 100w, https:\/\/katolicka-gimnazija.hr\/wp-content\/uploads\/2018\/05\/33601938_1962903077062086_2849469608417558528_o.jpg 1969w\" sizes=\"auto, (max-width: 300px) 100vw, 300px\" \/><\/a>\n\t\t\t<\/div><\/figure><figure class='gallery-item'>\n\t\t\t<div class='gallery-icon landscape'>\n\t\t\t\t<a href='https:\/\/katolicka-gimnazija.hr\/wp-content\/uploads\/2018\/05\/33775973_1962888690396858_6205584644381868032_o.jpg'><img loading=\"lazy\" decoding=\"async\" width=\"300\" height=\"200\" src=\"https:\/\/katolicka-gimnazija.hr\/wp-content\/uploads\/2018\/05\/33775973_1962888690396858_6205584644381868032_o-300x200.jpg\" class=\"attachment-medium size-medium\" alt=\"\" srcset=\"https:\/\/katolicka-gimnazija.hr\/wp-content\/uploads\/2018\/05\/33775973_1962888690396858_6205584644381868032_o-300x200.jpg 300w, https:\/\/katolicka-gimnazija.hr\/wp-content\/uploads\/2018\/05\/33775973_1962888690396858_6205584644381868032_o-400x267.jpg 400w, https:\/\/katolicka-gimnazija.hr\/wp-content\/uploads\/2018\/05\/33775973_1962888690396858_6205584644381868032_o-768x512.jpg 768w, https:\/\/katolicka-gimnazija.hr\/wp-content\/uploads\/2018\/05\/33775973_1962888690396858_6205584644381868032_o-1024x683.jpg 1024w, https:\/\/katolicka-gimnazija.hr\/wp-content\/uploads\/2018\/05\/33775973_1962888690396858_6205584644381868032_o.jpg 1969w\" sizes=\"auto, (max-width: 300px) 100vw, 300px\" \/><\/a>\n\t\t\t<\/div><\/figure><figure class='gallery-item'>\n\t\t\t<div class='gallery-icon landscape'>\n\t\t\t\t<a href='https:\/\/katolicka-gimnazija.hr\/wp-content\/uploads\/2018\/05\/33623549_1962694460416281_6362893881796722688_o.jpg'><img loading=\"lazy\" decoding=\"async\" width=\"300\" height=\"200\" src=\"https:\/\/katolicka-gimnazija.hr\/wp-content\/uploads\/2018\/05\/33623549_1962694460416281_6362893881796722688_o-300x200.jpg\" class=\"attachment-medium size-medium\" alt=\"\" srcset=\"https:\/\/katolicka-gimnazija.hr\/wp-content\/uploads\/2018\/05\/33623549_1962694460416281_6362893881796722688_o-300x200.jpg 300w, https:\/\/katolicka-gimnazija.hr\/wp-content\/uploads\/2018\/05\/33623549_1962694460416281_6362893881796722688_o-768x512.jpg 768w, https:\/\/katolicka-gimnazija.hr\/wp-content\/uploads\/2018\/05\/33623549_1962694460416281_6362893881796722688_o-1024x683.jpg 1024w, https:\/\/katolicka-gimnazija.hr\/wp-content\/uploads\/2018\/05\/33623549_1962694460416281_6362893881796722688_o-360x240.jpg 360w, https:\/\/katolicka-gimnazija.hr\/wp-content\/uploads\/2018\/05\/33623549_1962694460416281_6362893881796722688_o-750x500.jpg 750w, https:\/\/katolicka-gimnazija.hr\/wp-content\/uploads\/2018\/05\/33623549_1962694460416281_6362893881796722688_o-400x267.jpg 400w, https:\/\/katolicka-gimnazija.hr\/wp-content\/uploads\/2018\/05\/33623549_1962694460416281_6362893881796722688_o-430x287.jpg 430w, https:\/\/katolicka-gimnazija.hr\/wp-content\/uploads\/2018\/05\/33623549_1962694460416281_6362893881796722688_o-150x100.jpg 150w, https:\/\/katolicka-gimnazija.hr\/wp-content\/uploads\/2018\/05\/33623549_1962694460416281_6362893881796722688_o-100x67.jpg 100w, https:\/\/katolicka-gimnazija.hr\/wp-content\/uploads\/2018\/05\/33623549_1962694460416281_6362893881796722688_o.jpg 1969w\" sizes=\"auto, (max-width: 300px) 100vw, 300px\" \/><\/a>\n\t\t\t<\/div><\/figure><figure class='gallery-item'>\n\t\t\t<div class='gallery-icon landscape'>\n\t\t\t\t<a href='https:\/\/katolicka-gimnazija.hr\/wp-content\/uploads\/2018\/05\/33618718_1962887717063622_5011813761657339904_o.jpg'><img loading=\"lazy\" decoding=\"async\" width=\"300\" height=\"200\" src=\"https:\/\/katolicka-gimnazija.hr\/wp-content\/uploads\/2018\/05\/33618718_1962887717063622_5011813761657339904_o-300x200.jpg\" class=\"attachment-medium size-medium\" alt=\"\" srcset=\"https:\/\/katolicka-gimnazija.hr\/wp-content\/uploads\/2018\/05\/33618718_1962887717063622_5011813761657339904_o-300x200.jpg 300w, https:\/\/katolicka-gimnazija.hr\/wp-content\/uploads\/2018\/05\/33618718_1962887717063622_5011813761657339904_o-768x512.jpg 768w, https:\/\/katolicka-gimnazija.hr\/wp-content\/uploads\/2018\/05\/33618718_1962887717063622_5011813761657339904_o-1024x683.jpg 1024w, https:\/\/katolicka-gimnazija.hr\/wp-content\/uploads\/2018\/05\/33618718_1962887717063622_5011813761657339904_o-360x240.jpg 360w, https:\/\/katolicka-gimnazija.hr\/wp-content\/uploads\/2018\/05\/33618718_1962887717063622_5011813761657339904_o-750x500.jpg 750w, https:\/\/katolicka-gimnazija.hr\/wp-content\/uploads\/2018\/05\/33618718_1962887717063622_5011813761657339904_o-400x267.jpg 400w, https:\/\/katolicka-gimnazija.hr\/wp-content\/uploads\/2018\/05\/33618718_1962887717063622_5011813761657339904_o-430x287.jpg 430w, https:\/\/katolicka-gimnazija.hr\/wp-content\/uploads\/2018\/05\/33618718_1962887717063622_5011813761657339904_o-150x100.jpg 150w, https:\/\/katolicka-gimnazija.hr\/wp-content\/uploads\/2018\/05\/33618718_1962887717063622_5011813761657339904_o-100x67.jpg 100w, https:\/\/katolicka-gimnazija.hr\/wp-content\/uploads\/2018\/05\/33618718_1962887717063622_5011813761657339904_o.jpg 1969w\" sizes=\"auto, (max-width: 300px) 100vw, 300px\" \/><\/a>\n\t\t\t<\/div><\/figure><figure class='gallery-item'>\n\t\t\t<div class='gallery-icon landscape'>\n\t\t\t\t<a href='https:\/\/katolicka-gimnazija.hr\/wp-content\/uploads\/2018\/05\/33504510_1962690417083352_4005765277986848768_o.jpg'><img loading=\"lazy\" decoding=\"async\" width=\"300\" height=\"200\" src=\"https:\/\/katolicka-gimnazija.hr\/wp-content\/uploads\/2018\/05\/33504510_1962690417083352_4005765277986848768_o-300x200.jpg\" class=\"attachment-medium size-medium\" alt=\"\" srcset=\"https:\/\/katolicka-gimnazija.hr\/wp-content\/uploads\/2018\/05\/33504510_1962690417083352_4005765277986848768_o-300x200.jpg 300w, https:\/\/katolicka-gimnazija.hr\/wp-content\/uploads\/2018\/05\/33504510_1962690417083352_4005765277986848768_o-768x512.jpg 768w, https:\/\/katolicka-gimnazija.hr\/wp-content\/uploads\/2018\/05\/33504510_1962690417083352_4005765277986848768_o-1024x683.jpg 1024w, https:\/\/katolicka-gimnazija.hr\/wp-content\/uploads\/2018\/05\/33504510_1962690417083352_4005765277986848768_o-360x240.jpg 360w, https:\/\/katolicka-gimnazija.hr\/wp-content\/uploads\/2018\/05\/33504510_1962690417083352_4005765277986848768_o-750x500.jpg 750w, https:\/\/katolicka-gimnazija.hr\/wp-content\/uploads\/2018\/05\/33504510_1962690417083352_4005765277986848768_o-400x267.jpg 400w, https:\/\/katolicka-gimnazija.hr\/wp-content\/uploads\/2018\/05\/33504510_1962690417083352_4005765277986848768_o-430x287.jpg 430w, https:\/\/katolicka-gimnazija.hr\/wp-content\/uploads\/2018\/05\/33504510_1962690417083352_4005765277986848768_o-150x100.jpg 150w, https:\/\/katolicka-gimnazija.hr\/wp-content\/uploads\/2018\/05\/33504510_1962690417083352_4005765277986848768_o-100x67.jpg 100w, https:\/\/katolicka-gimnazija.hr\/wp-content\/uploads\/2018\/05\/33504510_1962690417083352_4005765277986848768_o.jpg 1969w\" sizes=\"auto, (max-width: 300px) 100vw, 300px\" \/><\/a>\n\t\t\t<\/div><\/figure><figure class='gallery-item'>\n\t\t\t<div class='gallery-icon landscape'>\n\t\t\t\t<a href='https:\/\/katolicka-gimnazija.hr\/wp-content\/uploads\/2018\/05\/33572898_1962689400416787_476743689138339840_o.jpg'><img loading=\"lazy\" decoding=\"async\" width=\"300\" height=\"200\" src=\"https:\/\/katolicka-gimnazija.hr\/wp-content\/uploads\/2018\/05\/33572898_1962689400416787_476743689138339840_o-300x200.jpg\" class=\"attachment-medium size-medium\" alt=\"\" srcset=\"https:\/\/katolicka-gimnazija.hr\/wp-content\/uploads\/2018\/05\/33572898_1962689400416787_476743689138339840_o-300x200.jpg 300w, https:\/\/katolicka-gimnazija.hr\/wp-content\/uploads\/2018\/05\/33572898_1962689400416787_476743689138339840_o-768x512.jpg 768w, https:\/\/katolicka-gimnazija.hr\/wp-content\/uploads\/2018\/05\/33572898_1962689400416787_476743689138339840_o-1024x683.jpg 1024w, https:\/\/katolicka-gimnazija.hr\/wp-content\/uploads\/2018\/05\/33572898_1962689400416787_476743689138339840_o-360x240.jpg 360w, https:\/\/katolicka-gimnazija.hr\/wp-content\/uploads\/2018\/05\/33572898_1962689400416787_476743689138339840_o-750x500.jpg 750w, https:\/\/katolicka-gimnazija.hr\/wp-content\/uploads\/2018\/05\/33572898_1962689400416787_476743689138339840_o-400x267.jpg 400w, https:\/\/katolicka-gimnazija.hr\/wp-content\/uploads\/2018\/05\/33572898_1962689400416787_476743689138339840_o-430x287.jpg 430w, https:\/\/katolicka-gimnazija.hr\/wp-content\/uploads\/2018\/05\/33572898_1962689400416787_476743689138339840_o-150x100.jpg 150w, https:\/\/katolicka-gimnazija.hr\/wp-content\/uploads\/2018\/05\/33572898_1962689400416787_476743689138339840_o-100x67.jpg 100w, https:\/\/katolicka-gimnazija.hr\/wp-content\/uploads\/2018\/05\/33572898_1962689400416787_476743689138339840_o.jpg 1969w\" sizes=\"auto, (max-width: 300px) 100vw, 300px\" \/><\/a>\n\t\t\t<\/div><\/figure><figure class='gallery-item'>\n\t\t\t<div class='gallery-icon landscape'>\n\t\t\t\t<a href='https:\/\/katolicka-gimnazija.hr\/wp-content\/uploads\/2018\/05\/33499907_1962694673749593_3926673944857280512_o.jpg'><img loading=\"lazy\" decoding=\"async\" width=\"300\" height=\"200\" src=\"https:\/\/katolicka-gimnazija.hr\/wp-content\/uploads\/2018\/05\/33499907_1962694673749593_3926673944857280512_o-300x200.jpg\" class=\"attachment-medium size-medium\" alt=\"\" srcset=\"https:\/\/katolicka-gimnazija.hr\/wp-content\/uploads\/2018\/05\/33499907_1962694673749593_3926673944857280512_o-300x200.jpg 300w, https:\/\/katolicka-gimnazija.hr\/wp-content\/uploads\/2018\/05\/33499907_1962694673749593_3926673944857280512_o-768x512.jpg 768w, https:\/\/katolicka-gimnazija.hr\/wp-content\/uploads\/2018\/05\/33499907_1962694673749593_3926673944857280512_o-1024x683.jpg 1024w, https:\/\/katolicka-gimnazija.hr\/wp-content\/uploads\/2018\/05\/33499907_1962694673749593_3926673944857280512_o-360x240.jpg 360w, https:\/\/katolicka-gimnazija.hr\/wp-content\/uploads\/2018\/05\/33499907_1962694673749593_3926673944857280512_o-750x500.jpg 750w, https:\/\/katolicka-gimnazija.hr\/wp-content\/uploads\/2018\/05\/33499907_1962694673749593_3926673944857280512_o-400x267.jpg 400w, https:\/\/katolicka-gimnazija.hr\/wp-content\/uploads\/2018\/05\/33499907_1962694673749593_3926673944857280512_o-430x287.jpg 430w, https:\/\/katolicka-gimnazija.hr\/wp-content\/uploads\/2018\/05\/33499907_1962694673749593_3926673944857280512_o-150x100.jpg 150w, https:\/\/katolicka-gimnazija.hr\/wp-content\/uploads\/2018\/05\/33499907_1962694673749593_3926673944857280512_o-100x67.jpg 100w, https:\/\/katolicka-gimnazija.hr\/wp-content\/uploads\/2018\/05\/33499907_1962694673749593_3926673944857280512_o.jpg 1969w\" sizes=\"auto, (max-width: 300px) 100vw, 300px\" \/><\/a>\n\t\t\t<\/div><\/figure><figure class='gallery-item'>\n\t\t\t<div class='gallery-icon landscape'>\n\t\t\t\t<a href='https:\/\/katolicka-gimnazija.hr\/wp-content\/uploads\/2018\/05\/33664675_1962901160395611_5164413730640887808_o.jpg'><img loading=\"lazy\" decoding=\"async\" width=\"300\" height=\"200\" src=\"https:\/\/katolicka-gimnazija.hr\/wp-content\/uploads\/2018\/05\/33664675_1962901160395611_5164413730640887808_o-300x200.jpg\" class=\"attachment-medium size-medium\" alt=\"\" srcset=\"https:\/\/katolicka-gimnazija.hr\/wp-content\/uploads\/2018\/05\/33664675_1962901160395611_5164413730640887808_o-300x200.jpg 300w, https:\/\/katolicka-gimnazija.hr\/wp-content\/uploads\/2018\/05\/33664675_1962901160395611_5164413730640887808_o-400x267.jpg 400w, https:\/\/katolicka-gimnazija.hr\/wp-content\/uploads\/2018\/05\/33664675_1962901160395611_5164413730640887808_o-768x512.jpg 768w, https:\/\/katolicka-gimnazija.hr\/wp-content\/uploads\/2018\/05\/33664675_1962901160395611_5164413730640887808_o-1024x683.jpg 1024w, https:\/\/katolicka-gimnazija.hr\/wp-content\/uploads\/2018\/05\/33664675_1962901160395611_5164413730640887808_o.jpg 1969w\" sizes=\"auto, (max-width: 300px) 100vw, 300px\" \/><\/a>\n\t\t\t<\/div><\/figure><figure class='gallery-item'>\n\t\t\t<div class='gallery-icon landscape'>\n\t\t\t\t<a href='https:\/\/katolicka-gimnazija.hr\/wp-content\/uploads\/2018\/05\/33622120_1962900750395652_3011339169092861952_o.jpg'><img loading=\"lazy\" decoding=\"async\" width=\"300\" height=\"200\" src=\"https:\/\/katolicka-gimnazija.hr\/wp-content\/uploads\/2018\/05\/33622120_1962900750395652_3011339169092861952_o-300x200.jpg\" class=\"attachment-medium size-medium\" alt=\"\" srcset=\"https:\/\/katolicka-gimnazija.hr\/wp-content\/uploads\/2018\/05\/33622120_1962900750395652_3011339169092861952_o-300x200.jpg 300w, https:\/\/katolicka-gimnazija.hr\/wp-content\/uploads\/2018\/05\/33622120_1962900750395652_3011339169092861952_o-768x512.jpg 768w, https:\/\/katolicka-gimnazija.hr\/wp-content\/uploads\/2018\/05\/33622120_1962900750395652_3011339169092861952_o-1024x683.jpg 1024w, https:\/\/katolicka-gimnazija.hr\/wp-content\/uploads\/2018\/05\/33622120_1962900750395652_3011339169092861952_o-360x240.jpg 360w, https:\/\/katolicka-gimnazija.hr\/wp-content\/uploads\/2018\/05\/33622120_1962900750395652_3011339169092861952_o-750x500.jpg 750w, https:\/\/katolicka-gimnazija.hr\/wp-content\/uploads\/2018\/05\/33622120_1962900750395652_3011339169092861952_o-400x267.jpg 400w, https:\/\/katolicka-gimnazija.hr\/wp-content\/uploads\/2018\/05\/33622120_1962900750395652_3011339169092861952_o-430x287.jpg 430w, https:\/\/katolicka-gimnazija.hr\/wp-content\/uploads\/2018\/05\/33622120_1962900750395652_3011339169092861952_o-150x100.jpg 150w, https:\/\/katolicka-gimnazija.hr\/wp-content\/uploads\/2018\/05\/33622120_1962900750395652_3011339169092861952_o-100x67.jpg 100w, https:\/\/katolicka-gimnazija.hr\/wp-content\/uploads\/2018\/05\/33622120_1962900750395652_3011339169092861952_o.jpg 1969w\" sizes=\"auto, (max-width: 300px) 100vw, 300px\" \/><\/a>\n\t\t\t<\/div><\/figure><figure class='gallery-item'>\n\t\t\t<div class='gallery-icon landscape'>\n\t\t\t\t<a href='https:\/\/katolicka-gimnazija.hr\/wp-content\/uploads\/2018\/05\/33653441_1962900177062376_8979675162983006208_o.jpg'><img loading=\"lazy\" decoding=\"async\" width=\"300\" height=\"200\" src=\"https:\/\/katolicka-gimnazija.hr\/wp-content\/uploads\/2018\/05\/33653441_1962900177062376_8979675162983006208_o-300x200.jpg\" class=\"attachment-medium size-medium\" alt=\"\" srcset=\"https:\/\/katolicka-gimnazija.hr\/wp-content\/uploads\/2018\/05\/33653441_1962900177062376_8979675162983006208_o-300x200.jpg 300w, https:\/\/katolicka-gimnazija.hr\/wp-content\/uploads\/2018\/05\/33653441_1962900177062376_8979675162983006208_o-400x267.jpg 400w, https:\/\/katolicka-gimnazija.hr\/wp-content\/uploads\/2018\/05\/33653441_1962900177062376_8979675162983006208_o-768x512.jpg 768w, https:\/\/katolicka-gimnazija.hr\/wp-content\/uploads\/2018\/05\/33653441_1962900177062376_8979675162983006208_o-1024x683.jpg 1024w, https:\/\/katolicka-gimnazija.hr\/wp-content\/uploads\/2018\/05\/33653441_1962900177062376_8979675162983006208_o.jpg 1969w\" sizes=\"auto, (max-width: 300px) 100vw, 300px\" \/><\/a>\n\t\t\t<\/div><\/figure><figure class='gallery-item'>\n\t\t\t<div class='gallery-icon landscape'>\n\t\t\t\t<a href='https:\/\/katolicka-gimnazija.hr\/wp-content\/uploads\/2018\/05\/33674956_1962900377062356_4182459322011222016_o.jpg'><img loading=\"lazy\" decoding=\"async\" width=\"300\" height=\"200\" src=\"https:\/\/katolicka-gimnazija.hr\/wp-content\/uploads\/2018\/05\/33674956_1962900377062356_4182459322011222016_o-300x200.jpg\" class=\"attachment-medium size-medium\" alt=\"\" srcset=\"https:\/\/katolicka-gimnazija.hr\/wp-content\/uploads\/2018\/05\/33674956_1962900377062356_4182459322011222016_o-300x200.jpg 300w, https:\/\/katolicka-gimnazija.hr\/wp-content\/uploads\/2018\/05\/33674956_1962900377062356_4182459322011222016_o-400x267.jpg 400w, https:\/\/katolicka-gimnazija.hr\/wp-content\/uploads\/2018\/05\/33674956_1962900377062356_4182459322011222016_o-768x512.jpg 768w, https:\/\/katolicka-gimnazija.hr\/wp-content\/uploads\/2018\/05\/33674956_1962900377062356_4182459322011222016_o-1024x683.jpg 1024w, https:\/\/katolicka-gimnazija.hr\/wp-content\/uploads\/2018\/05\/33674956_1962900377062356_4182459322011222016_o.jpg 1969w\" sizes=\"auto, (max-width: 300px) 100vw, 300px\" \/><\/a>\n\t\t\t<\/div><\/figure><figure class='gallery-item'>\n\t\t\t<div class='gallery-icon landscape'>\n\t\t\t\t<a href='https:\/\/katolicka-gimnazija.hr\/wp-content\/uploads\/2018\/05\/33580895_1962694063749654_6166873936639295488_o.jpg'><img loading=\"lazy\" decoding=\"async\" width=\"300\" height=\"200\" src=\"https:\/\/katolicka-gimnazija.hr\/wp-content\/uploads\/2018\/05\/33580895_1962694063749654_6166873936639295488_o-300x200.jpg\" class=\"attachment-medium size-medium\" alt=\"\" srcset=\"https:\/\/katolicka-gimnazija.hr\/wp-content\/uploads\/2018\/05\/33580895_1962694063749654_6166873936639295488_o-300x200.jpg 300w, https:\/\/katolicka-gimnazija.hr\/wp-content\/uploads\/2018\/05\/33580895_1962694063749654_6166873936639295488_o-768x512.jpg 768w, https:\/\/katolicka-gimnazija.hr\/wp-content\/uploads\/2018\/05\/33580895_1962694063749654_6166873936639295488_o-1024x683.jpg 1024w, https:\/\/katolicka-gimnazija.hr\/wp-content\/uploads\/2018\/05\/33580895_1962694063749654_6166873936639295488_o-360x240.jpg 360w, https:\/\/katolicka-gimnazija.hr\/wp-content\/uploads\/2018\/05\/33580895_1962694063749654_6166873936639295488_o-750x500.jpg 750w, https:\/\/katolicka-gimnazija.hr\/wp-content\/uploads\/2018\/05\/33580895_1962694063749654_6166873936639295488_o-400x267.jpg 400w, https:\/\/katolicka-gimnazija.hr\/wp-content\/uploads\/2018\/05\/33580895_1962694063749654_6166873936639295488_o-430x287.jpg 430w, https:\/\/katolicka-gimnazija.hr\/wp-content\/uploads\/2018\/05\/33580895_1962694063749654_6166873936639295488_o-150x100.jpg 150w, https:\/\/katolicka-gimnazija.hr\/wp-content\/uploads\/2018\/05\/33580895_1962694063749654_6166873936639295488_o-100x67.jpg 100w, https:\/\/katolicka-gimnazija.hr\/wp-content\/uploads\/2018\/05\/33580895_1962694063749654_6166873936639295488_o.jpg 1969w\" sizes=\"auto, (max-width: 300px) 100vw, 300px\" \/><\/a>\n\t\t\t<\/div><\/figure><figure class='gallery-item'>\n\t\t\t<div class='gallery-icon landscape'>\n\t\t\t\t<a href='https:\/\/katolicka-gimnazija.hr\/wp-content\/uploads\/2018\/05\/33553618_1962893440396383_7497199108357095424_o.jpg'><img loading=\"lazy\" decoding=\"async\" width=\"300\" height=\"200\" src=\"https:\/\/katolicka-gimnazija.hr\/wp-content\/uploads\/2018\/05\/33553618_1962893440396383_7497199108357095424_o-300x200.jpg\" class=\"attachment-medium size-medium\" alt=\"\" srcset=\"https:\/\/katolicka-gimnazija.hr\/wp-content\/uploads\/2018\/05\/33553618_1962893440396383_7497199108357095424_o-300x200.jpg 300w, https:\/\/katolicka-gimnazija.hr\/wp-content\/uploads\/2018\/05\/33553618_1962893440396383_7497199108357095424_o-768x512.jpg 768w, https:\/\/katolicka-gimnazija.hr\/wp-content\/uploads\/2018\/05\/33553618_1962893440396383_7497199108357095424_o-1024x683.jpg 1024w, https:\/\/katolicka-gimnazija.hr\/wp-content\/uploads\/2018\/05\/33553618_1962893440396383_7497199108357095424_o-360x240.jpg 360w, https:\/\/katolicka-gimnazija.hr\/wp-content\/uploads\/2018\/05\/33553618_1962893440396383_7497199108357095424_o-750x500.jpg 750w, https:\/\/katolicka-gimnazija.hr\/wp-content\/uploads\/2018\/05\/33553618_1962893440396383_7497199108357095424_o-400x267.jpg 400w, https:\/\/katolicka-gimnazija.hr\/wp-content\/uploads\/2018\/05\/33553618_1962893440396383_7497199108357095424_o-430x287.jpg 430w, https:\/\/katolicka-gimnazija.hr\/wp-content\/uploads\/2018\/05\/33553618_1962893440396383_7497199108357095424_o-150x100.jpg 150w, https:\/\/katolicka-gimnazija.hr\/wp-content\/uploads\/2018\/05\/33553618_1962893440396383_7497199108357095424_o-100x67.jpg 100w, https:\/\/katolicka-gimnazija.hr\/wp-content\/uploads\/2018\/05\/33553618_1962893440396383_7497199108357095424_o.jpg 1969w\" sizes=\"auto, (max-width: 300px) 100vw, 300px\" \/><\/a>\n\t\t\t<\/div><\/figure><figure class='gallery-item'>\n\t\t\t<div class='gallery-icon landscape'>\n\t\t\t\t<a href='https:\/\/katolicka-gimnazija.hr\/wp-content\/uploads\/2018\/05\/33499908_1962694567082937_2810651818550362112_o.jpg'><img loading=\"lazy\" decoding=\"async\" width=\"300\" height=\"200\" src=\"https:\/\/katolicka-gimnazija.hr\/wp-content\/uploads\/2018\/05\/33499908_1962694567082937_2810651818550362112_o-300x200.jpg\" class=\"attachment-medium size-medium\" alt=\"\" srcset=\"https:\/\/katolicka-gimnazija.hr\/wp-content\/uploads\/2018\/05\/33499908_1962694567082937_2810651818550362112_o-300x200.jpg 300w, https:\/\/katolicka-gimnazija.hr\/wp-content\/uploads\/2018\/05\/33499908_1962694567082937_2810651818550362112_o-768x512.jpg 768w, https:\/\/katolicka-gimnazija.hr\/wp-content\/uploads\/2018\/05\/33499908_1962694567082937_2810651818550362112_o-1024x683.jpg 1024w, https:\/\/katolicka-gimnazija.hr\/wp-content\/uploads\/2018\/05\/33499908_1962694567082937_2810651818550362112_o-360x240.jpg 360w, https:\/\/katolicka-gimnazija.hr\/wp-content\/uploads\/2018\/05\/33499908_1962694567082937_2810651818550362112_o-750x500.jpg 750w, https:\/\/katolicka-gimnazija.hr\/wp-content\/uploads\/2018\/05\/33499908_1962694567082937_2810651818550362112_o-400x267.jpg 400w, https:\/\/katolicka-gimnazija.hr\/wp-content\/uploads\/2018\/05\/33499908_1962694567082937_2810651818550362112_o-430x287.jpg 430w, https:\/\/katolicka-gimnazija.hr\/wp-content\/uploads\/2018\/05\/33499908_1962694567082937_2810651818550362112_o-150x100.jpg 150w, https:\/\/katolicka-gimnazija.hr\/wp-content\/uploads\/2018\/05\/33499908_1962694567082937_2810651818550362112_o-100x67.jpg 100w, https:\/\/katolicka-gimnazija.hr\/wp-content\/uploads\/2018\/05\/33499908_1962694567082937_2810651818550362112_o.jpg 1969w\" sizes=\"auto, (max-width: 300px) 100vw, 300px\" \/><\/a>\n\t\t\t<\/div><\/figure><figure class='gallery-item'>\n\t\t\t<div class='gallery-icon landscape'>\n\t\t\t\t<a href='https:\/\/katolicka-gimnazija.hr\/wp-content\/uploads\/2018\/05\/33580882_1962888893730171_4175164010821320704_o.jpg'><img loading=\"lazy\" decoding=\"async\" width=\"300\" height=\"200\" src=\"https:\/\/katolicka-gimnazija.hr\/wp-content\/uploads\/2018\/05\/33580882_1962888893730171_4175164010821320704_o-300x200.jpg\" class=\"attachment-medium size-medium\" alt=\"\" srcset=\"https:\/\/katolicka-gimnazija.hr\/wp-content\/uploads\/2018\/05\/33580882_1962888893730171_4175164010821320704_o-300x200.jpg 300w, https:\/\/katolicka-gimnazija.hr\/wp-content\/uploads\/2018\/05\/33580882_1962888893730171_4175164010821320704_o-768x512.jpg 768w, https:\/\/katolicka-gimnazija.hr\/wp-content\/uploads\/2018\/05\/33580882_1962888893730171_4175164010821320704_o-1024x683.jpg 1024w, https:\/\/katolicka-gimnazija.hr\/wp-content\/uploads\/2018\/05\/33580882_1962888893730171_4175164010821320704_o-360x240.jpg 360w, https:\/\/katolicka-gimnazija.hr\/wp-content\/uploads\/2018\/05\/33580882_1962888893730171_4175164010821320704_o-750x500.jpg 750w, https:\/\/katolicka-gimnazija.hr\/wp-content\/uploads\/2018\/05\/33580882_1962888893730171_4175164010821320704_o-400x267.jpg 400w, https:\/\/katolicka-gimnazija.hr\/wp-content\/uploads\/2018\/05\/33580882_1962888893730171_4175164010821320704_o-430x287.jpg 430w, https:\/\/katolicka-gimnazija.hr\/wp-content\/uploads\/2018\/05\/33580882_1962888893730171_4175164010821320704_o-150x100.jpg 150w, https:\/\/katolicka-gimnazija.hr\/wp-content\/uploads\/2018\/05\/33580882_1962888893730171_4175164010821320704_o-100x67.jpg 100w, https:\/\/katolicka-gimnazija.hr\/wp-content\/uploads\/2018\/05\/33580882_1962888893730171_4175164010821320704_o.jpg 1969w\" sizes=\"auto, (max-width: 300px) 100vw, 300px\" \/><\/a>\n\t\t\t<\/div><\/figure><figure class='gallery-item'>\n\t\t\t<div class='gallery-icon landscape'>\n\t\t\t\t<a href='https:\/\/katolicka-gimnazija.hr\/wp-content\/uploads\/2018\/05\/33619130_1962896300396097_79891382457597952_o.jpg'><img loading=\"lazy\" decoding=\"async\" width=\"300\" height=\"200\" src=\"https:\/\/katolicka-gimnazija.hr\/wp-content\/uploads\/2018\/05\/33619130_1962896300396097_79891382457597952_o-300x200.jpg\" class=\"attachment-medium size-medium\" alt=\"\" srcset=\"https:\/\/katolicka-gimnazija.hr\/wp-content\/uploads\/2018\/05\/33619130_1962896300396097_79891382457597952_o-300x200.jpg 300w, https:\/\/katolicka-gimnazija.hr\/wp-content\/uploads\/2018\/05\/33619130_1962896300396097_79891382457597952_o-768x512.jpg 768w, https:\/\/katolicka-gimnazija.hr\/wp-content\/uploads\/2018\/05\/33619130_1962896300396097_79891382457597952_o-1024x683.jpg 1024w, https:\/\/katolicka-gimnazija.hr\/wp-content\/uploads\/2018\/05\/33619130_1962896300396097_79891382457597952_o-360x240.jpg 360w, https:\/\/katolicka-gimnazija.hr\/wp-content\/uploads\/2018\/05\/33619130_1962896300396097_79891382457597952_o-750x500.jpg 750w, https:\/\/katolicka-gimnazija.hr\/wp-content\/uploads\/2018\/05\/33619130_1962896300396097_79891382457597952_o-400x267.jpg 400w, https:\/\/katolicka-gimnazija.hr\/wp-content\/uploads\/2018\/05\/33619130_1962896300396097_79891382457597952_o-430x287.jpg 430w, https:\/\/katolicka-gimnazija.hr\/wp-content\/uploads\/2018\/05\/33619130_1962896300396097_79891382457597952_o-150x100.jpg 150w, https:\/\/katolicka-gimnazija.hr\/wp-content\/uploads\/2018\/05\/33619130_1962896300396097_79891382457597952_o-100x67.jpg 100w, https:\/\/katolicka-gimnazija.hr\/wp-content\/uploads\/2018\/05\/33619130_1962896300396097_79891382457597952_o.jpg 1969w\" sizes=\"auto, (max-width: 300px) 100vw, 300px\" \/><\/a>\n\t\t\t<\/div><\/figure><figure class='gallery-item'>\n\t\t\t<div class='gallery-icon landscape'>\n\t\t\t\t<a href='https:\/\/katolicka-gimnazija.hr\/wp-content\/uploads\/2018\/05\/33584470_1962686230417104_5563765566553980928_o.jpg'><img loading=\"lazy\" decoding=\"async\" width=\"300\" height=\"200\" src=\"https:\/\/katolicka-gimnazija.hr\/wp-content\/uploads\/2018\/05\/33584470_1962686230417104_5563765566553980928_o-300x200.jpg\" class=\"attachment-medium size-medium\" alt=\"\" srcset=\"https:\/\/katolicka-gimnazija.hr\/wp-content\/uploads\/2018\/05\/33584470_1962686230417104_5563765566553980928_o-300x200.jpg 300w, https:\/\/katolicka-gimnazija.hr\/wp-content\/uploads\/2018\/05\/33584470_1962686230417104_5563765566553980928_o-768x512.jpg 768w, https:\/\/katolicka-gimnazija.hr\/wp-content\/uploads\/2018\/05\/33584470_1962686230417104_5563765566553980928_o-1024x683.jpg 1024w, https:\/\/katolicka-gimnazija.hr\/wp-content\/uploads\/2018\/05\/33584470_1962686230417104_5563765566553980928_o-360x240.jpg 360w, https:\/\/katolicka-gimnazija.hr\/wp-content\/uploads\/2018\/05\/33584470_1962686230417104_5563765566553980928_o-750x500.jpg 750w, https:\/\/katolicka-gimnazija.hr\/wp-content\/uploads\/2018\/05\/33584470_1962686230417104_5563765566553980928_o-400x267.jpg 400w, https:\/\/katolicka-gimnazija.hr\/wp-content\/uploads\/2018\/05\/33584470_1962686230417104_5563765566553980928_o-430x287.jpg 430w, https:\/\/katolicka-gimnazija.hr\/wp-content\/uploads\/2018\/05\/33584470_1962686230417104_5563765566553980928_o-150x100.jpg 150w, https:\/\/katolicka-gimnazija.hr\/wp-content\/uploads\/2018\/05\/33584470_1962686230417104_5563765566553980928_o-100x67.jpg 100w, https:\/\/katolicka-gimnazija.hr\/wp-content\/uploads\/2018\/05\/33584470_1962686230417104_5563765566553980928_o.jpg 1969w\" sizes=\"auto, (max-width: 300px) 100vw, 300px\" \/><\/a>\n\t\t\t<\/div><\/figure><figure class='gallery-item'>\n\t\t\t<div class='gallery-icon landscape'>\n\t\t\t\t<a href='https:\/\/katolicka-gimnazija.hr\/wp-content\/uploads\/2018\/05\/33486722_1962699607082433_4137902206001086464_o.jpg'><img loading=\"lazy\" decoding=\"async\" width=\"300\" height=\"200\" src=\"https:\/\/katolicka-gimnazija.hr\/wp-content\/uploads\/2018\/05\/33486722_1962699607082433_4137902206001086464_o-300x200.jpg\" class=\"attachment-medium size-medium\" alt=\"\" srcset=\"https:\/\/katolicka-gimnazija.hr\/wp-content\/uploads\/2018\/05\/33486722_1962699607082433_4137902206001086464_o-300x200.jpg 300w, https:\/\/katolicka-gimnazija.hr\/wp-content\/uploads\/2018\/05\/33486722_1962699607082433_4137902206001086464_o-768x512.jpg 768w, https:\/\/katolicka-gimnazija.hr\/wp-content\/uploads\/2018\/05\/33486722_1962699607082433_4137902206001086464_o-1024x683.jpg 1024w, https:\/\/katolicka-gimnazija.hr\/wp-content\/uploads\/2018\/05\/33486722_1962699607082433_4137902206001086464_o-360x240.jpg 360w, https:\/\/katolicka-gimnazija.hr\/wp-content\/uploads\/2018\/05\/33486722_1962699607082433_4137902206001086464_o-750x500.jpg 750w, https:\/\/katolicka-gimnazija.hr\/wp-content\/uploads\/2018\/05\/33486722_1962699607082433_4137902206001086464_o-400x267.jpg 400w, https:\/\/katolicka-gimnazija.hr\/wp-content\/uploads\/2018\/05\/33486722_1962699607082433_4137902206001086464_o-430x287.jpg 430w, https:\/\/katolicka-gimnazija.hr\/wp-content\/uploads\/2018\/05\/33486722_1962699607082433_4137902206001086464_o-150x100.jpg 150w, https:\/\/katolicka-gimnazija.hr\/wp-content\/uploads\/2018\/05\/33486722_1962699607082433_4137902206001086464_o-100x67.jpg 100w, https:\/\/katolicka-gimnazija.hr\/wp-content\/uploads\/2018\/05\/33486722_1962699607082433_4137902206001086464_o.jpg 1969w\" sizes=\"auto, (max-width: 300px) 100vw, 300px\" \/><\/a>\n\t\t\t<\/div><\/figure><figure class='gallery-item'>\n\t\t\t<div class='gallery-icon landscape'>\n\t\t\t\t<a href='https:\/\/katolicka-gimnazija.hr\/wp-content\/uploads\/2018\/05\/33580838_1962691443749916_8277117417864298496_o.jpg'><img loading=\"lazy\" decoding=\"async\" width=\"300\" height=\"200\" src=\"https:\/\/katolicka-gimnazija.hr\/wp-content\/uploads\/2018\/05\/33580838_1962691443749916_8277117417864298496_o-300x200.jpg\" class=\"attachment-medium size-medium\" alt=\"\" srcset=\"https:\/\/katolicka-gimnazija.hr\/wp-content\/uploads\/2018\/05\/33580838_1962691443749916_8277117417864298496_o-300x200.jpg 300w, https:\/\/katolicka-gimnazija.hr\/wp-content\/uploads\/2018\/05\/33580838_1962691443749916_8277117417864298496_o-768x512.jpg 768w, https:\/\/katolicka-gimnazija.hr\/wp-content\/uploads\/2018\/05\/33580838_1962691443749916_8277117417864298496_o-1024x683.jpg 1024w, https:\/\/katolicka-gimnazija.hr\/wp-content\/uploads\/2018\/05\/33580838_1962691443749916_8277117417864298496_o-360x240.jpg 360w, https:\/\/katolicka-gimnazija.hr\/wp-content\/uploads\/2018\/05\/33580838_1962691443749916_8277117417864298496_o-750x500.jpg 750w, https:\/\/katolicka-gimnazija.hr\/wp-content\/uploads\/2018\/05\/33580838_1962691443749916_8277117417864298496_o-400x267.jpg 400w, https:\/\/katolicka-gimnazija.hr\/wp-content\/uploads\/2018\/05\/33580838_1962691443749916_8277117417864298496_o-430x287.jpg 430w, https:\/\/katolicka-gimnazija.hr\/wp-content\/uploads\/2018\/05\/33580838_1962691443749916_8277117417864298496_o-150x100.jpg 150w, https:\/\/katolicka-gimnazija.hr\/wp-content\/uploads\/2018\/05\/33580838_1962691443749916_8277117417864298496_o-100x67.jpg 100w, https:\/\/katolicka-gimnazija.hr\/wp-content\/uploads\/2018\/05\/33580838_1962691443749916_8277117417864298496_o.jpg 1969w\" sizes=\"auto, (max-width: 300px) 100vw, 300px\" \/><\/a>\n\t\t\t<\/div><\/figure><figure class='gallery-item'>\n\t\t\t<div class='gallery-icon landscape'>\n\t\t\t\t<a href='https:\/\/katolicka-gimnazija.hr\/wp-content\/uploads\/2018\/05\/33509565_1962905207061873_6773479964881715200_o.jpg'><img loading=\"lazy\" decoding=\"async\" width=\"300\" height=\"200\" src=\"https:\/\/katolicka-gimnazija.hr\/wp-content\/uploads\/2018\/05\/33509565_1962905207061873_6773479964881715200_o-300x200.jpg\" class=\"attachment-medium size-medium\" alt=\"\" srcset=\"https:\/\/katolicka-gimnazija.hr\/wp-content\/uploads\/2018\/05\/33509565_1962905207061873_6773479964881715200_o-300x200.jpg 300w, https:\/\/katolicka-gimnazija.hr\/wp-content\/uploads\/2018\/05\/33509565_1962905207061873_6773479964881715200_o-768x512.jpg 768w, https:\/\/katolicka-gimnazija.hr\/wp-content\/uploads\/2018\/05\/33509565_1962905207061873_6773479964881715200_o-1024x683.jpg 1024w, https:\/\/katolicka-gimnazija.hr\/wp-content\/uploads\/2018\/05\/33509565_1962905207061873_6773479964881715200_o-360x240.jpg 360w, https:\/\/katolicka-gimnazija.hr\/wp-content\/uploads\/2018\/05\/33509565_1962905207061873_6773479964881715200_o-750x500.jpg 750w, https:\/\/katolicka-gimnazija.hr\/wp-content\/uploads\/2018\/05\/33509565_1962905207061873_6773479964881715200_o-400x267.jpg 400w, https:\/\/katolicka-gimnazija.hr\/wp-content\/uploads\/2018\/05\/33509565_1962905207061873_6773479964881715200_o-430x287.jpg 430w, https:\/\/katolicka-gimnazija.hr\/wp-content\/uploads\/2018\/05\/33509565_1962905207061873_6773479964881715200_o-150x100.jpg 150w, https:\/\/katolicka-gimnazija.hr\/wp-content\/uploads\/2018\/05\/33509565_1962905207061873_6773479964881715200_o-100x67.jpg 100w, https:\/\/katolicka-gimnazija.hr\/wp-content\/uploads\/2018\/05\/33509565_1962905207061873_6773479964881715200_o.jpg 1969w\" sizes=\"auto, (max-width: 300px) 100vw, 300px\" \/><\/a>\n\t\t\t<\/div><\/figure><figure class='gallery-item'>\n\t\t\t<div class='gallery-icon landscape'>\n\t\t\t\t<a href='https:\/\/katolicka-gimnazija.hr\/wp-content\/uploads\/2018\/05\/33665912_1962695310416196_6756369605448433664_o.jpg'><img loading=\"lazy\" decoding=\"async\" width=\"300\" height=\"200\" src=\"https:\/\/katolicka-gimnazija.hr\/wp-content\/uploads\/2018\/05\/33665912_1962695310416196_6756369605448433664_o-300x200.jpg\" class=\"attachment-medium size-medium\" alt=\"\" srcset=\"https:\/\/katolicka-gimnazija.hr\/wp-content\/uploads\/2018\/05\/33665912_1962695310416196_6756369605448433664_o-300x200.jpg 300w, https:\/\/katolicka-gimnazija.hr\/wp-content\/uploads\/2018\/05\/33665912_1962695310416196_6756369605448433664_o-400x267.jpg 400w, https:\/\/katolicka-gimnazija.hr\/wp-content\/uploads\/2018\/05\/33665912_1962695310416196_6756369605448433664_o-768x512.jpg 768w, https:\/\/katolicka-gimnazija.hr\/wp-content\/uploads\/2018\/05\/33665912_1962695310416196_6756369605448433664_o-1024x683.jpg 1024w, https:\/\/katolicka-gimnazija.hr\/wp-content\/uploads\/2018\/05\/33665912_1962695310416196_6756369605448433664_o.jpg 1969w\" sizes=\"auto, (max-width: 300px) 100vw, 300px\" \/><\/a>\n\t\t\t<\/div><\/figure><figure class='gallery-item'>\n\t\t\t<div class='gallery-icon landscape'>\n\t\t\t\t<a href='https:\/\/katolicka-gimnazija.hr\/wp-content\/uploads\/2018\/05\/33464027_1962892943729766_4343354032484515840_o.jpg'><img loading=\"lazy\" decoding=\"async\" width=\"300\" height=\"200\" src=\"https:\/\/katolicka-gimnazija.hr\/wp-content\/uploads\/2018\/05\/33464027_1962892943729766_4343354032484515840_o-300x200.jpg\" class=\"attachment-medium size-medium\" alt=\"\" srcset=\"https:\/\/katolicka-gimnazija.hr\/wp-content\/uploads\/2018\/05\/33464027_1962892943729766_4343354032484515840_o-300x200.jpg 300w, https:\/\/katolicka-gimnazija.hr\/wp-content\/uploads\/2018\/05\/33464027_1962892943729766_4343354032484515840_o-768x512.jpg 768w, https:\/\/katolicka-gimnazija.hr\/wp-content\/uploads\/2018\/05\/33464027_1962892943729766_4343354032484515840_o-1024x683.jpg 1024w, https:\/\/katolicka-gimnazija.hr\/wp-content\/uploads\/2018\/05\/33464027_1962892943729766_4343354032484515840_o-360x240.jpg 360w, https:\/\/katolicka-gimnazija.hr\/wp-content\/uploads\/2018\/05\/33464027_1962892943729766_4343354032484515840_o-750x500.jpg 750w, https:\/\/katolicka-gimnazija.hr\/wp-content\/uploads\/2018\/05\/33464027_1962892943729766_4343354032484515840_o-400x267.jpg 400w, https:\/\/katolicka-gimnazija.hr\/wp-content\/uploads\/2018\/05\/33464027_1962892943729766_4343354032484515840_o-430x287.jpg 430w, https:\/\/katolicka-gimnazija.hr\/wp-content\/uploads\/2018\/05\/33464027_1962892943729766_4343354032484515840_o-150x100.jpg 150w, https:\/\/katolicka-gimnazija.hr\/wp-content\/uploads\/2018\/05\/33464027_1962892943729766_4343354032484515840_o-100x67.jpg 100w, https:\/\/katolicka-gimnazija.hr\/wp-content\/uploads\/2018\/05\/33464027_1962892943729766_4343354032484515840_o.jpg 1969w\" sizes=\"auto, (max-width: 300px) 100vw, 300px\" \/><\/a>\n\t\t\t<\/div><\/figure><figure class='gallery-item'>\n\t\t\t<div class='gallery-icon landscape'>\n\t\t\t\t<a href='https:\/\/katolicka-gimnazija.hr\/wp-content\/uploads\/2018\/05\/33720319_1962687170417010_4576324934204129280_o.jpg'><img loading=\"lazy\" decoding=\"async\" width=\"300\" height=\"200\" src=\"https:\/\/katolicka-gimnazija.hr\/wp-content\/uploads\/2018\/05\/33720319_1962687170417010_4576324934204129280_o-300x200.jpg\" class=\"attachment-medium size-medium\" alt=\"\" srcset=\"https:\/\/katolicka-gimnazija.hr\/wp-content\/uploads\/2018\/05\/33720319_1962687170417010_4576324934204129280_o-300x200.jpg 300w, https:\/\/katolicka-gimnazija.hr\/wp-content\/uploads\/2018\/05\/33720319_1962687170417010_4576324934204129280_o-400x267.jpg 400w, https:\/\/katolicka-gimnazija.hr\/wp-content\/uploads\/2018\/05\/33720319_1962687170417010_4576324934204129280_o-768x512.jpg 768w, https:\/\/katolicka-gimnazija.hr\/wp-content\/uploads\/2018\/05\/33720319_1962687170417010_4576324934204129280_o-1024x683.jpg 1024w, https:\/\/katolicka-gimnazija.hr\/wp-content\/uploads\/2018\/05\/33720319_1962687170417010_4576324934204129280_o.jpg 1969w\" sizes=\"auto, (max-width: 300px) 100vw, 300px\" \/><\/a>\n\t\t\t<\/div><\/figure><figure class='gallery-item'>\n\t\t\t<div class='gallery-icon landscape'>\n\t\t\t\t<a href='https:\/\/katolicka-gimnazija.hr\/wp-content\/uploads\/2018\/05\/33489046_1962899207062473_2679066892617908224_o.jpg'><img loading=\"lazy\" decoding=\"async\" width=\"300\" height=\"200\" src=\"https:\/\/katolicka-gimnazija.hr\/wp-content\/uploads\/2018\/05\/33489046_1962899207062473_2679066892617908224_o-300x200.jpg\" class=\"attachment-medium size-medium\" alt=\"\" srcset=\"https:\/\/katolicka-gimnazija.hr\/wp-content\/uploads\/2018\/05\/33489046_1962899207062473_2679066892617908224_o-300x200.jpg 300w, https:\/\/katolicka-gimnazija.hr\/wp-content\/uploads\/2018\/05\/33489046_1962899207062473_2679066892617908224_o-768x512.jpg 768w, https:\/\/katolicka-gimnazija.hr\/wp-content\/uploads\/2018\/05\/33489046_1962899207062473_2679066892617908224_o-1024x683.jpg 1024w, https:\/\/katolicka-gimnazija.hr\/wp-content\/uploads\/2018\/05\/33489046_1962899207062473_2679066892617908224_o-360x240.jpg 360w, https:\/\/katolicka-gimnazija.hr\/wp-content\/uploads\/2018\/05\/33489046_1962899207062473_2679066892617908224_o-750x500.jpg 750w, https:\/\/katolicka-gimnazija.hr\/wp-content\/uploads\/2018\/05\/33489046_1962899207062473_2679066892617908224_o-400x267.jpg 400w, https:\/\/katolicka-gimnazija.hr\/wp-content\/uploads\/2018\/05\/33489046_1962899207062473_2679066892617908224_o-430x287.jpg 430w, https:\/\/katolicka-gimnazija.hr\/wp-content\/uploads\/2018\/05\/33489046_1962899207062473_2679066892617908224_o-150x100.jpg 150w, https:\/\/katolicka-gimnazija.hr\/wp-content\/uploads\/2018\/05\/33489046_1962899207062473_2679066892617908224_o-100x67.jpg 100w, https:\/\/katolicka-gimnazija.hr\/wp-content\/uploads\/2018\/05\/33489046_1962899207062473_2679066892617908224_o.jpg 1969w\" sizes=\"auto, (max-width: 300px) 100vw, 300px\" \/><\/a>\n\t\t\t<\/div><\/figure><figure class='gallery-item'>\n\t\t\t<div class='gallery-icon landscape'>\n\t\t\t\t<a href='https:\/\/katolicka-gimnazija.hr\/wp-content\/uploads\/2018\/05\/33525806_1962901380395589_1192839003670315008_o.jpg'><img loading=\"lazy\" decoding=\"async\" width=\"300\" height=\"200\" src=\"https:\/\/katolicka-gimnazija.hr\/wp-content\/uploads\/2018\/05\/33525806_1962901380395589_1192839003670315008_o-300x200.jpg\" class=\"attachment-medium size-medium\" alt=\"\" srcset=\"https:\/\/katolicka-gimnazija.hr\/wp-content\/uploads\/2018\/05\/33525806_1962901380395589_1192839003670315008_o-300x200.jpg 300w, https:\/\/katolicka-gimnazija.hr\/wp-content\/uploads\/2018\/05\/33525806_1962901380395589_1192839003670315008_o-768x512.jpg 768w, https:\/\/katolicka-gimnazija.hr\/wp-content\/uploads\/2018\/05\/33525806_1962901380395589_1192839003670315008_o-1024x683.jpg 1024w, https:\/\/katolicka-gimnazija.hr\/wp-content\/uploads\/2018\/05\/33525806_1962901380395589_1192839003670315008_o-360x240.jpg 360w, https:\/\/katolicka-gimnazija.hr\/wp-content\/uploads\/2018\/05\/33525806_1962901380395589_1192839003670315008_o-750x500.jpg 750w, https:\/\/katolicka-gimnazija.hr\/wp-content\/uploads\/2018\/05\/33525806_1962901380395589_1192839003670315008_o-400x267.jpg 400w, https:\/\/katolicka-gimnazija.hr\/wp-content\/uploads\/2018\/05\/33525806_1962901380395589_1192839003670315008_o-430x287.jpg 430w, https:\/\/katolicka-gimnazija.hr\/wp-content\/uploads\/2018\/05\/33525806_1962901380395589_1192839003670315008_o-150x100.jpg 150w, https:\/\/katolicka-gimnazija.hr\/wp-content\/uploads\/2018\/05\/33525806_1962901380395589_1192839003670315008_o-100x67.jpg 100w, https:\/\/katolicka-gimnazija.hr\/wp-content\/uploads\/2018\/05\/33525806_1962901380395589_1192839003670315008_o.jpg 1969w\" sizes=\"auto, (max-width: 300px) 100vw, 300px\" \/><\/a>\n\t\t\t<\/div><\/figure><figure class='gallery-item'>\n\t\t\t<div class='gallery-icon landscape'>\n\t\t\t\t<a href='https:\/\/katolicka-gimnazija.hr\/wp-content\/uploads\/2018\/05\/33642845_1962892050396522_4900966776075976704_o.jpg'><img loading=\"lazy\" decoding=\"async\" width=\"300\" height=\"200\" src=\"https:\/\/katolicka-gimnazija.hr\/wp-content\/uploads\/2018\/05\/33642845_1962892050396522_4900966776075976704_o-300x200.jpg\" class=\"attachment-medium size-medium\" alt=\"\" srcset=\"https:\/\/katolicka-gimnazija.hr\/wp-content\/uploads\/2018\/05\/33642845_1962892050396522_4900966776075976704_o-300x200.jpg 300w, https:\/\/katolicka-gimnazija.hr\/wp-content\/uploads\/2018\/05\/33642845_1962892050396522_4900966776075976704_o-400x267.jpg 400w, https:\/\/katolicka-gimnazija.hr\/wp-content\/uploads\/2018\/05\/33642845_1962892050396522_4900966776075976704_o-768x512.jpg 768w, https:\/\/katolicka-gimnazija.hr\/wp-content\/uploads\/2018\/05\/33642845_1962892050396522_4900966776075976704_o-1024x683.jpg 1024w, https:\/\/katolicka-gimnazija.hr\/wp-content\/uploads\/2018\/05\/33642845_1962892050396522_4900966776075976704_o.jpg 1969w\" sizes=\"auto, (max-width: 300px) 100vw, 300px\" \/><\/a>\n\t\t\t<\/div><\/figure><figure class='gallery-item'>\n\t\t\t<div class='gallery-icon landscape'>\n\t\t\t\t<a href='https:\/\/katolicka-gimnazija.hr\/wp-content\/uploads\/2018\/05\/33714523_1962698747082519_2289745544802729984_o.jpg'><img loading=\"lazy\" decoding=\"async\" width=\"300\" height=\"200\" src=\"https:\/\/katolicka-gimnazija.hr\/wp-content\/uploads\/2018\/05\/33714523_1962698747082519_2289745544802729984_o-300x200.jpg\" class=\"attachment-medium size-medium\" alt=\"\" srcset=\"https:\/\/katolicka-gimnazija.hr\/wp-content\/uploads\/2018\/05\/33714523_1962698747082519_2289745544802729984_o-300x200.jpg 300w, https:\/\/katolicka-gimnazija.hr\/wp-content\/uploads\/2018\/05\/33714523_1962698747082519_2289745544802729984_o-400x267.jpg 400w, https:\/\/katolicka-gimnazija.hr\/wp-content\/uploads\/2018\/05\/33714523_1962698747082519_2289745544802729984_o-768x512.jpg 768w, https:\/\/katolicka-gimnazija.hr\/wp-content\/uploads\/2018\/05\/33714523_1962698747082519_2289745544802729984_o-1024x683.jpg 1024w, https:\/\/katolicka-gimnazija.hr\/wp-content\/uploads\/2018\/05\/33714523_1962698747082519_2289745544802729984_o.jpg 1969w\" sizes=\"auto, (max-width: 300px) 100vw, 300px\" \/><\/a>\n\t\t\t<\/div><\/figure><figure class='gallery-item'>\n\t\t\t<div class='gallery-icon landscape'>\n\t\t\t\t<a href='https:\/\/katolicka-gimnazija.hr\/wp-content\/uploads\/2018\/05\/33553586_1962696370416090_2996542560081543168_o.jpg'><img loading=\"lazy\" decoding=\"async\" width=\"300\" height=\"200\" src=\"https:\/\/katolicka-gimnazija.hr\/wp-content\/uploads\/2018\/05\/33553586_1962696370416090_2996542560081543168_o-300x200.jpg\" class=\"attachment-medium size-medium\" alt=\"\" srcset=\"https:\/\/katolicka-gimnazija.hr\/wp-content\/uploads\/2018\/05\/33553586_1962696370416090_2996542560081543168_o-300x200.jpg 300w, https:\/\/katolicka-gimnazija.hr\/wp-content\/uploads\/2018\/05\/33553586_1962696370416090_2996542560081543168_o-768x512.jpg 768w, https:\/\/katolicka-gimnazija.hr\/wp-content\/uploads\/2018\/05\/33553586_1962696370416090_2996542560081543168_o-1024x683.jpg 1024w, https:\/\/katolicka-gimnazija.hr\/wp-content\/uploads\/2018\/05\/33553586_1962696370416090_2996542560081543168_o-360x240.jpg 360w, https:\/\/katolicka-gimnazija.hr\/wp-content\/uploads\/2018\/05\/33553586_1962696370416090_2996542560081543168_o-750x500.jpg 750w, https:\/\/katolicka-gimnazija.hr\/wp-content\/uploads\/2018\/05\/33553586_1962696370416090_2996542560081543168_o-400x267.jpg 400w, https:\/\/katolicka-gimnazija.hr\/wp-content\/uploads\/2018\/05\/33553586_1962696370416090_2996542560081543168_o-430x287.jpg 430w, https:\/\/katolicka-gimnazija.hr\/wp-content\/uploads\/2018\/05\/33553586_1962696370416090_2996542560081543168_o-150x100.jpg 150w, https:\/\/katolicka-gimnazija.hr\/wp-content\/uploads\/2018\/05\/33553586_1962696370416090_2996542560081543168_o-100x67.jpg 100w, https:\/\/katolicka-gimnazija.hr\/wp-content\/uploads\/2018\/05\/33553586_1962696370416090_2996542560081543168_o.jpg 1969w\" sizes=\"auto, (max-width: 300px) 100vw, 300px\" \/><\/a>\n\t\t\t<\/div><\/figure><figure class='gallery-item'>\n\t\t\t<div class='gallery-icon landscape'>\n\t\t\t\t<a href='https:\/\/katolicka-gimnazija.hr\/wp-content\/uploads\/2018\/05\/33487805_1962689000416827_8183467494221021184_o.jpg'><img loading=\"lazy\" decoding=\"async\" width=\"300\" height=\"200\" src=\"https:\/\/katolicka-gimnazija.hr\/wp-content\/uploads\/2018\/05\/33487805_1962689000416827_8183467494221021184_o-300x200.jpg\" class=\"attachment-medium size-medium\" alt=\"\" srcset=\"https:\/\/katolicka-gimnazija.hr\/wp-content\/uploads\/2018\/05\/33487805_1962689000416827_8183467494221021184_o-300x200.jpg 300w, https:\/\/katolicka-gimnazija.hr\/wp-content\/uploads\/2018\/05\/33487805_1962689000416827_8183467494221021184_o-768x512.jpg 768w, https:\/\/katolicka-gimnazija.hr\/wp-content\/uploads\/2018\/05\/33487805_1962689000416827_8183467494221021184_o-1024x683.jpg 1024w, https:\/\/katolicka-gimnazija.hr\/wp-content\/uploads\/2018\/05\/33487805_1962689000416827_8183467494221021184_o-360x240.jpg 360w, https:\/\/katolicka-gimnazija.hr\/wp-content\/uploads\/2018\/05\/33487805_1962689000416827_8183467494221021184_o-750x500.jpg 750w, https:\/\/katolicka-gimnazija.hr\/wp-content\/uploads\/2018\/05\/33487805_1962689000416827_8183467494221021184_o-400x267.jpg 400w, https:\/\/katolicka-gimnazija.hr\/wp-content\/uploads\/2018\/05\/33487805_1962689000416827_8183467494221021184_o-430x287.jpg 430w, https:\/\/katolicka-gimnazija.hr\/wp-content\/uploads\/2018\/05\/33487805_1962689000416827_8183467494221021184_o-150x100.jpg 150w, https:\/\/katolicka-gimnazija.hr\/wp-content\/uploads\/2018\/05\/33487805_1962689000416827_8183467494221021184_o-100x67.jpg 100w, https:\/\/katolicka-gimnazija.hr\/wp-content\/uploads\/2018\/05\/33487805_1962689000416827_8183467494221021184_o.jpg 1969w\" sizes=\"auto, (max-width: 300px) 100vw, 300px\" \/><\/a>\n\t\t\t<\/div><\/figure><figure class='gallery-item'>\n\t\t\t<div class='gallery-icon landscape'>\n\t\t\t\t<a href='https:\/\/katolicka-gimnazija.hr\/wp-content\/uploads\/2018\/05\/33596132_1962690583750002_2392081597420535808_o.jpg'><img loading=\"lazy\" decoding=\"async\" width=\"300\" height=\"200\" src=\"https:\/\/katolicka-gimnazija.hr\/wp-content\/uploads\/2018\/05\/33596132_1962690583750002_2392081597420535808_o-300x200.jpg\" class=\"attachment-medium size-medium\" alt=\"\" srcset=\"https:\/\/katolicka-gimnazija.hr\/wp-content\/uploads\/2018\/05\/33596132_1962690583750002_2392081597420535808_o-300x200.jpg 300w, https:\/\/katolicka-gimnazija.hr\/wp-content\/uploads\/2018\/05\/33596132_1962690583750002_2392081597420535808_o-768x512.jpg 768w, https:\/\/katolicka-gimnazija.hr\/wp-content\/uploads\/2018\/05\/33596132_1962690583750002_2392081597420535808_o-1024x683.jpg 1024w, https:\/\/katolicka-gimnazija.hr\/wp-content\/uploads\/2018\/05\/33596132_1962690583750002_2392081597420535808_o-360x240.jpg 360w, https:\/\/katolicka-gimnazija.hr\/wp-content\/uploads\/2018\/05\/33596132_1962690583750002_2392081597420535808_o-750x500.jpg 750w, https:\/\/katolicka-gimnazija.hr\/wp-content\/uploads\/2018\/05\/33596132_1962690583750002_2392081597420535808_o-400x267.jpg 400w, https:\/\/katolicka-gimnazija.hr\/wp-content\/uploads\/2018\/05\/33596132_1962690583750002_2392081597420535808_o-430x287.jpg 430w, https:\/\/katolicka-gimnazija.hr\/wp-content\/uploads\/2018\/05\/33596132_1962690583750002_2392081597420535808_o-150x100.jpg 150w, https:\/\/katolicka-gimnazija.hr\/wp-content\/uploads\/2018\/05\/33596132_1962690583750002_2392081597420535808_o-100x67.jpg 100w, https:\/\/katolicka-gimnazija.hr\/wp-content\/uploads\/2018\/05\/33596132_1962690583750002_2392081597420535808_o.jpg 1969w\" sizes=\"auto, (max-width: 300px) 100vw, 300px\" \/><\/a>\n\t\t\t<\/div><\/figure><figure class='gallery-item'>\n\t\t\t<div class='gallery-icon landscape'>\n\t\t\t\t<a href='https:\/\/katolicka-gimnazija.hr\/wp-content\/uploads\/2018\/05\/33540632_1962686397083754_9031838399786385408_o.jpg'><img loading=\"lazy\" decoding=\"async\" width=\"300\" height=\"200\" src=\"https:\/\/katolicka-gimnazija.hr\/wp-content\/uploads\/2018\/05\/33540632_1962686397083754_9031838399786385408_o-300x200.jpg\" class=\"attachment-medium size-medium\" alt=\"\" srcset=\"https:\/\/katolicka-gimnazija.hr\/wp-content\/uploads\/2018\/05\/33540632_1962686397083754_9031838399786385408_o-300x200.jpg 300w, https:\/\/katolicka-gimnazija.hr\/wp-content\/uploads\/2018\/05\/33540632_1962686397083754_9031838399786385408_o-768x512.jpg 768w, https:\/\/katolicka-gimnazija.hr\/wp-content\/uploads\/2018\/05\/33540632_1962686397083754_9031838399786385408_o-1024x683.jpg 1024w, https:\/\/katolicka-gimnazija.hr\/wp-content\/uploads\/2018\/05\/33540632_1962686397083754_9031838399786385408_o-360x240.jpg 360w, https:\/\/katolicka-gimnazija.hr\/wp-content\/uploads\/2018\/05\/33540632_1962686397083754_9031838399786385408_o-750x500.jpg 750w, https:\/\/katolicka-gimnazija.hr\/wp-content\/uploads\/2018\/05\/33540632_1962686397083754_9031838399786385408_o-400x267.jpg 400w, https:\/\/katolicka-gimnazija.hr\/wp-content\/uploads\/2018\/05\/33540632_1962686397083754_9031838399786385408_o-430x287.jpg 430w, https:\/\/katolicka-gimnazija.hr\/wp-content\/uploads\/2018\/05\/33540632_1962686397083754_9031838399786385408_o-150x100.jpg 150w, https:\/\/katolicka-gimnazija.hr\/wp-content\/uploads\/2018\/05\/33540632_1962686397083754_9031838399786385408_o-100x67.jpg 100w, https:\/\/katolicka-gimnazija.hr\/wp-content\/uploads\/2018\/05\/33540632_1962686397083754_9031838399786385408_o.jpg 1969w\" sizes=\"auto, (max-width: 300px) 100vw, 300px\" \/><\/a>\n\t\t\t<\/div><\/figure><figure class='gallery-item'>\n\t\t\t<div class='gallery-icon landscape'>\n\t\t\t\t<a href='https:\/\/katolicka-gimnazija.hr\/wp-content\/uploads\/2018\/05\/33732035_1962905343728526_3086496582762233856_o.jpg'><img loading=\"lazy\" decoding=\"async\" width=\"300\" height=\"200\" src=\"https:\/\/katolicka-gimnazija.hr\/wp-content\/uploads\/2018\/05\/33732035_1962905343728526_3086496582762233856_o-300x200.jpg\" class=\"attachment-medium size-medium\" alt=\"\" srcset=\"https:\/\/katolicka-gimnazija.hr\/wp-content\/uploads\/2018\/05\/33732035_1962905343728526_3086496582762233856_o-300x200.jpg 300w, https:\/\/katolicka-gimnazija.hr\/wp-content\/uploads\/2018\/05\/33732035_1962905343728526_3086496582762233856_o-400x267.jpg 400w, https:\/\/katolicka-gimnazija.hr\/wp-content\/uploads\/2018\/05\/33732035_1962905343728526_3086496582762233856_o-768x512.jpg 768w, https:\/\/katolicka-gimnazija.hr\/wp-content\/uploads\/2018\/05\/33732035_1962905343728526_3086496582762233856_o-1024x682.jpg 1024w, https:\/\/katolicka-gimnazija.hr\/wp-content\/uploads\/2018\/05\/33732035_1962905343728526_3086496582762233856_o.jpg 1970w\" sizes=\"auto, (max-width: 300px) 100vw, 300px\" \/><\/a>\n\t\t\t<\/div><\/figure><figure class='gallery-item'>\n\t\t\t<div class='gallery-icon landscape'>\n\t\t\t\t<a href='https:\/\/katolicka-gimnazija.hr\/wp-content\/uploads\/2018\/05\/33579974_1962688157083578_4748782237804134400_o.jpg'><img loading=\"lazy\" decoding=\"async\" width=\"300\" height=\"200\" src=\"https:\/\/katolicka-gimnazija.hr\/wp-content\/uploads\/2018\/05\/33579974_1962688157083578_4748782237804134400_o-300x200.jpg\" class=\"attachment-medium size-medium\" alt=\"\" srcset=\"https:\/\/katolicka-gimnazija.hr\/wp-content\/uploads\/2018\/05\/33579974_1962688157083578_4748782237804134400_o-300x200.jpg 300w, https:\/\/katolicka-gimnazija.hr\/wp-content\/uploads\/2018\/05\/33579974_1962688157083578_4748782237804134400_o-768x512.jpg 768w, https:\/\/katolicka-gimnazija.hr\/wp-content\/uploads\/2018\/05\/33579974_1962688157083578_4748782237804134400_o-1024x683.jpg 1024w, https:\/\/katolicka-gimnazija.hr\/wp-content\/uploads\/2018\/05\/33579974_1962688157083578_4748782237804134400_o-360x240.jpg 360w, https:\/\/katolicka-gimnazija.hr\/wp-content\/uploads\/2018\/05\/33579974_1962688157083578_4748782237804134400_o-750x500.jpg 750w, https:\/\/katolicka-gimnazija.hr\/wp-content\/uploads\/2018\/05\/33579974_1962688157083578_4748782237804134400_o-400x267.jpg 400w, https:\/\/katolicka-gimnazija.hr\/wp-content\/uploads\/2018\/05\/33579974_1962688157083578_4748782237804134400_o-430x287.jpg 430w, https:\/\/katolicka-gimnazija.hr\/wp-content\/uploads\/2018\/05\/33579974_1962688157083578_4748782237804134400_o-150x100.jpg 150w, https:\/\/katolicka-gimnazija.hr\/wp-content\/uploads\/2018\/05\/33579974_1962688157083578_4748782237804134400_o-100x67.jpg 100w, https:\/\/katolicka-gimnazija.hr\/wp-content\/uploads\/2018\/05\/33579974_1962688157083578_4748782237804134400_o.jpg 1969w\" sizes=\"auto, (max-width: 300px) 100vw, 300px\" \/><\/a>\n\t\t\t<\/div><\/figure><figure class='gallery-item'>\n\t\t\t<div class='gallery-icon landscape'>\n\t\t\t\t<a href='https:\/\/katolicka-gimnazija.hr\/wp-content\/uploads\/2018\/05\/33527125_1962895953729465_7595883811708076032_o.jpg'><img loading=\"lazy\" decoding=\"async\" width=\"300\" height=\"200\" src=\"https:\/\/katolicka-gimnazija.hr\/wp-content\/uploads\/2018\/05\/33527125_1962895953729465_7595883811708076032_o-300x200.jpg\" class=\"attachment-medium size-medium\" alt=\"\" srcset=\"https:\/\/katolicka-gimnazija.hr\/wp-content\/uploads\/2018\/05\/33527125_1962895953729465_7595883811708076032_o-300x200.jpg 300w, https:\/\/katolicka-gimnazija.hr\/wp-content\/uploads\/2018\/05\/33527125_1962895953729465_7595883811708076032_o-768x512.jpg 768w, https:\/\/katolicka-gimnazija.hr\/wp-content\/uploads\/2018\/05\/33527125_1962895953729465_7595883811708076032_o-1024x683.jpg 1024w, https:\/\/katolicka-gimnazija.hr\/wp-content\/uploads\/2018\/05\/33527125_1962895953729465_7595883811708076032_o-360x240.jpg 360w, https:\/\/katolicka-gimnazija.hr\/wp-content\/uploads\/2018\/05\/33527125_1962895953729465_7595883811708076032_o-750x500.jpg 750w, https:\/\/katolicka-gimnazija.hr\/wp-content\/uploads\/2018\/05\/33527125_1962895953729465_7595883811708076032_o-400x267.jpg 400w, https:\/\/katolicka-gimnazija.hr\/wp-content\/uploads\/2018\/05\/33527125_1962895953729465_7595883811708076032_o-430x287.jpg 430w, https:\/\/katolicka-gimnazija.hr\/wp-content\/uploads\/2018\/05\/33527125_1962895953729465_7595883811708076032_o-150x100.jpg 150w, https:\/\/katolicka-gimnazija.hr\/wp-content\/uploads\/2018\/05\/33527125_1962895953729465_7595883811708076032_o-100x67.jpg 100w, https:\/\/katolicka-gimnazija.hr\/wp-content\/uploads\/2018\/05\/33527125_1962895953729465_7595883811708076032_o.jpg 1969w\" sizes=\"auto, (max-width: 300px) 100vw, 300px\" \/><\/a>\n\t\t\t<\/div><\/figure><figure class='gallery-item'>\n\t\t\t<div class='gallery-icon landscape'>\n\t\t\t\t<a href='https:\/\/katolicka-gimnazija.hr\/wp-content\/uploads\/2018\/05\/33497825_1962687570416970_2293915889327669248_o.jpg'><img loading=\"lazy\" decoding=\"async\" width=\"300\" height=\"200\" src=\"https:\/\/katolicka-gimnazija.hr\/wp-content\/uploads\/2018\/05\/33497825_1962687570416970_2293915889327669248_o-300x200.jpg\" class=\"attachment-medium size-medium\" alt=\"\" srcset=\"https:\/\/katolicka-gimnazija.hr\/wp-content\/uploads\/2018\/05\/33497825_1962687570416970_2293915889327669248_o-300x200.jpg 300w, https:\/\/katolicka-gimnazija.hr\/wp-content\/uploads\/2018\/05\/33497825_1962687570416970_2293915889327669248_o-768x512.jpg 768w, https:\/\/katolicka-gimnazija.hr\/wp-content\/uploads\/2018\/05\/33497825_1962687570416970_2293915889327669248_o-1024x683.jpg 1024w, https:\/\/katolicka-gimnazija.hr\/wp-content\/uploads\/2018\/05\/33497825_1962687570416970_2293915889327669248_o-360x240.jpg 360w, https:\/\/katolicka-gimnazija.hr\/wp-content\/uploads\/2018\/05\/33497825_1962687570416970_2293915889327669248_o-750x500.jpg 750w, https:\/\/katolicka-gimnazija.hr\/wp-content\/uploads\/2018\/05\/33497825_1962687570416970_2293915889327669248_o-400x267.jpg 400w, https:\/\/katolicka-gimnazija.hr\/wp-content\/uploads\/2018\/05\/33497825_1962687570416970_2293915889327669248_o-430x287.jpg 430w, https:\/\/katolicka-gimnazija.hr\/wp-content\/uploads\/2018\/05\/33497825_1962687570416970_2293915889327669248_o-150x100.jpg 150w, https:\/\/katolicka-gimnazija.hr\/wp-content\/uploads\/2018\/05\/33497825_1962687570416970_2293915889327669248_o-100x67.jpg 100w, https:\/\/katolicka-gimnazija.hr\/wp-content\/uploads\/2018\/05\/33497825_1962687570416970_2293915889327669248_o.jpg 1969w\" sizes=\"auto, (max-width: 300px) 100vw, 300px\" \/><\/a>\n\t\t\t<\/div><\/figure><figure class='gallery-item'>\n\t\t\t<div class='gallery-icon landscape'>\n\t\t\t\t<a href='https:\/\/katolicka-gimnazija.hr\/wp-content\/uploads\/2018\/05\/33498666_1962695870416140_4899037700104912896_o.jpg'><img loading=\"lazy\" decoding=\"async\" width=\"300\" height=\"200\" src=\"https:\/\/katolicka-gimnazija.hr\/wp-content\/uploads\/2018\/05\/33498666_1962695870416140_4899037700104912896_o-300x200.jpg\" class=\"attachment-medium size-medium\" alt=\"\" srcset=\"https:\/\/katolicka-gimnazija.hr\/wp-content\/uploads\/2018\/05\/33498666_1962695870416140_4899037700104912896_o-300x200.jpg 300w, https:\/\/katolicka-gimnazija.hr\/wp-content\/uploads\/2018\/05\/33498666_1962695870416140_4899037700104912896_o-768x512.jpg 768w, https:\/\/katolicka-gimnazija.hr\/wp-content\/uploads\/2018\/05\/33498666_1962695870416140_4899037700104912896_o-1024x683.jpg 1024w, https:\/\/katolicka-gimnazija.hr\/wp-content\/uploads\/2018\/05\/33498666_1962695870416140_4899037700104912896_o-360x240.jpg 360w, https:\/\/katolicka-gimnazija.hr\/wp-content\/uploads\/2018\/05\/33498666_1962695870416140_4899037700104912896_o-750x500.jpg 750w, https:\/\/katolicka-gimnazija.hr\/wp-content\/uploads\/2018\/05\/33498666_1962695870416140_4899037700104912896_o-400x267.jpg 400w, https:\/\/katolicka-gimnazija.hr\/wp-content\/uploads\/2018\/05\/33498666_1962695870416140_4899037700104912896_o-430x287.jpg 430w, https:\/\/katolicka-gimnazija.hr\/wp-content\/uploads\/2018\/05\/33498666_1962695870416140_4899037700104912896_o-150x100.jpg 150w, https:\/\/katolicka-gimnazija.hr\/wp-content\/uploads\/2018\/05\/33498666_1962695870416140_4899037700104912896_o-100x67.jpg 100w, https:\/\/katolicka-gimnazija.hr\/wp-content\/uploads\/2018\/05\/33498666_1962695870416140_4899037700104912896_o.jpg 1969w\" sizes=\"auto, (max-width: 300px) 100vw, 300px\" \/><\/a>\n\t\t\t<\/div><\/figure><figure class='gallery-item'>\n\t\t\t<div class='gallery-icon landscape'>\n\t\t\t\t<a href='https:\/\/katolicka-gimnazija.hr\/wp-content\/uploads\/2018\/05\/33510411_1962906110395116_2406662951260913664_o.jpg'><img loading=\"lazy\" decoding=\"async\" width=\"300\" height=\"200\" src=\"https:\/\/katolicka-gimnazija.hr\/wp-content\/uploads\/2018\/05\/33510411_1962906110395116_2406662951260913664_o-300x200.jpg\" class=\"attachment-medium size-medium\" alt=\"\" srcset=\"https:\/\/katolicka-gimnazija.hr\/wp-content\/uploads\/2018\/05\/33510411_1962906110395116_2406662951260913664_o-300x200.jpg 300w, https:\/\/katolicka-gimnazija.hr\/wp-content\/uploads\/2018\/05\/33510411_1962906110395116_2406662951260913664_o-768x512.jpg 768w, https:\/\/katolicka-gimnazija.hr\/wp-content\/uploads\/2018\/05\/33510411_1962906110395116_2406662951260913664_o-1024x683.jpg 1024w, https:\/\/katolicka-gimnazija.hr\/wp-content\/uploads\/2018\/05\/33510411_1962906110395116_2406662951260913664_o-360x240.jpg 360w, https:\/\/katolicka-gimnazija.hr\/wp-content\/uploads\/2018\/05\/33510411_1962906110395116_2406662951260913664_o-750x500.jpg 750w, https:\/\/katolicka-gimnazija.hr\/wp-content\/uploads\/2018\/05\/33510411_1962906110395116_2406662951260913664_o-400x267.jpg 400w, https:\/\/katolicka-gimnazija.hr\/wp-content\/uploads\/2018\/05\/33510411_1962906110395116_2406662951260913664_o-430x287.jpg 430w, https:\/\/katolicka-gimnazija.hr\/wp-content\/uploads\/2018\/05\/33510411_1962906110395116_2406662951260913664_o-150x100.jpg 150w, https:\/\/katolicka-gimnazija.hr\/wp-content\/uploads\/2018\/05\/33510411_1962906110395116_2406662951260913664_o-100x67.jpg 100w, https:\/\/katolicka-gimnazija.hr\/wp-content\/uploads\/2018\/05\/33510411_1962906110395116_2406662951260913664_o.jpg 1969w\" sizes=\"auto, (max-width: 300px) 100vw, 300px\" \/><\/a>\n\t\t\t<\/div><\/figure><figure class='gallery-item'>\n\t\t\t<div class='gallery-icon landscape'>\n\t\t\t\t<a href='https:\/\/katolicka-gimnazija.hr\/wp-content\/uploads\/2018\/05\/33691411_1962887807063613_6117304301736951808_o.jpg'><img loading=\"lazy\" decoding=\"async\" width=\"300\" height=\"200\" src=\"https:\/\/katolicka-gimnazija.hr\/wp-content\/uploads\/2018\/05\/33691411_1962887807063613_6117304301736951808_o-300x200.jpg\" class=\"attachment-medium size-medium\" alt=\"\" srcset=\"https:\/\/katolicka-gimnazija.hr\/wp-content\/uploads\/2018\/05\/33691411_1962887807063613_6117304301736951808_o-300x200.jpg 300w, https:\/\/katolicka-gimnazija.hr\/wp-content\/uploads\/2018\/05\/33691411_1962887807063613_6117304301736951808_o-400x267.jpg 400w, https:\/\/katolicka-gimnazija.hr\/wp-content\/uploads\/2018\/05\/33691411_1962887807063613_6117304301736951808_o-768x512.jpg 768w, https:\/\/katolicka-gimnazija.hr\/wp-content\/uploads\/2018\/05\/33691411_1962887807063613_6117304301736951808_o-1024x683.jpg 1024w, https:\/\/katolicka-gimnazija.hr\/wp-content\/uploads\/2018\/05\/33691411_1962887807063613_6117304301736951808_o.jpg 1969w\" sizes=\"auto, (max-width: 300px) 100vw, 300px\" \/><\/a>\n\t\t\t<\/div><\/figure><figure class='gallery-item'>\n\t\t\t<div class='gallery-icon landscape'>\n\t\t\t\t<a href='https:\/\/katolicka-gimnazija.hr\/wp-content\/uploads\/2018\/05\/33614896_1962687103750350_8952934580633993216_o.jpg'><img loading=\"lazy\" decoding=\"async\" width=\"300\" height=\"200\" src=\"https:\/\/katolicka-gimnazija.hr\/wp-content\/uploads\/2018\/05\/33614896_1962687103750350_8952934580633993216_o-300x200.jpg\" class=\"attachment-medium size-medium\" alt=\"\" srcset=\"https:\/\/katolicka-gimnazija.hr\/wp-content\/uploads\/2018\/05\/33614896_1962687103750350_8952934580633993216_o-300x200.jpg 300w, https:\/\/katolicka-gimnazija.hr\/wp-content\/uploads\/2018\/05\/33614896_1962687103750350_8952934580633993216_o-768x512.jpg 768w, https:\/\/katolicka-gimnazija.hr\/wp-content\/uploads\/2018\/05\/33614896_1962687103750350_8952934580633993216_o-1024x683.jpg 1024w, https:\/\/katolicka-gimnazija.hr\/wp-content\/uploads\/2018\/05\/33614896_1962687103750350_8952934580633993216_o-360x240.jpg 360w, https:\/\/katolicka-gimnazija.hr\/wp-content\/uploads\/2018\/05\/33614896_1962687103750350_8952934580633993216_o-750x500.jpg 750w, https:\/\/katolicka-gimnazija.hr\/wp-content\/uploads\/2018\/05\/33614896_1962687103750350_8952934580633993216_o-400x267.jpg 400w, https:\/\/katolicka-gimnazija.hr\/wp-content\/uploads\/2018\/05\/33614896_1962687103750350_8952934580633993216_o-430x287.jpg 430w, https:\/\/katolicka-gimnazija.hr\/wp-content\/uploads\/2018\/05\/33614896_1962687103750350_8952934580633993216_o-150x100.jpg 150w, https:\/\/katolicka-gimnazija.hr\/wp-content\/uploads\/2018\/05\/33614896_1962687103750350_8952934580633993216_o-100x67.jpg 100w, https:\/\/katolicka-gimnazija.hr\/wp-content\/uploads\/2018\/05\/33614896_1962687103750350_8952934580633993216_o.jpg 1969w\" sizes=\"auto, (max-width: 300px) 100vw, 300px\" \/><\/a>\n\t\t\t<\/div><\/figure><figure class='gallery-item'>\n\t\t\t<div class='gallery-icon landscape'>\n\t\t\t\t<a href='https:\/\/katolicka-gimnazija.hr\/wp-content\/uploads\/2018\/05\/33745579_1962902073728853_6316344317573070848_o.jpg'><img loading=\"lazy\" decoding=\"async\" width=\"300\" height=\"200\" src=\"https:\/\/katolicka-gimnazija.hr\/wp-content\/uploads\/2018\/05\/33745579_1962902073728853_6316344317573070848_o-300x200.jpg\" class=\"attachment-medium size-medium\" alt=\"\" srcset=\"https:\/\/katolicka-gimnazija.hr\/wp-content\/uploads\/2018\/05\/33745579_1962902073728853_6316344317573070848_o-300x200.jpg 300w, https:\/\/katolicka-gimnazija.hr\/wp-content\/uploads\/2018\/05\/33745579_1962902073728853_6316344317573070848_o-400x267.jpg 400w, https:\/\/katolicka-gimnazija.hr\/wp-content\/uploads\/2018\/05\/33745579_1962902073728853_6316344317573070848_o-768x512.jpg 768w, https:\/\/katolicka-gimnazija.hr\/wp-content\/uploads\/2018\/05\/33745579_1962902073728853_6316344317573070848_o-1024x683.jpg 1024w, https:\/\/katolicka-gimnazija.hr\/wp-content\/uploads\/2018\/05\/33745579_1962902073728853_6316344317573070848_o.jpg 1969w\" sizes=\"auto, (max-width: 300px) 100vw, 300px\" \/><\/a>\n\t\t\t<\/div><\/figure><figure class='gallery-item'>\n\t\t\t<div class='gallery-icon landscape'>\n\t\t\t\t<a href='https:\/\/katolicka-gimnazija.hr\/wp-content\/uploads\/2018\/05\/33674523_1962905577061836_608422674854576128_o.jpg'><img loading=\"lazy\" decoding=\"async\" width=\"300\" height=\"200\" src=\"https:\/\/katolicka-gimnazija.hr\/wp-content\/uploads\/2018\/05\/33674523_1962905577061836_608422674854576128_o-300x200.jpg\" class=\"attachment-medium size-medium\" alt=\"\" srcset=\"https:\/\/katolicka-gimnazija.hr\/wp-content\/uploads\/2018\/05\/33674523_1962905577061836_608422674854576128_o-300x200.jpg 300w, https:\/\/katolicka-gimnazija.hr\/wp-content\/uploads\/2018\/05\/33674523_1962905577061836_608422674854576128_o-400x267.jpg 400w, https:\/\/katolicka-gimnazija.hr\/wp-content\/uploads\/2018\/05\/33674523_1962905577061836_608422674854576128_o-768x512.jpg 768w, https:\/\/katolicka-gimnazija.hr\/wp-content\/uploads\/2018\/05\/33674523_1962905577061836_608422674854576128_o-1024x683.jpg 1024w, https:\/\/katolicka-gimnazija.hr\/wp-content\/uploads\/2018\/05\/33674523_1962905577061836_608422674854576128_o.jpg 1969w\" sizes=\"auto, (max-width: 300px) 100vw, 300px\" \/><\/a>\n\t\t\t<\/div><\/figure><figure class='gallery-item'>\n\t\t\t<div class='gallery-icon landscape'>\n\t\t\t\t<a href='https:\/\/katolicka-gimnazija.hr\/wp-content\/uploads\/2018\/05\/33635762_1962898723729188_6908816896934543360_o.jpg'><img loading=\"lazy\" decoding=\"async\" width=\"300\" height=\"200\" src=\"https:\/\/katolicka-gimnazija.hr\/wp-content\/uploads\/2018\/05\/33635762_1962898723729188_6908816896934543360_o-300x200.jpg\" class=\"attachment-medium size-medium\" alt=\"\" srcset=\"https:\/\/katolicka-gimnazija.hr\/wp-content\/uploads\/2018\/05\/33635762_1962898723729188_6908816896934543360_o-300x200.jpg 300w, https:\/\/katolicka-gimnazija.hr\/wp-content\/uploads\/2018\/05\/33635762_1962898723729188_6908816896934543360_o-400x267.jpg 400w, https:\/\/katolicka-gimnazija.hr\/wp-content\/uploads\/2018\/05\/33635762_1962898723729188_6908816896934543360_o-768x512.jpg 768w, https:\/\/katolicka-gimnazija.hr\/wp-content\/uploads\/2018\/05\/33635762_1962898723729188_6908816896934543360_o-1024x683.jpg 1024w, https:\/\/katolicka-gimnazija.hr\/wp-content\/uploads\/2018\/05\/33635762_1962898723729188_6908816896934543360_o.jpg 1969w\" sizes=\"auto, (max-width: 300px) 100vw, 300px\" \/><\/a>\n\t\t\t<\/div><\/figure><figure class='gallery-item'>\n\t\t\t<div class='gallery-icon landscape'>\n\t\t\t\t<a href='https:\/\/katolicka-gimnazija.hr\/wp-content\/uploads\/2018\/05\/33657202_1962892283729832_7575610084307238912_o.jpg'><img loading=\"lazy\" decoding=\"async\" width=\"300\" height=\"200\" src=\"https:\/\/katolicka-gimnazija.hr\/wp-content\/uploads\/2018\/05\/33657202_1962892283729832_7575610084307238912_o-300x200.jpg\" class=\"attachment-medium size-medium\" alt=\"\" srcset=\"https:\/\/katolicka-gimnazija.hr\/wp-content\/uploads\/2018\/05\/33657202_1962892283729832_7575610084307238912_o-300x200.jpg 300w, https:\/\/katolicka-gimnazija.hr\/wp-content\/uploads\/2018\/05\/33657202_1962892283729832_7575610084307238912_o-400x267.jpg 400w, https:\/\/katolicka-gimnazija.hr\/wp-content\/uploads\/2018\/05\/33657202_1962892283729832_7575610084307238912_o-768x512.jpg 768w, https:\/\/katolicka-gimnazija.hr\/wp-content\/uploads\/2018\/05\/33657202_1962892283729832_7575610084307238912_o-1024x683.jpg 1024w, https:\/\/katolicka-gimnazija.hr\/wp-content\/uploads\/2018\/05\/33657202_1962892283729832_7575610084307238912_o.jpg 1969w\" sizes=\"auto, (max-width: 300px) 100vw, 300px\" \/><\/a>\n\t\t\t<\/div><\/figure><figure class='gallery-item'>\n\t\t\t<div class='gallery-icon landscape'>\n\t\t\t\t<a href='https:\/\/katolicka-gimnazija.hr\/wp-content\/uploads\/2018\/05\/33513354_1962700393749021_9103997685764980736_o.jpg'><img loading=\"lazy\" decoding=\"async\" width=\"300\" height=\"200\" src=\"https:\/\/katolicka-gimnazija.hr\/wp-content\/uploads\/2018\/05\/33513354_1962700393749021_9103997685764980736_o-300x200.jpg\" class=\"attachment-medium size-medium\" alt=\"\" srcset=\"https:\/\/katolicka-gimnazija.hr\/wp-content\/uploads\/2018\/05\/33513354_1962700393749021_9103997685764980736_o-300x200.jpg 300w, https:\/\/katolicka-gimnazija.hr\/wp-content\/uploads\/2018\/05\/33513354_1962700393749021_9103997685764980736_o-768x512.jpg 768w, https:\/\/katolicka-gimnazija.hr\/wp-content\/uploads\/2018\/05\/33513354_1962700393749021_9103997685764980736_o-1024x683.jpg 1024w, https:\/\/katolicka-gimnazija.hr\/wp-content\/uploads\/2018\/05\/33513354_1962700393749021_9103997685764980736_o-360x240.jpg 360w, https:\/\/katolicka-gimnazija.hr\/wp-content\/uploads\/2018\/05\/33513354_1962700393749021_9103997685764980736_o-750x500.jpg 750w, https:\/\/katolicka-gimnazija.hr\/wp-content\/uploads\/2018\/05\/33513354_1962700393749021_9103997685764980736_o-400x267.jpg 400w, https:\/\/katolicka-gimnazija.hr\/wp-content\/uploads\/2018\/05\/33513354_1962700393749021_9103997685764980736_o-430x287.jpg 430w, https:\/\/katolicka-gimnazija.hr\/wp-content\/uploads\/2018\/05\/33513354_1962700393749021_9103997685764980736_o-150x100.jpg 150w, https:\/\/katolicka-gimnazija.hr\/wp-content\/uploads\/2018\/05\/33513354_1962700393749021_9103997685764980736_o-100x67.jpg 100w, https:\/\/katolicka-gimnazija.hr\/wp-content\/uploads\/2018\/05\/33513354_1962700393749021_9103997685764980736_o.jpg 1969w\" sizes=\"auto, (max-width: 300px) 100vw, 300px\" \/><\/a>\n\t\t\t<\/div><\/figure><figure class='gallery-item'>\n\t\t\t<div class='gallery-icon landscape'>\n\t\t\t\t<a href='https:\/\/katolicka-gimnazija.hr\/wp-content\/uploads\/2018\/05\/33715413_1962701107082283_930730309375229952_o.jpg'><img loading=\"lazy\" decoding=\"async\" width=\"300\" height=\"200\" src=\"https:\/\/katolicka-gimnazija.hr\/wp-content\/uploads\/2018\/05\/33715413_1962701107082283_930730309375229952_o-300x200.jpg\" class=\"attachment-medium size-medium\" alt=\"\" srcset=\"https:\/\/katolicka-gimnazija.hr\/wp-content\/uploads\/2018\/05\/33715413_1962701107082283_930730309375229952_o-300x200.jpg 300w, https:\/\/katolicka-gimnazija.hr\/wp-content\/uploads\/2018\/05\/33715413_1962701107082283_930730309375229952_o-400x267.jpg 400w, https:\/\/katolicka-gimnazija.hr\/wp-content\/uploads\/2018\/05\/33715413_1962701107082283_930730309375229952_o-768x512.jpg 768w, https:\/\/katolicka-gimnazija.hr\/wp-content\/uploads\/2018\/05\/33715413_1962701107082283_930730309375229952_o-1024x683.jpg 1024w, https:\/\/katolicka-gimnazija.hr\/wp-content\/uploads\/2018\/05\/33715413_1962701107082283_930730309375229952_o.jpg 1969w\" sizes=\"auto, (max-width: 300px) 100vw, 300px\" \/><\/a>\n\t\t\t<\/div><\/figure><figure class='gallery-item'>\n\t\t\t<div class='gallery-icon landscape'>\n\t\t\t\t<a href='https:\/\/katolicka-gimnazija.hr\/wp-content\/uploads\/2018\/05\/33493678_1962698143749246_8398476052434780160_o.jpg'><img loading=\"lazy\" decoding=\"async\" width=\"300\" height=\"200\" src=\"https:\/\/katolicka-gimnazija.hr\/wp-content\/uploads\/2018\/05\/33493678_1962698143749246_8398476052434780160_o-300x200.jpg\" class=\"attachment-medium size-medium\" alt=\"\" srcset=\"https:\/\/katolicka-gimnazija.hr\/wp-content\/uploads\/2018\/05\/33493678_1962698143749246_8398476052434780160_o-300x200.jpg 300w, https:\/\/katolicka-gimnazija.hr\/wp-content\/uploads\/2018\/05\/33493678_1962698143749246_8398476052434780160_o-768x512.jpg 768w, https:\/\/katolicka-gimnazija.hr\/wp-content\/uploads\/2018\/05\/33493678_1962698143749246_8398476052434780160_o-1024x683.jpg 1024w, https:\/\/katolicka-gimnazija.hr\/wp-content\/uploads\/2018\/05\/33493678_1962698143749246_8398476052434780160_o-360x240.jpg 360w, https:\/\/katolicka-gimnazija.hr\/wp-content\/uploads\/2018\/05\/33493678_1962698143749246_8398476052434780160_o-750x500.jpg 750w, https:\/\/katolicka-gimnazija.hr\/wp-content\/uploads\/2018\/05\/33493678_1962698143749246_8398476052434780160_o-400x267.jpg 400w, https:\/\/katolicka-gimnazija.hr\/wp-content\/uploads\/2018\/05\/33493678_1962698143749246_8398476052434780160_o-430x287.jpg 430w, https:\/\/katolicka-gimnazija.hr\/wp-content\/uploads\/2018\/05\/33493678_1962698143749246_8398476052434780160_o-150x100.jpg 150w, https:\/\/katolicka-gimnazija.hr\/wp-content\/uploads\/2018\/05\/33493678_1962698143749246_8398476052434780160_o-100x67.jpg 100w, https:\/\/katolicka-gimnazija.hr\/wp-content\/uploads\/2018\/05\/33493678_1962698143749246_8398476052434780160_o.jpg 1969w\" sizes=\"auto, (max-width: 300px) 100vw, 300px\" \/><\/a>\n\t\t\t<\/div><\/figure><figure class='gallery-item'>\n\t\t\t<div class='gallery-icon landscape'>\n\t\t\t\t<a href='https:\/\/katolicka-gimnazija.hr\/wp-content\/uploads\/2018\/05\/33614875_1962690517083342_4324726428609282048_o.jpg'><img loading=\"lazy\" decoding=\"async\" width=\"300\" height=\"200\" src=\"https:\/\/katolicka-gimnazija.hr\/wp-content\/uploads\/2018\/05\/33614875_1962690517083342_4324726428609282048_o-300x200.jpg\" class=\"attachment-medium size-medium\" alt=\"\" srcset=\"https:\/\/katolicka-gimnazija.hr\/wp-content\/uploads\/2018\/05\/33614875_1962690517083342_4324726428609282048_o-300x200.jpg 300w, https:\/\/katolicka-gimnazija.hr\/wp-content\/uploads\/2018\/05\/33614875_1962690517083342_4324726428609282048_o-768x512.jpg 768w, https:\/\/katolicka-gimnazija.hr\/wp-content\/uploads\/2018\/05\/33614875_1962690517083342_4324726428609282048_o-1024x683.jpg 1024w, https:\/\/katolicka-gimnazija.hr\/wp-content\/uploads\/2018\/05\/33614875_1962690517083342_4324726428609282048_o-360x240.jpg 360w, https:\/\/katolicka-gimnazija.hr\/wp-content\/uploads\/2018\/05\/33614875_1962690517083342_4324726428609282048_o-750x500.jpg 750w, https:\/\/katolicka-gimnazija.hr\/wp-content\/uploads\/2018\/05\/33614875_1962690517083342_4324726428609282048_o-400x267.jpg 400w, https:\/\/katolicka-gimnazija.hr\/wp-content\/uploads\/2018\/05\/33614875_1962690517083342_4324726428609282048_o-430x287.jpg 430w, https:\/\/katolicka-gimnazija.hr\/wp-content\/uploads\/2018\/05\/33614875_1962690517083342_4324726428609282048_o-150x100.jpg 150w, https:\/\/katolicka-gimnazija.hr\/wp-content\/uploads\/2018\/05\/33614875_1962690517083342_4324726428609282048_o-100x67.jpg 100w, https:\/\/katolicka-gimnazija.hr\/wp-content\/uploads\/2018\/05\/33614875_1962690517083342_4324726428609282048_o.jpg 1969w\" sizes=\"auto, (max-width: 300px) 100vw, 300px\" \/><\/a>\n\t\t\t<\/div><\/figure><figure class='gallery-item'>\n\t\t\t<div class='gallery-icon landscape'>\n\t\t\t\t<a href='https:\/\/katolicka-gimnazija.hr\/wp-content\/uploads\/2018\/05\/33502404_1962695610416166_6224311741174513664_o.jpg'><img loading=\"lazy\" decoding=\"async\" width=\"300\" height=\"200\" src=\"https:\/\/katolicka-gimnazija.hr\/wp-content\/uploads\/2018\/05\/33502404_1962695610416166_6224311741174513664_o-300x200.jpg\" class=\"attachment-medium size-medium\" alt=\"\" srcset=\"https:\/\/katolicka-gimnazija.hr\/wp-content\/uploads\/2018\/05\/33502404_1962695610416166_6224311741174513664_o-300x200.jpg 300w, https:\/\/katolicka-gimnazija.hr\/wp-content\/uploads\/2018\/05\/33502404_1962695610416166_6224311741174513664_o-768x512.jpg 768w, https:\/\/katolicka-gimnazija.hr\/wp-content\/uploads\/2018\/05\/33502404_1962695610416166_6224311741174513664_o-1024x683.jpg 1024w, https:\/\/katolicka-gimnazija.hr\/wp-content\/uploads\/2018\/05\/33502404_1962695610416166_6224311741174513664_o-360x240.jpg 360w, https:\/\/katolicka-gimnazija.hr\/wp-content\/uploads\/2018\/05\/33502404_1962695610416166_6224311741174513664_o-750x500.jpg 750w, https:\/\/katolicka-gimnazija.hr\/wp-content\/uploads\/2018\/05\/33502404_1962695610416166_6224311741174513664_o-400x267.jpg 400w, https:\/\/katolicka-gimnazija.hr\/wp-content\/uploads\/2018\/05\/33502404_1962695610416166_6224311741174513664_o-430x287.jpg 430w, https:\/\/katolicka-gimnazija.hr\/wp-content\/uploads\/2018\/05\/33502404_1962695610416166_6224311741174513664_o-150x100.jpg 150w, https:\/\/katolicka-gimnazija.hr\/wp-content\/uploads\/2018\/05\/33502404_1962695610416166_6224311741174513664_o-100x67.jpg 100w, https:\/\/katolicka-gimnazija.hr\/wp-content\/uploads\/2018\/05\/33502404_1962695610416166_6224311741174513664_o.jpg 1969w\" sizes=\"auto, (max-width: 300px) 100vw, 300px\" \/><\/a>\n\t\t\t<\/div><\/figure><figure class='gallery-item'>\n\t\t\t<div class='gallery-icon landscape'>\n\t\t\t\t<a href='https:\/\/katolicka-gimnazija.hr\/wp-content\/uploads\/2018\/05\/33615841_1962903407062053_4226861140593868800_o.jpg'><img loading=\"lazy\" decoding=\"async\" width=\"300\" height=\"200\" src=\"https:\/\/katolicka-gimnazija.hr\/wp-content\/uploads\/2018\/05\/33615841_1962903407062053_4226861140593868800_o-300x200.jpg\" class=\"attachment-medium size-medium\" alt=\"\" srcset=\"https:\/\/katolicka-gimnazija.hr\/wp-content\/uploads\/2018\/05\/33615841_1962903407062053_4226861140593868800_o-300x200.jpg 300w, https:\/\/katolicka-gimnazija.hr\/wp-content\/uploads\/2018\/05\/33615841_1962903407062053_4226861140593868800_o-768x512.jpg 768w, https:\/\/katolicka-gimnazija.hr\/wp-content\/uploads\/2018\/05\/33615841_1962903407062053_4226861140593868800_o-1024x683.jpg 1024w, https:\/\/katolicka-gimnazija.hr\/wp-content\/uploads\/2018\/05\/33615841_1962903407062053_4226861140593868800_o-360x240.jpg 360w, https:\/\/katolicka-gimnazija.hr\/wp-content\/uploads\/2018\/05\/33615841_1962903407062053_4226861140593868800_o-750x500.jpg 750w, https:\/\/katolicka-gimnazija.hr\/wp-content\/uploads\/2018\/05\/33615841_1962903407062053_4226861140593868800_o-400x267.jpg 400w, https:\/\/katolicka-gimnazija.hr\/wp-content\/uploads\/2018\/05\/33615841_1962903407062053_4226861140593868800_o-430x287.jpg 430w, https:\/\/katolicka-gimnazija.hr\/wp-content\/uploads\/2018\/05\/33615841_1962903407062053_4226861140593868800_o-150x100.jpg 150w, https:\/\/katolicka-gimnazija.hr\/wp-content\/uploads\/2018\/05\/33615841_1962903407062053_4226861140593868800_o-100x67.jpg 100w, https:\/\/katolicka-gimnazija.hr\/wp-content\/uploads\/2018\/05\/33615841_1962903407062053_4226861140593868800_o.jpg 1969w\" sizes=\"auto, (max-width: 300px) 100vw, 300px\" \/><\/a>\n\t\t\t<\/div><\/figure><figure class='gallery-item'>\n\t\t\t<div class='gallery-icon landscape'>\n\t\t\t\t<a href='https:\/\/katolicka-gimnazija.hr\/wp-content\/uploads\/2018\/05\/33665885_1962696683749392_4370361847698685952_o.jpg'><img loading=\"lazy\" decoding=\"async\" width=\"300\" height=\"200\" src=\"https:\/\/katolicka-gimnazija.hr\/wp-content\/uploads\/2018\/05\/33665885_1962696683749392_4370361847698685952_o-300x200.jpg\" class=\"attachment-medium size-medium\" alt=\"\" srcset=\"https:\/\/katolicka-gimnazija.hr\/wp-content\/uploads\/2018\/05\/33665885_1962696683749392_4370361847698685952_o-300x200.jpg 300w, https:\/\/katolicka-gimnazija.hr\/wp-content\/uploads\/2018\/05\/33665885_1962696683749392_4370361847698685952_o-400x267.jpg 400w, https:\/\/katolicka-gimnazija.hr\/wp-content\/uploads\/2018\/05\/33665885_1962696683749392_4370361847698685952_o-768x512.jpg 768w, https:\/\/katolicka-gimnazija.hr\/wp-content\/uploads\/2018\/05\/33665885_1962696683749392_4370361847698685952_o-1024x683.jpg 1024w, https:\/\/katolicka-gimnazija.hr\/wp-content\/uploads\/2018\/05\/33665885_1962696683749392_4370361847698685952_o.jpg 1969w\" sizes=\"auto, (max-width: 300px) 100vw, 300px\" \/><\/a>\n\t\t\t<\/div><\/figure><figure class='gallery-item'>\n\t\t\t<div class='gallery-icon landscape'>\n\t\t\t\t<a href='https:\/\/katolicka-gimnazija.hr\/wp-content\/uploads\/2018\/05\/33575453_1962889997063394_6262696297690562560_o.jpg'><img loading=\"lazy\" decoding=\"async\" width=\"300\" height=\"200\" src=\"https:\/\/katolicka-gimnazija.hr\/wp-content\/uploads\/2018\/05\/33575453_1962889997063394_6262696297690562560_o-300x200.jpg\" class=\"attachment-medium size-medium\" alt=\"\" srcset=\"https:\/\/katolicka-gimnazija.hr\/wp-content\/uploads\/2018\/05\/33575453_1962889997063394_6262696297690562560_o-300x200.jpg 300w, https:\/\/katolicka-gimnazija.hr\/wp-content\/uploads\/2018\/05\/33575453_1962889997063394_6262696297690562560_o-768x512.jpg 768w, https:\/\/katolicka-gimnazija.hr\/wp-content\/uploads\/2018\/05\/33575453_1962889997063394_6262696297690562560_o-1024x683.jpg 1024w, https:\/\/katolicka-gimnazija.hr\/wp-content\/uploads\/2018\/05\/33575453_1962889997063394_6262696297690562560_o-360x240.jpg 360w, https:\/\/katolicka-gimnazija.hr\/wp-content\/uploads\/2018\/05\/33575453_1962889997063394_6262696297690562560_o-750x500.jpg 750w, https:\/\/katolicka-gimnazija.hr\/wp-content\/uploads\/2018\/05\/33575453_1962889997063394_6262696297690562560_o-400x267.jpg 400w, https:\/\/katolicka-gimnazija.hr\/wp-content\/uploads\/2018\/05\/33575453_1962889997063394_6262696297690562560_o-430x287.jpg 430w, https:\/\/katolicka-gimnazija.hr\/wp-content\/uploads\/2018\/05\/33575453_1962889997063394_6262696297690562560_o-150x100.jpg 150w, https:\/\/katolicka-gimnazija.hr\/wp-content\/uploads\/2018\/05\/33575453_1962889997063394_6262696297690562560_o-100x67.jpg 100w, https:\/\/katolicka-gimnazija.hr\/wp-content\/uploads\/2018\/05\/33575453_1962889997063394_6262696297690562560_o.jpg 1969w\" sizes=\"auto, (max-width: 300px) 100vw, 300px\" \/><\/a>\n\t\t\t<\/div><\/figure><figure class='gallery-item'>\n\t\t\t<div class='gallery-icon landscape'>\n\t\t\t\t<a href='https:\/\/katolicka-gimnazija.hr\/wp-content\/uploads\/2018\/05\/33754296_1962898563729204_1119636843797676032_o.jpg'><img loading=\"lazy\" decoding=\"async\" width=\"300\" height=\"200\" src=\"https:\/\/katolicka-gimnazija.hr\/wp-content\/uploads\/2018\/05\/33754296_1962898563729204_1119636843797676032_o-300x200.jpg\" class=\"attachment-medium size-medium\" alt=\"\" srcset=\"https:\/\/katolicka-gimnazija.hr\/wp-content\/uploads\/2018\/05\/33754296_1962898563729204_1119636843797676032_o-300x200.jpg 300w, https:\/\/katolicka-gimnazija.hr\/wp-content\/uploads\/2018\/05\/33754296_1962898563729204_1119636843797676032_o-400x267.jpg 400w, https:\/\/katolicka-gimnazija.hr\/wp-content\/uploads\/2018\/05\/33754296_1962898563729204_1119636843797676032_o-768x512.jpg 768w, https:\/\/katolicka-gimnazija.hr\/wp-content\/uploads\/2018\/05\/33754296_1962898563729204_1119636843797676032_o-1024x683.jpg 1024w, https:\/\/katolicka-gimnazija.hr\/wp-content\/uploads\/2018\/05\/33754296_1962898563729204_1119636843797676032_o.jpg 1969w\" sizes=\"auto, (max-width: 300px) 100vw, 300px\" \/><\/a>\n\t\t\t<\/div><\/figure><figure class='gallery-item'>\n\t\t\t<div class='gallery-icon landscape'>\n\t\t\t\t<a href='https:\/\/katolicka-gimnazija.hr\/wp-content\/uploads\/2018\/05\/33708924_1962701650415562_7101474097447567360_o.jpg'><img loading=\"lazy\" decoding=\"async\" width=\"300\" height=\"200\" src=\"https:\/\/katolicka-gimnazija.hr\/wp-content\/uploads\/2018\/05\/33708924_1962701650415562_7101474097447567360_o-300x200.jpg\" class=\"attachment-medium size-medium\" alt=\"\" srcset=\"https:\/\/katolicka-gimnazija.hr\/wp-content\/uploads\/2018\/05\/33708924_1962701650415562_7101474097447567360_o-300x200.jpg 300w, https:\/\/katolicka-gimnazija.hr\/wp-content\/uploads\/2018\/05\/33708924_1962701650415562_7101474097447567360_o-400x267.jpg 400w, https:\/\/katolicka-gimnazija.hr\/wp-content\/uploads\/2018\/05\/33708924_1962701650415562_7101474097447567360_o-768x512.jpg 768w, https:\/\/katolicka-gimnazija.hr\/wp-content\/uploads\/2018\/05\/33708924_1962701650415562_7101474097447567360_o-1024x683.jpg 1024w, https:\/\/katolicka-gimnazija.hr\/wp-content\/uploads\/2018\/05\/33708924_1962701650415562_7101474097447567360_o.jpg 1969w\" sizes=\"auto, (max-width: 300px) 100vw, 300px\" \/><\/a>\n\t\t\t<\/div><\/figure><figure class='gallery-item'>\n\t\t\t<div class='gallery-icon landscape'>\n\t\t\t\t<a href='https:\/\/katolicka-gimnazija.hr\/wp-content\/uploads\/2018\/05\/33573399_1962891910396536_5104057049151438848_o.jpg'><img loading=\"lazy\" decoding=\"async\" width=\"300\" height=\"200\" src=\"https:\/\/katolicka-gimnazija.hr\/wp-content\/uploads\/2018\/05\/33573399_1962891910396536_5104057049151438848_o-300x200.jpg\" class=\"attachment-medium size-medium\" alt=\"\" srcset=\"https:\/\/katolicka-gimnazija.hr\/wp-content\/uploads\/2018\/05\/33573399_1962891910396536_5104057049151438848_o-300x200.jpg 300w, https:\/\/katolicka-gimnazija.hr\/wp-content\/uploads\/2018\/05\/33573399_1962891910396536_5104057049151438848_o-768x512.jpg 768w, https:\/\/katolicka-gimnazija.hr\/wp-content\/uploads\/2018\/05\/33573399_1962891910396536_5104057049151438848_o-1024x683.jpg 1024w, https:\/\/katolicka-gimnazija.hr\/wp-content\/uploads\/2018\/05\/33573399_1962891910396536_5104057049151438848_o-360x240.jpg 360w, https:\/\/katolicka-gimnazija.hr\/wp-content\/uploads\/2018\/05\/33573399_1962891910396536_5104057049151438848_o-750x500.jpg 750w, https:\/\/katolicka-gimnazija.hr\/wp-content\/uploads\/2018\/05\/33573399_1962891910396536_5104057049151438848_o-400x267.jpg 400w, https:\/\/katolicka-gimnazija.hr\/wp-content\/uploads\/2018\/05\/33573399_1962891910396536_5104057049151438848_o-430x287.jpg 430w, https:\/\/katolicka-gimnazija.hr\/wp-content\/uploads\/2018\/05\/33573399_1962891910396536_5104057049151438848_o-150x100.jpg 150w, https:\/\/katolicka-gimnazija.hr\/wp-content\/uploads\/2018\/05\/33573399_1962891910396536_5104057049151438848_o-100x67.jpg 100w, https:\/\/katolicka-gimnazija.hr\/wp-content\/uploads\/2018\/05\/33573399_1962891910396536_5104057049151438848_o.jpg 1969w\" sizes=\"auto, (max-width: 300px) 100vw, 300px\" \/><\/a>\n\t\t\t<\/div><\/figure><figure class='gallery-item'>\n\t\t\t<div class='gallery-icon landscape'>\n\t\t\t\t<a href='https:\/\/katolicka-gimnazija.hr\/wp-content\/uploads\/2018\/05\/33744626_1962689267083467_8221879809110704128_o.jpg'><img loading=\"lazy\" decoding=\"async\" width=\"300\" height=\"200\" src=\"https:\/\/katolicka-gimnazija.hr\/wp-content\/uploads\/2018\/05\/33744626_1962689267083467_8221879809110704128_o-300x200.jpg\" class=\"attachment-medium size-medium\" alt=\"\" srcset=\"https:\/\/katolicka-gimnazija.hr\/wp-content\/uploads\/2018\/05\/33744626_1962689267083467_8221879809110704128_o-300x200.jpg 300w, https:\/\/katolicka-gimnazija.hr\/wp-content\/uploads\/2018\/05\/33744626_1962689267083467_8221879809110704128_o-400x267.jpg 400w, https:\/\/katolicka-gimnazija.hr\/wp-content\/uploads\/2018\/05\/33744626_1962689267083467_8221879809110704128_o-768x512.jpg 768w, https:\/\/katolicka-gimnazija.hr\/wp-content\/uploads\/2018\/05\/33744626_1962689267083467_8221879809110704128_o-1024x683.jpg 1024w, https:\/\/katolicka-gimnazija.hr\/wp-content\/uploads\/2018\/05\/33744626_1962689267083467_8221879809110704128_o.jpg 1969w\" sizes=\"auto, (max-width: 300px) 100vw, 300px\" \/><\/a>\n\t\t\t<\/div><\/figure><figure class='gallery-item'>\n\t\t\t<div class='gallery-icon landscape'>\n\t\t\t\t<a href='https:\/\/katolicka-gimnazija.hr\/wp-content\/uploads\/2018\/05\/33596096_1962692243749836_1821601599961694208_o.jpg'><img loading=\"lazy\" decoding=\"async\" width=\"300\" height=\"200\" src=\"https:\/\/katolicka-gimnazija.hr\/wp-content\/uploads\/2018\/05\/33596096_1962692243749836_1821601599961694208_o-300x200.jpg\" class=\"attachment-medium size-medium\" alt=\"\" srcset=\"https:\/\/katolicka-gimnazija.hr\/wp-content\/uploads\/2018\/05\/33596096_1962692243749836_1821601599961694208_o-300x200.jpg 300w, https:\/\/katolicka-gimnazija.hr\/wp-content\/uploads\/2018\/05\/33596096_1962692243749836_1821601599961694208_o-768x512.jpg 768w, https:\/\/katolicka-gimnazija.hr\/wp-content\/uploads\/2018\/05\/33596096_1962692243749836_1821601599961694208_o-1024x683.jpg 1024w, https:\/\/katolicka-gimnazija.hr\/wp-content\/uploads\/2018\/05\/33596096_1962692243749836_1821601599961694208_o-360x240.jpg 360w, https:\/\/katolicka-gimnazija.hr\/wp-content\/uploads\/2018\/05\/33596096_1962692243749836_1821601599961694208_o-750x500.jpg 750w, https:\/\/katolicka-gimnazija.hr\/wp-content\/uploads\/2018\/05\/33596096_1962692243749836_1821601599961694208_o-400x267.jpg 400w, https:\/\/katolicka-gimnazija.hr\/wp-content\/uploads\/2018\/05\/33596096_1962692243749836_1821601599961694208_o-430x287.jpg 430w, https:\/\/katolicka-gimnazija.hr\/wp-content\/uploads\/2018\/05\/33596096_1962692243749836_1821601599961694208_o-150x100.jpg 150w, https:\/\/katolicka-gimnazija.hr\/wp-content\/uploads\/2018\/05\/33596096_1962692243749836_1821601599961694208_o-100x67.jpg 100w, https:\/\/katolicka-gimnazija.hr\/wp-content\/uploads\/2018\/05\/33596096_1962692243749836_1821601599961694208_o.jpg 1969w\" sizes=\"auto, (max-width: 300px) 100vw, 300px\" \/><\/a>\n\t\t\t<\/div><\/figure><figure class='gallery-item'>\n\t\t\t<div class='gallery-icon landscape'>\n\t\t\t\t<a href='https:\/\/katolicka-gimnazija.hr\/wp-content\/uploads\/2018\/05\/33522905_1962897217062672_6814636510470471680_o.jpg'><img loading=\"lazy\" decoding=\"async\" width=\"300\" height=\"200\" src=\"https:\/\/katolicka-gimnazija.hr\/wp-content\/uploads\/2018\/05\/33522905_1962897217062672_6814636510470471680_o-300x200.jpg\" class=\"attachment-medium size-medium\" alt=\"\" srcset=\"https:\/\/katolicka-gimnazija.hr\/wp-content\/uploads\/2018\/05\/33522905_1962897217062672_6814636510470471680_o-300x200.jpg 300w, https:\/\/katolicka-gimnazija.hr\/wp-content\/uploads\/2018\/05\/33522905_1962897217062672_6814636510470471680_o-768x512.jpg 768w, https:\/\/katolicka-gimnazija.hr\/wp-content\/uploads\/2018\/05\/33522905_1962897217062672_6814636510470471680_o-1024x683.jpg 1024w, https:\/\/katolicka-gimnazija.hr\/wp-content\/uploads\/2018\/05\/33522905_1962897217062672_6814636510470471680_o-360x240.jpg 360w, https:\/\/katolicka-gimnazija.hr\/wp-content\/uploads\/2018\/05\/33522905_1962897217062672_6814636510470471680_o-750x500.jpg 750w, https:\/\/katolicka-gimnazija.hr\/wp-content\/uploads\/2018\/05\/33522905_1962897217062672_6814636510470471680_o-400x267.jpg 400w, https:\/\/katolicka-gimnazija.hr\/wp-content\/uploads\/2018\/05\/33522905_1962897217062672_6814636510470471680_o-430x287.jpg 430w, https:\/\/katolicka-gimnazija.hr\/wp-content\/uploads\/2018\/05\/33522905_1962897217062672_6814636510470471680_o-150x100.jpg 150w, https:\/\/katolicka-gimnazija.hr\/wp-content\/uploads\/2018\/05\/33522905_1962897217062672_6814636510470471680_o-100x67.jpg 100w, https:\/\/katolicka-gimnazija.hr\/wp-content\/uploads\/2018\/05\/33522905_1962897217062672_6814636510470471680_o.jpg 1969w\" sizes=\"auto, (max-width: 300px) 100vw, 300px\" \/><\/a>\n\t\t\t<\/div><\/figure><figure class='gallery-item'>\n\t\t\t<div class='gallery-icon landscape'>\n\t\t\t\t<a href='https:\/\/katolicka-gimnazija.hr\/wp-content\/uploads\/2018\/05\/33401197_1962687273750333_3810415661260210176_o.jpg'><img loading=\"lazy\" decoding=\"async\" width=\"300\" height=\"200\" src=\"https:\/\/katolicka-gimnazija.hr\/wp-content\/uploads\/2018\/05\/33401197_1962687273750333_3810415661260210176_o-300x200.jpg\" class=\"attachment-medium size-medium\" alt=\"\" srcset=\"https:\/\/katolicka-gimnazija.hr\/wp-content\/uploads\/2018\/05\/33401197_1962687273750333_3810415661260210176_o-300x200.jpg 300w, https:\/\/katolicka-gimnazija.hr\/wp-content\/uploads\/2018\/05\/33401197_1962687273750333_3810415661260210176_o-768x512.jpg 768w, https:\/\/katolicka-gimnazija.hr\/wp-content\/uploads\/2018\/05\/33401197_1962687273750333_3810415661260210176_o-1024x683.jpg 1024w, https:\/\/katolicka-gimnazija.hr\/wp-content\/uploads\/2018\/05\/33401197_1962687273750333_3810415661260210176_o-360x240.jpg 360w, https:\/\/katolicka-gimnazija.hr\/wp-content\/uploads\/2018\/05\/33401197_1962687273750333_3810415661260210176_o-750x500.jpg 750w, https:\/\/katolicka-gimnazija.hr\/wp-content\/uploads\/2018\/05\/33401197_1962687273750333_3810415661260210176_o-400x267.jpg 400w, https:\/\/katolicka-gimnazija.hr\/wp-content\/uploads\/2018\/05\/33401197_1962687273750333_3810415661260210176_o-430x287.jpg 430w, https:\/\/katolicka-gimnazija.hr\/wp-content\/uploads\/2018\/05\/33401197_1962687273750333_3810415661260210176_o-150x100.jpg 150w, https:\/\/katolicka-gimnazija.hr\/wp-content\/uploads\/2018\/05\/33401197_1962687273750333_3810415661260210176_o-100x67.jpg 100w, https:\/\/katolicka-gimnazija.hr\/wp-content\/uploads\/2018\/05\/33401197_1962687273750333_3810415661260210176_o.jpg 1969w\" sizes=\"auto, (max-width: 300px) 100vw, 300px\" \/><\/a>\n\t\t\t<\/div><\/figure><figure class='gallery-item'>\n\t\t\t<div class='gallery-icon landscape'>\n\t\t\t\t<a href='https:\/\/katolicka-gimnazija.hr\/wp-content\/uploads\/2018\/05\/33600783_1962699240415803_8276724170658676736_o.jpg'><img loading=\"lazy\" decoding=\"async\" width=\"300\" height=\"200\" src=\"https:\/\/katolicka-gimnazija.hr\/wp-content\/uploads\/2018\/05\/33600783_1962699240415803_8276724170658676736_o-300x200.jpg\" class=\"attachment-medium size-medium\" alt=\"\" srcset=\"https:\/\/katolicka-gimnazija.hr\/wp-content\/uploads\/2018\/05\/33600783_1962699240415803_8276724170658676736_o-300x200.jpg 300w, https:\/\/katolicka-gimnazija.hr\/wp-content\/uploads\/2018\/05\/33600783_1962699240415803_8276724170658676736_o-768x512.jpg 768w, https:\/\/katolicka-gimnazija.hr\/wp-content\/uploads\/2018\/05\/33600783_1962699240415803_8276724170658676736_o-1024x683.jpg 1024w, https:\/\/katolicka-gimnazija.hr\/wp-content\/uploads\/2018\/05\/33600783_1962699240415803_8276724170658676736_o-360x240.jpg 360w, https:\/\/katolicka-gimnazija.hr\/wp-content\/uploads\/2018\/05\/33600783_1962699240415803_8276724170658676736_o-750x500.jpg 750w, https:\/\/katolicka-gimnazija.hr\/wp-content\/uploads\/2018\/05\/33600783_1962699240415803_8276724170658676736_o-400x267.jpg 400w, https:\/\/katolicka-gimnazija.hr\/wp-content\/uploads\/2018\/05\/33600783_1962699240415803_8276724170658676736_o-430x287.jpg 430w, https:\/\/katolicka-gimnazija.hr\/wp-content\/uploads\/2018\/05\/33600783_1962699240415803_8276724170658676736_o-150x100.jpg 150w, https:\/\/katolicka-gimnazija.hr\/wp-content\/uploads\/2018\/05\/33600783_1962699240415803_8276724170658676736_o-100x67.jpg 100w, https:\/\/katolicka-gimnazija.hr\/wp-content\/uploads\/2018\/05\/33600783_1962699240415803_8276724170658676736_o.jpg 1969w\" sizes=\"auto, (max-width: 300px) 100vw, 300px\" \/><\/a>\n\t\t\t<\/div><\/figure><figure class='gallery-item'>\n\t\t\t<div class='gallery-icon landscape'>\n\t\t\t\t<a href='https:\/\/katolicka-gimnazija.hr\/wp-content\/uploads\/2018\/05\/33707863_1962901770395550_915980399543320576_o.jpg'><img loading=\"lazy\" decoding=\"async\" width=\"300\" height=\"200\" src=\"https:\/\/katolicka-gimnazija.hr\/wp-content\/uploads\/2018\/05\/33707863_1962901770395550_915980399543320576_o-300x200.jpg\" class=\"attachment-medium size-medium\" alt=\"\" srcset=\"https:\/\/katolicka-gimnazija.hr\/wp-content\/uploads\/2018\/05\/33707863_1962901770395550_915980399543320576_o-300x200.jpg 300w, https:\/\/katolicka-gimnazija.hr\/wp-content\/uploads\/2018\/05\/33707863_1962901770395550_915980399543320576_o-400x267.jpg 400w, https:\/\/katolicka-gimnazija.hr\/wp-content\/uploads\/2018\/05\/33707863_1962901770395550_915980399543320576_o-768x512.jpg 768w, https:\/\/katolicka-gimnazija.hr\/wp-content\/uploads\/2018\/05\/33707863_1962901770395550_915980399543320576_o-1024x683.jpg 1024w, https:\/\/katolicka-gimnazija.hr\/wp-content\/uploads\/2018\/05\/33707863_1962901770395550_915980399543320576_o.jpg 1969w\" sizes=\"auto, (max-width: 300px) 100vw, 300px\" \/><\/a>\n\t\t\t<\/div><\/figure><figure class='gallery-item'>\n\t\t\t<div class='gallery-icon landscape'>\n\t\t\t\t<a href='https:\/\/katolicka-gimnazija.hr\/wp-content\/uploads\/2018\/05\/33693355_1962891157063278_8622691259594571776_o.jpg'><img loading=\"lazy\" decoding=\"async\" width=\"300\" height=\"200\" src=\"https:\/\/katolicka-gimnazija.hr\/wp-content\/uploads\/2018\/05\/33693355_1962891157063278_8622691259594571776_o-300x200.jpg\" class=\"attachment-medium size-medium\" alt=\"\" srcset=\"https:\/\/katolicka-gimnazija.hr\/wp-content\/uploads\/2018\/05\/33693355_1962891157063278_8622691259594571776_o-300x200.jpg 300w, https:\/\/katolicka-gimnazija.hr\/wp-content\/uploads\/2018\/05\/33693355_1962891157063278_8622691259594571776_o-400x267.jpg 400w, https:\/\/katolicka-gimnazija.hr\/wp-content\/uploads\/2018\/05\/33693355_1962891157063278_8622691259594571776_o-768x512.jpg 768w, https:\/\/katolicka-gimnazija.hr\/wp-content\/uploads\/2018\/05\/33693355_1962891157063278_8622691259594571776_o-1024x683.jpg 1024w, https:\/\/katolicka-gimnazija.hr\/wp-content\/uploads\/2018\/05\/33693355_1962891157063278_8622691259594571776_o.jpg 1969w\" sizes=\"auto, (max-width: 300px) 100vw, 300px\" \/><\/a>\n\t\t\t<\/div><\/figure><figure class='gallery-item'>\n\t\t\t<div class='gallery-icon landscape'>\n\t\t\t\t<a href='https:\/\/katolicka-gimnazija.hr\/wp-content\/uploads\/2018\/05\/33594513_1962695117082882_653461329713037312_o.jpg'><img loading=\"lazy\" decoding=\"async\" width=\"300\" height=\"200\" src=\"https:\/\/katolicka-gimnazija.hr\/wp-content\/uploads\/2018\/05\/33594513_1962695117082882_653461329713037312_o-300x200.jpg\" class=\"attachment-medium size-medium\" alt=\"\" srcset=\"https:\/\/katolicka-gimnazija.hr\/wp-content\/uploads\/2018\/05\/33594513_1962695117082882_653461329713037312_o-300x200.jpg 300w, https:\/\/katolicka-gimnazija.hr\/wp-content\/uploads\/2018\/05\/33594513_1962695117082882_653461329713037312_o-768x512.jpg 768w, https:\/\/katolicka-gimnazija.hr\/wp-content\/uploads\/2018\/05\/33594513_1962695117082882_653461329713037312_o-1024x683.jpg 1024w, https:\/\/katolicka-gimnazija.hr\/wp-content\/uploads\/2018\/05\/33594513_1962695117082882_653461329713037312_o-360x240.jpg 360w, https:\/\/katolicka-gimnazija.hr\/wp-content\/uploads\/2018\/05\/33594513_1962695117082882_653461329713037312_o-750x500.jpg 750w, https:\/\/katolicka-gimnazija.hr\/wp-content\/uploads\/2018\/05\/33594513_1962695117082882_653461329713037312_o-400x267.jpg 400w, https:\/\/katolicka-gimnazija.hr\/wp-content\/uploads\/2018\/05\/33594513_1962695117082882_653461329713037312_o-430x287.jpg 430w, https:\/\/katolicka-gimnazija.hr\/wp-content\/uploads\/2018\/05\/33594513_1962695117082882_653461329713037312_o-150x100.jpg 150w, https:\/\/katolicka-gimnazija.hr\/wp-content\/uploads\/2018\/05\/33594513_1962695117082882_653461329713037312_o-100x67.jpg 100w, https:\/\/katolicka-gimnazija.hr\/wp-content\/uploads\/2018\/05\/33594513_1962695117082882_653461329713037312_o.jpg 1969w\" sizes=\"auto, (max-width: 300px) 100vw, 300px\" \/><\/a>\n\t\t\t<\/div><\/figure><figure class='gallery-item'>\n\t\t\t<div class='gallery-icon landscape'>\n\t\t\t\t<a href='https:\/\/katolicka-gimnazija.hr\/wp-content\/uploads\/2018\/05\/33732012_1962902430395484_8782760288375013376_o.jpg'><img loading=\"lazy\" decoding=\"async\" width=\"300\" height=\"200\" src=\"https:\/\/katolicka-gimnazija.hr\/wp-content\/uploads\/2018\/05\/33732012_1962902430395484_8782760288375013376_o-300x200.jpg\" class=\"attachment-medium size-medium\" alt=\"\" srcset=\"https:\/\/katolicka-gimnazija.hr\/wp-content\/uploads\/2018\/05\/33732012_1962902430395484_8782760288375013376_o-300x200.jpg 300w, https:\/\/katolicka-gimnazija.hr\/wp-content\/uploads\/2018\/05\/33732012_1962902430395484_8782760288375013376_o-400x267.jpg 400w, https:\/\/katolicka-gimnazija.hr\/wp-content\/uploads\/2018\/05\/33732012_1962902430395484_8782760288375013376_o-768x512.jpg 768w, https:\/\/katolicka-gimnazija.hr\/wp-content\/uploads\/2018\/05\/33732012_1962902430395484_8782760288375013376_o-1024x683.jpg 1024w, https:\/\/katolicka-gimnazija.hr\/wp-content\/uploads\/2018\/05\/33732012_1962902430395484_8782760288375013376_o.jpg 1969w\" sizes=\"auto, (max-width: 300px) 100vw, 300px\" \/><\/a>\n\t\t\t<\/div><\/figure>\n\t\t<\/div>\n\n<p class=\"m1577567183031533596ydp944b28c6msonormal\" style=\"text-align: start; line-height: 150%; background: white; font-variant-ligatures: normal; font-variant-caps: normal; orphans: 2; widows: 2; -webkit-text-stroke-width: 0px; text-decoration-style: initial; text-decoration-color: initial; word-spacing: 0px;\">\n","protected":false},"excerpt":{"rendered":"<p>Tekst: Domagoj Zubovi\u0107 Foto:\u00a0Karlo Bleiziffer, Marijan Paveli\u0107, prof. U petak 25. svibnja odr\u017ean je tre\u0107i KG-ovski majales, zajedni\u010dki izlet u\u010denika i profesora Katoli\u010dke gimnazije u Po\u017eegi, ovoga puta u Orahovici. Nastaviv\u0161i tradiciju koju je zapo\u010dela jo\u0161 prije dvije godine u Kaptolu, pa se sadr\u017eajno pro\u0161irila pro\u0161le godine u Pakracu, te kona\u010dno finalizirala i jo\u0161 vi\u0161e [&hellip;]<\/p>\n","protected":false},"author":2,"featured_media":13063,"comment_status":"closed","ping_status":"closed","sticky":false,"template":"","format":"standard","meta":{"footnotes":""},"categories":[4,2],"tags":[],"class_list":["post-13001","post","type-post","status-publish","format-standard","has-post-thumbnail","hentry","category-fotogalerije","category-vijesti"],"_links":{"self":[{"href":"https:\/\/katolicka-gimnazija.hr\/index.php\/wp-json\/wp\/v2\/posts\/13001","targetHints":{"allow":["GET"]}}],"collection":[{"href":"https:\/\/katolicka-gimnazija.hr\/index.php\/wp-json\/wp\/v2\/posts"}],"about":[{"href":"https:\/\/katolicka-gimnazija.hr\/index.php\/wp-json\/wp\/v2\/types\/post"}],"author":[{"embeddable":true,"href":"https:\/\/katolicka-gimnazija.hr\/index.php\/wp-json\/wp\/v2\/users\/2"}],"replies":[{"embeddable":true,"href":"https:\/\/katolicka-gimnazija.hr\/index.php\/wp-json\/wp\/v2\/comments?post=13001"}],"version-history":[{"count":2,"href":"https:\/\/katolicka-gimnazija.hr\/index.php\/wp-json\/wp\/v2\/posts\/13001\/revisions"}],"predecessor-version":[{"id":14652,"href":"https:\/\/katolicka-gimnazija.hr\/index.php\/wp-json\/wp\/v2\/posts\/13001\/revisions\/14652"}],"wp:featuredmedia":[{"embeddable":true,"href":"https:\/\/katolicka-gimnazija.hr\/index.php\/wp-json\/wp\/v2\/media\/13063"}],"wp:attachment":[{"href":"https:\/\/katolicka-gimnazija.hr\/index.php\/wp-json\/wp\/v2\/media?parent=13001"}],"wp:term":[{"taxonomy":"category","embeddable":true,"href":"https:\/\/katolicka-gimnazija.hr\/index.php\/wp-json\/wp\/v2\/categories?post=13001"},{"taxonomy":"post_tag","embeddable":true,"href":"https:\/\/katolicka-gimnazija.hr\/index.php\/wp-json\/wp\/v2\/tags?post=13001"}],"curies":[{"name":"wp","href":"https:\/\/api.w.org\/{rel}","templated":true}]}}