{"id":13126,"date":"2018-06-08T09:14:05","date_gmt":"2018-06-08T09:14:05","guid":{"rendered":"http:\/\/katolicka-gimnazija.hr\/?p=13126"},"modified":"2018-12-28T13:11:55","modified_gmt":"2018-12-28T13:11:55","slug":"anita-rotar-najmaturantica-generacije-2018-2019","status":"publish","type":"post","link":"https:\/\/katolicka-gimnazija.hr\/index.php\/2018\/06\/08\/anita-rotar-najmaturantica-generacije-2018-2019\/","title":{"rendered":"Anita Rotar &#8211; najmaturantica generacije 2018.\/2019."},"content":{"rendered":"<p>U utorak, 5. lipnja 2018., Rotary klub Po\u017eega dodijelio je priznanja i nagrade najboljim u\u010denicima i u\u010denicama zavr\u0161nih razreda svih sedam po\u017ee\u0161kih srednjih \u0161kola. Najbolje u\u010denice odnosno u\u010denike izabrale su njihove \u0161kole na <a href=\"http:\/\/katolicka-gimnazija.hr\/wp-content\/uploads\/2018\/06\/34460739_1954416901537620_31996385368735744_n.jpg\"><img loading=\"lazy\" decoding=\"async\" class=\"alignleft wp-image-13130 size-medium\" src=\"http:\/\/katolicka-gimnazija.hr\/wp-content\/uploads\/2018\/06\/34460739_1954416901537620_31996385368735744_n-300x200.jpg\" alt=\"34460739_1954416901537620_31996385368735744_n\" width=\"300\" height=\"200\" srcset=\"https:\/\/katolicka-gimnazija.hr\/wp-content\/uploads\/2018\/06\/34460739_1954416901537620_31996385368735744_n-300x200.jpg 300w, https:\/\/katolicka-gimnazija.hr\/wp-content\/uploads\/2018\/06\/34460739_1954416901537620_31996385368735744_n-768x512.jpg 768w, https:\/\/katolicka-gimnazija.hr\/wp-content\/uploads\/2018\/06\/34460739_1954416901537620_31996385368735744_n-360x240.jpg 360w, https:\/\/katolicka-gimnazija.hr\/wp-content\/uploads\/2018\/06\/34460739_1954416901537620_31996385368735744_n-750x500.jpg 750w, https:\/\/katolicka-gimnazija.hr\/wp-content\/uploads\/2018\/06\/34460739_1954416901537620_31996385368735744_n-400x267.jpg 400w, https:\/\/katolicka-gimnazija.hr\/wp-content\/uploads\/2018\/06\/34460739_1954416901537620_31996385368735744_n-430x287.jpg 430w, https:\/\/katolicka-gimnazija.hr\/wp-content\/uploads\/2018\/06\/34460739_1954416901537620_31996385368735744_n-150x100.jpg 150w, https:\/\/katolicka-gimnazija.hr\/wp-content\/uploads\/2018\/06\/34460739_1954416901537620_31996385368735744_n-100x67.jpg 100w, https:\/\/katolicka-gimnazija.hr\/wp-content\/uploads\/2018\/06\/34460739_1954416901537620_31996385368735744_n.jpg 960w\" sizes=\"auto, (max-width: 300px) 100vw, 300px\" \/><\/a>osnovi cjelokupnog uspjeha tijekom njihovog srednjo\u0161kolskog obrazovanja i to na poticaj i poziv Rotary kluba Po\u017eega koji ve\u0107 desetu godinu za redom provodi akciju nagra\u0111ivanja izvrsnosti. I ove godine, nagrade najboljim u\u010denicima i u\u010denicima zavr\u0161nih razreda po\u017ee\u0161kih srednjih \u0161kola prijenosna su ra\u010dunala koja \u0107e im zasigurno pomo\u0107i u daljnjem obrazovanju. Ovime se sveukupan broj u\u010denica i u\u010denika nagra\u0111enih prijenosnim ra\u010dunalima pove\u0107ao na 67 \u2013 kako se radi o ve\u0107 desetoj generaciji dobitnika nagrade Rotary kluba Po\u017eega, a ovu aktivnost namjeravamo nastaviti i naredne godine jer vjerujemo da se radi o dobrom i korisnom na\u010dinu davanja priznanja pojedincima, ali i ispravnom na\u010dinu doprinosa zajednici. Sredstva potrebna za ovu aktivnost Rotary klub Po\u017eega osigurao je putem vlastitih aktivnosti \u2013 organizacijom teniskog turnira \u010dlanova Rotary klubova iz cijele Hrvatske i organizacijom posjete vinarima i vinogradarima u Kutjevu, kada je Rotary klub Po\u017eega okupio brojne goste. Oba doga\u0111aja su iskori\u0161tena kao prigode za prikupljanje sredstava za potrebe nagra\u0111ivanja najboljih po\u017ee\u0161kih maturanata.<\/p>\n<p>Dobitnici nagrada i priznanja RC Po\u017eega za 2017.\/2018. godinu su (abecednim redom):<\/p>\n<p>Erin Keleuva (Glazbena \u0161kola)<\/p>\n<p>Petar Poljak (Tehni\u010dka \u0161kola)<\/p>\n<p>Ru\u017eica Rado\u0161 (Gimnazija Po\u017eega)<\/p>\n<p><strong>Anita Rotar (Katoli\u010dka gimnazija s pravom javnosti) <\/strong><\/p>\n<p>Anabela Suli\u0107 (Obrtni\u010dka \u0161kola)<\/p>\n<p>Ana Svoboda (Ekonomska \u0161kola)<\/p>\n<p>Marta Turina (Poljoprivredno-prehrambena \u0161kola)<\/p>\n<p><strong>Tekst: Tomislav Bleiziffer, predsjednik RC Po\u017eega<\/strong><\/p>\n<p><strong>Foto: Karlo Bleiziffer, 1.a<\/strong><\/p>\n<div id='gallery-1' class='gallery galleryid-13126 gallery-columns-3 gallery-size-medium'><figure class='gallery-item'>\n\t\t\t<div class='gallery-icon landscape'>\n\t\t\t\t<a href='https:\/\/katolicka-gimnazija.hr\/wp-content\/uploads\/2018\/06\/34411292_1954416708204306_1945042224223879168_n.jpg'><img loading=\"lazy\" decoding=\"async\" width=\"300\" height=\"200\" src=\"https:\/\/katolicka-gimnazija.hr\/wp-content\/uploads\/2018\/06\/34411292_1954416708204306_1945042224223879168_n-300x200.jpg\" class=\"attachment-medium size-medium\" alt=\"\" srcset=\"https:\/\/katolicka-gimnazija.hr\/wp-content\/uploads\/2018\/06\/34411292_1954416708204306_1945042224223879168_n-300x200.jpg 300w, https:\/\/katolicka-gimnazija.hr\/wp-content\/uploads\/2018\/06\/34411292_1954416708204306_1945042224223879168_n-768x512.jpg 768w, https:\/\/katolicka-gimnazija.hr\/wp-content\/uploads\/2018\/06\/34411292_1954416708204306_1945042224223879168_n-360x240.jpg 360w, https:\/\/katolicka-gimnazija.hr\/wp-content\/uploads\/2018\/06\/34411292_1954416708204306_1945042224223879168_n-750x500.jpg 750w, https:\/\/katolicka-gimnazija.hr\/wp-content\/uploads\/2018\/06\/34411292_1954416708204306_1945042224223879168_n-400x267.jpg 400w, https:\/\/katolicka-gimnazija.hr\/wp-content\/uploads\/2018\/06\/34411292_1954416708204306_1945042224223879168_n-430x287.jpg 430w, https:\/\/katolicka-gimnazija.hr\/wp-content\/uploads\/2018\/06\/34411292_1954416708204306_1945042224223879168_n-150x100.jpg 150w, https:\/\/katolicka-gimnazija.hr\/wp-content\/uploads\/2018\/06\/34411292_1954416708204306_1945042224223879168_n-100x67.jpg 100w, https:\/\/katolicka-gimnazija.hr\/wp-content\/uploads\/2018\/06\/34411292_1954416708204306_1945042224223879168_n.jpg 960w\" sizes=\"auto, (max-width: 300px) 100vw, 300px\" \/><\/a>\n\t\t\t<\/div><\/figure><figure class='gallery-item'>\n\t\t\t<div class='gallery-icon landscape'>\n\t\t\t\t<a href='https:\/\/katolicka-gimnazija.hr\/wp-content\/uploads\/2018\/06\/34687247_1954416371537673_4729642974474928128_n.jpg'><img loading=\"lazy\" decoding=\"async\" width=\"300\" height=\"200\" src=\"https:\/\/katolicka-gimnazija.hr\/wp-content\/uploads\/2018\/06\/34687247_1954416371537673_4729642974474928128_n-300x200.jpg\" class=\"attachment-medium size-medium\" alt=\"\" srcset=\"https:\/\/katolicka-gimnazija.hr\/wp-content\/uploads\/2018\/06\/34687247_1954416371537673_4729642974474928128_n-300x200.jpg 300w, https:\/\/katolicka-gimnazija.hr\/wp-content\/uploads\/2018\/06\/34687247_1954416371537673_4729642974474928128_n-768x512.jpg 768w, https:\/\/katolicka-gimnazija.hr\/wp-content\/uploads\/2018\/06\/34687247_1954416371537673_4729642974474928128_n-360x240.jpg 360w, https:\/\/katolicka-gimnazija.hr\/wp-content\/uploads\/2018\/06\/34687247_1954416371537673_4729642974474928128_n-750x500.jpg 750w, https:\/\/katolicka-gimnazija.hr\/wp-content\/uploads\/2018\/06\/34687247_1954416371537673_4729642974474928128_n-400x267.jpg 400w, https:\/\/katolicka-gimnazija.hr\/wp-content\/uploads\/2018\/06\/34687247_1954416371537673_4729642974474928128_n-430x287.jpg 430w, https:\/\/katolicka-gimnazija.hr\/wp-content\/uploads\/2018\/06\/34687247_1954416371537673_4729642974474928128_n-150x100.jpg 150w, https:\/\/katolicka-gimnazija.hr\/wp-content\/uploads\/2018\/06\/34687247_1954416371537673_4729642974474928128_n-100x67.jpg 100w, https:\/\/katolicka-gimnazija.hr\/wp-content\/uploads\/2018\/06\/34687247_1954416371537673_4729642974474928128_n.jpg 960w\" sizes=\"auto, (max-width: 300px) 100vw, 300px\" \/><\/a>\n\t\t\t<\/div><\/figure><figure class='gallery-item'>\n\t\t\t<div class='gallery-icon landscape'>\n\t\t\t\t<a href='https:\/\/katolicka-gimnazija.hr\/wp-content\/uploads\/2018\/06\/34460739_1954416901537620_31996385368735744_n.jpg'><img loading=\"lazy\" decoding=\"async\" width=\"300\" height=\"200\" src=\"https:\/\/katolicka-gimnazija.hr\/wp-content\/uploads\/2018\/06\/34460739_1954416901537620_31996385368735744_n-300x200.jpg\" class=\"attachment-medium size-medium\" alt=\"\" srcset=\"https:\/\/katolicka-gimnazija.hr\/wp-content\/uploads\/2018\/06\/34460739_1954416901537620_31996385368735744_n-300x200.jpg 300w, https:\/\/katolicka-gimnazija.hr\/wp-content\/uploads\/2018\/06\/34460739_1954416901537620_31996385368735744_n-768x512.jpg 768w, https:\/\/katolicka-gimnazija.hr\/wp-content\/uploads\/2018\/06\/34460739_1954416901537620_31996385368735744_n-360x240.jpg 360w, https:\/\/katolicka-gimnazija.hr\/wp-content\/uploads\/2018\/06\/34460739_1954416901537620_31996385368735744_n-750x500.jpg 750w, https:\/\/katolicka-gimnazija.hr\/wp-content\/uploads\/2018\/06\/34460739_1954416901537620_31996385368735744_n-400x267.jpg 400w, https:\/\/katolicka-gimnazija.hr\/wp-content\/uploads\/2018\/06\/34460739_1954416901537620_31996385368735744_n-430x287.jpg 430w, https:\/\/katolicka-gimnazija.hr\/wp-content\/uploads\/2018\/06\/34460739_1954416901537620_31996385368735744_n-150x100.jpg 150w, https:\/\/katolicka-gimnazija.hr\/wp-content\/uploads\/2018\/06\/34460739_1954416901537620_31996385368735744_n-100x67.jpg 100w, https:\/\/katolicka-gimnazija.hr\/wp-content\/uploads\/2018\/06\/34460739_1954416901537620_31996385368735744_n.jpg 960w\" sizes=\"auto, (max-width: 300px) 100vw, 300px\" \/><\/a>\n\t\t\t<\/div><\/figure><figure class='gallery-item'>\n\t\t\t<div class='gallery-icon landscape'>\n\t\t\t\t<a href='https:\/\/katolicka-gimnazija.hr\/wp-content\/uploads\/2018\/06\/34411585_1954416248204352_3586423629191053312_n.jpg'><img loading=\"lazy\" decoding=\"async\" width=\"300\" height=\"200\" src=\"https:\/\/katolicka-gimnazija.hr\/wp-content\/uploads\/2018\/06\/34411585_1954416248204352_3586423629191053312_n-300x200.jpg\" class=\"attachment-medium size-medium\" alt=\"\" srcset=\"https:\/\/katolicka-gimnazija.hr\/wp-content\/uploads\/2018\/06\/34411585_1954416248204352_3586423629191053312_n-300x200.jpg 300w, https:\/\/katolicka-gimnazija.hr\/wp-content\/uploads\/2018\/06\/34411585_1954416248204352_3586423629191053312_n-768x512.jpg 768w, https:\/\/katolicka-gimnazija.hr\/wp-content\/uploads\/2018\/06\/34411585_1954416248204352_3586423629191053312_n-360x240.jpg 360w, https:\/\/katolicka-gimnazija.hr\/wp-content\/uploads\/2018\/06\/34411585_1954416248204352_3586423629191053312_n-750x500.jpg 750w, https:\/\/katolicka-gimnazija.hr\/wp-content\/uploads\/2018\/06\/34411585_1954416248204352_3586423629191053312_n-400x267.jpg 400w, https:\/\/katolicka-gimnazija.hr\/wp-content\/uploads\/2018\/06\/34411585_1954416248204352_3586423629191053312_n-430x287.jpg 430w, https:\/\/katolicka-gimnazija.hr\/wp-content\/uploads\/2018\/06\/34411585_1954416248204352_3586423629191053312_n-150x100.jpg 150w, https:\/\/katolicka-gimnazija.hr\/wp-content\/uploads\/2018\/06\/34411585_1954416248204352_3586423629191053312_n-100x67.jpg 100w, https:\/\/katolicka-gimnazija.hr\/wp-content\/uploads\/2018\/06\/34411585_1954416248204352_3586423629191053312_n.jpg 960w\" sizes=\"auto, (max-width: 300px) 100vw, 300px\" \/><\/a>\n\t\t\t<\/div><\/figure><figure class='gallery-item'>\n\t\t\t<div class='gallery-icon landscape'>\n\t\t\t\t<a href='https:\/\/katolicka-gimnazija.hr\/wp-content\/uploads\/2018\/06\/34348702_1954416418204335_4523769145979830272_n.jpg'><img loading=\"lazy\" decoding=\"async\" width=\"300\" height=\"200\" src=\"https:\/\/katolicka-gimnazija.hr\/wp-content\/uploads\/2018\/06\/34348702_1954416418204335_4523769145979830272_n-300x200.jpg\" class=\"attachment-medium size-medium\" alt=\"\" srcset=\"https:\/\/katolicka-gimnazija.hr\/wp-content\/uploads\/2018\/06\/34348702_1954416418204335_4523769145979830272_n-300x200.jpg 300w, https:\/\/katolicka-gimnazija.hr\/wp-content\/uploads\/2018\/06\/34348702_1954416418204335_4523769145979830272_n-768x512.jpg 768w, https:\/\/katolicka-gimnazija.hr\/wp-content\/uploads\/2018\/06\/34348702_1954416418204335_4523769145979830272_n-360x240.jpg 360w, https:\/\/katolicka-gimnazija.hr\/wp-content\/uploads\/2018\/06\/34348702_1954416418204335_4523769145979830272_n-750x500.jpg 750w, https:\/\/katolicka-gimnazija.hr\/wp-content\/uploads\/2018\/06\/34348702_1954416418204335_4523769145979830272_n-400x267.jpg 400w, https:\/\/katolicka-gimnazija.hr\/wp-content\/uploads\/2018\/06\/34348702_1954416418204335_4523769145979830272_n-430x287.jpg 430w, https:\/\/katolicka-gimnazija.hr\/wp-content\/uploads\/2018\/06\/34348702_1954416418204335_4523769145979830272_n-150x100.jpg 150w, https:\/\/katolicka-gimnazija.hr\/wp-content\/uploads\/2018\/06\/34348702_1954416418204335_4523769145979830272_n-100x67.jpg 100w, https:\/\/katolicka-gimnazija.hr\/wp-content\/uploads\/2018\/06\/34348702_1954416418204335_4523769145979830272_n.jpg 960w\" sizes=\"auto, (max-width: 300px) 100vw, 300px\" \/><\/a>\n\t\t\t<\/div><\/figure><figure class='gallery-item'>\n\t\t\t<div class='gallery-icon landscape'>\n\t\t\t\t<a href='https:\/\/katolicka-gimnazija.hr\/wp-content\/uploads\/2018\/06\/34467344_1954416468204330_8726872297018753024_n.jpg'><img loading=\"lazy\" decoding=\"async\" width=\"300\" height=\"200\" src=\"https:\/\/katolicka-gimnazija.hr\/wp-content\/uploads\/2018\/06\/34467344_1954416468204330_8726872297018753024_n-300x200.jpg\" class=\"attachment-medium size-medium\" alt=\"\" srcset=\"https:\/\/katolicka-gimnazija.hr\/wp-content\/uploads\/2018\/06\/34467344_1954416468204330_8726872297018753024_n-300x200.jpg 300w, https:\/\/katolicka-gimnazija.hr\/wp-content\/uploads\/2018\/06\/34467344_1954416468204330_8726872297018753024_n-768x512.jpg 768w, https:\/\/katolicka-gimnazija.hr\/wp-content\/uploads\/2018\/06\/34467344_1954416468204330_8726872297018753024_n-360x240.jpg 360w, https:\/\/katolicka-gimnazija.hr\/wp-content\/uploads\/2018\/06\/34467344_1954416468204330_8726872297018753024_n-750x500.jpg 750w, https:\/\/katolicka-gimnazija.hr\/wp-content\/uploads\/2018\/06\/34467344_1954416468204330_8726872297018753024_n-400x267.jpg 400w, https:\/\/katolicka-gimnazija.hr\/wp-content\/uploads\/2018\/06\/34467344_1954416468204330_8726872297018753024_n-430x287.jpg 430w, https:\/\/katolicka-gimnazija.hr\/wp-content\/uploads\/2018\/06\/34467344_1954416468204330_8726872297018753024_n-150x100.jpg 150w, https:\/\/katolicka-gimnazija.hr\/wp-content\/uploads\/2018\/06\/34467344_1954416468204330_8726872297018753024_n-100x67.jpg 100w, https:\/\/katolicka-gimnazija.hr\/wp-content\/uploads\/2018\/06\/34467344_1954416468204330_8726872297018753024_n.jpg 960w\" sizes=\"auto, (max-width: 300px) 100vw, 300px\" \/><\/a>\n\t\t\t<\/div><\/figure>\n\t\t<\/div>\n\n","protected":false},"excerpt":{"rendered":"<p>U utorak, 5. lipnja 2018., Rotary klub Po\u017eega dodijelio je priznanja i nagrade najboljim u\u010denicima i u\u010denicama zavr\u0161nih razreda svih sedam po\u017ee\u0161kih srednjih \u0161kola. Najbolje u\u010denice odnosno u\u010denike izabrale su njihove \u0161kole na osnovi cjelokupnog uspjeha tijekom njihovog srednjo\u0161kolskog obrazovanja i to na poticaj i poziv Rotary kluba Po\u017eega koji ve\u0107 desetu godinu za redom [&hellip;]<\/p>\n","protected":false},"author":2,"featured_media":13131,"comment_status":"closed","ping_status":"closed","sticky":false,"template":"","format":"standard","meta":{"footnotes":""},"categories":[4,2],"tags":[],"class_list":["post-13126","post","type-post","status-publish","format-standard","has-post-thumbnail","hentry","category-fotogalerije","category-vijesti"],"_links":{"self":[{"href":"https:\/\/katolicka-gimnazija.hr\/index.php\/wp-json\/wp\/v2\/posts\/13126","targetHints":{"allow":["GET"]}}],"collection":[{"href":"https:\/\/katolicka-gimnazija.hr\/index.php\/wp-json\/wp\/v2\/posts"}],"about":[{"href":"https:\/\/katolicka-gimnazija.hr\/index.php\/wp-json\/wp\/v2\/types\/post"}],"author":[{"embeddable":true,"href":"https:\/\/katolicka-gimnazija.hr\/index.php\/wp-json\/wp\/v2\/users\/2"}],"replies":[{"embeddable":true,"href":"https:\/\/katolicka-gimnazija.hr\/index.php\/wp-json\/wp\/v2\/comments?post=13126"}],"version-history":[{"count":3,"href":"https:\/\/katolicka-gimnazija.hr\/index.php\/wp-json\/wp\/v2\/posts\/13126\/revisions"}],"predecessor-version":[{"id":14648,"href":"https:\/\/katolicka-gimnazija.hr\/index.php\/wp-json\/wp\/v2\/posts\/13126\/revisions\/14648"}],"wp:featuredmedia":[{"embeddable":true,"href":"https:\/\/katolicka-gimnazija.hr\/index.php\/wp-json\/wp\/v2\/media\/13131"}],"wp:attachment":[{"href":"https:\/\/katolicka-gimnazija.hr\/index.php\/wp-json\/wp\/v2\/media?parent=13126"}],"wp:term":[{"taxonomy":"category","embeddable":true,"href":"https:\/\/katolicka-gimnazija.hr\/index.php\/wp-json\/wp\/v2\/categories?post=13126"},{"taxonomy":"post_tag","embeddable":true,"href":"https:\/\/katolicka-gimnazija.hr\/index.php\/wp-json\/wp\/v2\/tags?post=13126"}],"curies":[{"name":"wp","href":"https:\/\/api.w.org\/{rel}","templated":true}]}}