{"id":13452,"date":"2018-09-08T07:45:49","date_gmt":"2018-09-08T07:45:49","guid":{"rendered":"http:\/\/katolicka-gimnazija.hr\/?p=13452"},"modified":"2018-12-28T13:10:33","modified_gmt":"2018-12-28T13:10:33","slug":"redenje-mateja-filipovica","status":"publish","type":"post","link":"https:\/\/katolicka-gimnazija.hr\/index.php\/2018\/09\/08\/redenje-mateja-filipovica\/","title":{"rendered":"Re\u0111enje Mateja Filipovi\u0107a"},"content":{"rendered":"<p>Povodom re\u0111enja Mateja Filipovi\u0107a,<br \/>\nbiv\u0161eg u\u010denika Katoli\u010dke klasi\u010dne gimnazije s pravom javnosti u Po\u017eegi, a koje je ove nedjelje u 11h u po\u017ee\u0161koj prvostolnici, objavljujemo njegovo svjedo\u010danstvo koje je jo\u0161 proljetos podijelio s novinarima Nautesa. Pozivamo vas, stoga, da nam se i ovom radosnom prigodom pridru\u017eite te zajedno proslavimo ulazak u red \u0111akonata dvojice na\u0161ih kandidata, Mateja Filipovi\u0107a i Tomislava Dokoze, biv\u0161eg kri\u017eara iz \u017eupe Leopolda Mandi\u0107a u Po\u017eegi.<\/p>\n<p>Duc in altum<\/p>\n<div class=\"text_exposed_show\">\n<figure id=\"attachment_13416\" aria-describedby=\"caption-attachment-13416\" style=\"width: 300px\" class=\"wp-caption alignright\"><a href=\"http:\/\/katolicka-gimnazija.hr\/wp-content\/uploads\/2018\/09\/IMG_3520.jpg\" rel=\"attachment wp-att-13416\"><img loading=\"lazy\" decoding=\"async\" class=\"wp-image-13416 size-medium\" src=\"http:\/\/katolicka-gimnazija.hr\/wp-content\/uploads\/2018\/09\/IMG_3520-300x200.jpg\" alt=\"IMG_3520\" width=\"300\" height=\"200\" srcset=\"https:\/\/katolicka-gimnazija.hr\/wp-content\/uploads\/2018\/09\/IMG_3520-300x200.jpg 300w, https:\/\/katolicka-gimnazija.hr\/wp-content\/uploads\/2018\/09\/IMG_3520-768x512.jpg 768w, https:\/\/katolicka-gimnazija.hr\/wp-content\/uploads\/2018\/09\/IMG_3520-1024x683.jpg 1024w, https:\/\/katolicka-gimnazija.hr\/wp-content\/uploads\/2018\/09\/IMG_3520-360x240.jpg 360w, https:\/\/katolicka-gimnazija.hr\/wp-content\/uploads\/2018\/09\/IMG_3520-750x500.jpg 750w, https:\/\/katolicka-gimnazija.hr\/wp-content\/uploads\/2018\/09\/IMG_3520-400x267.jpg 400w, https:\/\/katolicka-gimnazija.hr\/wp-content\/uploads\/2018\/09\/IMG_3520-430x287.jpg 430w, https:\/\/katolicka-gimnazija.hr\/wp-content\/uploads\/2018\/09\/IMG_3520-150x100.jpg 150w, https:\/\/katolicka-gimnazija.hr\/wp-content\/uploads\/2018\/09\/IMG_3520-100x67.jpg 100w, https:\/\/katolicka-gimnazija.hr\/wp-content\/uploads\/2018\/09\/IMG_3520.jpg 1800w\" sizes=\"auto, (max-width: 300px) 100vw, 300px\" \/><\/a><figcaption id=\"caption-attachment-13416\" class=\"wp-caption-text\">Matej (drugi s lijeva) i Tomislav Dokoza<\/figcaption><\/figure>\n<p style=\"text-align: left;\">\u201eDuc in altum\u201c (Lk 5,4.) \u2013 geslo moje srednje \u0161kole, time i velikog i lijepog dijela moje edukacije i formacije, odnosi se i na moju aktualnu situaciju. Penju\u0107i se stubama bogoslovije Sedes Sapientiae u Rimu, od kapele prema sobi, nalazi se zidna tapiserija upravo tako naslovljena, prikazuju\u0107i Isusovu zapovijed upu\u0107enu prvom me\u0111u apostolima, \u0160imunu, kasnije nazvanom Petar.<\/p>\n<p style=\"text-align: left;\">Taj mi prizor poziva prvih Kristovih u\u010denika uvelike poma\u017ee razmi\u0161ljati o svome pozivu i o svome \u017eivotnom putu. \u201eIzvezi na pu\u010dinu\u201c definitivno je od moje rane mladosti odzvanjalo u srcu, srcu koje taj poziv toliko \u010desto nije \u010dulo ili nije htjelo \u010duti. Moj boravak u Kolegiju Po\u017ee\u0161ke biskupije i moje \u0161kolovanje u Klasi\u010dnoj gimnaziji bilo je tra\u017eenje snage i pobjede nad samim sobom kako bih mogao svim srcem re\u0107i: \u201eNa tvoju rije\u010d, bacit \u0107u mre\u017ee\u201c. Sav trud, svo u\u010denje i zalaganje, prijateljstvo i me\u0111uljudski odnosi, svaki pad i ponovno uzdizanje, postalo je jasno i puno smisla tek nakon mog prihva\u0107anja onoga \u0161to Gospodin \u017eeli svojom svetom voljom. U\u010denici prihva\u0107aju poziv Krista, \u201eostavi\u0161e sve i po\u0111o\u0161e za njim\u201c. Uzimaju kri\u017e i izazove \u017eivota koji su ispit njihove vjere i njihove \u017eelje da budu s U\u010diteljem. Budite u\u010denici Kristovi u bilo kojem pozivu koji je On za vas pripremio!<\/p>\n<p style=\"text-align: left;\">Hvala Klasi\u010dnoj gimnaziji i Kolegiju na tome \u0161to su bili svjetlo na putu pronalaska Puta!<\/p>\n<p style=\"text-align: left;\">U Rimu, 11. o\u017eujka, 2018. godine.<\/p>\n<p style=\"text-align: left;\">Matej Filipovi\u0107, bogoslov<\/p>\n<figure id=\"attachment_13413\" aria-describedby=\"caption-attachment-13413\" style=\"width: 300px\" class=\"wp-caption alignnone\"><a href=\"http:\/\/katolicka-gimnazija.hr\/wp-content\/uploads\/2018\/09\/26229408_1877817105842433_5425690212041625824_n.jpg\"><img loading=\"lazy\" decoding=\"async\" class=\"wp-image-13413 size-medium\" src=\"http:\/\/katolicka-gimnazija.hr\/wp-content\/uploads\/2018\/09\/26229408_1877817105842433_5425690212041625824_n-300x252.jpg\" alt=\"26229408_1877817105842433_5425690212041625824_n\" width=\"300\" height=\"252\" srcset=\"https:\/\/katolicka-gimnazija.hr\/wp-content\/uploads\/2018\/09\/26229408_1877817105842433_5425690212041625824_n-300x252.jpg 300w, https:\/\/katolicka-gimnazija.hr\/wp-content\/uploads\/2018\/09\/26229408_1877817105842433_5425690212041625824_n-768x644.jpg 768w, https:\/\/katolicka-gimnazija.hr\/wp-content\/uploads\/2018\/09\/26229408_1877817105842433_5425690212041625824_n-360x302.jpg 360w, https:\/\/katolicka-gimnazija.hr\/wp-content\/uploads\/2018\/09\/26229408_1877817105842433_5425690212041625824_n-750x629.jpg 750w, https:\/\/katolicka-gimnazija.hr\/wp-content\/uploads\/2018\/09\/26229408_1877817105842433_5425690212041625824_n-400x335.jpg 400w, https:\/\/katolicka-gimnazija.hr\/wp-content\/uploads\/2018\/09\/26229408_1877817105842433_5425690212041625824_n-430x361.jpg 430w, https:\/\/katolicka-gimnazija.hr\/wp-content\/uploads\/2018\/09\/26229408_1877817105842433_5425690212041625824_n-150x126.jpg 150w, https:\/\/katolicka-gimnazija.hr\/wp-content\/uploads\/2018\/09\/26229408_1877817105842433_5425690212041625824_n-100x84.jpg 100w, https:\/\/katolicka-gimnazija.hr\/wp-content\/uploads\/2018\/09\/26229408_1877817105842433_5425690212041625824_n.jpg 960w\" sizes=\"auto, (max-width: 300px) 100vw, 300px\" \/><\/a><figcaption id=\"caption-attachment-13413\" class=\"wp-caption-text\">Tomislavov susret za pam\u0107enje s papom Franjom<\/figcaption><\/figure>\n<figure id=\"attachment_13414\" aria-describedby=\"caption-attachment-13414\" style=\"width: 300px\" class=\"wp-caption alignnone\"><a href=\"http:\/\/katolicka-gimnazija.hr\/wp-content\/uploads\/2018\/09\/DSC04010.jpg\"><img loading=\"lazy\" decoding=\"async\" class=\"wp-image-13414 size-medium\" src=\"http:\/\/katolicka-gimnazija.hr\/wp-content\/uploads\/2018\/09\/DSC04010-300x258.jpg\" alt=\"DSC04010\" width=\"300\" height=\"258\" srcset=\"https:\/\/katolicka-gimnazija.hr\/wp-content\/uploads\/2018\/09\/DSC04010-300x258.jpg 300w, https:\/\/katolicka-gimnazija.hr\/wp-content\/uploads\/2018\/09\/DSC04010-768x659.jpg 768w, https:\/\/katolicka-gimnazija.hr\/wp-content\/uploads\/2018\/09\/DSC04010-1024x879.jpg 1024w, https:\/\/katolicka-gimnazija.hr\/wp-content\/uploads\/2018\/09\/DSC04010-360x309.jpg 360w, https:\/\/katolicka-gimnazija.hr\/wp-content\/uploads\/2018\/09\/DSC04010-750x644.jpg 750w, https:\/\/katolicka-gimnazija.hr\/wp-content\/uploads\/2018\/09\/DSC04010-400x343.jpg 400w, https:\/\/katolicka-gimnazija.hr\/wp-content\/uploads\/2018\/09\/DSC04010-430x369.jpg 430w, https:\/\/katolicka-gimnazija.hr\/wp-content\/uploads\/2018\/09\/DSC04010-150x129.jpg 150w, https:\/\/katolicka-gimnazija.hr\/wp-content\/uploads\/2018\/09\/DSC04010-100x86.jpg 100w, https:\/\/katolicka-gimnazija.hr\/wp-content\/uploads\/2018\/09\/DSC04010.jpg 1500w\" sizes=\"auto, (max-width: 300px) 100vw, 300px\" \/><\/a><figcaption id=\"caption-attachment-13414\" class=\"wp-caption-text\">Kandidati za \u0111akonsko re\u0111enje na susretu kod biskupa Antuna<\/figcaption><\/figure>\n<figure id=\"attachment_13415\" aria-describedby=\"caption-attachment-13415\" style=\"width: 300px\" class=\"wp-caption alignleft\"><a href=\"http:\/\/katolicka-gimnazija.hr\/wp-content\/uploads\/2018\/09\/IMG_3478.jpg\"><img loading=\"lazy\" decoding=\"async\" class=\"wp-image-13415 size-medium\" src=\"http:\/\/katolicka-gimnazija.hr\/wp-content\/uploads\/2018\/09\/IMG_3478-300x200.jpg\" alt=\"IMG_3478\" width=\"300\" height=\"200\" srcset=\"https:\/\/katolicka-gimnazija.hr\/wp-content\/uploads\/2018\/09\/IMG_3478-300x200.jpg 300w, https:\/\/katolicka-gimnazija.hr\/wp-content\/uploads\/2018\/09\/IMG_3478-768x512.jpg 768w, https:\/\/katolicka-gimnazija.hr\/wp-content\/uploads\/2018\/09\/IMG_3478-1024x683.jpg 1024w, https:\/\/katolicka-gimnazija.hr\/wp-content\/uploads\/2018\/09\/IMG_3478-360x240.jpg 360w, https:\/\/katolicka-gimnazija.hr\/wp-content\/uploads\/2018\/09\/IMG_3478-750x500.jpg 750w, https:\/\/katolicka-gimnazija.hr\/wp-content\/uploads\/2018\/09\/IMG_3478-400x267.jpg 400w, https:\/\/katolicka-gimnazija.hr\/wp-content\/uploads\/2018\/09\/IMG_3478-430x287.jpg 430w, https:\/\/katolicka-gimnazija.hr\/wp-content\/uploads\/2018\/09\/IMG_3478-150x100.jpg 150w, https:\/\/katolicka-gimnazija.hr\/wp-content\/uploads\/2018\/09\/IMG_3478-100x67.jpg 100w, https:\/\/katolicka-gimnazija.hr\/wp-content\/uploads\/2018\/09\/IMG_3478.jpg 1800w\" sizes=\"auto, (max-width: 300px) 100vw, 300px\" \/><\/a><figcaption id=\"caption-attachment-13415\" class=\"wp-caption-text\">Marko Gerendaj i Matej Filipovi\u0107 kao poslu\u017eitelji<\/figcaption><\/figure>\n<p style=\"text-align: left;\">\n<\/div>\n","protected":false},"excerpt":{"rendered":"<p>Povodom re\u0111enja Mateja Filipovi\u0107a, biv\u0161eg u\u010denika Katoli\u010dke klasi\u010dne gimnazije s pravom javnosti u Po\u017eegi, a koje je ove nedjelje u 11h u po\u017ee\u0161koj prvostolnici, objavljujemo njegovo svjedo\u010danstvo koje je jo\u0161 proljetos podijelio s novinarima Nautesa. Pozivamo vas, stoga, da nam se i ovom radosnom prigodom pridru\u017eite te zajedno proslavimo ulazak u red \u0111akonata dvojice na\u0161ih [&hellip;]<\/p>\n","protected":false},"author":2,"featured_media":13415,"comment_status":"closed","ping_status":"closed","sticky":false,"template":"","format":"standard","meta":{"footnotes":""},"categories":[2],"tags":[],"class_list":["post-13452","post","type-post","status-publish","format-standard","has-post-thumbnail","hentry","category-vijesti"],"_links":{"self":[{"href":"https:\/\/katolicka-gimnazija.hr\/index.php\/wp-json\/wp\/v2\/posts\/13452","targetHints":{"allow":["GET"]}}],"collection":[{"href":"https:\/\/katolicka-gimnazija.hr\/index.php\/wp-json\/wp\/v2\/posts"}],"about":[{"href":"https:\/\/katolicka-gimnazija.hr\/index.php\/wp-json\/wp\/v2\/types\/post"}],"author":[{"embeddable":true,"href":"https:\/\/katolicka-gimnazija.hr\/index.php\/wp-json\/wp\/v2\/users\/2"}],"replies":[{"embeddable":true,"href":"https:\/\/katolicka-gimnazija.hr\/index.php\/wp-json\/wp\/v2\/comments?post=13452"}],"version-history":[{"count":5,"href":"https:\/\/katolicka-gimnazija.hr\/index.php\/wp-json\/wp\/v2\/posts\/13452\/revisions"}],"predecessor-version":[{"id":14637,"href":"https:\/\/katolicka-gimnazija.hr\/index.php\/wp-json\/wp\/v2\/posts\/13452\/revisions\/14637"}],"wp:featuredmedia":[{"embeddable":true,"href":"https:\/\/katolicka-gimnazija.hr\/index.php\/wp-json\/wp\/v2\/media\/13415"}],"wp:attachment":[{"href":"https:\/\/katolicka-gimnazija.hr\/index.php\/wp-json\/wp\/v2\/media?parent=13452"}],"wp:term":[{"taxonomy":"category","embeddable":true,"href":"https:\/\/katolicka-gimnazija.hr\/index.php\/wp-json\/wp\/v2\/categories?post=13452"},{"taxonomy":"post_tag","embeddable":true,"href":"https:\/\/katolicka-gimnazija.hr\/index.php\/wp-json\/wp\/v2\/tags?post=13452"}],"curies":[{"name":"wp","href":"https:\/\/api.w.org\/{rel}","templated":true}]}}