{"id":13600,"date":"2018-09-26T06:44:03","date_gmt":"2018-09-26T06:44:03","guid":{"rendered":"http:\/\/katolicka-gimnazija.hr\/?p=13600"},"modified":"2019-03-22T22:30:30","modified_gmt":"2019-03-22T22:30:30","slug":"otvorite-vrata-kristu","status":"publish","type":"post","link":"https:\/\/katolicka-gimnazija.hr\/index.php\/2018\/09\/26\/otvorite-vrata-kristu\/","title":{"rendered":"Otvorite vrata Kristu"},"content":{"rendered":"<p><a href=\"http:\/\/katolicka-gimnazija.hr\/wp-content\/uploads\/2018\/09\/42423641_2141724519179940_6888280412024471552_o.jpg\"><img loading=\"lazy\" decoding=\"async\" class=\"alignright wp-image-13616 size-medium\" src=\"http:\/\/katolicka-gimnazija.hr\/wp-content\/uploads\/2018\/09\/42423641_2141724519179940_6888280412024471552_o-300x200.jpg\" alt=\"42423641_2141724519179940_6888280412024471552_o\" width=\"300\" height=\"200\" srcset=\"https:\/\/katolicka-gimnazija.hr\/wp-content\/uploads\/2018\/09\/42423641_2141724519179940_6888280412024471552_o-300x200.jpg 300w, https:\/\/katolicka-gimnazija.hr\/wp-content\/uploads\/2018\/09\/42423641_2141724519179940_6888280412024471552_o-768x512.jpg 768w, https:\/\/katolicka-gimnazija.hr\/wp-content\/uploads\/2018\/09\/42423641_2141724519179940_6888280412024471552_o-1024x683.jpg 1024w, https:\/\/katolicka-gimnazija.hr\/wp-content\/uploads\/2018\/09\/42423641_2141724519179940_6888280412024471552_o-360x240.jpg 360w, https:\/\/katolicka-gimnazija.hr\/wp-content\/uploads\/2018\/09\/42423641_2141724519179940_6888280412024471552_o-750x500.jpg 750w, https:\/\/katolicka-gimnazija.hr\/wp-content\/uploads\/2018\/09\/42423641_2141724519179940_6888280412024471552_o-400x267.jpg 400w, https:\/\/katolicka-gimnazija.hr\/wp-content\/uploads\/2018\/09\/42423641_2141724519179940_6888280412024471552_o-430x287.jpg 430w, https:\/\/katolicka-gimnazija.hr\/wp-content\/uploads\/2018\/09\/42423641_2141724519179940_6888280412024471552_o-150x100.jpg 150w, https:\/\/katolicka-gimnazija.hr\/wp-content\/uploads\/2018\/09\/42423641_2141724519179940_6888280412024471552_o-100x67.jpg 100w, https:\/\/katolicka-gimnazija.hr\/wp-content\/uploads\/2018\/09\/42423641_2141724519179940_6888280412024471552_o.jpg 1969w\" sizes=\"auto, (max-width: 300px) 100vw, 300px\" \/><\/a>Za nama je drugi slavljeni\u010dki duhovno-glazbeni susret <em>Otvorite vrata Kristu<\/em> koji se pro\u0161loga vikenda odr\u017eao na katedralnom trgu sv. Terezije. Nakon \u0161to su se dojmovi slegli svima koji su nastupali ili iz publike pratili, a ponosno mo\u017eemo re\u0107i da se radilo o velikom broju na\u0161ih u\u010denika bilo kao svira\u010da (Luka Prpi\u0107 na trubi, Mijo Radi\u0107 na trombonu), bilo kao pjeva\u010da (od biv\u0161ih u\u010denika pa preko maturanata do prva\u0161i\u0107a), pa \u010dak i kao solista \u2013 Dorotea Markanjevi\u0107, maturantica 4.a razreda, a onda i kao fotografa i snimatelja, voditelja (Lea Glasnovi\u0107, biv\u0161a u\u010denica na\u0161e \u0161kole) i redara, mo\u017eemo re\u0107i da je ovaj tip susreta ne\u0161to \u0161to je o\u010dito potrebno Po\u017ee\u017eanima, kako mladima, tako i \u010ditavim obiteljima.<\/p>\n<p><a href=\"http:\/\/katolicka-gimnazija.hr\/wp-content\/uploads\/2018\/09\/42378243_680248345708450_3324165989725110272_o.jpg\"><img loading=\"lazy\" decoding=\"async\" class=\"alignleft wp-image-13611 size-medium\" src=\"http:\/\/katolicka-gimnazija.hr\/wp-content\/uploads\/2018\/09\/42378243_680248345708450_3324165989725110272_o-300x200.jpg\" alt=\"42378243_680248345708450_3324165989725110272_o\" width=\"300\" height=\"200\" srcset=\"https:\/\/katolicka-gimnazija.hr\/wp-content\/uploads\/2018\/09\/42378243_680248345708450_3324165989725110272_o-300x200.jpg 300w, https:\/\/katolicka-gimnazija.hr\/wp-content\/uploads\/2018\/09\/42378243_680248345708450_3324165989725110272_o-768x512.jpg 768w, https:\/\/katolicka-gimnazija.hr\/wp-content\/uploads\/2018\/09\/42378243_680248345708450_3324165989725110272_o-1024x683.jpg 1024w, https:\/\/katolicka-gimnazija.hr\/wp-content\/uploads\/2018\/09\/42378243_680248345708450_3324165989725110272_o-360x240.jpg 360w, https:\/\/katolicka-gimnazija.hr\/wp-content\/uploads\/2018\/09\/42378243_680248345708450_3324165989725110272_o-750x500.jpg 750w, https:\/\/katolicka-gimnazija.hr\/wp-content\/uploads\/2018\/09\/42378243_680248345708450_3324165989725110272_o-400x267.jpg 400w, https:\/\/katolicka-gimnazija.hr\/wp-content\/uploads\/2018\/09\/42378243_680248345708450_3324165989725110272_o-430x287.jpg 430w, https:\/\/katolicka-gimnazija.hr\/wp-content\/uploads\/2018\/09\/42378243_680248345708450_3324165989725110272_o-150x100.jpg 150w, https:\/\/katolicka-gimnazija.hr\/wp-content\/uploads\/2018\/09\/42378243_680248345708450_3324165989725110272_o-100x67.jpg 100w, https:\/\/katolicka-gimnazija.hr\/wp-content\/uploads\/2018\/09\/42378243_680248345708450_3324165989725110272_o.jpg 1969w\" sizes=\"auto, (max-width: 300px) 100vw, 300px\" \/><\/a>Ove je godine koncert u tehni\u010dkom smislu podignut na jo\u0161 vi\u0161u razinu, a za \u0161to se pobrinuo organizator susreta, vl\u010d. Krunoslav Siroglavi\u0107 zajedno sa svojim suradnicima vl\u010d. Robertom Kup\u010dakom, koji je bio zadu\u017een za duhovni dio programa u Katedrali, i vl\u010d. Marijanom Paveli\u0107em, koji je u svom stilu kormilario medijskim pra\u0107enjem te vizualnim efektima koji su krasili ne samo scenu, ve\u0107 i pro\u010delja \u017eupne ku\u0107e i Dijecezanskog muzeja. Ono \u0161to je ipak najva\u017enije jest da se pozivu na duhovno-glazbeni susret <em>Otvorite vrata Kristu<\/em> odazvao respektabilan broj Po\u017ee\u017eana i gostiju kojih je prema procjenama organizatora bilo oko 2600. Mogu\u0107e je da su publiku privukla i zvu\u010dna imena duhovne glazbene scene \u2013 Matej Gali\u0107, Petar Buljan i Alan Hr\u017eica.<\/p>\n<p>S Matejom i Alanom razgovarali su na\u0161i novinari koje je zanimalo otkud im takva strast prema duhovnoj glazbi.<\/p>\n<p><a href=\"http:\/\/katolicka-gimnazija.hr\/wp-content\/uploads\/2018\/09\/42344880_2141724639179928_1271264947581485056_o.jpg\"><img loading=\"lazy\" decoding=\"async\" class=\"alignright wp-image-13607 size-medium\" src=\"http:\/\/katolicka-gimnazija.hr\/wp-content\/uploads\/2018\/09\/42344880_2141724639179928_1271264947581485056_o-300x200.jpg\" alt=\"42344880_2141724639179928_1271264947581485056_o\" width=\"300\" height=\"200\" srcset=\"https:\/\/katolicka-gimnazija.hr\/wp-content\/uploads\/2018\/09\/42344880_2141724639179928_1271264947581485056_o-300x200.jpg 300w, https:\/\/katolicka-gimnazija.hr\/wp-content\/uploads\/2018\/09\/42344880_2141724639179928_1271264947581485056_o-768x512.jpg 768w, https:\/\/katolicka-gimnazija.hr\/wp-content\/uploads\/2018\/09\/42344880_2141724639179928_1271264947581485056_o-1024x683.jpg 1024w, https:\/\/katolicka-gimnazija.hr\/wp-content\/uploads\/2018\/09\/42344880_2141724639179928_1271264947581485056_o-360x240.jpg 360w, https:\/\/katolicka-gimnazija.hr\/wp-content\/uploads\/2018\/09\/42344880_2141724639179928_1271264947581485056_o-750x500.jpg 750w, https:\/\/katolicka-gimnazija.hr\/wp-content\/uploads\/2018\/09\/42344880_2141724639179928_1271264947581485056_o-400x267.jpg 400w, https:\/\/katolicka-gimnazija.hr\/wp-content\/uploads\/2018\/09\/42344880_2141724639179928_1271264947581485056_o-430x287.jpg 430w, https:\/\/katolicka-gimnazija.hr\/wp-content\/uploads\/2018\/09\/42344880_2141724639179928_1271264947581485056_o-150x100.jpg 150w, https:\/\/katolicka-gimnazija.hr\/wp-content\/uploads\/2018\/09\/42344880_2141724639179928_1271264947581485056_o-100x67.jpg 100w, https:\/\/katolicka-gimnazija.hr\/wp-content\/uploads\/2018\/09\/42344880_2141724639179928_1271264947581485056_o.jpg 1969w\" sizes=\"auto, (max-width: 300px) 100vw, 300px\" \/><\/a>Matej je ro\u0111eni Po\u017ee\u017eanin koji zadnjih deset godina \u017eivi u Osijeku. Kroz razgovor nam je rekao da je njegova definicija uspjeha 10% talenta i 90% rada, naravno uvijek se mo\u017ee odustati, a to je neuspjeh. Glazba koju slu\u0161a jest i ona kojom se bavi, a to je duhovna glazba koju \u017eeli kroz ovakav tip slavljenja kakav je organiziran u Po\u017eegi pronositi diljem Hrvatske. U tome mu, kako ka\u017ee, poma\u017eu ljudi koji su uronjeni u Boga, koji Mu \u017eele predati \u017eivot, a to su naj\u010de\u0161\u0107e sveci.<\/p>\n<p><strong>ALAN HR\u017dICA<\/strong><\/p>\n<p><strong>Kao otac, vjernik i obra\u0107enik, \u0161to poru\u010dujete na\u0161im mladima?<\/strong><\/p>\n<p><em>&#8211; Mladima poru\u010dujem da svakako probaju s Kristom. To je bila najbolji odluka u mom \u017eivotu. Ja sam svoj \u017eivot preusmjerio prema Bogu. Truditi se \u017eivjeti kako nam pi\u0161e Sveto pismo te kako nas u\u010di majka Crkva&#8230; Svi se nekako kroz odrastanje odmaknemo, skrenemo, odlutamo s tog puta, znati\u017eelja nas vodi, ali cilj je vratiti se \u0161to prije i mladima poru\u010dujem da se dr\u017ee toga puta.<\/em><\/p>\n<p><strong><a href=\"http:\/\/katolicka-gimnazija.hr\/wp-content\/uploads\/2018\/09\/42310948_2141723899180002_3674324979626803200_o.jpg\"><img loading=\"lazy\" decoding=\"async\" class=\"alignleft wp-image-13603 size-medium\" src=\"http:\/\/katolicka-gimnazija.hr\/wp-content\/uploads\/2018\/09\/42310948_2141723899180002_3674324979626803200_o-300x200.jpg\" alt=\"42310948_2141723899180002_3674324979626803200_o\" width=\"300\" height=\"200\" srcset=\"https:\/\/katolicka-gimnazija.hr\/wp-content\/uploads\/2018\/09\/42310948_2141723899180002_3674324979626803200_o-300x200.jpg 300w, https:\/\/katolicka-gimnazija.hr\/wp-content\/uploads\/2018\/09\/42310948_2141723899180002_3674324979626803200_o-768x512.jpg 768w, https:\/\/katolicka-gimnazija.hr\/wp-content\/uploads\/2018\/09\/42310948_2141723899180002_3674324979626803200_o-1024x683.jpg 1024w, https:\/\/katolicka-gimnazija.hr\/wp-content\/uploads\/2018\/09\/42310948_2141723899180002_3674324979626803200_o-360x240.jpg 360w, https:\/\/katolicka-gimnazija.hr\/wp-content\/uploads\/2018\/09\/42310948_2141723899180002_3674324979626803200_o-750x500.jpg 750w, https:\/\/katolicka-gimnazija.hr\/wp-content\/uploads\/2018\/09\/42310948_2141723899180002_3674324979626803200_o-400x267.jpg 400w, https:\/\/katolicka-gimnazija.hr\/wp-content\/uploads\/2018\/09\/42310948_2141723899180002_3674324979626803200_o-430x287.jpg 430w, https:\/\/katolicka-gimnazija.hr\/wp-content\/uploads\/2018\/09\/42310948_2141723899180002_3674324979626803200_o-150x100.jpg 150w, https:\/\/katolicka-gimnazija.hr\/wp-content\/uploads\/2018\/09\/42310948_2141723899180002_3674324979626803200_o-100x67.jpg 100w, https:\/\/katolicka-gimnazija.hr\/wp-content\/uploads\/2018\/09\/42310948_2141723899180002_3674324979626803200_o.jpg 1969w\" sizes=\"auto, (max-width: 300px) 100vw, 300px\" \/><\/a>Kako Vam se svi\u0111a u Po\u017eegi i jeste li sretni \u0161to mo\u017eete \u0161iriti Bo\u017eju ljubav i pobjedu ovdje u Slavoniji?<\/strong><\/p>\n<p>&#8211; <em>Jesam, jako sam sretan. Ovo ljeto sam puno radio koncerata u Slavoniji i, evo, o\u010dito me Bog u zadnje vrijeme ovdje malo intenzivnije zove. Ve\u0107 sada, prije samog koncerta, atmosfera je predivna. Prelijepo mi je vidjeti koliko je ljudi i mladih ovdje, posebno me dotaklo koliko se mladih uklju\u010dilo u ovaj koncert i na kakvom je nivou organizacija. Svaka \u010dast svima!<\/em><\/p>\n<p>K<strong>ada ste po\u010deli pisati i smi\u0161ljati svoje prve pjesme, \u0161to vas je poticalo u pisanju i tko vam je bio najve\u0107a inspiracija?<\/strong><\/p>\n<p><em>&#8211; Prije obra\u0107anja pisao sam pjesme ljubavne tematike i tada sam se vodio ljudskim, prirodnim osje\u0107ajima. Poslije obra\u0107enja moje pjesme su totalno promijenile tematiku, preusmjerio sam se Bogu i glavna inspiracija mi je On i Njegova ljubav&#8230; Zadnja pjesma koju sam napisao bila je pjesma Marija s mog zadnjeg albuma&#8230;<\/em><\/p>\n<p><strong>Je\u00a0 li Vam \u017eena podr\u0161ka i koliko Vam zna\u010di obitelj?<\/strong><\/p>\n<p><em>&#8211; Bog mi je na prvom mjestu, zatim obitelj koja mi je jako va\u017ena, to je moja prva zajednica kojoj se rado vra\u0107am. Sada, uz \u017eenu, najve\u0107a podr\u0161ka i radost je moj sin David. On me ispunja i obo\u017eavam se svako jutro buditi s njegovim osmijehom jer on mi daje snagu i radost.<\/em><\/p>\n<p><strong><a href=\"http:\/\/katolicka-gimnazija.hr\/wp-content\/uploads\/2018\/09\/42301075_2141723065846752_216683406480637952_o.jpg\"><img loading=\"lazy\" decoding=\"async\" class=\"alignright wp-image-13602 size-medium\" src=\"http:\/\/katolicka-gimnazija.hr\/wp-content\/uploads\/2018\/09\/42301075_2141723065846752_216683406480637952_o-300x200.jpg\" alt=\"42301075_2141723065846752_216683406480637952_o\" width=\"300\" height=\"200\" srcset=\"https:\/\/katolicka-gimnazija.hr\/wp-content\/uploads\/2018\/09\/42301075_2141723065846752_216683406480637952_o-300x200.jpg 300w, https:\/\/katolicka-gimnazija.hr\/wp-content\/uploads\/2018\/09\/42301075_2141723065846752_216683406480637952_o-768x512.jpg 768w, https:\/\/katolicka-gimnazija.hr\/wp-content\/uploads\/2018\/09\/42301075_2141723065846752_216683406480637952_o-1024x683.jpg 1024w, https:\/\/katolicka-gimnazija.hr\/wp-content\/uploads\/2018\/09\/42301075_2141723065846752_216683406480637952_o-360x240.jpg 360w, https:\/\/katolicka-gimnazija.hr\/wp-content\/uploads\/2018\/09\/42301075_2141723065846752_216683406480637952_o-750x500.jpg 750w, https:\/\/katolicka-gimnazija.hr\/wp-content\/uploads\/2018\/09\/42301075_2141723065846752_216683406480637952_o-400x267.jpg 400w, https:\/\/katolicka-gimnazija.hr\/wp-content\/uploads\/2018\/09\/42301075_2141723065846752_216683406480637952_o-430x287.jpg 430w, https:\/\/katolicka-gimnazija.hr\/wp-content\/uploads\/2018\/09\/42301075_2141723065846752_216683406480637952_o-150x100.jpg 150w, https:\/\/katolicka-gimnazija.hr\/wp-content\/uploads\/2018\/09\/42301075_2141723065846752_216683406480637952_o-100x67.jpg 100w, https:\/\/katolicka-gimnazija.hr\/wp-content\/uploads\/2018\/09\/42301075_2141723065846752_216683406480637952_o.jpg 1969w\" sizes=\"auto, (max-width: 300px) 100vw, 300px\" \/><\/a>Postoje li uzori na na\u0161oj estradi dostojni mladih? Tko je Va\u0161 uzor?\u00a0<\/strong><\/p>\n<p><em>&#8211; Imao sam puno uzora tijekom odrastanja, ali s ovime \u010dovjek treba stvarno biti oprezan i paziti za kim se povodi\u0161. Meni je glazbeni uzor bio pokojni Oliver Dragojevi\u0107, odrastao sam uz njegove pjesme. Mislim da je takvih svijetlih uzora danas malo na na\u0161oj estradi.<\/em><\/p>\n<p><strong>Jeste li ikada razmi\u0161ljali napisati knjigu o svome \u017eivotu?<\/strong><\/p>\n<p><em>&#8211; Jesam, po\u010deo sam i pisati, ali trajat \u0107e to godinama. Jednostavno \u017eelim da to bude kako i treba. Puno se toga doga\u0111a trenutno u mom \u017eivotu, puno koncerta, turneja, postao sam otac i tako, trebat \u0107e puno vremena i odricanja.<\/em><\/p>\n<p>Slavljeni\u010dki koncert trajao je gotovo dva i pol sata prilikom kojeg su izvedene \u010dak 23 pjesme doma\u0107ih i stranih izvo\u0111a\u010da. Kruna ovog glazbeno-duhovnog programa bilo je euharistijsko klanjanje u prepunoj po\u017ee\u0161koj prvostolnici. Po\u017ee\u0161ka publika mogla je vidjeti da postoje mladi koji ovom gradu mogu donijeti pozitivniju energiju kakvu na mjestima na kojim bismo najprije o\u010dekivali \u010desto ne mo\u017eemo na\u0107i. U duhu pesimizma i vremenima odustajanja i odlazaka, ovaj uspjeh i ova Bo\u017eja pobjeda kroz njegove mlade svijetla je to\u010dka kojoj se \u010de\u0161\u0107e moramo vra\u0107ati.<\/p>\n<p>Foto: Magdalena \u010cernu\u0161ak, \u017dana Julari\u0107 i Karlo Bleiziffer<\/p>\n<p>Razgovarale: Magdalena \u010cernu\u0161ak, \u017dana Julari\u0107, Martina Grbe\u0161 i Barbara Rezo<\/p>\n<div id='gallery-1' class='gallery galleryid-13600 gallery-columns-3 gallery-size-medium'><figure class='gallery-item'>\n\t\t\t<div class='gallery-icon landscape'>\n\t\t\t\t<a href='https:\/\/katolicka-gimnazija.hr\/wp-content\/uploads\/2018\/09\/42423831_680248872375064_8653121154426339328_o.jpg'><img loading=\"lazy\" decoding=\"async\" width=\"300\" height=\"200\" src=\"https:\/\/katolicka-gimnazija.hr\/wp-content\/uploads\/2018\/09\/42423831_680248872375064_8653121154426339328_o-300x200.jpg\" class=\"attachment-medium size-medium\" alt=\"\" srcset=\"https:\/\/katolicka-gimnazija.hr\/wp-content\/uploads\/2018\/09\/42423831_680248872375064_8653121154426339328_o-300x200.jpg 300w, https:\/\/katolicka-gimnazija.hr\/wp-content\/uploads\/2018\/09\/42423831_680248872375064_8653121154426339328_o-768x512.jpg 768w, https:\/\/katolicka-gimnazija.hr\/wp-content\/uploads\/2018\/09\/42423831_680248872375064_8653121154426339328_o-1024x683.jpg 1024w, https:\/\/katolicka-gimnazija.hr\/wp-content\/uploads\/2018\/09\/42423831_680248872375064_8653121154426339328_o-360x240.jpg 360w, https:\/\/katolicka-gimnazija.hr\/wp-content\/uploads\/2018\/09\/42423831_680248872375064_8653121154426339328_o-750x500.jpg 750w, https:\/\/katolicka-gimnazija.hr\/wp-content\/uploads\/2018\/09\/42423831_680248872375064_8653121154426339328_o-400x267.jpg 400w, https:\/\/katolicka-gimnazija.hr\/wp-content\/uploads\/2018\/09\/42423831_680248872375064_8653121154426339328_o-430x287.jpg 430w, https:\/\/katolicka-gimnazija.hr\/wp-content\/uploads\/2018\/09\/42423831_680248872375064_8653121154426339328_o-150x100.jpg 150w, https:\/\/katolicka-gimnazija.hr\/wp-content\/uploads\/2018\/09\/42423831_680248872375064_8653121154426339328_o-100x67.jpg 100w, https:\/\/katolicka-gimnazija.hr\/wp-content\/uploads\/2018\/09\/42423831_680248872375064_8653121154426339328_o.jpg 1969w\" sizes=\"auto, (max-width: 300px) 100vw, 300px\" \/><\/a>\n\t\t\t<\/div><\/figure><figure class='gallery-item'>\n\t\t\t<div class='gallery-icon landscape'>\n\t\t\t\t<a href='https:\/\/katolicka-gimnazija.hr\/wp-content\/uploads\/2018\/09\/42297459_2141723739180018_4374236122948042752_o.jpg'><img loading=\"lazy\" decoding=\"async\" width=\"300\" height=\"200\" src=\"https:\/\/katolicka-gimnazija.hr\/wp-content\/uploads\/2018\/09\/42297459_2141723739180018_4374236122948042752_o-300x200.jpg\" class=\"attachment-medium size-medium\" alt=\"\" srcset=\"https:\/\/katolicka-gimnazija.hr\/wp-content\/uploads\/2018\/09\/42297459_2141723739180018_4374236122948042752_o-300x200.jpg 300w, https:\/\/katolicka-gimnazija.hr\/wp-content\/uploads\/2018\/09\/42297459_2141723739180018_4374236122948042752_o-768x512.jpg 768w, https:\/\/katolicka-gimnazija.hr\/wp-content\/uploads\/2018\/09\/42297459_2141723739180018_4374236122948042752_o-1024x683.jpg 1024w, https:\/\/katolicka-gimnazija.hr\/wp-content\/uploads\/2018\/09\/42297459_2141723739180018_4374236122948042752_o-360x240.jpg 360w, https:\/\/katolicka-gimnazija.hr\/wp-content\/uploads\/2018\/09\/42297459_2141723739180018_4374236122948042752_o-750x500.jpg 750w, https:\/\/katolicka-gimnazija.hr\/wp-content\/uploads\/2018\/09\/42297459_2141723739180018_4374236122948042752_o-400x267.jpg 400w, https:\/\/katolicka-gimnazija.hr\/wp-content\/uploads\/2018\/09\/42297459_2141723739180018_4374236122948042752_o-430x287.jpg 430w, https:\/\/katolicka-gimnazija.hr\/wp-content\/uploads\/2018\/09\/42297459_2141723739180018_4374236122948042752_o-150x100.jpg 150w, https:\/\/katolicka-gimnazija.hr\/wp-content\/uploads\/2018\/09\/42297459_2141723739180018_4374236122948042752_o-100x67.jpg 100w, https:\/\/katolicka-gimnazija.hr\/wp-content\/uploads\/2018\/09\/42297459_2141723739180018_4374236122948042752_o.jpg 1969w\" sizes=\"auto, (max-width: 300px) 100vw, 300px\" \/><\/a>\n\t\t\t<\/div><\/figure><figure class='gallery-item'>\n\t\t\t<div class='gallery-icon landscape'>\n\t\t\t\t<a href='https:\/\/katolicka-gimnazija.hr\/wp-content\/uploads\/2018\/09\/42310948_2141723899180002_3674324979626803200_o.jpg'><img loading=\"lazy\" decoding=\"async\" width=\"300\" height=\"200\" src=\"https:\/\/katolicka-gimnazija.hr\/wp-content\/uploads\/2018\/09\/42310948_2141723899180002_3674324979626803200_o-300x200.jpg\" class=\"attachment-medium size-medium\" alt=\"\" srcset=\"https:\/\/katolicka-gimnazija.hr\/wp-content\/uploads\/2018\/09\/42310948_2141723899180002_3674324979626803200_o-300x200.jpg 300w, https:\/\/katolicka-gimnazija.hr\/wp-content\/uploads\/2018\/09\/42310948_2141723899180002_3674324979626803200_o-768x512.jpg 768w, https:\/\/katolicka-gimnazija.hr\/wp-content\/uploads\/2018\/09\/42310948_2141723899180002_3674324979626803200_o-1024x683.jpg 1024w, https:\/\/katolicka-gimnazija.hr\/wp-content\/uploads\/2018\/09\/42310948_2141723899180002_3674324979626803200_o-360x240.jpg 360w, https:\/\/katolicka-gimnazija.hr\/wp-content\/uploads\/2018\/09\/42310948_2141723899180002_3674324979626803200_o-750x500.jpg 750w, https:\/\/katolicka-gimnazija.hr\/wp-content\/uploads\/2018\/09\/42310948_2141723899180002_3674324979626803200_o-400x267.jpg 400w, https:\/\/katolicka-gimnazija.hr\/wp-content\/uploads\/2018\/09\/42310948_2141723899180002_3674324979626803200_o-430x287.jpg 430w, https:\/\/katolicka-gimnazija.hr\/wp-content\/uploads\/2018\/09\/42310948_2141723899180002_3674324979626803200_o-150x100.jpg 150w, https:\/\/katolicka-gimnazija.hr\/wp-content\/uploads\/2018\/09\/42310948_2141723899180002_3674324979626803200_o-100x67.jpg 100w, https:\/\/katolicka-gimnazija.hr\/wp-content\/uploads\/2018\/09\/42310948_2141723899180002_3674324979626803200_o.jpg 1969w\" sizes=\"auto, (max-width: 300px) 100vw, 300px\" \/><\/a>\n\t\t\t<\/div><\/figure><figure class='gallery-item'>\n\t\t\t<div class='gallery-icon landscape'>\n\t\t\t\t<a href='https:\/\/katolicka-gimnazija.hr\/wp-content\/uploads\/2018\/09\/42354069_2141723935846665_8805849959543865344_o.jpg'><img loading=\"lazy\" decoding=\"async\" width=\"300\" height=\"200\" src=\"https:\/\/katolicka-gimnazija.hr\/wp-content\/uploads\/2018\/09\/42354069_2141723935846665_8805849959543865344_o-300x200.jpg\" class=\"attachment-medium size-medium\" alt=\"\" srcset=\"https:\/\/katolicka-gimnazija.hr\/wp-content\/uploads\/2018\/09\/42354069_2141723935846665_8805849959543865344_o-300x200.jpg 300w, https:\/\/katolicka-gimnazija.hr\/wp-content\/uploads\/2018\/09\/42354069_2141723935846665_8805849959543865344_o-768x512.jpg 768w, https:\/\/katolicka-gimnazija.hr\/wp-content\/uploads\/2018\/09\/42354069_2141723935846665_8805849959543865344_o-1024x683.jpg 1024w, https:\/\/katolicka-gimnazija.hr\/wp-content\/uploads\/2018\/09\/42354069_2141723935846665_8805849959543865344_o-360x240.jpg 360w, https:\/\/katolicka-gimnazija.hr\/wp-content\/uploads\/2018\/09\/42354069_2141723935846665_8805849959543865344_o-750x500.jpg 750w, https:\/\/katolicka-gimnazija.hr\/wp-content\/uploads\/2018\/09\/42354069_2141723935846665_8805849959543865344_o-400x267.jpg 400w, https:\/\/katolicka-gimnazija.hr\/wp-content\/uploads\/2018\/09\/42354069_2141723935846665_8805849959543865344_o-430x287.jpg 430w, https:\/\/katolicka-gimnazija.hr\/wp-content\/uploads\/2018\/09\/42354069_2141723935846665_8805849959543865344_o-150x100.jpg 150w, https:\/\/katolicka-gimnazija.hr\/wp-content\/uploads\/2018\/09\/42354069_2141723935846665_8805849959543865344_o-100x67.jpg 100w, https:\/\/katolicka-gimnazija.hr\/wp-content\/uploads\/2018\/09\/42354069_2141723935846665_8805849959543865344_o.jpg 1969w\" sizes=\"auto, (max-width: 300px) 100vw, 300px\" \/><\/a>\n\t\t\t<\/div><\/figure><figure class='gallery-item'>\n\t\t\t<div class='gallery-icon landscape'>\n\t\t\t\t<a href='https:\/\/katolicka-gimnazija.hr\/wp-content\/uploads\/2018\/09\/42328720_2141724682513257_981690856551481344_o.jpg'><img loading=\"lazy\" decoding=\"async\" width=\"300\" height=\"200\" src=\"https:\/\/katolicka-gimnazija.hr\/wp-content\/uploads\/2018\/09\/42328720_2141724682513257_981690856551481344_o-300x200.jpg\" class=\"attachment-medium size-medium\" alt=\"\" srcset=\"https:\/\/katolicka-gimnazija.hr\/wp-content\/uploads\/2018\/09\/42328720_2141724682513257_981690856551481344_o-300x200.jpg 300w, https:\/\/katolicka-gimnazija.hr\/wp-content\/uploads\/2018\/09\/42328720_2141724682513257_981690856551481344_o-768x512.jpg 768w, https:\/\/katolicka-gimnazija.hr\/wp-content\/uploads\/2018\/09\/42328720_2141724682513257_981690856551481344_o-1024x683.jpg 1024w, https:\/\/katolicka-gimnazija.hr\/wp-content\/uploads\/2018\/09\/42328720_2141724682513257_981690856551481344_o-360x240.jpg 360w, https:\/\/katolicka-gimnazija.hr\/wp-content\/uploads\/2018\/09\/42328720_2141724682513257_981690856551481344_o-750x500.jpg 750w, https:\/\/katolicka-gimnazija.hr\/wp-content\/uploads\/2018\/09\/42328720_2141724682513257_981690856551481344_o-400x267.jpg 400w, https:\/\/katolicka-gimnazija.hr\/wp-content\/uploads\/2018\/09\/42328720_2141724682513257_981690856551481344_o-430x287.jpg 430w, https:\/\/katolicka-gimnazija.hr\/wp-content\/uploads\/2018\/09\/42328720_2141724682513257_981690856551481344_o-150x100.jpg 150w, https:\/\/katolicka-gimnazija.hr\/wp-content\/uploads\/2018\/09\/42328720_2141724682513257_981690856551481344_o-100x67.jpg 100w, https:\/\/katolicka-gimnazija.hr\/wp-content\/uploads\/2018\/09\/42328720_2141724682513257_981690856551481344_o.jpg 1969w\" sizes=\"auto, (max-width: 300px) 100vw, 300px\" \/><\/a>\n\t\t\t<\/div><\/figure><figure class='gallery-item'>\n\t\t\t<div class='gallery-icon landscape'>\n\t\t\t\t<a href='https:\/\/katolicka-gimnazija.hr\/wp-content\/uploads\/2018\/09\/42378243_680248345708450_3324165989725110272_o.jpg'><img loading=\"lazy\" decoding=\"async\" width=\"300\" height=\"200\" src=\"https:\/\/katolicka-gimnazija.hr\/wp-content\/uploads\/2018\/09\/42378243_680248345708450_3324165989725110272_o-300x200.jpg\" class=\"attachment-medium size-medium\" alt=\"\" srcset=\"https:\/\/katolicka-gimnazija.hr\/wp-content\/uploads\/2018\/09\/42378243_680248345708450_3324165989725110272_o-300x200.jpg 300w, https:\/\/katolicka-gimnazija.hr\/wp-content\/uploads\/2018\/09\/42378243_680248345708450_3324165989725110272_o-768x512.jpg 768w, https:\/\/katolicka-gimnazija.hr\/wp-content\/uploads\/2018\/09\/42378243_680248345708450_3324165989725110272_o-1024x683.jpg 1024w, https:\/\/katolicka-gimnazija.hr\/wp-content\/uploads\/2018\/09\/42378243_680248345708450_3324165989725110272_o-360x240.jpg 360w, https:\/\/katolicka-gimnazija.hr\/wp-content\/uploads\/2018\/09\/42378243_680248345708450_3324165989725110272_o-750x500.jpg 750w, https:\/\/katolicka-gimnazija.hr\/wp-content\/uploads\/2018\/09\/42378243_680248345708450_3324165989725110272_o-400x267.jpg 400w, https:\/\/katolicka-gimnazija.hr\/wp-content\/uploads\/2018\/09\/42378243_680248345708450_3324165989725110272_o-430x287.jpg 430w, https:\/\/katolicka-gimnazija.hr\/wp-content\/uploads\/2018\/09\/42378243_680248345708450_3324165989725110272_o-150x100.jpg 150w, https:\/\/katolicka-gimnazija.hr\/wp-content\/uploads\/2018\/09\/42378243_680248345708450_3324165989725110272_o-100x67.jpg 100w, https:\/\/katolicka-gimnazija.hr\/wp-content\/uploads\/2018\/09\/42378243_680248345708450_3324165989725110272_o.jpg 1969w\" sizes=\"auto, (max-width: 300px) 100vw, 300px\" \/><\/a>\n\t\t\t<\/div><\/figure><figure class='gallery-item'>\n\t\t\t<div class='gallery-icon landscape'>\n\t\t\t\t<a href='https:\/\/katolicka-gimnazija.hr\/wp-content\/uploads\/2018\/09\/42301075_2141723065846752_216683406480637952_o.jpg'><img loading=\"lazy\" decoding=\"async\" width=\"300\" height=\"200\" src=\"https:\/\/katolicka-gimnazija.hr\/wp-content\/uploads\/2018\/09\/42301075_2141723065846752_216683406480637952_o-300x200.jpg\" class=\"attachment-medium size-medium\" alt=\"\" srcset=\"https:\/\/katolicka-gimnazija.hr\/wp-content\/uploads\/2018\/09\/42301075_2141723065846752_216683406480637952_o-300x200.jpg 300w, https:\/\/katolicka-gimnazija.hr\/wp-content\/uploads\/2018\/09\/42301075_2141723065846752_216683406480637952_o-768x512.jpg 768w, https:\/\/katolicka-gimnazija.hr\/wp-content\/uploads\/2018\/09\/42301075_2141723065846752_216683406480637952_o-1024x683.jpg 1024w, https:\/\/katolicka-gimnazija.hr\/wp-content\/uploads\/2018\/09\/42301075_2141723065846752_216683406480637952_o-360x240.jpg 360w, https:\/\/katolicka-gimnazija.hr\/wp-content\/uploads\/2018\/09\/42301075_2141723065846752_216683406480637952_o-750x500.jpg 750w, https:\/\/katolicka-gimnazija.hr\/wp-content\/uploads\/2018\/09\/42301075_2141723065846752_216683406480637952_o-400x267.jpg 400w, https:\/\/katolicka-gimnazija.hr\/wp-content\/uploads\/2018\/09\/42301075_2141723065846752_216683406480637952_o-430x287.jpg 430w, https:\/\/katolicka-gimnazija.hr\/wp-content\/uploads\/2018\/09\/42301075_2141723065846752_216683406480637952_o-150x100.jpg 150w, https:\/\/katolicka-gimnazija.hr\/wp-content\/uploads\/2018\/09\/42301075_2141723065846752_216683406480637952_o-100x67.jpg 100w, https:\/\/katolicka-gimnazija.hr\/wp-content\/uploads\/2018\/09\/42301075_2141723065846752_216683406480637952_o.jpg 1969w\" sizes=\"auto, (max-width: 300px) 100vw, 300px\" \/><\/a>\n\t\t\t<\/div><\/figure><figure class='gallery-item'>\n\t\t\t<div class='gallery-icon landscape'>\n\t\t\t\t<a href='https:\/\/katolicka-gimnazija.hr\/wp-content\/uploads\/2018\/09\/42468722_680248439041774_1302377411500834816_o.jpg'><img loading=\"lazy\" decoding=\"async\" width=\"300\" height=\"200\" src=\"https:\/\/katolicka-gimnazija.hr\/wp-content\/uploads\/2018\/09\/42468722_680248439041774_1302377411500834816_o-300x200.jpg\" class=\"attachment-medium size-medium\" alt=\"\" srcset=\"https:\/\/katolicka-gimnazija.hr\/wp-content\/uploads\/2018\/09\/42468722_680248439041774_1302377411500834816_o-300x200.jpg 300w, https:\/\/katolicka-gimnazija.hr\/wp-content\/uploads\/2018\/09\/42468722_680248439041774_1302377411500834816_o-768x512.jpg 768w, https:\/\/katolicka-gimnazija.hr\/wp-content\/uploads\/2018\/09\/42468722_680248439041774_1302377411500834816_o-1024x683.jpg 1024w, https:\/\/katolicka-gimnazija.hr\/wp-content\/uploads\/2018\/09\/42468722_680248439041774_1302377411500834816_o-360x240.jpg 360w, https:\/\/katolicka-gimnazija.hr\/wp-content\/uploads\/2018\/09\/42468722_680248439041774_1302377411500834816_o-750x500.jpg 750w, https:\/\/katolicka-gimnazija.hr\/wp-content\/uploads\/2018\/09\/42468722_680248439041774_1302377411500834816_o-400x267.jpg 400w, https:\/\/katolicka-gimnazija.hr\/wp-content\/uploads\/2018\/09\/42468722_680248439041774_1302377411500834816_o-430x287.jpg 430w, https:\/\/katolicka-gimnazija.hr\/wp-content\/uploads\/2018\/09\/42468722_680248439041774_1302377411500834816_o-150x100.jpg 150w, https:\/\/katolicka-gimnazija.hr\/wp-content\/uploads\/2018\/09\/42468722_680248439041774_1302377411500834816_o-100x67.jpg 100w, https:\/\/katolicka-gimnazija.hr\/wp-content\/uploads\/2018\/09\/42468722_680248439041774_1302377411500834816_o.jpg 1969w\" sizes=\"auto, (max-width: 300px) 100vw, 300px\" \/><\/a>\n\t\t\t<\/div><\/figure><figure class='gallery-item'>\n\t\t\t<div class='gallery-icon landscape'>\n\t\t\t\t<a href='https:\/\/katolicka-gimnazija.hr\/wp-content\/uploads\/2018\/09\/42407526_680247305708554_7068502269171335168_o.jpg'><img loading=\"lazy\" decoding=\"async\" width=\"300\" height=\"200\" src=\"https:\/\/katolicka-gimnazija.hr\/wp-content\/uploads\/2018\/09\/42407526_680247305708554_7068502269171335168_o-300x200.jpg\" class=\"attachment-medium size-medium\" alt=\"\" srcset=\"https:\/\/katolicka-gimnazija.hr\/wp-content\/uploads\/2018\/09\/42407526_680247305708554_7068502269171335168_o-300x200.jpg 300w, https:\/\/katolicka-gimnazija.hr\/wp-content\/uploads\/2018\/09\/42407526_680247305708554_7068502269171335168_o-768x512.jpg 768w, https:\/\/katolicka-gimnazija.hr\/wp-content\/uploads\/2018\/09\/42407526_680247305708554_7068502269171335168_o-1024x683.jpg 1024w, https:\/\/katolicka-gimnazija.hr\/wp-content\/uploads\/2018\/09\/42407526_680247305708554_7068502269171335168_o-360x240.jpg 360w, https:\/\/katolicka-gimnazija.hr\/wp-content\/uploads\/2018\/09\/42407526_680247305708554_7068502269171335168_o-750x500.jpg 750w, https:\/\/katolicka-gimnazija.hr\/wp-content\/uploads\/2018\/09\/42407526_680247305708554_7068502269171335168_o-400x267.jpg 400w, https:\/\/katolicka-gimnazija.hr\/wp-content\/uploads\/2018\/09\/42407526_680247305708554_7068502269171335168_o-430x287.jpg 430w, https:\/\/katolicka-gimnazija.hr\/wp-content\/uploads\/2018\/09\/42407526_680247305708554_7068502269171335168_o-150x100.jpg 150w, https:\/\/katolicka-gimnazija.hr\/wp-content\/uploads\/2018\/09\/42407526_680247305708554_7068502269171335168_o-100x67.jpg 100w, https:\/\/katolicka-gimnazija.hr\/wp-content\/uploads\/2018\/09\/42407526_680247305708554_7068502269171335168_o.jpg 1969w\" sizes=\"auto, (max-width: 300px) 100vw, 300px\" \/><\/a>\n\t\t\t<\/div><\/figure><figure class='gallery-item'>\n\t\t\t<div class='gallery-icon landscape'>\n\t\t\t\t<a href='https:\/\/katolicka-gimnazija.hr\/wp-content\/uploads\/2018\/09\/42380584_2141724645846594_7667188764266987520_o.jpg'><img loading=\"lazy\" decoding=\"async\" width=\"300\" height=\"200\" src=\"https:\/\/katolicka-gimnazija.hr\/wp-content\/uploads\/2018\/09\/42380584_2141724645846594_7667188764266987520_o-300x200.jpg\" class=\"attachment-medium size-medium\" alt=\"\" srcset=\"https:\/\/katolicka-gimnazija.hr\/wp-content\/uploads\/2018\/09\/42380584_2141724645846594_7667188764266987520_o-300x200.jpg 300w, https:\/\/katolicka-gimnazija.hr\/wp-content\/uploads\/2018\/09\/42380584_2141724645846594_7667188764266987520_o-768x512.jpg 768w, https:\/\/katolicka-gimnazija.hr\/wp-content\/uploads\/2018\/09\/42380584_2141724645846594_7667188764266987520_o-1024x683.jpg 1024w, https:\/\/katolicka-gimnazija.hr\/wp-content\/uploads\/2018\/09\/42380584_2141724645846594_7667188764266987520_o-360x240.jpg 360w, https:\/\/katolicka-gimnazija.hr\/wp-content\/uploads\/2018\/09\/42380584_2141724645846594_7667188764266987520_o-750x500.jpg 750w, https:\/\/katolicka-gimnazija.hr\/wp-content\/uploads\/2018\/09\/42380584_2141724645846594_7667188764266987520_o-400x267.jpg 400w, https:\/\/katolicka-gimnazija.hr\/wp-content\/uploads\/2018\/09\/42380584_2141724645846594_7667188764266987520_o-430x287.jpg 430w, https:\/\/katolicka-gimnazija.hr\/wp-content\/uploads\/2018\/09\/42380584_2141724645846594_7667188764266987520_o-150x100.jpg 150w, https:\/\/katolicka-gimnazija.hr\/wp-content\/uploads\/2018\/09\/42380584_2141724645846594_7667188764266987520_o-100x67.jpg 100w, https:\/\/katolicka-gimnazija.hr\/wp-content\/uploads\/2018\/09\/42380584_2141724645846594_7667188764266987520_o.jpg 1969w\" sizes=\"auto, (max-width: 300px) 100vw, 300px\" \/><\/a>\n\t\t\t<\/div><\/figure><figure class='gallery-item'>\n\t\t\t<div class='gallery-icon landscape'>\n\t\t\t\t<a href='https:\/\/katolicka-gimnazija.hr\/wp-content\/uploads\/2018\/09\/42423641_2141724519179940_6888280412024471552_o.jpg'><img loading=\"lazy\" decoding=\"async\" width=\"300\" height=\"200\" src=\"https:\/\/katolicka-gimnazija.hr\/wp-content\/uploads\/2018\/09\/42423641_2141724519179940_6888280412024471552_o-300x200.jpg\" class=\"attachment-medium size-medium\" alt=\"\" srcset=\"https:\/\/katolicka-gimnazija.hr\/wp-content\/uploads\/2018\/09\/42423641_2141724519179940_6888280412024471552_o-300x200.jpg 300w, https:\/\/katolicka-gimnazija.hr\/wp-content\/uploads\/2018\/09\/42423641_2141724519179940_6888280412024471552_o-768x512.jpg 768w, https:\/\/katolicka-gimnazija.hr\/wp-content\/uploads\/2018\/09\/42423641_2141724519179940_6888280412024471552_o-1024x683.jpg 1024w, https:\/\/katolicka-gimnazija.hr\/wp-content\/uploads\/2018\/09\/42423641_2141724519179940_6888280412024471552_o-360x240.jpg 360w, https:\/\/katolicka-gimnazija.hr\/wp-content\/uploads\/2018\/09\/42423641_2141724519179940_6888280412024471552_o-750x500.jpg 750w, https:\/\/katolicka-gimnazija.hr\/wp-content\/uploads\/2018\/09\/42423641_2141724519179940_6888280412024471552_o-400x267.jpg 400w, https:\/\/katolicka-gimnazija.hr\/wp-content\/uploads\/2018\/09\/42423641_2141724519179940_6888280412024471552_o-430x287.jpg 430w, https:\/\/katolicka-gimnazija.hr\/wp-content\/uploads\/2018\/09\/42423641_2141724519179940_6888280412024471552_o-150x100.jpg 150w, https:\/\/katolicka-gimnazija.hr\/wp-content\/uploads\/2018\/09\/42423641_2141724519179940_6888280412024471552_o-100x67.jpg 100w, https:\/\/katolicka-gimnazija.hr\/wp-content\/uploads\/2018\/09\/42423641_2141724519179940_6888280412024471552_o.jpg 1969w\" sizes=\"auto, (max-width: 300px) 100vw, 300px\" \/><\/a>\n\t\t\t<\/div><\/figure><figure class='gallery-item'>\n\t\t\t<div class='gallery-icon landscape'>\n\t\t\t\t<a href='https:\/\/katolicka-gimnazija.hr\/wp-content\/uploads\/2018\/09\/42460198_680248682375083_1737098547909623808_o.jpg'><img loading=\"lazy\" decoding=\"async\" width=\"300\" height=\"200\" src=\"https:\/\/katolicka-gimnazija.hr\/wp-content\/uploads\/2018\/09\/42460198_680248682375083_1737098547909623808_o-300x200.jpg\" class=\"attachment-medium size-medium\" alt=\"\" srcset=\"https:\/\/katolicka-gimnazija.hr\/wp-content\/uploads\/2018\/09\/42460198_680248682375083_1737098547909623808_o-300x200.jpg 300w, https:\/\/katolicka-gimnazija.hr\/wp-content\/uploads\/2018\/09\/42460198_680248682375083_1737098547909623808_o-768x512.jpg 768w, https:\/\/katolicka-gimnazija.hr\/wp-content\/uploads\/2018\/09\/42460198_680248682375083_1737098547909623808_o-1024x683.jpg 1024w, https:\/\/katolicka-gimnazija.hr\/wp-content\/uploads\/2018\/09\/42460198_680248682375083_1737098547909623808_o-360x240.jpg 360w, https:\/\/katolicka-gimnazija.hr\/wp-content\/uploads\/2018\/09\/42460198_680248682375083_1737098547909623808_o-750x500.jpg 750w, https:\/\/katolicka-gimnazija.hr\/wp-content\/uploads\/2018\/09\/42460198_680248682375083_1737098547909623808_o-400x267.jpg 400w, https:\/\/katolicka-gimnazija.hr\/wp-content\/uploads\/2018\/09\/42460198_680248682375083_1737098547909623808_o-430x287.jpg 430w, https:\/\/katolicka-gimnazija.hr\/wp-content\/uploads\/2018\/09\/42460198_680248682375083_1737098547909623808_o-150x100.jpg 150w, https:\/\/katolicka-gimnazija.hr\/wp-content\/uploads\/2018\/09\/42460198_680248682375083_1737098547909623808_o-100x67.jpg 100w, https:\/\/katolicka-gimnazija.hr\/wp-content\/uploads\/2018\/09\/42460198_680248682375083_1737098547909623808_o.jpg 1969w\" sizes=\"auto, (max-width: 300px) 100vw, 300px\" \/><\/a>\n\t\t\t<\/div><\/figure><figure class='gallery-item'>\n\t\t\t<div class='gallery-icon landscape'>\n\t\t\t\t<a href='https:\/\/katolicka-gimnazija.hr\/wp-content\/uploads\/2018\/09\/42361376_2141724219179970_2284316272348889088_o.jpg'><img loading=\"lazy\" decoding=\"async\" width=\"300\" height=\"200\" src=\"https:\/\/katolicka-gimnazija.hr\/wp-content\/uploads\/2018\/09\/42361376_2141724219179970_2284316272348889088_o-300x200.jpg\" class=\"attachment-medium size-medium\" alt=\"\" srcset=\"https:\/\/katolicka-gimnazija.hr\/wp-content\/uploads\/2018\/09\/42361376_2141724219179970_2284316272348889088_o-300x200.jpg 300w, https:\/\/katolicka-gimnazija.hr\/wp-content\/uploads\/2018\/09\/42361376_2141724219179970_2284316272348889088_o-768x512.jpg 768w, https:\/\/katolicka-gimnazija.hr\/wp-content\/uploads\/2018\/09\/42361376_2141724219179970_2284316272348889088_o-1024x683.jpg 1024w, https:\/\/katolicka-gimnazija.hr\/wp-content\/uploads\/2018\/09\/42361376_2141724219179970_2284316272348889088_o-360x240.jpg 360w, https:\/\/katolicka-gimnazija.hr\/wp-content\/uploads\/2018\/09\/42361376_2141724219179970_2284316272348889088_o-750x500.jpg 750w, https:\/\/katolicka-gimnazija.hr\/wp-content\/uploads\/2018\/09\/42361376_2141724219179970_2284316272348889088_o-400x267.jpg 400w, https:\/\/katolicka-gimnazija.hr\/wp-content\/uploads\/2018\/09\/42361376_2141724219179970_2284316272348889088_o-430x287.jpg 430w, https:\/\/katolicka-gimnazija.hr\/wp-content\/uploads\/2018\/09\/42361376_2141724219179970_2284316272348889088_o-150x100.jpg 150w, https:\/\/katolicka-gimnazija.hr\/wp-content\/uploads\/2018\/09\/42361376_2141724219179970_2284316272348889088_o-100x67.jpg 100w, https:\/\/katolicka-gimnazija.hr\/wp-content\/uploads\/2018\/09\/42361376_2141724219179970_2284316272348889088_o.jpg 1969w\" sizes=\"auto, (max-width: 300px) 100vw, 300px\" \/><\/a>\n\t\t\t<\/div><\/figure><figure class='gallery-item'>\n\t\t\t<div class='gallery-icon landscape'>\n\t\t\t\t<a href='https:\/\/katolicka-gimnazija.hr\/wp-content\/uploads\/2018\/09\/42391142_680246589041959_5425097831528529920_o.jpg'><img loading=\"lazy\" decoding=\"async\" width=\"300\" height=\"200\" src=\"https:\/\/katolicka-gimnazija.hr\/wp-content\/uploads\/2018\/09\/42391142_680246589041959_5425097831528529920_o-300x200.jpg\" class=\"attachment-medium size-medium\" alt=\"\" srcset=\"https:\/\/katolicka-gimnazija.hr\/wp-content\/uploads\/2018\/09\/42391142_680246589041959_5425097831528529920_o-300x200.jpg 300w, https:\/\/katolicka-gimnazija.hr\/wp-content\/uploads\/2018\/09\/42391142_680246589041959_5425097831528529920_o-768x512.jpg 768w, https:\/\/katolicka-gimnazija.hr\/wp-content\/uploads\/2018\/09\/42391142_680246589041959_5425097831528529920_o-1024x683.jpg 1024w, https:\/\/katolicka-gimnazija.hr\/wp-content\/uploads\/2018\/09\/42391142_680246589041959_5425097831528529920_o-360x240.jpg 360w, https:\/\/katolicka-gimnazija.hr\/wp-content\/uploads\/2018\/09\/42391142_680246589041959_5425097831528529920_o-750x500.jpg 750w, https:\/\/katolicka-gimnazija.hr\/wp-content\/uploads\/2018\/09\/42391142_680246589041959_5425097831528529920_o-400x267.jpg 400w, https:\/\/katolicka-gimnazija.hr\/wp-content\/uploads\/2018\/09\/42391142_680246589041959_5425097831528529920_o-430x287.jpg 430w, https:\/\/katolicka-gimnazija.hr\/wp-content\/uploads\/2018\/09\/42391142_680246589041959_5425097831528529920_o-150x100.jpg 150w, https:\/\/katolicka-gimnazija.hr\/wp-content\/uploads\/2018\/09\/42391142_680246589041959_5425097831528529920_o-100x67.jpg 100w, https:\/\/katolicka-gimnazija.hr\/wp-content\/uploads\/2018\/09\/42391142_680246589041959_5425097831528529920_o.jpg 1969w\" sizes=\"auto, (max-width: 300px) 100vw, 300px\" \/><\/a>\n\t\t\t<\/div><\/figure><figure class='gallery-item'>\n\t\t\t<div class='gallery-icon landscape'>\n\t\t\t\t<a href='https:\/\/katolicka-gimnazija.hr\/wp-content\/uploads\/2018\/09\/42319328_680249195708365_7619537201629495296_o.jpg'><img loading=\"lazy\" decoding=\"async\" width=\"300\" height=\"200\" src=\"https:\/\/katolicka-gimnazija.hr\/wp-content\/uploads\/2018\/09\/42319328_680249195708365_7619537201629495296_o-300x200.jpg\" class=\"attachment-medium size-medium\" alt=\"\" srcset=\"https:\/\/katolicka-gimnazija.hr\/wp-content\/uploads\/2018\/09\/42319328_680249195708365_7619537201629495296_o-300x200.jpg 300w, https:\/\/katolicka-gimnazija.hr\/wp-content\/uploads\/2018\/09\/42319328_680249195708365_7619537201629495296_o-768x512.jpg 768w, https:\/\/katolicka-gimnazija.hr\/wp-content\/uploads\/2018\/09\/42319328_680249195708365_7619537201629495296_o-1024x683.jpg 1024w, https:\/\/katolicka-gimnazija.hr\/wp-content\/uploads\/2018\/09\/42319328_680249195708365_7619537201629495296_o-360x240.jpg 360w, https:\/\/katolicka-gimnazija.hr\/wp-content\/uploads\/2018\/09\/42319328_680249195708365_7619537201629495296_o-750x500.jpg 750w, https:\/\/katolicka-gimnazija.hr\/wp-content\/uploads\/2018\/09\/42319328_680249195708365_7619537201629495296_o-400x267.jpg 400w, https:\/\/katolicka-gimnazija.hr\/wp-content\/uploads\/2018\/09\/42319328_680249195708365_7619537201629495296_o-430x287.jpg 430w, https:\/\/katolicka-gimnazija.hr\/wp-content\/uploads\/2018\/09\/42319328_680249195708365_7619537201629495296_o-150x100.jpg 150w, https:\/\/katolicka-gimnazija.hr\/wp-content\/uploads\/2018\/09\/42319328_680249195708365_7619537201629495296_o-100x67.jpg 100w, https:\/\/katolicka-gimnazija.hr\/wp-content\/uploads\/2018\/09\/42319328_680249195708365_7619537201629495296_o.jpg 1969w\" sizes=\"auto, (max-width: 300px) 100vw, 300px\" \/><\/a>\n\t\t\t<\/div><\/figure><figure class='gallery-item'>\n\t\t\t<div class='gallery-icon landscape'>\n\t\t\t\t<a href='https:\/\/katolicka-gimnazija.hr\/wp-content\/uploads\/2018\/09\/42354030_2141722955846763_6525659273865723904_o.jpg'><img loading=\"lazy\" decoding=\"async\" width=\"300\" height=\"200\" src=\"https:\/\/katolicka-gimnazija.hr\/wp-content\/uploads\/2018\/09\/42354030_2141722955846763_6525659273865723904_o-300x200.jpg\" class=\"attachment-medium size-medium\" alt=\"\" srcset=\"https:\/\/katolicka-gimnazija.hr\/wp-content\/uploads\/2018\/09\/42354030_2141722955846763_6525659273865723904_o-300x200.jpg 300w, https:\/\/katolicka-gimnazija.hr\/wp-content\/uploads\/2018\/09\/42354030_2141722955846763_6525659273865723904_o-768x512.jpg 768w, https:\/\/katolicka-gimnazija.hr\/wp-content\/uploads\/2018\/09\/42354030_2141722955846763_6525659273865723904_o-1024x683.jpg 1024w, https:\/\/katolicka-gimnazija.hr\/wp-content\/uploads\/2018\/09\/42354030_2141722955846763_6525659273865723904_o-360x240.jpg 360w, https:\/\/katolicka-gimnazija.hr\/wp-content\/uploads\/2018\/09\/42354030_2141722955846763_6525659273865723904_o-750x500.jpg 750w, https:\/\/katolicka-gimnazija.hr\/wp-content\/uploads\/2018\/09\/42354030_2141722955846763_6525659273865723904_o-400x267.jpg 400w, https:\/\/katolicka-gimnazija.hr\/wp-content\/uploads\/2018\/09\/42354030_2141722955846763_6525659273865723904_o-430x287.jpg 430w, https:\/\/katolicka-gimnazija.hr\/wp-content\/uploads\/2018\/09\/42354030_2141722955846763_6525659273865723904_o-150x100.jpg 150w, https:\/\/katolicka-gimnazija.hr\/wp-content\/uploads\/2018\/09\/42354030_2141722955846763_6525659273865723904_o-100x67.jpg 100w, https:\/\/katolicka-gimnazija.hr\/wp-content\/uploads\/2018\/09\/42354030_2141722955846763_6525659273865723904_o.jpg 1969w\" sizes=\"auto, (max-width: 300px) 100vw, 300px\" \/><\/a>\n\t\t\t<\/div><\/figure><figure class='gallery-item'>\n\t\t\t<div class='gallery-icon landscape'>\n\t\t\t\t<a href='https:\/\/katolicka-gimnazija.hr\/wp-content\/uploads\/2018\/09\/42468025_680248765708408_4628091758410989568_o.jpg'><img loading=\"lazy\" decoding=\"async\" width=\"300\" height=\"200\" src=\"https:\/\/katolicka-gimnazija.hr\/wp-content\/uploads\/2018\/09\/42468025_680248765708408_4628091758410989568_o-300x200.jpg\" class=\"attachment-medium size-medium\" alt=\"\" srcset=\"https:\/\/katolicka-gimnazija.hr\/wp-content\/uploads\/2018\/09\/42468025_680248765708408_4628091758410989568_o-300x200.jpg 300w, https:\/\/katolicka-gimnazija.hr\/wp-content\/uploads\/2018\/09\/42468025_680248765708408_4628091758410989568_o-768x512.jpg 768w, https:\/\/katolicka-gimnazija.hr\/wp-content\/uploads\/2018\/09\/42468025_680248765708408_4628091758410989568_o-1024x683.jpg 1024w, https:\/\/katolicka-gimnazija.hr\/wp-content\/uploads\/2018\/09\/42468025_680248765708408_4628091758410989568_o-360x240.jpg 360w, https:\/\/katolicka-gimnazija.hr\/wp-content\/uploads\/2018\/09\/42468025_680248765708408_4628091758410989568_o-750x500.jpg 750w, https:\/\/katolicka-gimnazija.hr\/wp-content\/uploads\/2018\/09\/42468025_680248765708408_4628091758410989568_o-400x267.jpg 400w, https:\/\/katolicka-gimnazija.hr\/wp-content\/uploads\/2018\/09\/42468025_680248765708408_4628091758410989568_o-430x287.jpg 430w, https:\/\/katolicka-gimnazija.hr\/wp-content\/uploads\/2018\/09\/42468025_680248765708408_4628091758410989568_o-150x100.jpg 150w, https:\/\/katolicka-gimnazija.hr\/wp-content\/uploads\/2018\/09\/42468025_680248765708408_4628091758410989568_o-100x67.jpg 100w, https:\/\/katolicka-gimnazija.hr\/wp-content\/uploads\/2018\/09\/42468025_680248765708408_4628091758410989568_o.jpg 1969w\" sizes=\"auto, (max-width: 300px) 100vw, 300px\" \/><\/a>\n\t\t\t<\/div><\/figure><figure class='gallery-item'>\n\t\t\t<div class='gallery-icon landscape'>\n\t\t\t\t<a href='https:\/\/katolicka-gimnazija.hr\/wp-content\/uploads\/2018\/09\/42403740_2141723085846750_265712640007864320_o.jpg'><img loading=\"lazy\" decoding=\"async\" width=\"300\" height=\"200\" src=\"https:\/\/katolicka-gimnazija.hr\/wp-content\/uploads\/2018\/09\/42403740_2141723085846750_265712640007864320_o-300x200.jpg\" class=\"attachment-medium size-medium\" alt=\"\" srcset=\"https:\/\/katolicka-gimnazija.hr\/wp-content\/uploads\/2018\/09\/42403740_2141723085846750_265712640007864320_o-300x200.jpg 300w, https:\/\/katolicka-gimnazija.hr\/wp-content\/uploads\/2018\/09\/42403740_2141723085846750_265712640007864320_o-768x512.jpg 768w, https:\/\/katolicka-gimnazija.hr\/wp-content\/uploads\/2018\/09\/42403740_2141723085846750_265712640007864320_o-1024x683.jpg 1024w, https:\/\/katolicka-gimnazija.hr\/wp-content\/uploads\/2018\/09\/42403740_2141723085846750_265712640007864320_o-360x240.jpg 360w, https:\/\/katolicka-gimnazija.hr\/wp-content\/uploads\/2018\/09\/42403740_2141723085846750_265712640007864320_o-750x500.jpg 750w, https:\/\/katolicka-gimnazija.hr\/wp-content\/uploads\/2018\/09\/42403740_2141723085846750_265712640007864320_o-400x267.jpg 400w, https:\/\/katolicka-gimnazija.hr\/wp-content\/uploads\/2018\/09\/42403740_2141723085846750_265712640007864320_o-430x287.jpg 430w, https:\/\/katolicka-gimnazija.hr\/wp-content\/uploads\/2018\/09\/42403740_2141723085846750_265712640007864320_o-150x100.jpg 150w, https:\/\/katolicka-gimnazija.hr\/wp-content\/uploads\/2018\/09\/42403740_2141723085846750_265712640007864320_o-100x67.jpg 100w, https:\/\/katolicka-gimnazija.hr\/wp-content\/uploads\/2018\/09\/42403740_2141723085846750_265712640007864320_o.jpg 1969w\" sizes=\"auto, (max-width: 300px) 100vw, 300px\" \/><\/a>\n\t\t\t<\/div><\/figure><figure class='gallery-item'>\n\t\t\t<div class='gallery-icon landscape'>\n\t\t\t\t<a href='https:\/\/katolicka-gimnazija.hr\/wp-content\/uploads\/2018\/09\/42344880_2141724639179928_1271264947581485056_o.jpg'><img loading=\"lazy\" decoding=\"async\" width=\"300\" height=\"200\" src=\"https:\/\/katolicka-gimnazija.hr\/wp-content\/uploads\/2018\/09\/42344880_2141724639179928_1271264947581485056_o-300x200.jpg\" class=\"attachment-medium size-medium\" alt=\"\" srcset=\"https:\/\/katolicka-gimnazija.hr\/wp-content\/uploads\/2018\/09\/42344880_2141724639179928_1271264947581485056_o-300x200.jpg 300w, https:\/\/katolicka-gimnazija.hr\/wp-content\/uploads\/2018\/09\/42344880_2141724639179928_1271264947581485056_o-768x512.jpg 768w, https:\/\/katolicka-gimnazija.hr\/wp-content\/uploads\/2018\/09\/42344880_2141724639179928_1271264947581485056_o-1024x683.jpg 1024w, https:\/\/katolicka-gimnazija.hr\/wp-content\/uploads\/2018\/09\/42344880_2141724639179928_1271264947581485056_o-360x240.jpg 360w, https:\/\/katolicka-gimnazija.hr\/wp-content\/uploads\/2018\/09\/42344880_2141724639179928_1271264947581485056_o-750x500.jpg 750w, https:\/\/katolicka-gimnazija.hr\/wp-content\/uploads\/2018\/09\/42344880_2141724639179928_1271264947581485056_o-400x267.jpg 400w, https:\/\/katolicka-gimnazija.hr\/wp-content\/uploads\/2018\/09\/42344880_2141724639179928_1271264947581485056_o-430x287.jpg 430w, https:\/\/katolicka-gimnazija.hr\/wp-content\/uploads\/2018\/09\/42344880_2141724639179928_1271264947581485056_o-150x100.jpg 150w, https:\/\/katolicka-gimnazija.hr\/wp-content\/uploads\/2018\/09\/42344880_2141724639179928_1271264947581485056_o-100x67.jpg 100w, https:\/\/katolicka-gimnazija.hr\/wp-content\/uploads\/2018\/09\/42344880_2141724639179928_1271264947581485056_o.jpg 1969w\" sizes=\"auto, (max-width: 300px) 100vw, 300px\" \/><\/a>\n\t\t\t<\/div><\/figure><figure class='gallery-item'>\n\t\t\t<div class='gallery-icon landscape'>\n\t\t\t\t<a href='https:\/\/katolicka-gimnazija.hr\/wp-content\/uploads\/2018\/09\/42330796_680248032375148_3817171949759496192_o.jpg'><img loading=\"lazy\" decoding=\"async\" width=\"300\" height=\"200\" src=\"https:\/\/katolicka-gimnazija.hr\/wp-content\/uploads\/2018\/09\/42330796_680248032375148_3817171949759496192_o-300x200.jpg\" class=\"attachment-medium size-medium\" alt=\"\" srcset=\"https:\/\/katolicka-gimnazija.hr\/wp-content\/uploads\/2018\/09\/42330796_680248032375148_3817171949759496192_o-300x200.jpg 300w, https:\/\/katolicka-gimnazija.hr\/wp-content\/uploads\/2018\/09\/42330796_680248032375148_3817171949759496192_o-768x512.jpg 768w, https:\/\/katolicka-gimnazija.hr\/wp-content\/uploads\/2018\/09\/42330796_680248032375148_3817171949759496192_o-1024x683.jpg 1024w, https:\/\/katolicka-gimnazija.hr\/wp-content\/uploads\/2018\/09\/42330796_680248032375148_3817171949759496192_o-360x240.jpg 360w, https:\/\/katolicka-gimnazija.hr\/wp-content\/uploads\/2018\/09\/42330796_680248032375148_3817171949759496192_o-750x500.jpg 750w, https:\/\/katolicka-gimnazija.hr\/wp-content\/uploads\/2018\/09\/42330796_680248032375148_3817171949759496192_o-400x267.jpg 400w, https:\/\/katolicka-gimnazija.hr\/wp-content\/uploads\/2018\/09\/42330796_680248032375148_3817171949759496192_o-430x287.jpg 430w, https:\/\/katolicka-gimnazija.hr\/wp-content\/uploads\/2018\/09\/42330796_680248032375148_3817171949759496192_o-150x100.jpg 150w, https:\/\/katolicka-gimnazija.hr\/wp-content\/uploads\/2018\/09\/42330796_680248032375148_3817171949759496192_o-100x67.jpg 100w, https:\/\/katolicka-gimnazija.hr\/wp-content\/uploads\/2018\/09\/42330796_680248032375148_3817171949759496192_o.jpg 1969w\" sizes=\"auto, (max-width: 300px) 100vw, 300px\" \/><\/a>\n\t\t\t<\/div><\/figure><figure class='gallery-item'>\n\t\t\t<div class='gallery-icon landscape'>\n\t\t\t\t<a href='https:\/\/katolicka-gimnazija.hr\/wp-content\/uploads\/2018\/09\/42443899_680247169041901_8529717853429956608_o.jpg'><img loading=\"lazy\" decoding=\"async\" width=\"300\" height=\"200\" src=\"https:\/\/katolicka-gimnazija.hr\/wp-content\/uploads\/2018\/09\/42443899_680247169041901_8529717853429956608_o-300x200.jpg\" class=\"attachment-medium size-medium\" alt=\"\" srcset=\"https:\/\/katolicka-gimnazija.hr\/wp-content\/uploads\/2018\/09\/42443899_680247169041901_8529717853429956608_o-300x200.jpg 300w, https:\/\/katolicka-gimnazija.hr\/wp-content\/uploads\/2018\/09\/42443899_680247169041901_8529717853429956608_o-768x512.jpg 768w, https:\/\/katolicka-gimnazija.hr\/wp-content\/uploads\/2018\/09\/42443899_680247169041901_8529717853429956608_o-1024x683.jpg 1024w, https:\/\/katolicka-gimnazija.hr\/wp-content\/uploads\/2018\/09\/42443899_680247169041901_8529717853429956608_o-360x240.jpg 360w, https:\/\/katolicka-gimnazija.hr\/wp-content\/uploads\/2018\/09\/42443899_680247169041901_8529717853429956608_o-750x500.jpg 750w, https:\/\/katolicka-gimnazija.hr\/wp-content\/uploads\/2018\/09\/42443899_680247169041901_8529717853429956608_o-400x267.jpg 400w, https:\/\/katolicka-gimnazija.hr\/wp-content\/uploads\/2018\/09\/42443899_680247169041901_8529717853429956608_o-430x287.jpg 430w, https:\/\/katolicka-gimnazija.hr\/wp-content\/uploads\/2018\/09\/42443899_680247169041901_8529717853429956608_o-150x100.jpg 150w, https:\/\/katolicka-gimnazija.hr\/wp-content\/uploads\/2018\/09\/42443899_680247169041901_8529717853429956608_o-100x67.jpg 100w, https:\/\/katolicka-gimnazija.hr\/wp-content\/uploads\/2018\/09\/42443899_680247169041901_8529717853429956608_o.jpg 1969w\" sizes=\"auto, (max-width: 300px) 100vw, 300px\" \/><\/a>\n\t\t\t<\/div><\/figure>\n\t\t<\/div>\n\n","protected":false},"excerpt":{"rendered":"<p>Za nama je drugi slavljeni\u010dki duhovno-glazbeni susret Otvorite vrata Kristu koji se pro\u0161loga vikenda odr\u017eao na katedralnom trgu sv. Terezije. Nakon \u0161to su se dojmovi slegli svima koji su nastupali ili iz publike pratili, a ponosno mo\u017eemo re\u0107i da se radilo o velikom broju na\u0161ih u\u010denika bilo kao svira\u010da (Luka Prpi\u0107 na trubi, Mijo Radi\u0107 [&hellip;]<\/p>\n","protected":false},"author":2,"featured_media":13602,"comment_status":"closed","ping_status":"closed","sticky":false,"template":"","format":"standard","meta":{"footnotes":""},"categories":[207,4,212,2],"tags":[],"class_list":["post-13600","post","type-post","status-publish","format-standard","has-post-thumbnail","hentry","category-duhovno","category-fotogalerije","category-intervjui","category-vijesti"],"_links":{"self":[{"href":"https:\/\/katolicka-gimnazija.hr\/index.php\/wp-json\/wp\/v2\/posts\/13600","targetHints":{"allow":["GET"]}}],"collection":[{"href":"https:\/\/katolicka-gimnazija.hr\/index.php\/wp-json\/wp\/v2\/posts"}],"about":[{"href":"https:\/\/katolicka-gimnazija.hr\/index.php\/wp-json\/wp\/v2\/types\/post"}],"author":[{"embeddable":true,"href":"https:\/\/katolicka-gimnazija.hr\/index.php\/wp-json\/wp\/v2\/users\/2"}],"replies":[{"embeddable":true,"href":"https:\/\/katolicka-gimnazija.hr\/index.php\/wp-json\/wp\/v2\/comments?post=13600"}],"version-history":[{"count":4,"href":"https:\/\/katolicka-gimnazija.hr\/index.php\/wp-json\/wp\/v2\/posts\/13600\/revisions"}],"predecessor-version":[{"id":16059,"href":"https:\/\/katolicka-gimnazija.hr\/index.php\/wp-json\/wp\/v2\/posts\/13600\/revisions\/16059"}],"wp:featuredmedia":[{"embeddable":true,"href":"https:\/\/katolicka-gimnazija.hr\/index.php\/wp-json\/wp\/v2\/media\/13602"}],"wp:attachment":[{"href":"https:\/\/katolicka-gimnazija.hr\/index.php\/wp-json\/wp\/v2\/media?parent=13600"}],"wp:term":[{"taxonomy":"category","embeddable":true,"href":"https:\/\/katolicka-gimnazija.hr\/index.php\/wp-json\/wp\/v2\/categories?post=13600"},{"taxonomy":"post_tag","embeddable":true,"href":"https:\/\/katolicka-gimnazija.hr\/index.php\/wp-json\/wp\/v2\/tags?post=13600"}],"curies":[{"name":"wp","href":"https:\/\/api.w.org\/{rel}","templated":true}]}}