{"id":13695,"date":"2018-09-30T20:49:14","date_gmt":"2018-09-30T20:49:14","guid":{"rendered":"http:\/\/katolicka-gimnazija.hr\/?p=13695"},"modified":"2019-03-22T22:30:15","modified_gmt":"2019-03-22T22:30:15","slug":"13695","status":"publish","type":"post","link":"https:\/\/katolicka-gimnazija.hr\/index.php\/2018\/09\/30\/13695\/","title":{"rendered":"O Belliju i u Pazinskom kolegiju"},"content":{"rendered":"<p>Prvi \u0161kolski projekt\u00a0<em>Kako sa\u010duvati najmanjeg gu\u0161tera u Hrvatskoj<\/em>\u00a0davno je pre\u0161ao granice na\u0161e \u017eupanije i ve\u0107 do sada predstavljen je u nekoliko hrvatskih \u017eupanija i gradu Zagrebu. Tako je ovih dana putuju\u0107a izlo\u017eba i pri\u010da o\u00a0<em>ivanjskom rova\u0161u<\/em>\u00a0stigla i do sredi\u0161ta Istarske \u017eupanije, drevnoga Pazina. Naime, projekt je u sklopu &#8221;istarske turneje&#8221; prezentiran i u Klasi\u010dnoj gimnaziji s pravom javnosti u Pazinu, a predstavio ga je dobri poznavatelj ove problematike, biv\u0161i u\u010denik na\u0161e \u0161kole, Mario Jankovi\u0107, sada ve\u0107 student biologije i kemije na zagreba\u010dkom PMF-u. Ekipu KG-a koju su jo\u0161 \u010dinili i Teodora Sakoman, Marta Paponja, Danijel Bari\u0161i\u0107 i prof. Frano Bari\u0161i\u0107 primio je ravnatelj Pazinskog kolegija Alejandro Castillo Jimenez koji ih upoznao s prostorom njihove \u0161kole te predstavio \u0161kolskom kolektivu. Bilo je tu vremena i za obilazak ovog istarskog bisera \u0107emu svjedo\u010di i fotogalerija.<\/p>\n<div id='gallery-1' class='gallery galleryid-13695 gallery-columns-3 gallery-size-medium'><figure class='gallery-item'>\n\t\t\t<div class='gallery-icon portrait'>\n\t\t\t\t<a href='https:\/\/katolicka-gimnazija.hr\/wp-content\/uploads\/2018\/09\/42213581_2139884752697250_9216414524842704896_n.jpg'><img loading=\"lazy\" decoding=\"async\" width=\"200\" height=\"300\" src=\"https:\/\/katolicka-gimnazija.hr\/wp-content\/uploads\/2018\/09\/42213581_2139884752697250_9216414524842704896_n-200x300.jpg\" class=\"attachment-medium size-medium\" alt=\"\" srcset=\"https:\/\/katolicka-gimnazija.hr\/wp-content\/uploads\/2018\/09\/42213581_2139884752697250_9216414524842704896_n-200x300.jpg 200w, https:\/\/katolicka-gimnazija.hr\/wp-content\/uploads\/2018\/09\/42213581_2139884752697250_9216414524842704896_n-360x540.jpg 360w, https:\/\/katolicka-gimnazija.hr\/wp-content\/uploads\/2018\/09\/42213581_2139884752697250_9216414524842704896_n-400x600.jpg 400w, https:\/\/katolicka-gimnazija.hr\/wp-content\/uploads\/2018\/09\/42213581_2139884752697250_9216414524842704896_n-430x645.jpg 430w, https:\/\/katolicka-gimnazija.hr\/wp-content\/uploads\/2018\/09\/42213581_2139884752697250_9216414524842704896_n-150x225.jpg 150w, https:\/\/katolicka-gimnazija.hr\/wp-content\/uploads\/2018\/09\/42213581_2139884752697250_9216414524842704896_n-100x150.jpg 100w, https:\/\/katolicka-gimnazija.hr\/wp-content\/uploads\/2018\/09\/42213581_2139884752697250_9216414524842704896_n.jpg 480w\" sizes=\"auto, (max-width: 200px) 100vw, 200px\" \/><\/a>\n\t\t\t<\/div><\/figure><figure class='gallery-item'>\n\t\t\t<div class='gallery-icon portrait'>\n\t\t\t\t<a href='https:\/\/katolicka-gimnazija.hr\/wp-content\/uploads\/2018\/09\/42182332_2139884419363950_1458246855618985984_n.jpg'><img loading=\"lazy\" decoding=\"async\" width=\"200\" height=\"300\" src=\"https:\/\/katolicka-gimnazija.hr\/wp-content\/uploads\/2018\/09\/42182332_2139884419363950_1458246855618985984_n-200x300.jpg\" class=\"attachment-medium size-medium\" alt=\"\" srcset=\"https:\/\/katolicka-gimnazija.hr\/wp-content\/uploads\/2018\/09\/42182332_2139884419363950_1458246855618985984_n-200x300.jpg 200w, https:\/\/katolicka-gimnazija.hr\/wp-content\/uploads\/2018\/09\/42182332_2139884419363950_1458246855618985984_n-360x540.jpg 360w, https:\/\/katolicka-gimnazija.hr\/wp-content\/uploads\/2018\/09\/42182332_2139884419363950_1458246855618985984_n-400x600.jpg 400w, https:\/\/katolicka-gimnazija.hr\/wp-content\/uploads\/2018\/09\/42182332_2139884419363950_1458246855618985984_n-430x645.jpg 430w, https:\/\/katolicka-gimnazija.hr\/wp-content\/uploads\/2018\/09\/42182332_2139884419363950_1458246855618985984_n-150x225.jpg 150w, https:\/\/katolicka-gimnazija.hr\/wp-content\/uploads\/2018\/09\/42182332_2139884419363950_1458246855618985984_n-100x150.jpg 100w, https:\/\/katolicka-gimnazija.hr\/wp-content\/uploads\/2018\/09\/42182332_2139884419363950_1458246855618985984_n.jpg 480w\" sizes=\"auto, (max-width: 200px) 100vw, 200px\" \/><\/a>\n\t\t\t<\/div><\/figure><figure class='gallery-item'>\n\t\t\t<div class='gallery-icon landscape'>\n\t\t\t\t<a href='https:\/\/katolicka-gimnazija.hr\/wp-content\/uploads\/2018\/09\/42244386_2139884122697313_5589220703846006784_n.jpg'><img loading=\"lazy\" decoding=\"async\" width=\"300\" height=\"200\" src=\"https:\/\/katolicka-gimnazija.hr\/wp-content\/uploads\/2018\/09\/42244386_2139884122697313_5589220703846006784_n-300x200.jpg\" class=\"attachment-medium size-medium\" alt=\"\" srcset=\"https:\/\/katolicka-gimnazija.hr\/wp-content\/uploads\/2018\/09\/42244386_2139884122697313_5589220703846006784_n-300x200.jpg 300w, https:\/\/katolicka-gimnazija.hr\/wp-content\/uploads\/2018\/09\/42244386_2139884122697313_5589220703846006784_n-360x240.jpg 360w, https:\/\/katolicka-gimnazija.hr\/wp-content\/uploads\/2018\/09\/42244386_2139884122697313_5589220703846006784_n-400x267.jpg 400w, https:\/\/katolicka-gimnazija.hr\/wp-content\/uploads\/2018\/09\/42244386_2139884122697313_5589220703846006784_n-430x287.jpg 430w, https:\/\/katolicka-gimnazija.hr\/wp-content\/uploads\/2018\/09\/42244386_2139884122697313_5589220703846006784_n-150x100.jpg 150w, https:\/\/katolicka-gimnazija.hr\/wp-content\/uploads\/2018\/09\/42244386_2139884122697313_5589220703846006784_n-100x67.jpg 100w, https:\/\/katolicka-gimnazija.hr\/wp-content\/uploads\/2018\/09\/42244386_2139884122697313_5589220703846006784_n.jpg 720w\" sizes=\"auto, (max-width: 300px) 100vw, 300px\" \/><\/a>\n\t\t\t<\/div><\/figure><figure class='gallery-item'>\n\t\t\t<div class='gallery-icon landscape'>\n\t\t\t\t<a href='https:\/\/katolicka-gimnazija.hr\/wp-content\/uploads\/2018\/09\/42263353_2139885129363879_1669898647782817792_n.jpg'><img loading=\"lazy\" decoding=\"async\" width=\"300\" height=\"200\" src=\"https:\/\/katolicka-gimnazija.hr\/wp-content\/uploads\/2018\/09\/42263353_2139885129363879_1669898647782817792_n-300x200.jpg\" class=\"attachment-medium size-medium\" alt=\"\" srcset=\"https:\/\/katolicka-gimnazija.hr\/wp-content\/uploads\/2018\/09\/42263353_2139885129363879_1669898647782817792_n-300x200.jpg 300w, https:\/\/katolicka-gimnazija.hr\/wp-content\/uploads\/2018\/09\/42263353_2139885129363879_1669898647782817792_n-360x240.jpg 360w, https:\/\/katolicka-gimnazija.hr\/wp-content\/uploads\/2018\/09\/42263353_2139885129363879_1669898647782817792_n-400x267.jpg 400w, https:\/\/katolicka-gimnazija.hr\/wp-content\/uploads\/2018\/09\/42263353_2139885129363879_1669898647782817792_n-430x287.jpg 430w, https:\/\/katolicka-gimnazija.hr\/wp-content\/uploads\/2018\/09\/42263353_2139885129363879_1669898647782817792_n-150x100.jpg 150w, https:\/\/katolicka-gimnazija.hr\/wp-content\/uploads\/2018\/09\/42263353_2139885129363879_1669898647782817792_n-100x67.jpg 100w, https:\/\/katolicka-gimnazija.hr\/wp-content\/uploads\/2018\/09\/42263353_2139885129363879_1669898647782817792_n.jpg 720w\" sizes=\"auto, (max-width: 300px) 100vw, 300px\" \/><\/a>\n\t\t\t<\/div><\/figure><figure class='gallery-item'>\n\t\t\t<div class='gallery-icon landscape'>\n\t\t\t\t<a href='https:\/\/katolicka-gimnazija.hr\/wp-content\/uploads\/2018\/09\/42241116_2139884146030644_5439981714275303424_n.jpg'><img loading=\"lazy\" decoding=\"async\" width=\"300\" height=\"200\" src=\"https:\/\/katolicka-gimnazija.hr\/wp-content\/uploads\/2018\/09\/42241116_2139884146030644_5439981714275303424_n-300x200.jpg\" class=\"attachment-medium size-medium\" alt=\"\" srcset=\"https:\/\/katolicka-gimnazija.hr\/wp-content\/uploads\/2018\/09\/42241116_2139884146030644_5439981714275303424_n-300x200.jpg 300w, https:\/\/katolicka-gimnazija.hr\/wp-content\/uploads\/2018\/09\/42241116_2139884146030644_5439981714275303424_n-360x240.jpg 360w, https:\/\/katolicka-gimnazija.hr\/wp-content\/uploads\/2018\/09\/42241116_2139884146030644_5439981714275303424_n-400x267.jpg 400w, https:\/\/katolicka-gimnazija.hr\/wp-content\/uploads\/2018\/09\/42241116_2139884146030644_5439981714275303424_n-430x287.jpg 430w, https:\/\/katolicka-gimnazija.hr\/wp-content\/uploads\/2018\/09\/42241116_2139884146030644_5439981714275303424_n-150x100.jpg 150w, https:\/\/katolicka-gimnazija.hr\/wp-content\/uploads\/2018\/09\/42241116_2139884146030644_5439981714275303424_n-100x67.jpg 100w, https:\/\/katolicka-gimnazija.hr\/wp-content\/uploads\/2018\/09\/42241116_2139884146030644_5439981714275303424_n.jpg 720w\" sizes=\"auto, (max-width: 300px) 100vw, 300px\" \/><\/a>\n\t\t\t<\/div><\/figure><figure class='gallery-item'>\n\t\t\t<div class='gallery-icon landscape'>\n\t\t\t\t<a href='https:\/\/katolicka-gimnazija.hr\/wp-content\/uploads\/2018\/09\/42240165_2139885116030547_3844368378462470144_n.jpg'><img loading=\"lazy\" decoding=\"async\" width=\"300\" height=\"200\" src=\"https:\/\/katolicka-gimnazija.hr\/wp-content\/uploads\/2018\/09\/42240165_2139885116030547_3844368378462470144_n-300x200.jpg\" class=\"attachment-medium size-medium\" alt=\"\" srcset=\"https:\/\/katolicka-gimnazija.hr\/wp-content\/uploads\/2018\/09\/42240165_2139885116030547_3844368378462470144_n-300x200.jpg 300w, https:\/\/katolicka-gimnazija.hr\/wp-content\/uploads\/2018\/09\/42240165_2139885116030547_3844368378462470144_n-360x240.jpg 360w, https:\/\/katolicka-gimnazija.hr\/wp-content\/uploads\/2018\/09\/42240165_2139885116030547_3844368378462470144_n-400x267.jpg 400w, https:\/\/katolicka-gimnazija.hr\/wp-content\/uploads\/2018\/09\/42240165_2139885116030547_3844368378462470144_n-430x287.jpg 430w, https:\/\/katolicka-gimnazija.hr\/wp-content\/uploads\/2018\/09\/42240165_2139885116030547_3844368378462470144_n-150x100.jpg 150w, https:\/\/katolicka-gimnazija.hr\/wp-content\/uploads\/2018\/09\/42240165_2139885116030547_3844368378462470144_n-100x67.jpg 100w, https:\/\/katolicka-gimnazija.hr\/wp-content\/uploads\/2018\/09\/42240165_2139885116030547_3844368378462470144_n.jpg 720w\" sizes=\"auto, (max-width: 300px) 100vw, 300px\" \/><\/a>\n\t\t\t<\/div><\/figure><figure class='gallery-item'>\n\t\t\t<div class='gallery-icon landscape'>\n\t\t\t\t<a href='https:\/\/katolicka-gimnazija.hr\/wp-content\/uploads\/2018\/09\/42248998_2139884639363928_5375805217721810944_n.jpg'><img loading=\"lazy\" decoding=\"async\" width=\"300\" height=\"200\" src=\"https:\/\/katolicka-gimnazija.hr\/wp-content\/uploads\/2018\/09\/42248998_2139884639363928_5375805217721810944_n-300x200.jpg\" class=\"attachment-medium size-medium\" alt=\"\" srcset=\"https:\/\/katolicka-gimnazija.hr\/wp-content\/uploads\/2018\/09\/42248998_2139884639363928_5375805217721810944_n-300x200.jpg 300w, https:\/\/katolicka-gimnazija.hr\/wp-content\/uploads\/2018\/09\/42248998_2139884639363928_5375805217721810944_n-360x240.jpg 360w, https:\/\/katolicka-gimnazija.hr\/wp-content\/uploads\/2018\/09\/42248998_2139884639363928_5375805217721810944_n-400x267.jpg 400w, https:\/\/katolicka-gimnazija.hr\/wp-content\/uploads\/2018\/09\/42248998_2139884639363928_5375805217721810944_n-430x287.jpg 430w, https:\/\/katolicka-gimnazija.hr\/wp-content\/uploads\/2018\/09\/42248998_2139884639363928_5375805217721810944_n-150x100.jpg 150w, https:\/\/katolicka-gimnazija.hr\/wp-content\/uploads\/2018\/09\/42248998_2139884639363928_5375805217721810944_n-100x67.jpg 100w, https:\/\/katolicka-gimnazija.hr\/wp-content\/uploads\/2018\/09\/42248998_2139884639363928_5375805217721810944_n.jpg 720w\" sizes=\"auto, (max-width: 300px) 100vw, 300px\" \/><\/a>\n\t\t\t<\/div><\/figure><figure class='gallery-item'>\n\t\t\t<div class='gallery-icon landscape'>\n\t\t\t\t<a href='https:\/\/katolicka-gimnazija.hr\/wp-content\/uploads\/2018\/09\/42322619_2139885489363843_2223659982530805760_n.jpg'><img loading=\"lazy\" decoding=\"async\" width=\"300\" height=\"200\" src=\"https:\/\/katolicka-gimnazija.hr\/wp-content\/uploads\/2018\/09\/42322619_2139885489363843_2223659982530805760_n-300x200.jpg\" class=\"attachment-medium size-medium\" alt=\"\" srcset=\"https:\/\/katolicka-gimnazija.hr\/wp-content\/uploads\/2018\/09\/42322619_2139885489363843_2223659982530805760_n-300x200.jpg 300w, https:\/\/katolicka-gimnazija.hr\/wp-content\/uploads\/2018\/09\/42322619_2139885489363843_2223659982530805760_n-360x240.jpg 360w, https:\/\/katolicka-gimnazija.hr\/wp-content\/uploads\/2018\/09\/42322619_2139885489363843_2223659982530805760_n-400x267.jpg 400w, https:\/\/katolicka-gimnazija.hr\/wp-content\/uploads\/2018\/09\/42322619_2139885489363843_2223659982530805760_n-430x287.jpg 430w, https:\/\/katolicka-gimnazija.hr\/wp-content\/uploads\/2018\/09\/42322619_2139885489363843_2223659982530805760_n-150x100.jpg 150w, https:\/\/katolicka-gimnazija.hr\/wp-content\/uploads\/2018\/09\/42322619_2139885489363843_2223659982530805760_n-100x67.jpg 100w, https:\/\/katolicka-gimnazija.hr\/wp-content\/uploads\/2018\/09\/42322619_2139885489363843_2223659982530805760_n.jpg 720w\" sizes=\"auto, (max-width: 300px) 100vw, 300px\" \/><\/a>\n\t\t\t<\/div><\/figure><figure class='gallery-item'>\n\t\t\t<div class='gallery-icon landscape'>\n\t\t\t\t<a href='https:\/\/katolicka-gimnazija.hr\/wp-content\/uploads\/2018\/09\/42231067_2139884166030642_7551461544786132992_n.jpg'><img loading=\"lazy\" decoding=\"async\" width=\"300\" height=\"200\" src=\"https:\/\/katolicka-gimnazija.hr\/wp-content\/uploads\/2018\/09\/42231067_2139884166030642_7551461544786132992_n-300x200.jpg\" class=\"attachment-medium size-medium\" alt=\"\" srcset=\"https:\/\/katolicka-gimnazija.hr\/wp-content\/uploads\/2018\/09\/42231067_2139884166030642_7551461544786132992_n-300x200.jpg 300w, https:\/\/katolicka-gimnazija.hr\/wp-content\/uploads\/2018\/09\/42231067_2139884166030642_7551461544786132992_n-360x240.jpg 360w, https:\/\/katolicka-gimnazija.hr\/wp-content\/uploads\/2018\/09\/42231067_2139884166030642_7551461544786132992_n-400x267.jpg 400w, https:\/\/katolicka-gimnazija.hr\/wp-content\/uploads\/2018\/09\/42231067_2139884166030642_7551461544786132992_n-430x287.jpg 430w, https:\/\/katolicka-gimnazija.hr\/wp-content\/uploads\/2018\/09\/42231067_2139884166030642_7551461544786132992_n-150x100.jpg 150w, https:\/\/katolicka-gimnazija.hr\/wp-content\/uploads\/2018\/09\/42231067_2139884166030642_7551461544786132992_n-100x67.jpg 100w, https:\/\/katolicka-gimnazija.hr\/wp-content\/uploads\/2018\/09\/42231067_2139884166030642_7551461544786132992_n.jpg 720w\" sizes=\"auto, (max-width: 300px) 100vw, 300px\" \/><\/a>\n\t\t\t<\/div><\/figure>\n\t\t<\/div>\n\n<p>&nbsp;<\/p>\n","protected":false},"excerpt":{"rendered":"<p>Prvi \u0161kolski projekt\u00a0Kako sa\u010duvati najmanjeg gu\u0161tera u Hrvatskoj\u00a0davno je pre\u0161ao granice na\u0161e \u017eupanije i ve\u0107 do sada predstavljen je u nekoliko hrvatskih \u017eupanija i gradu Zagrebu. Tako je ovih dana putuju\u0107a izlo\u017eba i pri\u010da o\u00a0ivanjskom rova\u0161u\u00a0stigla i do sredi\u0161ta Istarske \u017eupanije, drevnoga Pazina. Naime, projekt je u sklopu &#8221;istarske turneje&#8221; prezentiran i u Klasi\u010dnoj gimnaziji [&hellip;]<\/p>\n","protected":false},"author":2,"featured_media":13704,"comment_status":"closed","ping_status":"closed","sticky":false,"template":"","format":"standard","meta":{"footnotes":""},"categories":[4,211,2],"tags":[],"class_list":["post-13695","post","type-post","status-publish","format-standard","has-post-thumbnail","hentry","category-fotogalerije","category-predavanja","category-vijesti"],"_links":{"self":[{"href":"https:\/\/katolicka-gimnazija.hr\/index.php\/wp-json\/wp\/v2\/posts\/13695","targetHints":{"allow":["GET"]}}],"collection":[{"href":"https:\/\/katolicka-gimnazija.hr\/index.php\/wp-json\/wp\/v2\/posts"}],"about":[{"href":"https:\/\/katolicka-gimnazija.hr\/index.php\/wp-json\/wp\/v2\/types\/post"}],"author":[{"embeddable":true,"href":"https:\/\/katolicka-gimnazija.hr\/index.php\/wp-json\/wp\/v2\/users\/2"}],"replies":[{"embeddable":true,"href":"https:\/\/katolicka-gimnazija.hr\/index.php\/wp-json\/wp\/v2\/comments?post=13695"}],"version-history":[{"count":5,"href":"https:\/\/katolicka-gimnazija.hr\/index.php\/wp-json\/wp\/v2\/posts\/13695\/revisions"}],"predecessor-version":[{"id":16058,"href":"https:\/\/katolicka-gimnazija.hr\/index.php\/wp-json\/wp\/v2\/posts\/13695\/revisions\/16058"}],"wp:featuredmedia":[{"embeddable":true,"href":"https:\/\/katolicka-gimnazija.hr\/index.php\/wp-json\/wp\/v2\/media\/13704"}],"wp:attachment":[{"href":"https:\/\/katolicka-gimnazija.hr\/index.php\/wp-json\/wp\/v2\/media?parent=13695"}],"wp:term":[{"taxonomy":"category","embeddable":true,"href":"https:\/\/katolicka-gimnazija.hr\/index.php\/wp-json\/wp\/v2\/categories?post=13695"},{"taxonomy":"post_tag","embeddable":true,"href":"https:\/\/katolicka-gimnazija.hr\/index.php\/wp-json\/wp\/v2\/tags?post=13695"}],"curies":[{"name":"wp","href":"https:\/\/api.w.org\/{rel}","templated":true}]}}