{"id":13885,"date":"2018-10-17T15:20:47","date_gmt":"2018-10-17T15:20:47","guid":{"rendered":"http:\/\/katolicka-gimnazija.hr\/?p=13885"},"modified":"2018-12-28T13:08:19","modified_gmt":"2018-12-28T13:08:19","slug":"dan-skole-2018","status":"publish","type":"post","link":"https:\/\/katolicka-gimnazija.hr\/index.php\/2018\/10\/17\/dan-skole-2018\/","title":{"rendered":"Dolazak"},"content":{"rendered":"<p>Bu\u010dno najavljivan, sveprisutno reklamiran i ove nam 2018. mo\u0107na ma\u0161inerija profita i konz<a href=\"http:\/\/katolicka-gimnazija.hr\/wp-content\/uploads\/2018\/10\/bebek2.jpg\"><img loading=\"lazy\" decoding=\"async\" class=\"alignright wp-image-14296 size-medium\" src=\"http:\/\/katolicka-gimnazija.hr\/wp-content\/uploads\/2018\/10\/bebek2-240x300.jpg\" alt=\"bebek2\" width=\"240\" height=\"300\" srcset=\"https:\/\/katolicka-gimnazija.hr\/wp-content\/uploads\/2018\/10\/bebek2-240x300.jpg 240w, https:\/\/katolicka-gimnazija.hr\/wp-content\/uploads\/2018\/10\/bebek2-768x960.jpg 768w, https:\/\/katolicka-gimnazija.hr\/wp-content\/uploads\/2018\/10\/bebek2-819x1024.jpg 819w, https:\/\/katolicka-gimnazija.hr\/wp-content\/uploads\/2018\/10\/bebek2-360x450.jpg 360w, https:\/\/katolicka-gimnazija.hr\/wp-content\/uploads\/2018\/10\/bebek2-750x938.jpg 750w, https:\/\/katolicka-gimnazija.hr\/wp-content\/uploads\/2018\/10\/bebek2-400x500.jpg 400w, https:\/\/katolicka-gimnazija.hr\/wp-content\/uploads\/2018\/10\/bebek2-430x538.jpg 430w, https:\/\/katolicka-gimnazija.hr\/wp-content\/uploads\/2018\/10\/bebek2-150x188.jpg 150w, https:\/\/katolicka-gimnazija.hr\/wp-content\/uploads\/2018\/10\/bebek2-100x125.jpg 100w, https:\/\/katolicka-gimnazija.hr\/wp-content\/uploads\/2018\/10\/bebek2.jpg 1200w\" sizes=\"auto, (max-width: 240px) 100vw, 240px\" \/><\/a>umerizma objavljuje da se <em>bli\u017ei vrijeme blago.<\/em><\/p>\n<p>Ne znam u koju bi se danas \u0161talicu, preno\u010di\u0161te, gostinjac smjestio na\u0161 Spasitelj a da to ne bude objavljeno na fejsu, Viberu, WhatsAppu, Instagramu\u2026pa da postane viralan, prisutan, poznat, influencer. I dakako, da postane objekt bezbrojnih \u201elajkanja\u201c i svakojakih komentara.<\/p>\n<p>Da se odmah razumijemo, nisam neprijatelj veselja, radosti, \u0161arenila, smijeha i buke. I moj Spasitelj nije donio bilo kakvu vijest \u2013 donio je i donosi nam, pru\u017ea i nudi Radosnu vijest. Ali ne staje na tome! \u017deli da i mi svojim pristajanjem (<em>fiat) <\/em>budemo radosna vijest.<\/p>\n<p>Dobro je i lijepo u\u0107i u to lepr\u0161avo, bajkovito vrijeme (tako nam ga serviraju!) adventa, ali ne bi bilo dovoljno ako sami od sebe ne zatra\u017eimo i korak vi\u0161e. U tome i jest, po meni, sva jednostavnost na\u0161eg katoli\u010dkog\/vjerni\u010dkog opredjeljenja. Ako mi netko dolazi, taj je ve\u0107 napravio korak, pretvorio namjeru u djelo. \u0160to je s mojim korakom gostoprimstva? Jesam li spreman biti doma\u0107inom svom dolaze\u0107em Spasitelju?<\/p>\n<p><!--more--><\/p>\n<p>A \u0161to \u0107e dobar doma\u0107in nego potruditi se oko gosta, poku\u0161ati (pred)vidjeti navike, \u017eelje i sklonosti onoga koga ugo\u0161\u0107uje. Ho\u0107e li doma\u0107in po\u010distiti, provjetriti i ukrasiti prostor u kojem ugo\u0161\u0107uje? Ho\u0107e li pripremiti dobrog i biranog jela i pi\u0107a?<\/p>\n<p>Veselite se i budite razdragana djeca nade! Budite dio ovoga svijeta! Ali na zaboravite gostinjskih odaja svoje du\u0161e u ovo adventsko vrijeme! Prostrimo jaslice svojih dobrih djela, stvorimo ozra\u010dje svetosti, osigurajmo topli dom na\u0161em novoro\u0111enom Bo\u017ei\u0107u!<\/p>\n<p style=\"text-align: center;\"><em>Ve\u0107 se bli\u017ei onaj \u010das kad \u0107e izi\u0107 Sunce drago, svanut svemu svijetu spas.<\/em><\/p>\n<p style=\"text-align: right;\">Laudetur Iesus Christus!<\/p>\n<p style=\"text-align: right;\">Ravnatelj<\/p>\n<p>&nbsp;<\/p>\n<p>&nbsp;<\/p>\n<p>&nbsp;<\/p>\n<p>&nbsp;  <\/p>\n","protected":false},"excerpt":{"rendered":"<p>Bu\u010dno najavljivan, sveprisutno reklamiran i ove nam 2018. mo\u0107na ma\u0161inerija profita i konzumerizma objavljuje da se bli\u017ei vrijeme blago. Ne znam u koju bi se danas \u0161talicu, preno\u010di\u0161te, gostinjac smjestio na\u0161 Spasitelj a da to ne bude objavljeno na fejsu, Viberu, WhatsAppu, Instagramu\u2026pa da postane viralan, prisutan, poznat, influencer. I dakako, da postane objekt bezbrojnih [&hellip;]<\/p>\n","protected":false},"author":2,"featured_media":14296,"comment_status":"closed","ping_status":"closed","sticky":false,"template":"","format":"standard","meta":{"footnotes":""},"categories":[179],"tags":[],"class_list":["post-13885","post","type-post","status-publish","format-standard","has-post-thumbnail","hentry","category-rijec-ravnatelja"],"_links":{"self":[{"href":"https:\/\/katolicka-gimnazija.hr\/index.php\/wp-json\/wp\/v2\/posts\/13885","targetHints":{"allow":["GET"]}}],"collection":[{"href":"https:\/\/katolicka-gimnazija.hr\/index.php\/wp-json\/wp\/v2\/posts"}],"about":[{"href":"https:\/\/katolicka-gimnazija.hr\/index.php\/wp-json\/wp\/v2\/types\/post"}],"author":[{"embeddable":true,"href":"https:\/\/katolicka-gimnazija.hr\/index.php\/wp-json\/wp\/v2\/users\/2"}],"replies":[{"embeddable":true,"href":"https:\/\/katolicka-gimnazija.hr\/index.php\/wp-json\/wp\/v2\/comments?post=13885"}],"version-history":[{"count":17,"href":"https:\/\/katolicka-gimnazija.hr\/index.php\/wp-json\/wp\/v2\/posts\/13885\/revisions"}],"predecessor-version":[{"id":14620,"href":"https:\/\/katolicka-gimnazija.hr\/index.php\/wp-json\/wp\/v2\/posts\/13885\/revisions\/14620"}],"wp:featuredmedia":[{"embeddable":true,"href":"https:\/\/katolicka-gimnazija.hr\/index.php\/wp-json\/wp\/v2\/media\/14296"}],"wp:attachment":[{"href":"https:\/\/katolicka-gimnazija.hr\/index.php\/wp-json\/wp\/v2\/media?parent=13885"}],"wp:term":[{"taxonomy":"category","embeddable":true,"href":"https:\/\/katolicka-gimnazija.hr\/index.php\/wp-json\/wp\/v2\/categories?post=13885"},{"taxonomy":"post_tag","embeddable":true,"href":"https:\/\/katolicka-gimnazija.hr\/index.php\/wp-json\/wp\/v2\/tags?post=13885"}],"curies":[{"name":"wp","href":"https:\/\/api.w.org\/{rel}","templated":true}]}}