{"id":14125,"date":"2018-11-14T17:20:39","date_gmt":"2018-11-14T17:20:39","guid":{"rendered":"http:\/\/katolicka-gimnazija.hr\/?p=14125"},"modified":"2018-12-28T13:03:11","modified_gmt":"2018-12-28T13:03:11","slug":"zakljucci-s-1-sjednice-razrednog-vijeca-razrednog","status":"publish","type":"post","link":"https:\/\/katolicka-gimnazija.hr\/index.php\/2018\/11\/14\/zakljucci-s-1-sjednice-razrednog-vijeca-razrednog\/","title":{"rendered":"Zaklju\u010dci s 1. sjednice Razrednog vije\u0107a razrednog"},"content":{"rendered":"<p>Zaklju\u010dci s 1. sjednice Razrednog vije\u0107a razrednog odjela 4.b u \u0161kolskoj godini 2018.\/2019. odr\u017eane 5. studenoga 2018. godine:<\/p>\n<p>\u2022 Usvaja se Zapisnik s prethodne sjednice Razrednog vije\u0107a odr\u017eane 27. kolovoza 2018. godine.<\/p>\n<p>\u2022 Izri\u010de se pedago\u0161ka mjera ukora u\u010deniku 4.b razrednog odjela zbog te\u017eeg neprihvatljivog pona\u0161anja.<\/p>\n<p>\u2022 Predla\u017ee se druk\u010diji raspored sati jedan dan u tjednu kad se planira realizirati izvanu\u010dioni\u010dka nastava \u2013 \u0161kolski izlet u Zagrebu u studenome 2018. godine.  <\/p>\n","protected":false},"excerpt":{"rendered":"<p>Zaklju\u010dci s 1. sjednice Razrednog vije\u0107a razrednog odjela 4.b u \u0161kolskoj godini 2018.\/2019. odr\u017eane 5. studenoga 2018. godine: \u2022 Usvaja se Zapisnik s prethodne sjednice Razrednog vije\u0107a odr\u017eane 27. kolovoza 2018. godine. \u2022 Izri\u010de se pedago\u0161ka mjera ukora u\u010deniku 4.b razrednog odjela zbog te\u017eeg neprihvatljivog pona\u0161anja. \u2022 Predla\u017ee se druk\u010diji raspored sati jedan dan u [&hellip;]<\/p>\n","protected":false},"author":1,"featured_media":0,"comment_status":"closed","ping_status":"closed","sticky":false,"template":"","format":"standard","meta":{"footnotes":""},"categories":[2],"tags":[],"class_list":["post-14125","post","type-post","status-publish","format-standard","hentry","category-vijesti"],"_links":{"self":[{"href":"https:\/\/katolicka-gimnazija.hr\/index.php\/wp-json\/wp\/v2\/posts\/14125","targetHints":{"allow":["GET"]}}],"collection":[{"href":"https:\/\/katolicka-gimnazija.hr\/index.php\/wp-json\/wp\/v2\/posts"}],"about":[{"href":"https:\/\/katolicka-gimnazija.hr\/index.php\/wp-json\/wp\/v2\/types\/post"}],"author":[{"embeddable":true,"href":"https:\/\/katolicka-gimnazija.hr\/index.php\/wp-json\/wp\/v2\/users\/1"}],"replies":[{"embeddable":true,"href":"https:\/\/katolicka-gimnazija.hr\/index.php\/wp-json\/wp\/v2\/comments?post=14125"}],"version-history":[{"count":2,"href":"https:\/\/katolicka-gimnazija.hr\/index.php\/wp-json\/wp\/v2\/posts\/14125\/revisions"}],"predecessor-version":[{"id":14599,"href":"https:\/\/katolicka-gimnazija.hr\/index.php\/wp-json\/wp\/v2\/posts\/14125\/revisions\/14599"}],"wp:attachment":[{"href":"https:\/\/katolicka-gimnazija.hr\/index.php\/wp-json\/wp\/v2\/media?parent=14125"}],"wp:term":[{"taxonomy":"category","embeddable":true,"href":"https:\/\/katolicka-gimnazija.hr\/index.php\/wp-json\/wp\/v2\/categories?post=14125"},{"taxonomy":"post_tag","embeddable":true,"href":"https:\/\/katolicka-gimnazija.hr\/index.php\/wp-json\/wp\/v2\/tags?post=14125"}],"curies":[{"name":"wp","href":"https:\/\/api.w.org\/{rel}","templated":true}]}}