{"id":14126,"date":"2018-11-14T17:21:07","date_gmt":"2018-11-14T17:21:07","guid":{"rendered":"http:\/\/katolicka-gimnazija.hr\/?p=14126"},"modified":"2018-12-28T13:03:03","modified_gmt":"2018-12-28T13:03:03","slug":"zakljucci-s-2-sjednice-razrednog-vijeca-2","status":"publish","type":"post","link":"https:\/\/katolicka-gimnazija.hr\/index.php\/2018\/11\/14\/zakljucci-s-2-sjednice-razrednog-vijeca-2\/","title":{"rendered":"Zaklju\u010dci s 2. sjednice Razrednog vije\u0107a"},"content":{"rendered":"<p>Zaklju\u010dci s 2. sjednice Razrednog vije\u0107a razrednih odjela 1.a, 1.b, 2.a, 2.b, 3.a, 3.b, 4.a i 4.b u \u0161kolskoj godini 2017.\/2018. odr\u017eane 22. prosinca 2017. godine:<\/p>\n<p>\u2022 Usvaja se Zapisnik s prethodne sjednice Razrednog vije\u0107a odr\u017eane 3. studenoga 2017. godine.<\/p>\n<p>\u2022 Analizira se odgoj i obrazovanje u\u010denika u prvom polugodi\u0161tu \u0161kolske godine 2017.\/2018.: broj u\u010denika s obzirom na ispisane i upisane u\u010denike, izostanci, izre\u010dene pedago\u0161ke mjere, me\u0111usobna suradnja u razredu, nedovoljne ocjene, obiteljska situacija pojedinih u\u010denika, u\u010denici koji ostvaruju bolje rezultate u odnosu na prethodnu \u0161kolsku godinu i drugo.<br \/>\nDogovaraju se radionice na temu postizanja me\u0111usobne suradnje u razredu koju \u0107e provesti stru\u010dne suradnice Katoli\u010dke gimnazije s pravom javnosti.<\/p>\n<p>\u2022 Izri\u010de se pedago\u0161ka mjera ukora dvojici u\u010denika 4. razreda zbog neopravdanog izostanka.<\/p>\n<p>\u2022 Pozvalo se na poticanje u\u010denika koji su zavr\u0161ili Katoli\u010dku gimnaziju s pravom javnosti na tradicionalni susret prijatelja Katoli\u010dke gimnazije s pravom javnosti koji se odr\u017eava krajem godine.<br \/>\nInformiralo se o duhovnoj obnovi, odnosno susretu djelatnika katoli\u010dkih \u0161kola Po\u017ee\u0161ke biskupije pred po\u010detak drugog polugodi\u0161ta \u0161kolske godine 2017.\/2018.  <\/p>\n","protected":false},"excerpt":{"rendered":"<p>Zaklju\u010dci s 2. sjednice Razrednog vije\u0107a razrednih odjela 1.a, 1.b, 2.a, 2.b, 3.a, 3.b, 4.a i 4.b u \u0161kolskoj godini 2017.\/2018. odr\u017eane 22. prosinca 2017. godine: \u2022 Usvaja se Zapisnik s prethodne sjednice Razrednog vije\u0107a odr\u017eane 3. studenoga 2017. godine. \u2022 Analizira se odgoj i obrazovanje u\u010denika u prvom polugodi\u0161tu \u0161kolske godine 2017.\/2018.: broj u\u010denika [&hellip;]<\/p>\n","protected":false},"author":1,"featured_media":0,"comment_status":"closed","ping_status":"closed","sticky":false,"template":"","format":"standard","meta":{"footnotes":""},"categories":[2],"tags":[],"class_list":["post-14126","post","type-post","status-publish","format-standard","hentry","category-vijesti"],"_links":{"self":[{"href":"https:\/\/katolicka-gimnazija.hr\/index.php\/wp-json\/wp\/v2\/posts\/14126","targetHints":{"allow":["GET"]}}],"collection":[{"href":"https:\/\/katolicka-gimnazija.hr\/index.php\/wp-json\/wp\/v2\/posts"}],"about":[{"href":"https:\/\/katolicka-gimnazija.hr\/index.php\/wp-json\/wp\/v2\/types\/post"}],"author":[{"embeddable":true,"href":"https:\/\/katolicka-gimnazija.hr\/index.php\/wp-json\/wp\/v2\/users\/1"}],"replies":[{"embeddable":true,"href":"https:\/\/katolicka-gimnazija.hr\/index.php\/wp-json\/wp\/v2\/comments?post=14126"}],"version-history":[{"count":2,"href":"https:\/\/katolicka-gimnazija.hr\/index.php\/wp-json\/wp\/v2\/posts\/14126\/revisions"}],"predecessor-version":[{"id":14598,"href":"https:\/\/katolicka-gimnazija.hr\/index.php\/wp-json\/wp\/v2\/posts\/14126\/revisions\/14598"}],"wp:attachment":[{"href":"https:\/\/katolicka-gimnazija.hr\/index.php\/wp-json\/wp\/v2\/media?parent=14126"}],"wp:term":[{"taxonomy":"category","embeddable":true,"href":"https:\/\/katolicka-gimnazija.hr\/index.php\/wp-json\/wp\/v2\/categories?post=14126"},{"taxonomy":"post_tag","embeddable":true,"href":"https:\/\/katolicka-gimnazija.hr\/index.php\/wp-json\/wp\/v2\/tags?post=14126"}],"curies":[{"name":"wp","href":"https:\/\/api.w.org\/{rel}","templated":true}]}}