{"id":14128,"date":"2018-11-14T17:23:10","date_gmt":"2018-11-14T17:23:10","guid":{"rendered":"http:\/\/katolicka-gimnazija.hr\/?p=14128"},"modified":"2018-12-28T13:02:16","modified_gmt":"2018-12-28T13:02:16","slug":"zakljucci-s-9-sjednice-razrednog-vijeca","status":"publish","type":"post","link":"https:\/\/katolicka-gimnazija.hr\/index.php\/2018\/11\/14\/zakljucci-s-9-sjednice-razrednog-vijeca\/","title":{"rendered":"Zaklju\u010dci s 9. sjednice Razrednog vije\u0107a"},"content":{"rendered":"<p>Zaklju\u010dci s 9. sjednice Razrednog vije\u0107a razrednih odjela 1.a, 2.a, 2.b, 3.a i 3.b u \u0161kolskoj godini 2017.\/2018. odr\u017eane 2. srpnja 2018. godine:<\/p>\n<p>\u2022 Usvaja se Zapisnik s prethodne sjednice Razrednog vije\u0107a odr\u017eane 18. lipnja 2018. godine.<\/p>\n<p>\u2022 Analiziraju se utvr\u0111ene zaklju\u010dne ocjene iz nastavnih predmeta i uspjeh u\u010denika 1.a, 2.a, 2.b, 3.a i 3.b razrednog odjela koji nakon dopunskog rada na kraju \u0161kolske godine 2017.\/2018. imaju prolazne ocjene iz svakog nastavnog predmeta: op\u0107i uspjeh, ukupan broj izostanaka, u\u010denici upu\u0107eni na popravni ispit i drugo.<\/p>\n<p>\u2022 Utvr\u0111uju se ocjene iz vladanja u\u010denika 1.a, 2.a, 2.b, 3.a i 3.b razrednog odjela koji nakon dopunskog rada na kraju \u0161kolske godine 2017.\/2018. imaju prolazne ocjene iz svakog nastavnog predmeta na prijedlog razrednika dobro i uzorno vladanje.  <\/p>\n","protected":false},"excerpt":{"rendered":"<p>Zaklju\u010dci s 9. sjednice Razrednog vije\u0107a razrednih odjela 1.a, 2.a, 2.b, 3.a i 3.b u \u0161kolskoj godini 2017.\/2018. odr\u017eane 2. srpnja 2018. godine: \u2022 Usvaja se Zapisnik s prethodne sjednice Razrednog vije\u0107a odr\u017eane 18. lipnja 2018. godine. \u2022 Analiziraju se utvr\u0111ene zaklju\u010dne ocjene iz nastavnih predmeta i uspjeh u\u010denika 1.a, 2.a, 2.b, 3.a i 3.b [&hellip;]<\/p>\n","protected":false},"author":1,"featured_media":0,"comment_status":"closed","ping_status":"closed","sticky":false,"template":"","format":"standard","meta":{"footnotes":""},"categories":[2],"tags":[],"class_list":["post-14128","post","type-post","status-publish","format-standard","hentry","category-vijesti"],"_links":{"self":[{"href":"https:\/\/katolicka-gimnazija.hr\/index.php\/wp-json\/wp\/v2\/posts\/14128","targetHints":{"allow":["GET"]}}],"collection":[{"href":"https:\/\/katolicka-gimnazija.hr\/index.php\/wp-json\/wp\/v2\/posts"}],"about":[{"href":"https:\/\/katolicka-gimnazija.hr\/index.php\/wp-json\/wp\/v2\/types\/post"}],"author":[{"embeddable":true,"href":"https:\/\/katolicka-gimnazija.hr\/index.php\/wp-json\/wp\/v2\/users\/1"}],"replies":[{"embeddable":true,"href":"https:\/\/katolicka-gimnazija.hr\/index.php\/wp-json\/wp\/v2\/comments?post=14128"}],"version-history":[{"count":2,"href":"https:\/\/katolicka-gimnazija.hr\/index.php\/wp-json\/wp\/v2\/posts\/14128\/revisions"}],"predecessor-version":[{"id":14591,"href":"https:\/\/katolicka-gimnazija.hr\/index.php\/wp-json\/wp\/v2\/posts\/14128\/revisions\/14591"}],"wp:attachment":[{"href":"https:\/\/katolicka-gimnazija.hr\/index.php\/wp-json\/wp\/v2\/media?parent=14128"}],"wp:term":[{"taxonomy":"category","embeddable":true,"href":"https:\/\/katolicka-gimnazija.hr\/index.php\/wp-json\/wp\/v2\/categories?post=14128"},{"taxonomy":"post_tag","embeddable":true,"href":"https:\/\/katolicka-gimnazija.hr\/index.php\/wp-json\/wp\/v2\/tags?post=14128"}],"curies":[{"name":"wp","href":"https:\/\/api.w.org\/{rel}","templated":true}]}}