{"id":14133,"date":"2018-11-14T17:22:22","date_gmt":"2018-11-14T17:22:22","guid":{"rendered":"http:\/\/katolicka-gimnazija.hr\/?p=14133"},"modified":"2018-12-28T13:02:36","modified_gmt":"2018-12-28T13:02:36","slug":"zakljucci-s-5-sjednice-razrednog-vijeca-2","status":"publish","type":"post","link":"https:\/\/katolicka-gimnazija.hr\/index.php\/2018\/11\/14\/zakljucci-s-5-sjednice-razrednog-vijeca-2\/","title":{"rendered":"Zaklju\u010dci s 5. sjednice Razrednog vije\u0107a"},"content":{"rendered":"<p>Zaklju\u010dci s 5. sjednice Razrednog vije\u0107a razrednih odjela 4.a i 4.b u \u0161kolskoj godini 2017.\/2018. odr\u017eane 17. travnja 2018. godine:<\/p>\n<p>\u2022 Usvaja se Zapisnik s prethodne sjednice Razrednog vije\u0107a odr\u017eane 26. velja\u010de 2018. godine.<\/p>\n<p>\u2022 Analizira se odgoj i obrazovanje u\u010denika u razrednim odjelima 4.a i 4.b pred zavr\u0161etak nastavne godine 2017.\/2018.: izostanci, u\u010denici s mogu\u0107im odli\u010dnim uspjehom, razgovori s roditeljima u\u010denika, u\u010denici s mogu\u0107om zaklju\u010denom nedovoljnom ocjenom i drugo.  <\/p>\n","protected":false},"excerpt":{"rendered":"<p>Zaklju\u010dci s 5. sjednice Razrednog vije\u0107a razrednih odjela 4.a i 4.b u \u0161kolskoj godini 2017.\/2018. odr\u017eane 17. travnja 2018. godine: \u2022 Usvaja se Zapisnik s prethodne sjednice Razrednog vije\u0107a odr\u017eane 26. velja\u010de 2018. godine. \u2022 Analizira se odgoj i obrazovanje u\u010denika u razrednim odjelima 4.a i 4.b pred zavr\u0161etak nastavne godine 2017.\/2018.: izostanci, u\u010denici s [&hellip;]<\/p>\n","protected":false},"author":1,"featured_media":0,"comment_status":"closed","ping_status":"closed","sticky":false,"template":"","format":"standard","meta":{"footnotes":""},"categories":[2],"tags":[],"class_list":["post-14133","post","type-post","status-publish","format-standard","hentry","category-vijesti"],"_links":{"self":[{"href":"https:\/\/katolicka-gimnazija.hr\/index.php\/wp-json\/wp\/v2\/posts\/14133","targetHints":{"allow":["GET"]}}],"collection":[{"href":"https:\/\/katolicka-gimnazija.hr\/index.php\/wp-json\/wp\/v2\/posts"}],"about":[{"href":"https:\/\/katolicka-gimnazija.hr\/index.php\/wp-json\/wp\/v2\/types\/post"}],"author":[{"embeddable":true,"href":"https:\/\/katolicka-gimnazija.hr\/index.php\/wp-json\/wp\/v2\/users\/1"}],"replies":[{"embeddable":true,"href":"https:\/\/katolicka-gimnazija.hr\/index.php\/wp-json\/wp\/v2\/comments?post=14133"}],"version-history":[{"count":2,"href":"https:\/\/katolicka-gimnazija.hr\/index.php\/wp-json\/wp\/v2\/posts\/14133\/revisions"}],"predecessor-version":[{"id":14595,"href":"https:\/\/katolicka-gimnazija.hr\/index.php\/wp-json\/wp\/v2\/posts\/14133\/revisions\/14595"}],"wp:attachment":[{"href":"https:\/\/katolicka-gimnazija.hr\/index.php\/wp-json\/wp\/v2\/media?parent=14133"}],"wp:term":[{"taxonomy":"category","embeddable":true,"href":"https:\/\/katolicka-gimnazija.hr\/index.php\/wp-json\/wp\/v2\/categories?post=14133"},{"taxonomy":"post_tag","embeddable":true,"href":"https:\/\/katolicka-gimnazija.hr\/index.php\/wp-json\/wp\/v2\/tags?post=14133"}],"curies":[{"name":"wp","href":"https:\/\/api.w.org\/{rel}","templated":true}]}}