{"id":14141,"date":"2018-11-14T17:23:59","date_gmt":"2018-11-14T17:23:59","guid":{"rendered":"http:\/\/katolicka-gimnazija.hr\/?p=14141"},"modified":"2018-12-28T13:02:00","modified_gmt":"2018-12-28T13:02:00","slug":"zakljucci-sa-6-sjednice-razrednog-vijeca-2","status":"publish","type":"post","link":"https:\/\/katolicka-gimnazija.hr\/index.php\/2018\/11\/14\/zakljucci-sa-6-sjednice-razrednog-vijeca-2\/","title":{"rendered":"Zaklju\u010dci sa 6. sjednice Razrednog vije\u0107a"},"content":{"rendered":"<p>Zaklju\u010dci sa 6. sjednice Razrednog vije\u0107a razrednog odjela 3.b u \u0161kolskoj godini 2017.\/2018. odr\u017eane 17. svibnja 2018. godine:<\/p>\n<p>\u2022 Usvaja se Zapisnik s prethodne sjednice Razrednog vije\u0107a odr\u017eane 17. travnja 2018. godine.<\/p>\n<p>\u2022 Izri\u010de se pedago\u0161ka mjera ukora u\u010deniku 3.b razrednog odjela zbog te\u017eeg neprihvatljivog pona\u0161anja.  <\/p>\n","protected":false},"excerpt":{"rendered":"<p>Zaklju\u010dci sa 6. sjednice Razrednog vije\u0107a razrednog odjela 3.b u \u0161kolskoj godini 2017.\/2018. odr\u017eane 17. svibnja 2018. godine: \u2022 Usvaja se Zapisnik s prethodne sjednice Razrednog vije\u0107a odr\u017eane 17. travnja 2018. godine. \u2022 Izri\u010de se pedago\u0161ka mjera ukora u\u010deniku 3.b razrednog odjela zbog te\u017eeg neprihvatljivog pona\u0161anja.<\/p>\n","protected":false},"author":1,"featured_media":0,"comment_status":"closed","ping_status":"closed","sticky":false,"template":"","format":"standard","meta":{"footnotes":""},"categories":[2],"tags":[],"class_list":["post-14141","post","type-post","status-publish","format-standard","hentry","category-vijesti"],"_links":{"self":[{"href":"https:\/\/katolicka-gimnazija.hr\/index.php\/wp-json\/wp\/v2\/posts\/14141","targetHints":{"allow":["GET"]}}],"collection":[{"href":"https:\/\/katolicka-gimnazija.hr\/index.php\/wp-json\/wp\/v2\/posts"}],"about":[{"href":"https:\/\/katolicka-gimnazija.hr\/index.php\/wp-json\/wp\/v2\/types\/post"}],"author":[{"embeddable":true,"href":"https:\/\/katolicka-gimnazija.hr\/index.php\/wp-json\/wp\/v2\/users\/1"}],"replies":[{"embeddable":true,"href":"https:\/\/katolicka-gimnazija.hr\/index.php\/wp-json\/wp\/v2\/comments?post=14141"}],"version-history":[{"count":2,"href":"https:\/\/katolicka-gimnazija.hr\/index.php\/wp-json\/wp\/v2\/posts\/14141\/revisions"}],"predecessor-version":[{"id":14589,"href":"https:\/\/katolicka-gimnazija.hr\/index.php\/wp-json\/wp\/v2\/posts\/14141\/revisions\/14589"}],"wp:attachment":[{"href":"https:\/\/katolicka-gimnazija.hr\/index.php\/wp-json\/wp\/v2\/media?parent=14141"}],"wp:term":[{"taxonomy":"category","embeddable":true,"href":"https:\/\/katolicka-gimnazija.hr\/index.php\/wp-json\/wp\/v2\/categories?post=14141"},{"taxonomy":"post_tag","embeddable":true,"href":"https:\/\/katolicka-gimnazija.hr\/index.php\/wp-json\/wp\/v2\/tags?post=14141"}],"curies":[{"name":"wp","href":"https:\/\/api.w.org\/{rel}","templated":true}]}}