{"id":14150,"date":"2018-11-14T17:26:33","date_gmt":"2018-11-14T17:26:33","guid":{"rendered":"http:\/\/katolicka-gimnazija.hr\/?p=14150"},"modified":"2018-12-28T13:01:12","modified_gmt":"2018-12-28T13:01:12","slug":"informacije-o-radu-6-sjednice-razrednog-vijeca","status":"publish","type":"post","link":"https:\/\/katolicka-gimnazija.hr\/index.php\/2018\/11\/14\/informacije-o-radu-6-sjednice-razrednog-vijeca\/","title":{"rendered":"Informacije o radu 6. sjednice Razrednog vije\u0107a"},"content":{"rendered":"<p>6. sjednica Razrednog vije\u0107a razrednog odjela 3.b u \u0161kolskoj godini 2017.\/2018.<\/p>\n<p>17. svibnja 2018. godine s po\u010detkom u 09:35 sati<\/p>\n<p>O neposrednom uvidu u rad Razrednog vije\u0107a mo\u017ee se informirati kod ravnatelja.<\/p>\n<p>Dnevni red:<br \/>\n1. Usvajanje Zapisnika s prethodne sjednice Razrednog vije\u0107a<br \/>\n2. Izricanje pedago\u0161ke mjere<br \/>\n3. Razno  <\/p>\n","protected":false},"excerpt":{"rendered":"<p>6. sjednica Razrednog vije\u0107a razrednog odjela 3.b u \u0161kolskoj godini 2017.\/2018. 17. svibnja 2018. godine s po\u010detkom u 09:35 sati O neposrednom uvidu u rad Razrednog vije\u0107a mo\u017ee se informirati kod ravnatelja. Dnevni red: 1. Usvajanje Zapisnika s prethodne sjednice Razrednog vije\u0107a 2. Izricanje pedago\u0161ke mjere 3. Razno<\/p>\n","protected":false},"author":1,"featured_media":0,"comment_status":"closed","ping_status":"closed","sticky":false,"template":"","format":"standard","meta":{"footnotes":""},"categories":[2],"tags":[],"class_list":["post-14150","post","type-post","status-publish","format-standard","hentry","category-vijesti"],"_links":{"self":[{"href":"https:\/\/katolicka-gimnazija.hr\/index.php\/wp-json\/wp\/v2\/posts\/14150","targetHints":{"allow":["GET"]}}],"collection":[{"href":"https:\/\/katolicka-gimnazija.hr\/index.php\/wp-json\/wp\/v2\/posts"}],"about":[{"href":"https:\/\/katolicka-gimnazija.hr\/index.php\/wp-json\/wp\/v2\/types\/post"}],"author":[{"embeddable":true,"href":"https:\/\/katolicka-gimnazija.hr\/index.php\/wp-json\/wp\/v2\/users\/1"}],"replies":[{"embeddable":true,"href":"https:\/\/katolicka-gimnazija.hr\/index.php\/wp-json\/wp\/v2\/comments?post=14150"}],"version-history":[{"count":2,"href":"https:\/\/katolicka-gimnazija.hr\/index.php\/wp-json\/wp\/v2\/posts\/14150\/revisions"}],"predecessor-version":[{"id":14584,"href":"https:\/\/katolicka-gimnazija.hr\/index.php\/wp-json\/wp\/v2\/posts\/14150\/revisions\/14584"}],"wp:attachment":[{"href":"https:\/\/katolicka-gimnazija.hr\/index.php\/wp-json\/wp\/v2\/media?parent=14150"}],"wp:term":[{"taxonomy":"category","embeddable":true,"href":"https:\/\/katolicka-gimnazija.hr\/index.php\/wp-json\/wp\/v2\/categories?post=14150"},{"taxonomy":"post_tag","embeddable":true,"href":"https:\/\/katolicka-gimnazija.hr\/index.php\/wp-json\/wp\/v2\/tags?post=14150"}],"curies":[{"name":"wp","href":"https:\/\/api.w.org\/{rel}","templated":true}]}}